{"id":9987,"date":"2017-03-16T07:34:35","date_gmt":"2017-03-16T05:34:35","guid":{"rendered":"http:\/\/www.sabine-seyffert.de\/blog\/?p=9987"},"modified":"2017-03-16T07:34:35","modified_gmt":"2017-03-16T05:34:35","slug":"vegetarisches-rezept-selbst-gemachte-kaesesosse-fuer-kartoffeln-tortellini-oder-gemuese-koestlich","status":"publish","type":"post","link":"https:\/\/www.sabine-seyffert.de\/blog\/vegetarisches-rezept-selbst-gemachte-kaesesosse-fuer-kartoffeln-tortellini-oder-gemuese-koestlich\/","title":{"rendered":"Vegetarisches Rezept: Selbst gemachte K\u00e4seso\u00dfe f\u00fcr Kartoffeln, Tortellini oder Gem\u00fcse, k\u00f6stlich!"},"content":{"rendered":"<p style=\"text-align: justify;\"><img loading=\"lazy\" decoding=\"async\" src=\"https:\/\/ssl-vg03.met.vgwort.de\/na\/ec448570a6aa4430b6a11b22d8987a87\" alt=\"\" width=\"1\" height=\"1\" \/>Zu Kartoffeln, Nudeln und Gem\u00fcse essen wir immer gerne So\u00dfen. Eine unserer Lieblingsso\u00dfen, die hier regelm\u00e4\u00dfig auf den Mittagstisch wandert, ist K\u00e4seso\u00dfe. Die ist nicht nur recht schnell gemacht, sondern auch sch\u00f6n w\u00fcrzig. Daher passt diese ganz wunderbar als Beilage zu frischen Kartoffeln, Gem\u00fcse oder auch als Nudelso\u00dfe. Zu Gem\u00fcse- oder K\u00e4se Tortellini ist die ein echter Hit beim Mittagessen. Alternativ kann man diese K\u00e4seso\u00dfe auch ganz prima als So\u00dfe f\u00fcr einen Gem\u00fcseauflauf oder gar zum \u00dcberbacken verwenden. Besonders gut schmeckt diese \u00fcbrigens in Kombi mit Blumenkohl, Broccoli oder auch Rosenkohl.<\/p>\n<p style=\"text-align: center;\"><a href=\"http:\/\/www.sabine-seyffert.de\/blog\/wp-content\/uploads\/2017\/03\/K\u00e4seso\u00dfe-6.jpg\"><img loading=\"lazy\" decoding=\"async\" class=\"alignnone size-full wp-image-9988\" src=\"http:\/\/www.sabine-seyffert.de\/blog\/wp-content\/uploads\/2017\/03\/K\u00e4seso\u00dfe-6.jpg\" alt=\"\" width=\"800\" height=\"600\" srcset=\"https:\/\/www.sabine-seyffert.de\/blog\/wp-content\/uploads\/2017\/03\/K\u00e4seso\u00dfe-6.jpg 800w, https:\/\/www.sabine-seyffert.de\/blog\/wp-content\/uploads\/2017\/03\/K\u00e4seso\u00dfe-6-300x225.jpg 300w, https:\/\/www.sabine-seyffert.de\/blog\/wp-content\/uploads\/2017\/03\/K\u00e4seso\u00dfe-6-768x576.jpg 768w\" sizes=\"auto, (max-width: 800px) 100vw, 800px\" \/><\/a><\/p>\n<p style=\"text-align: justify;\"><strong>Das wird gebraucht:<\/strong><br \/>\n180 g Greyerzer \/ Gruy\u00e8re, 80-100 g Butter, 2 geh\u00e4ufte Essl\u00f6ffel Mehl, Salz, circa 0,5 ml Vollmilch<\/p>\n<p style=\"text-align: center;\"><a href=\"http:\/\/www.sabine-seyffert.de\/blog\/wp-content\/uploads\/2017\/03\/K\u00e4seso\u00dfe-4.jpg\"><img loading=\"lazy\" decoding=\"async\" class=\"alignnone size-full wp-image-9989\" src=\"http:\/\/www.sabine-seyffert.de\/blog\/wp-content\/uploads\/2017\/03\/K\u00e4seso\u00dfe-4.jpg\" alt=\"\" width=\"800\" height=\"600\" srcset=\"https:\/\/www.sabine-seyffert.de\/blog\/wp-content\/uploads\/2017\/03\/K\u00e4seso\u00dfe-4.jpg 800w, https:\/\/www.sabine-seyffert.de\/blog\/wp-content\/uploads\/2017\/03\/K\u00e4seso\u00dfe-4-300x225.jpg 300w, https:\/\/www.sabine-seyffert.de\/blog\/wp-content\/uploads\/2017\/03\/K\u00e4seso\u00dfe-4-768x576.jpg 768w\" sizes=\"auto, (max-width: 800px) 100vw, 800px\" \/><\/a><\/p>\n<p style=\"text-align: justify;\"><strong>So wird\u2019s gemacht:<\/strong><br \/>\nZuerst reibt man die gesamte K\u00e4semenge in grobe Raspeln. Dann gibt man die Butter in einen Topf und erhitzt diese. Sobald sich die Butter ganz aufgel\u00f6st hat, gibt man in kleineren Etappen das Mehl dazu. Hierbei immer kr\u00e4ftig mit dem Schneebesen r\u00fchren, damit sich keine Kl\u00fcmpchen bilden! So erh\u00e4lt man einen dickfl\u00fcssigen \u201eBrei\u201c, den man bei st\u00e4ndigem R\u00fchren etwas eindicken und anschwitzen l\u00e4sst.<\/p>\n<p style=\"text-align: center;\"><a href=\"http:\/\/www.sabine-seyffert.de\/blog\/wp-content\/uploads\/2017\/03\/K\u00e4seso\u00dfe-3.jpg\"><img loading=\"lazy\" decoding=\"async\" class=\"alignnone size-full wp-image-9990\" src=\"http:\/\/www.sabine-seyffert.de\/blog\/wp-content\/uploads\/2017\/03\/K\u00e4seso\u00dfe-3.jpg\" alt=\"\" width=\"800\" height=\"600\" srcset=\"https:\/\/www.sabine-seyffert.de\/blog\/wp-content\/uploads\/2017\/03\/K\u00e4seso\u00dfe-3.jpg 800w, https:\/\/www.sabine-seyffert.de\/blog\/wp-content\/uploads\/2017\/03\/K\u00e4seso\u00dfe-3-300x225.jpg 300w, https:\/\/www.sabine-seyffert.de\/blog\/wp-content\/uploads\/2017\/03\/K\u00e4seso\u00dfe-3-768x576.jpg 768w\" sizes=\"auto, (max-width: 800px) 100vw, 800px\" \/><\/a><\/p>\n<p style=\"text-align: justify;\">Nun sch\u00fcttet man vorsichtig und langsam die Milch hinzu. Auch hierbei das gleichm\u00e4\u00dfige, stete R\u00fchren auf keinen Fall vergessen. Sobald sich die Milch mit der Mehlschwitze gleichm\u00e4\u00dfig verbunden hat, sch\u00fcttet man den geriebenen K\u00e4se hinzu und l\u00e4sst diesen unter R\u00fchren schmelzen. Das R\u00fchren ist etwas l\u00e4stig, verhindert aber zum einen, dass die So\u00dfe Kl\u00fcmpchen bildet und zum anderen, das nichts anbrennt oder sich am Topfboden absetzt.<\/p>\n<p style=\"text-align: center;\"><a href=\"http:\/\/www.sabine-seyffert.de\/blog\/wp-content\/uploads\/2017\/03\/K\u00e4seso\u00dfe-1.jpg\"><img loading=\"lazy\" decoding=\"async\" class=\"alignnone size-full wp-image-9991\" src=\"http:\/\/www.sabine-seyffert.de\/blog\/wp-content\/uploads\/2017\/03\/K\u00e4seso\u00dfe-1.jpg\" alt=\"\" width=\"800\" height=\"600\" srcset=\"https:\/\/www.sabine-seyffert.de\/blog\/wp-content\/uploads\/2017\/03\/K\u00e4seso\u00dfe-1.jpg 800w, https:\/\/www.sabine-seyffert.de\/blog\/wp-content\/uploads\/2017\/03\/K\u00e4seso\u00dfe-1-300x225.jpg 300w, https:\/\/www.sabine-seyffert.de\/blog\/wp-content\/uploads\/2017\/03\/K\u00e4seso\u00dfe-1-768x576.jpg 768w\" sizes=\"auto, (max-width: 800px) 100vw, 800px\" \/><\/a><\/p>\n<p style=\"text-align: justify;\">Ganz zum Schluss kann man die K\u00e4seso\u00dfe noch mit etwas Salz nachw\u00fcrzen. Wobei der Greyerzer als K\u00e4se schon recht w\u00fcrzig ist. Also lieber mit einer ganz kleinen Prise Salz anfangen \ud83d\ude42 Lasst es Euch schmecken!<\/p>\n<p style=\"text-align: center;\"><a href=\"http:\/\/www.sabine-seyffert.de\/blog\/wp-content\/uploads\/2017\/03\/K\u00e4seso\u00dfe-5.jpg\"><img loading=\"lazy\" decoding=\"async\" class=\"alignnone size-full wp-image-9992\" src=\"http:\/\/www.sabine-seyffert.de\/blog\/wp-content\/uploads\/2017\/03\/K\u00e4seso\u00dfe-5.jpg\" alt=\"\" width=\"800\" height=\"600\" srcset=\"https:\/\/www.sabine-seyffert.de\/blog\/wp-content\/uploads\/2017\/03\/K\u00e4seso\u00dfe-5.jpg 800w, https:\/\/www.sabine-seyffert.de\/blog\/wp-content\/uploads\/2017\/03\/K\u00e4seso\u00dfe-5-300x225.jpg 300w, https:\/\/www.sabine-seyffert.de\/blog\/wp-content\/uploads\/2017\/03\/K\u00e4seso\u00dfe-5-768x576.jpg 768w\" sizes=\"auto, (max-width: 800px) 100vw, 800px\" \/><\/a><\/p>\n<p style=\"text-align: justify;\">Weitere herzhafte Rezept f\u00fcr die Mittagsk\u00fcche findet ihr \u00fcbrigens in <a href=\"http:\/\/www.sabine-seyffert.de\/blog\/category\/rezepte-herzhaft\/\" target=\"_blank\">dieser Rubrik<\/a>!<\/p>\n<p style=\"text-align: center;\"><a href=\"http:\/\/www.sabine-seyffert.de\/blog\/wp-content\/uploads\/2017\/03\/K\u00e4seso\u00dfe-2.jpg\"><img loading=\"lazy\" decoding=\"async\" class=\"alignnone size-full wp-image-9993\" src=\"http:\/\/www.sabine-seyffert.de\/blog\/wp-content\/uploads\/2017\/03\/K\u00e4seso\u00dfe-2.jpg\" alt=\"\" width=\"800\" height=\"600\" srcset=\"https:\/\/www.sabine-seyffert.de\/blog\/wp-content\/uploads\/2017\/03\/K\u00e4seso\u00dfe-2.jpg 800w, https:\/\/www.sabine-seyffert.de\/blog\/wp-content\/uploads\/2017\/03\/K\u00e4seso\u00dfe-2-300x225.jpg 300w, https:\/\/www.sabine-seyffert.de\/blog\/wp-content\/uploads\/2017\/03\/K\u00e4seso\u00dfe-2-768x576.jpg 768w\" sizes=\"auto, (max-width: 800px) 100vw, 800px\" \/><\/a><\/p>\n<p><a href=\"http:\/\/www.sabine-seyffert.de\/blog\/?page_id=32#urheberrecht\">urheberrechtlich gesch\u00fctzt<\/a>, \u00a9 Sabine Seyffert<\/p>\n","protected":false},"excerpt":{"rendered":"<p>Zu Kartoffeln, Nudeln und Gem\u00fcse essen wir immer gerne So\u00dfen. Eine unserer Lieblingsso\u00dfen, die hier regelm\u00e4\u00dfig auf den Mittagstisch wandert, ist K\u00e4seso\u00dfe. Die ist nicht nur recht schnell gemacht, sondern auch sch\u00f6n w\u00fcrzig. Daher passt diese ganz wunderbar als Beilage zu frischen Kartoffeln, Gem\u00fcse oder auch als Nudelso\u00dfe. Zu Gem\u00fcse- oder K\u00e4se Tortellini ist die&#8230; <a href=\"https:\/\/www.sabine-seyffert.de\/blog\/vegetarisches-rezept-selbst-gemachte-kaesesosse-fuer-kartoffeln-tortellini-oder-gemuese-koestlich\/\" class=\"more-link\">Read more: Vegetarisches Rezept: Selbst gemachte K\u00e4seso\u00dfe f\u00fcr Kartoffeln, Tortellini oder Gem\u00fcse, k\u00f6stlich!<\/a><\/p>\n","protected":false},"author":2,"featured_media":0,"comment_status":"open","ping_status":"open","sticky":false,"template":"","format":"standard","meta":{"_metis_text_type":"","_metis_text_length":1915,"_post_count":0,"footnotes":""},"categories":[30],"tags":[],"class_list":["post-9987","post","type-post","status-publish","format-standard","hentry","category-rezepte-herzhaft"],"_links":{"self":[{"href":"https:\/\/www.sabine-seyffert.de\/blog\/wp-json\/wp\/v2\/posts\/9987","targetHints":{"allow":["GET"]}}],"collection":[{"href":"https:\/\/www.sabine-seyffert.de\/blog\/wp-json\/wp\/v2\/posts"}],"about":[{"href":"https:\/\/www.sabine-seyffert.de\/blog\/wp-json\/wp\/v2\/types\/post"}],"author":[{"embeddable":true,"href":"https:\/\/www.sabine-seyffert.de\/blog\/wp-json\/wp\/v2\/users\/2"}],"replies":[{"embeddable":true,"href":"https:\/\/www.sabine-seyffert.de\/blog\/wp-json\/wp\/v2\/comments?post=9987"}],"version-history":[{"count":6,"href":"https:\/\/www.sabine-seyffert.de\/blog\/wp-json\/wp\/v2\/posts\/9987\/revisions"}],"predecessor-version":[{"id":9999,"href":"https:\/\/www.sabine-seyffert.de\/blog\/wp-json\/wp\/v2\/posts\/9987\/revisions\/9999"}],"wp:attachment":[{"href":"https:\/\/www.sabine-seyffert.de\/blog\/wp-json\/wp\/v2\/media?parent=9987"}],"wp:term":[{"taxonomy":"category","embeddable":true,"href":"https:\/\/www.sabine-seyffert.de\/blog\/wp-json\/wp\/v2\/categories?post=9987"},{"taxonomy":"post_tag","embeddable":true,"href":"https:\/\/www.sabine-seyffert.de\/blog\/wp-json\/wp\/v2\/tags?post=9987"}],"curies":[{"name":"wp","href":"https:\/\/api.w.org\/{rel}","templated":true}]}}