{"id":986,"date":"2013-03-22T09:21:11","date_gmt":"2013-03-22T07:21:11","guid":{"rendered":"http:\/\/www.sabine-seyffert.de\/blog\/?p=986"},"modified":"2017-03-06T18:14:47","modified_gmt":"2017-03-06T16:14:47","slug":"fruhling-erwacht-alle-mitgemacht","status":"publish","type":"post","link":"https:\/\/www.sabine-seyffert.de\/blog\/fruhling-erwacht-alle-mitgemacht\/","title":{"rendered":"Fr\u00fchling erwacht \u2013 alle mitgemacht!"},"content":{"rendered":"<p style=\"text-align: justify;\"><img loading=\"lazy\" decoding=\"async\" src=\"https:\/\/ssl-vg03.met.vgwort.de\/na\/94baeb19cb61496580a829eb7432028b\" alt=\"\" width=\"1\" height=\"1\" \/><br \/>\nNachdem es die letzten Tage wieder ordentlich geschneit hat und dicke, wei\u00dfe Flocken vom Himmel fielen, war gestern alles so winterlich, dass man denken konnte, man sei mitten im Winterurlaub. Da der Fr\u00fchling sich bei den Temperaturen offenbar so gar nicht hervortraut, werde ich ihm seinen Start mal etwas vers\u00fc\u00dfen, in dem ich mein Buch <a href=\"http:\/\/www.cornelsen.de\/home\/portalsuche?freitext=247523\" target=\"_blank\">\u201eFr\u00fchling erwacht \u2013 alle mitgemacht!\u201c<\/a> vorstelle. Schlie\u00dflich warten bereits alle sehns\u00fcchtig auf den Fr\u00fchling, den Sonnenschein, das Gr\u00fcn in der Natur und darauf dass endlich alles Leben aus dem tiefen Winterschlaf erwacht. Und ganz besonders die Kinder freuen sich nach kalten, grauen Wintertagen endlich wieder Drau\u00dfen zu spielen, einen paar Stunden im Garten zu verbringen oder im Wald etwas Fr\u00fchlingsluft zu schnuppern. Und dann ist da nat\u00fcrlich noch die Vorfreude auf das Osterfest: Ostereier bunt bemalen, alles festlich Dekorieren, Malen, Basteln und Geschichten lauschen. Somit habe ich f\u00fcr mein Buch \u201eFr\u00fchling erwacht &#8211; alle mitgemacht\u201c zahlreiche Ideen zum Thema Fr\u00fchling verfasst. Dieses Buch ist prall gef\u00fcllt mit tollen, ganz abwechslungsreichen Ideen rund um die Fr\u00fchlingszeit und ist somit ein idealer Begleiter f\u00fcr alle, die mit Kindern arbeiten \u00a0oder seine kleinen Racker zu Hause besch\u00e4ftigen m\u00f6chten. So startet das Buch mit vergn\u00fcgten, fr\u00f6hlichen und kurzweiligen Spielaktionen rund um die Fr\u00fchlings- und Osterzeit. Schlie\u00dflich spielen Kinder f\u00fcr ihr Leben gerne und da ist man als nicht nur als Eltern sondern auch als P\u00e4dagoge immer \u00fcber neue Anregungen dankbar.<\/p>\n<p style=\"text-align: center;\"><a href=\"http:\/\/www.sabine-seyffert.de\/blog\/wp-content\/uploads\/2013\/03\/fruehlingsbuch_cover.jpg\"><img loading=\"lazy\" decoding=\"async\" class=\"alignnone size-full wp-image-988\" src=\"http:\/\/www.sabine-seyffert.de\/blog\/wp-content\/uploads\/2013\/03\/fruehlingsbuch_cover.jpg\" alt=\"fruehlingsbuch_cover\" width=\"566\" height=\"804\" srcset=\"https:\/\/www.sabine-seyffert.de\/blog\/wp-content\/uploads\/2013\/03\/fruehlingsbuch_cover.jpg 566w, https:\/\/www.sabine-seyffert.de\/blog\/wp-content\/uploads\/2013\/03\/fruehlingsbuch_cover-211x300.jpg 211w\" sizes=\"auto, (max-width: 566px) 100vw, 566px\" \/><\/a><\/p>\n<p style=\"text-align: justify;\">Wenn der Fr\u00fchling kommt, freuen sich auch Haus, Flur &amp; Kinderzimmer \u00fcber etwas frisches Bunt. So sind auch kreative Bastel- und Dekorationsideen f\u00fcr kleine Kinderh\u00e4nde im Buch, die den Fr\u00fchling auf diese Weise auch nach Drinnen holen und f\u00fcr stimmungsvollen Raumschmuck sorgen!<\/p>\n<p style=\"text-align: justify;\">Wie w\u00e4re es mit einigen leckeren Rezepten, die Kindern nicht nur schmecken sondern sich mit ihnen auch leicht umsetzen und ausprobieren lassen? Schlie\u00dflich spielen Kinder gerne mal Koch und werkeln nicht nur in der Spielk\u00fcche aktiv mit! Auch hierzu wird man im Buch f\u00fcndig. Ein weiteres Kapitel dreht sich um das Osterei. Wie lassen sich Eier bunt bemalen und kreativ mit Kindern gestalten? Auch f\u00fcr Abz\u00e4hlreime, kleine R\u00e4tsel und Fingerspiele ist gesorgt &#8211; allesamt ideal f\u00fcr kleine Kinderh\u00e4nde, die gerne zappeln, klatschen, sich bewegen. Nat\u00fcrlich kommt auch die Entspannung im Buch nicht zu kurz, die gleich als Schwerpunkt mehrerer Kapitel zu finden ist: Entspannungsr\u00e4tsel, wohltuende Massagen und Streichelspiele, die einem die Fr\u00fchlingssonne auf den R\u00fccken zaubern und beim Entspannen helfen, Mitmachgeschichten und zu guter Letzt einige fr\u00fchlingshafte Fantasiereisen und Entspannungsgeschichten zum Tr\u00e4umen und Kraft tanken.<\/p>\n<p style=\"text-align: justify;\">\u00a0Das Buch ist als kartonierte Ausgabe erh\u00e4ltlich und umfasst insgesamt 120 Seiten. Die Ideen daraus lassen sich mit Kindern im Alter zwischen 3-10 Jahren umsetzen. Weitere Infos zum Buch <a href=\"http:\/\/www.cornelsen.de\/home\/portalsuche?freitext=247523\" target=\"_blank\">&#8220;Fr\u00fchling erwacht \u2013 alle mitgemacht!&#8221; <\/a>findet man beim Cornelsen Verlag.<\/p>\n<p style=\"text-align: justify;\">\u00a0Am Wochenende werde ich einige Ideen aus diesem Buch vorstellen \u2013 wer mag kann gerne dann wieder vorbei schauen.<\/p>\n<p style=\"text-align: justify;\">\u00a0Bis dahin w\u00fcnsche ich allen einen sch\u00f6nen Freitag!<\/p>\n<p style=\"text-align: justify;\">\u00a0Liebe Gr\u00fc\u00dfe,<\/p>\n<p style=\"text-align: justify;\">\u00a0Sabine Seyffert<\/p>\n<p><a href=\"http:\/\/www.sabine-seyffert.de\/blog\/?page_id=32#urheberrecht\">urherrechtlich gesch\u00fctzt<\/a>, \u00a9 Sabine Seyffert<\/p>\n","protected":false},"excerpt":{"rendered":"<p>Nachdem es die letzten Tage wieder ordentlich geschneit hat und dicke, wei\u00dfe Flocken vom Himmel fielen, war gestern alles so winterlich, dass man denken konnte, man sei mitten im Winterurlaub. Da der Fr\u00fchling sich bei den Temperaturen offenbar so gar nicht hervortraut, werde ich ihm seinen Start mal etwas vers\u00fc\u00dfen, in dem ich mein Buch&#8230; <a href=\"https:\/\/www.sabine-seyffert.de\/blog\/fruhling-erwacht-alle-mitgemacht\/\" class=\"more-link\">Read more: Fr\u00fchling erwacht \u2013 alle mitgemacht!<\/a><\/p>\n","protected":false},"author":2,"featured_media":0,"comment_status":"open","ping_status":"open","sticky":false,"template":"","format":"standard","meta":{"_metis_text_type":"","_metis_text_length":3262,"_post_count":0,"footnotes":""},"categories":[20,23],"tags":[],"class_list":["post-986","post","type-post","status-publish","format-standard","hentry","category-bucher","category-fruhling"],"_links":{"self":[{"href":"https:\/\/www.sabine-seyffert.de\/blog\/wp-json\/wp\/v2\/posts\/986","targetHints":{"allow":["GET"]}}],"collection":[{"href":"https:\/\/www.sabine-seyffert.de\/blog\/wp-json\/wp\/v2\/posts"}],"about":[{"href":"https:\/\/www.sabine-seyffert.de\/blog\/wp-json\/wp\/v2\/types\/post"}],"author":[{"embeddable":true,"href":"https:\/\/www.sabine-seyffert.de\/blog\/wp-json\/wp\/v2\/users\/2"}],"replies":[{"embeddable":true,"href":"https:\/\/www.sabine-seyffert.de\/blog\/wp-json\/wp\/v2\/comments?post=986"}],"version-history":[{"count":12,"href":"https:\/\/www.sabine-seyffert.de\/blog\/wp-json\/wp\/v2\/posts\/986\/revisions"}],"predecessor-version":[{"id":9894,"href":"https:\/\/www.sabine-seyffert.de\/blog\/wp-json\/wp\/v2\/posts\/986\/revisions\/9894"}],"wp:attachment":[{"href":"https:\/\/www.sabine-seyffert.de\/blog\/wp-json\/wp\/v2\/media?parent=986"}],"wp:term":[{"taxonomy":"category","embeddable":true,"href":"https:\/\/www.sabine-seyffert.de\/blog\/wp-json\/wp\/v2\/categories?post=986"},{"taxonomy":"post_tag","embeddable":true,"href":"https:\/\/www.sabine-seyffert.de\/blog\/wp-json\/wp\/v2\/tags?post=986"}],"curies":[{"name":"wp","href":"https:\/\/api.w.org\/{rel}","templated":true}]}}