{"id":969,"date":"2013-03-21T08:55:38","date_gmt":"2013-03-21T06:55:38","guid":{"rendered":"http:\/\/www.sabine-seyffert.de\/blog\/?p=969"},"modified":"2015-09-21T19:08:23","modified_gmt":"2015-09-21T17:08:23","slug":"lacheln","status":"publish","type":"post","link":"https:\/\/www.sabine-seyffert.de\/blog\/lacheln\/","title":{"rendered":"L\u00e4cheln&#8230;"},"content":{"rendered":"<p style=\"text-align: center;\"><img loading=\"lazy\" decoding=\"async\" src=\"https:\/\/ssl-vg03.met.vgwort.de\/na\/26f9c8a58a914d3bb9cdc6c90ef5be72\" alt=\"\" width=\"1\" height=\"1\" \/><a href=\"http:\/\/www.sabine-seyffert.de\/blog\/wp-content\/uploads\/2013\/03\/L\u00e4cheln-1.jpg\"><img loading=\"lazy\" decoding=\"async\" class=\"alignnone size-full wp-image-970\" src=\"http:\/\/www.sabine-seyffert.de\/blog\/wp-content\/uploads\/2013\/03\/L\u00e4cheln-1.jpg\" alt=\"L\u00e4cheln 1\" width=\"789\" height=\"401\" srcset=\"https:\/\/www.sabine-seyffert.de\/blog\/wp-content\/uploads\/2013\/03\/L\u00e4cheln-1.jpg 789w, https:\/\/www.sabine-seyffert.de\/blog\/wp-content\/uploads\/2013\/03\/L\u00e4cheln-1-300x152.jpg 300w\" sizes=\"auto, (max-width: 789px) 100vw, 789px\" \/><\/a><\/p>\n<p style=\"text-align: justify;\">Ich sitze am Schreibtisch und g\u00f6nne mit einen Riegel Schokolade \u2013 lecker! Diese Schokolade tut gut, denn sie hat eine kleine Vergangenheit: Vor kurzem war ich in aller Fr\u00fch mit meiner Tochter auf dem Weg zum Kinderarzt. Drau\u00dfen war es noch dunkel und laut Temperaturanzeige unseres Autos frostige minus 6 Grad. Als ich meiner Tochter die Wagent\u00fcr hinten \u00f6ffnete, entdeckte ich unter einer Schicht Schnee bedeckt etwas auf der Strasse liegen: Ein Portemonnaie. Ich hob es auf und schaute, noch verschlafen, kurz hinein. Als erstes leuchtete mir in der Dunkelheit eine EC Karte entgegen. Also schnappte ich mir mein Kind und das Portemonnaie und brachte das Fundst\u00fcck umgehend zur Polizei. Im n\u00e4chsten Moment habe ich mich etwas ge\u00e4rgert, da ich dort behandelt wurde, als sei ich nicht der ehrliche Finder, sondern derjenige, der das Portemonnaie entwendet hatte. S\u00e4mtliche Personalien wurden aufgenommen, mein Ausweis kontrolliert, die Rufnummer notiert\u2026 Dabei hatte ich es eilig und eine krankes Kind an der Hand. Das war ja schlie\u00dflich der Grund warum ich bereits um 7.20 Uhr durch die Gegend fuhr.<\/p>\n<p style=\"text-align: center;\"><a href=\"http:\/\/www.sabine-seyffert.de\/blog\/wp-content\/uploads\/2013\/03\/L\u00e4cheln-3.jpg\"><img loading=\"lazy\" decoding=\"async\" class=\"alignnone size-full wp-image-971\" src=\"http:\/\/www.sabine-seyffert.de\/blog\/wp-content\/uploads\/2013\/03\/L\u00e4cheln-3.jpg\" alt=\"L\u00e4cheln 3\" width=\"573\" height=\"598\" srcset=\"https:\/\/www.sabine-seyffert.de\/blog\/wp-content\/uploads\/2013\/03\/L\u00e4cheln-3.jpg 573w, https:\/\/www.sabine-seyffert.de\/blog\/wp-content\/uploads\/2013\/03\/L\u00e4cheln-3-287x300.jpg 287w\" sizes=\"auto, (max-width: 573px) 100vw, 573px\" \/><\/a><\/p>\n<p style=\"text-align: justify;\">Ein paar Tage sp\u00e4ter klingelte das Telefon. Eine junge Frau war dran, die sich bei mir bedankte, dass ich ihr Portemonnaie bei der Polizei abgegeben h\u00e4tte. Das entsch\u00e4digte mich doch wirklich sehr. Und dann vor ein paar Tagen klingelte es und vor mir stand eben diese Frau, die \u00fcbergl\u00fccklich war ihr Portemonnaie zur\u00fcckzuhaben und mir eine gro\u00dfe Tafel Schokolade als Dank \u00fcberreichte! Allein der Gedanken daran, zaubert im Handumdrehen ein gl\u00fcckliches L\u00e4cheln in mein Gesicht, da ich mich dar\u00fcber wirklich sehr gefreut habe!<\/p>\n<p style=\"text-align: justify;\">\u00a0Auch wenn ein Baby vor Vergn\u00fcgen quietscht, meine Tochter mir grinsend und voller Stolz die neuen Zahnl\u00fccken entgegenh\u00e4lt, die Sonne mich am Morgen weckt, meine Kinder mich mit selbstgebackenem Kuchen \u00fcberraschen, etwas Lustiges geschieht, mir neue kreative Ideen in den Sinn kommen \u2013 auch das sind Momente in denen ich l\u00e4chele\u2026<\/p>\n<p style=\"text-align: center;\">\u00a0<a href=\"http:\/\/www.sabine-seyffert.de\/blog\/wp-content\/uploads\/2013\/03\/L\u00e4cheln-2.jpg\"><img loading=\"lazy\" decoding=\"async\" class=\"alignnone size-full wp-image-973\" src=\"http:\/\/www.sabine-seyffert.de\/blog\/wp-content\/uploads\/2013\/03\/L\u00e4cheln-2.jpg\" alt=\"L\u00e4cheln 2\" width=\"972\" height=\"447\" srcset=\"https:\/\/www.sabine-seyffert.de\/blog\/wp-content\/uploads\/2013\/03\/L\u00e4cheln-2.jpg 972w, https:\/\/www.sabine-seyffert.de\/blog\/wp-content\/uploads\/2013\/03\/L\u00e4cheln-2-300x137.jpg 300w\" sizes=\"auto, (max-width: 972px) 100vw, 972px\" \/><\/a><\/p>\n<p style=\"text-align: justify;\">L\u00e4cheln tut gut, L\u00e4cheln macht Mut, muntert auf, schenkt Kraft und macht das Leben einfach leichter! Wir sollten im hektischen, stressigen Alltag viel \u00f6fter einmal innehalten und l\u00e4cheln. Ob wir uns dabei selbst zul\u00e4cheln oder unserem Gegen\u00fcber \u2013 Hauptsache wir l\u00e4cheln! Wie hei\u00dft es doch so sch\u00f6n? L\u00e4cheln ist die beste Medizin. Also mein Entspannungstipp f\u00fcr den Alltag: Bei jedem Durchh\u00e4nger an etwas ganz besonders Sch\u00f6nes denken und fr\u00f6hlich in den Spiegel hinein l\u00e4cheln. Das entspannt nicht nur die Gesichtsmuskeln sondern heitert auf: Denn von fr\u00f6hlichen, l\u00e4chelnden Gesichtern umgeben, geht alles leichter von der Hand und macht einfach mehr Spa\u00df.<\/p>\n<p style=\"text-align: justify;\">Vor lauter Schnee zum Fr\u00fchlingsanfang und erneuter Grippewelle, die uns nun schon zum dritten Mal in k\u00fcrzester Zeit heimsucht, haben wir uns spontan ein L\u00e4cheln ins Gesicht gezaubert, in dem wir mit bunten Smarties Muster gelegt haben. Wie man an den Fotos unschwer erkennt \ud83d\ude42<\/p>\n<p>Weiteres L\u00e4cheln f\u00e4ngt <a href=\"http:\/\/luziapimpinella.blogspot.de\/2013\/03\/foto-projekt-beauty-is-where-you-find_21.html\" target=\"_blank\">Nic<\/a> heute ein.<\/p>\n<p><a href=\"http:\/\/www.sabine-seyffert.de\/blog\/?page_id=32#urheberrecht\">urherrechtlich gesch\u00fctzt<\/a>, \u00a9 Sabine Seyffert<\/p>\n","protected":false},"excerpt":{"rendered":"<p>Ich sitze am Schreibtisch und g\u00f6nne mit einen Riegel Schokolade \u2013 lecker! Diese Schokolade tut gut, denn sie hat eine kleine Vergangenheit: Vor kurzem war ich in aller Fr\u00fch mit meiner Tochter auf dem Weg zum Kinderarzt. Drau\u00dfen war es noch dunkel und laut Temperaturanzeige unseres Autos frostige minus 6 Grad. Als ich meiner Tochter&#8230; <a href=\"https:\/\/www.sabine-seyffert.de\/blog\/lacheln\/\" class=\"more-link\">Read more: L\u00e4cheln&#8230;<\/a><\/p>\n","protected":false},"author":2,"featured_media":0,"comment_status":"open","ping_status":"open","sticky":false,"template":"","format":"standard","meta":{"_metis_text_type":"","_metis_text_length":2971,"_post_count":0,"footnotes":""},"categories":[10],"tags":[],"class_list":["post-969","post","type-post","status-publish","format-standard","hentry","category-spiel-spas"],"_links":{"self":[{"href":"https:\/\/www.sabine-seyffert.de\/blog\/wp-json\/wp\/v2\/posts\/969","targetHints":{"allow":["GET"]}}],"collection":[{"href":"https:\/\/www.sabine-seyffert.de\/blog\/wp-json\/wp\/v2\/posts"}],"about":[{"href":"https:\/\/www.sabine-seyffert.de\/blog\/wp-json\/wp\/v2\/types\/post"}],"author":[{"embeddable":true,"href":"https:\/\/www.sabine-seyffert.de\/blog\/wp-json\/wp\/v2\/users\/2"}],"replies":[{"embeddable":true,"href":"https:\/\/www.sabine-seyffert.de\/blog\/wp-json\/wp\/v2\/comments?post=969"}],"version-history":[{"count":13,"href":"https:\/\/www.sabine-seyffert.de\/blog\/wp-json\/wp\/v2\/posts\/969\/revisions"}],"predecessor-version":[{"id":6166,"href":"https:\/\/www.sabine-seyffert.de\/blog\/wp-json\/wp\/v2\/posts\/969\/revisions\/6166"}],"wp:attachment":[{"href":"https:\/\/www.sabine-seyffert.de\/blog\/wp-json\/wp\/v2\/media?parent=969"}],"wp:term":[{"taxonomy":"category","embeddable":true,"href":"https:\/\/www.sabine-seyffert.de\/blog\/wp-json\/wp\/v2\/categories?post=969"},{"taxonomy":"post_tag","embeddable":true,"href":"https:\/\/www.sabine-seyffert.de\/blog\/wp-json\/wp\/v2\/tags?post=969"}],"curies":[{"name":"wp","href":"https:\/\/api.w.org\/{rel}","templated":true}]}}