{"id":9540,"date":"2017-02-14T06:58:57","date_gmt":"2017-02-14T04:58:57","guid":{"rendered":"http:\/\/www.sabine-seyffert.de\/blog\/?p=9540"},"modified":"2017-02-28T19:20:37","modified_gmt":"2017-02-28T17:20:37","slug":"diy-verpackungsidee-zu-karneval-fasching-geschenke-fuer-kinder-froehlich-verpackt-lustiger-clown","status":"publish","type":"post","link":"https:\/\/www.sabine-seyffert.de\/blog\/diy-verpackungsidee-zu-karneval-fasching-geschenke-fuer-kinder-froehlich-verpackt-lustiger-clown\/","title":{"rendered":"DIY Verpackungsidee zu Karneval &#038; Fasching: Geschenke f\u00fcr Kinder fr\u00f6hlich verpackt &#8211; lustiger Clown"},"content":{"rendered":"<p style=\"text-align: justify;\"><img loading=\"lazy\" decoding=\"async\" src=\"https:\/\/ssl-vg03.met.vgwort.de\/na\/6ffaf183ead34030be4669b0d4fa4335\" alt=\"\" width=\"1\" height=\"1\" \/>Geschenke f\u00fcr Kinder verpacke ich ganz besonders gerne. Hier kann man immer fr\u00f6hliche, lustige Motive oder Figuren w\u00e4hlen, die dem Geburtstagskind schon beim \u00dcberreichen des Pr\u00e4sents ein L\u00e4cheln ins Gesicht zaubern. Diesmal habe ich mich f\u00fcr einen Clown entschieden. Denn der bringt die Leute nicht nur zum Lachen, sondern sorgt f\u00fcr gute Laune und fr\u00f6hliche Stimmung. Und das nicht nur in der Karnevalszeit, sondern im ganzen Jahr!<\/p>\n<p style=\"text-align: center;\"><a href=\"http:\/\/www.sabine-seyffert.de\/blog\/wp-content\/uploads\/2017\/02\/Clown-Verpackung-4-1.jpg\"><img loading=\"lazy\" decoding=\"async\" class=\"alignnone size-full wp-image-9550\" src=\"http:\/\/www.sabine-seyffert.de\/blog\/wp-content\/uploads\/2017\/02\/Clown-Verpackung-4-1.jpg\" alt=\"\" width=\"800\" height=\"600\" srcset=\"https:\/\/www.sabine-seyffert.de\/blog\/wp-content\/uploads\/2017\/02\/Clown-Verpackung-4-1.jpg 800w, https:\/\/www.sabine-seyffert.de\/blog\/wp-content\/uploads\/2017\/02\/Clown-Verpackung-4-1-300x225.jpg 300w, https:\/\/www.sabine-seyffert.de\/blog\/wp-content\/uploads\/2017\/02\/Clown-Verpackung-4-1-768x576.jpg 768w\" sizes=\"auto, (max-width: 800px) 100vw, 800px\" \/><\/a><\/p>\n<p style=\"text-align: justify;\"><strong>Das wird gebraucht:<\/strong><br \/>\nRot gemusterte Papierreste, wei\u00dfes Papier, einen schwarzen Fineliner, eine Bastelschere, einen wei\u00dfen Lackstift, Dymoger\u00e4t samt Pr\u00e4geband, Klebstoff, Hei\u00dfklebepistole inklusive Klebepatrone, zwei kleine rote und eine gro\u00dfe Holzperle, wei\u00dfe Kordel<\/p>\n<p style=\"text-align: center;\"><a href=\"http:\/\/www.sabine-seyffert.de\/blog\/wp-content\/uploads\/2017\/02\/Clown-Verpackung-6.jpg\"><img loading=\"lazy\" decoding=\"async\" class=\"alignnone size-full wp-image-9543\" src=\"http:\/\/www.sabine-seyffert.de\/blog\/wp-content\/uploads\/2017\/02\/Clown-Verpackung-6.jpg\" alt=\"\" width=\"800\" height=\"600\" srcset=\"https:\/\/www.sabine-seyffert.de\/blog\/wp-content\/uploads\/2017\/02\/Clown-Verpackung-6.jpg 800w, https:\/\/www.sabine-seyffert.de\/blog\/wp-content\/uploads\/2017\/02\/Clown-Verpackung-6-300x225.jpg 300w, https:\/\/www.sabine-seyffert.de\/blog\/wp-content\/uploads\/2017\/02\/Clown-Verpackung-6-768x576.jpg 768w\" sizes=\"auto, (max-width: 800px) 100vw, 800px\" \/><\/a><\/p>\n<p style=\"text-align: justify;\"><strong>So wird\u2019s gemacht:<\/strong><br \/>\nWie gewohnt habe ich das Geschenk in Packpapier versteckt. F\u00fcr das Clownsgesicht habe ich aus wei\u00dfem Papier per Hand einen runden Kreis ausgeschnitten. Aus dem gepunkteten Papier bekam der Clown einen gro\u00dfen Hut.<\/p>\n<p style=\"text-align: center;\"><a href=\"http:\/\/www.sabine-seyffert.de\/blog\/wp-content\/uploads\/2017\/02\/Clown-Verpackung-5.jpg\"><img loading=\"lazy\" decoding=\"async\" class=\"alignnone size-full wp-image-9544\" src=\"http:\/\/www.sabine-seyffert.de\/blog\/wp-content\/uploads\/2017\/02\/Clown-Verpackung-5.jpg\" alt=\"\" width=\"800\" height=\"600\" srcset=\"https:\/\/www.sabine-seyffert.de\/blog\/wp-content\/uploads\/2017\/02\/Clown-Verpackung-5.jpg 800w, https:\/\/www.sabine-seyffert.de\/blog\/wp-content\/uploads\/2017\/02\/Clown-Verpackung-5-300x225.jpg 300w, https:\/\/www.sabine-seyffert.de\/blog\/wp-content\/uploads\/2017\/02\/Clown-Verpackung-5-768x576.jpg 768w\" sizes=\"auto, (max-width: 800px) 100vw, 800px\" \/><\/a><\/p>\n<p style=\"text-align: justify;\">Da ich es bei Geschenken immer gerne mag, wenn man unterschiedliches Material verwendet und hier und da plastische Elemente einbaut, habe ich als Krempe etwas d\u00fcnne Kordel um den Papierhut gewickelt und auf der Vorderseite mit einer Mini Schleife versehen.<\/p>\n<p style=\"text-align: center;\"><a href=\"http:\/\/www.sabine-seyffert.de\/blog\/wp-content\/uploads\/2017\/02\/Clown-Verpackung-7.jpg\"><img loading=\"lazy\" decoding=\"async\" class=\"alignnone size-full wp-image-9545\" src=\"http:\/\/www.sabine-seyffert.de\/blog\/wp-content\/uploads\/2017\/02\/Clown-Verpackung-7.jpg\" alt=\"\" width=\"800\" height=\"600\" srcset=\"https:\/\/www.sabine-seyffert.de\/blog\/wp-content\/uploads\/2017\/02\/Clown-Verpackung-7.jpg 800w, https:\/\/www.sabine-seyffert.de\/blog\/wp-content\/uploads\/2017\/02\/Clown-Verpackung-7-300x225.jpg 300w, https:\/\/www.sabine-seyffert.de\/blog\/wp-content\/uploads\/2017\/02\/Clown-Verpackung-7-768x576.jpg 768w\" sizes=\"auto, (max-width: 800px) 100vw, 800px\" \/><\/a><\/p>\n<p style=\"text-align: justify;\">Aus einem etwa 1 cm x 12 cm langen Streifen geringeltem Papier habe ich eine Schleife geklebt und geschnitten. Diese habe ich direkt unter dem Clownsgesicht auf das Geschenk geklebt. Das klappt gut mit Hei\u00dfkleber, da die plastische Schleife so wirklich fest sitzt und sofort h\u00e4lt.<\/p>\n<p style=\"text-align: center;\"><a href=\"http:\/\/www.sabine-seyffert.de\/blog\/wp-content\/uploads\/2017\/02\/Clown-Verpackung.jpg\"><img loading=\"lazy\" decoding=\"async\" class=\"alignnone size-full wp-image-9546\" src=\"http:\/\/www.sabine-seyffert.de\/blog\/wp-content\/uploads\/2017\/02\/Clown-Verpackung.jpg\" alt=\"\" width=\"800\" height=\"600\" srcset=\"https:\/\/www.sabine-seyffert.de\/blog\/wp-content\/uploads\/2017\/02\/Clown-Verpackung.jpg 800w, https:\/\/www.sabine-seyffert.de\/blog\/wp-content\/uploads\/2017\/02\/Clown-Verpackung-300x225.jpg 300w, https:\/\/www.sabine-seyffert.de\/blog\/wp-content\/uploads\/2017\/02\/Clown-Verpackung-768x576.jpg 768w\" sizes=\"auto, (max-width: 800px) 100vw, 800px\" \/><\/a><\/p>\n<p style=\"text-align: justify;\">Dann bekam der Clown noch einen roten, lachenden Mund sowie eine dicke rote Nase (aus einer gro\u00dfen, runden Holzperle). F\u00fcr die Augen habe ich aus einem grauen Papierrest zwei Kreuze geschnitten und ausgeklebt. Weil es farblich und auch von der Machart her gut passt, habe ich zus\u00e4tzlich zwei kleine rote Perlen mittig darauf geklebt.<\/p>\n<p style=\"text-align: center;\"><a href=\"http:\/\/www.sabine-seyffert.de\/blog\/wp-content\/uploads\/2017\/02\/Clown-Verpackung-1.jpg\"><img loading=\"lazy\" decoding=\"async\" class=\"alignnone size-full wp-image-9547\" src=\"http:\/\/www.sabine-seyffert.de\/blog\/wp-content\/uploads\/2017\/02\/Clown-Verpackung-1.jpg\" alt=\"\" width=\"800\" height=\"600\" srcset=\"https:\/\/www.sabine-seyffert.de\/blog\/wp-content\/uploads\/2017\/02\/Clown-Verpackung-1.jpg 800w, https:\/\/www.sabine-seyffert.de\/blog\/wp-content\/uploads\/2017\/02\/Clown-Verpackung-1-300x225.jpg 300w, https:\/\/www.sabine-seyffert.de\/blog\/wp-content\/uploads\/2017\/02\/Clown-Verpackung-1-768x576.jpg 768w\" sizes=\"auto, (max-width: 800px) 100vw, 800px\" \/><\/a><\/p>\n<p style=\"text-align: justify;\">Zum Schluss habe ich mit dem Dymoger\u00e4t den Namen des Kindes angefertigt und neben den Clown geklebt. Damit jeder wei\u00df f\u00fcr wen das Geschenk gedacht ist. Und weil ich Muster so gerne mag, habe ich mit einem wei\u00dfen Lackstift noch ein allover Muster auf die Geschenkvorderseite getupft.<\/p>\n<p style=\"text-align: center;\"><a href=\"http:\/\/www.sabine-seyffert.de\/blog\/wp-content\/uploads\/2017\/02\/Clown-Verpackung-3.jpg\"><img loading=\"lazy\" decoding=\"async\" class=\"alignnone size-full wp-image-9548\" src=\"http:\/\/www.sabine-seyffert.de\/blog\/wp-content\/uploads\/2017\/02\/Clown-Verpackung-3.jpg\" alt=\"\" width=\"600\" height=\"800\" srcset=\"https:\/\/www.sabine-seyffert.de\/blog\/wp-content\/uploads\/2017\/02\/Clown-Verpackung-3.jpg 600w, https:\/\/www.sabine-seyffert.de\/blog\/wp-content\/uploads\/2017\/02\/Clown-Verpackung-3-225x300.jpg 225w\" sizes=\"auto, (max-width: 600px) 100vw, 600px\" \/><\/a><\/p>\n<p style=\"text-align: justify;\">Weitere pfiffige Geschenkverpackungen findet Ihr in <a href=\"http:\/\/www.sabine-seyffert.de\/blog\/?cat=49\" target=\"_blank\">dieser Rubrik<\/a>, Upcyceltes <a href=\"http:\/\/www.sabine-seyffert.de\/blog\/?cat=47\" target=\"_blank\">dort<\/a> und alles zum Thema Karneval <a href=\"http:\/\/www.sabine-seyffert.de\/blog\/?cat=26\" target=\"_blank\">hier<\/a> und Kreatives an <a href=\"http:\/\/www.creadienstag.de\/2017\/02\/266.html\" target=\"_blank\">dieser<\/a> Stelle!<\/p>\n<p style=\"text-align: center;\"><a href=\"http:\/\/www.sabine-seyffert.de\/blog\/wp-content\/uploads\/2017\/02\/Clown-Verpackung-2.jpg\"><img loading=\"lazy\" decoding=\"async\" class=\"alignnone size-full wp-image-9549\" src=\"http:\/\/www.sabine-seyffert.de\/blog\/wp-content\/uploads\/2017\/02\/Clown-Verpackung-2.jpg\" alt=\"\" width=\"600\" height=\"800\" srcset=\"https:\/\/www.sabine-seyffert.de\/blog\/wp-content\/uploads\/2017\/02\/Clown-Verpackung-2.jpg 600w, https:\/\/www.sabine-seyffert.de\/blog\/wp-content\/uploads\/2017\/02\/Clown-Verpackung-2-225x300.jpg 225w\" sizes=\"auto, (max-width: 600px) 100vw, 600px\" \/><\/a><\/p>\n<p style=\"text-align: center;\">Wer mag, kann noch bis zum 17. Februar 2017 an <a href=\"http:\/\/www.sabine-seyffert.de\/blog\/?p=9525\" target=\"_blank\">dieser Verlosung<\/a> des lustigen W\u00fcrfelspiels &#8220;Kribbeln&#8221; teilnehmen!<\/p>\n<p><a href=\"http:\/\/www.sabine-seyffert.de\/blog\/?page_id=32#urheberrecht\">urheberrechtlich gesch\u00fctzt<\/a>, \u00a9 Sabine Seyffert<\/p>\n","protected":false},"excerpt":{"rendered":"<p>Geschenke f\u00fcr Kinder verpacke ich ganz besonders gerne. Hier kann man immer fr\u00f6hliche, lustige Motive oder Figuren w\u00e4hlen, die dem Geburtstagskind schon beim \u00dcberreichen des Pr\u00e4sents ein L\u00e4cheln ins Gesicht zaubern. Diesmal habe ich mich f\u00fcr einen Clown entschieden. Denn der bringt die Leute nicht nur zum Lachen, sondern sorgt f\u00fcr gute Laune und fr\u00f6hliche&#8230; <a href=\"https:\/\/www.sabine-seyffert.de\/blog\/diy-verpackungsidee-zu-karneval-fasching-geschenke-fuer-kinder-froehlich-verpackt-lustiger-clown\/\" class=\"more-link\">Read more: DIY Verpackungsidee zu Karneval &#038; Fasching: Geschenke f\u00fcr Kinder fr\u00f6hlich verpackt &#8211; lustiger Clown<\/a><\/p>\n","protected":false},"author":2,"featured_media":0,"comment_status":"open","ping_status":"open","sticky":false,"template":"","format":"standard","meta":{"_metis_text_type":"","_metis_text_length":2405,"_post_count":0,"footnotes":""},"categories":[49,26],"tags":[],"class_list":["post-9540","post","type-post","status-publish","format-standard","hentry","category-verpackungsideen","category-karneval"],"_links":{"self":[{"href":"https:\/\/www.sabine-seyffert.de\/blog\/wp-json\/wp\/v2\/posts\/9540","targetHints":{"allow":["GET"]}}],"collection":[{"href":"https:\/\/www.sabine-seyffert.de\/blog\/wp-json\/wp\/v2\/posts"}],"about":[{"href":"https:\/\/www.sabine-seyffert.de\/blog\/wp-json\/wp\/v2\/types\/post"}],"author":[{"embeddable":true,"href":"https:\/\/www.sabine-seyffert.de\/blog\/wp-json\/wp\/v2\/users\/2"}],"replies":[{"embeddable":true,"href":"https:\/\/www.sabine-seyffert.de\/blog\/wp-json\/wp\/v2\/comments?post=9540"}],"version-history":[{"count":5,"href":"https:\/\/www.sabine-seyffert.de\/blog\/wp-json\/wp\/v2\/posts\/9540\/revisions"}],"predecessor-version":[{"id":9555,"href":"https:\/\/www.sabine-seyffert.de\/blog\/wp-json\/wp\/v2\/posts\/9540\/revisions\/9555"}],"wp:attachment":[{"href":"https:\/\/www.sabine-seyffert.de\/blog\/wp-json\/wp\/v2\/media?parent=9540"}],"wp:term":[{"taxonomy":"category","embeddable":true,"href":"https:\/\/www.sabine-seyffert.de\/blog\/wp-json\/wp\/v2\/categories?post=9540"},{"taxonomy":"post_tag","embeddable":true,"href":"https:\/\/www.sabine-seyffert.de\/blog\/wp-json\/wp\/v2\/tags?post=9540"}],"curies":[{"name":"wp","href":"https:\/\/api.w.org\/{rel}","templated":true}]}}