{"id":9486,"date":"2017-02-06T15:54:53","date_gmt":"2017-02-06T13:54:53","guid":{"rendered":"http:\/\/www.sabine-seyffert.de\/blog\/?p=9486"},"modified":"2022-09-02T11:36:55","modified_gmt":"2022-09-02T09:36:55","slug":"diy-klitzekleine-geschenkidee-fuer-verliebte-zur-hochzeit-und-alle-die-man-herz-lich-gerne-hat","status":"publish","type":"post","link":"https:\/\/www.sabine-seyffert.de\/blog\/diy-klitzekleine-geschenkidee-fuer-verliebte-zur-hochzeit-und-alle-die-man-herz-lich-gerne-hat\/","title":{"rendered":"DIY &#038; klitzekleine Geschenkidee f\u00fcr Verliebte, zur Hochzeit und alle, die man \u201eHerz\u201c-lich gerne hat"},"content":{"rendered":"<p style=\"text-align: justify;\"><img loading=\"lazy\" decoding=\"async\" src=\"https:\/\/ssl-vg03.met.vgwort.de\/na\/4ff6ccede01d4b7fa9d70f0c7b81daff\" alt=\"\" width=\"1\" height=\"1\" \/>Auf einer Vielzahl anderer Blogs tummeln sich im Moment kreative Ideen zum <a href=\"https:\/\/de.wikipedia.org\/wiki\/Valentinstag\" target=\"_blank\" rel=\"noopener\">Valentinstag<\/a>. Ich gebe ohne Umschweife zu, dass Tage wie dieser, hier keine gro\u00dfe Beachtung finden. Zumindest nicht mehr als jeder andere Tag im Jahr auch. Dennoch geh\u00f6re ich zu denjenigen, die anderen gerne mit einer Kleinigkeit eine Freude macht. Ebenso \u00fcberrasche ich Freundinnen und andere liebe Menschen bei Besuchen oftmals mit einem selbst gemachten Mitbringsel.<br \/>\nEs gibt unz\u00e4hlige Situationen im t\u00e4glichen Miteinander und Zusammenleben, bei denen man sich \u00fcber einen lieben Dank sehr freut oder jemanden \u00fcberraschen m\u00f6chte, den man von Herzen gerne hat. Aus diesem Grunde gibt es heute noch eine kleine Bastelidee, die genau f\u00fcr diesen Zweck geeignet und schnell gebastelt ist. Wer mag, kann diese Idee nat\u00fcrlich auch gerne passend zum Valentinstag anfertigen \ud83d\ude09<\/p>\n<p style=\"text-align: center;\"><a href=\"http:\/\/www.sabine-seyffert.de\/blog\/wp-content\/uploads\/2017\/02\/Herzt\u00fcte-4.jpg\"><img loading=\"lazy\" decoding=\"async\" class=\"alignnone size-full wp-image-9487\" src=\"http:\/\/www.sabine-seyffert.de\/blog\/wp-content\/uploads\/2017\/02\/Herzt\u00fcte-4.jpg\" alt=\"\" width=\"800\" height=\"600\" srcset=\"https:\/\/www.sabine-seyffert.de\/blog\/wp-content\/uploads\/2017\/02\/Herzt\u00fcte-4.jpg 800w, https:\/\/www.sabine-seyffert.de\/blog\/wp-content\/uploads\/2017\/02\/Herzt\u00fcte-4-300x225.jpg 300w, https:\/\/www.sabine-seyffert.de\/blog\/wp-content\/uploads\/2017\/02\/Herzt\u00fcte-4-768x576.jpg 768w\" sizes=\"auto, (max-width: 800px) 100vw, 800px\" \/><\/a><\/p>\n<p style=\"text-align: justify;\"><strong>Das wird gebraucht:<\/strong><br \/>\n1 uni wei\u00dfe Papiert\u00fcte (Bodenbeutel), ein altes Marmeladenglas, ein Teelicht, Bastel Kleber, eine Schere, einen Motivlocher \u201eHerz\u201c (Durchmesser 1 cm), etwas naturbraunes Packpapier<\/p>\n<p style=\"text-align: center;\"><a href=\"http:\/\/www.sabine-seyffert.de\/blog\/wp-content\/uploads\/2017\/02\/Herzt\u00fcte.jpg\"><img loading=\"lazy\" decoding=\"async\" class=\"alignnone size-full wp-image-9488\" src=\"http:\/\/www.sabine-seyffert.de\/blog\/wp-content\/uploads\/2017\/02\/Herzt\u00fcte.jpg\" alt=\"\" width=\"800\" height=\"600\" srcset=\"https:\/\/www.sabine-seyffert.de\/blog\/wp-content\/uploads\/2017\/02\/Herzt\u00fcte.jpg 800w, https:\/\/www.sabine-seyffert.de\/blog\/wp-content\/uploads\/2017\/02\/Herzt\u00fcte-300x225.jpg 300w, https:\/\/www.sabine-seyffert.de\/blog\/wp-content\/uploads\/2017\/02\/Herzt\u00fcte-768x576.jpg 768w\" sizes=\"auto, (max-width: 800px) 100vw, 800px\" \/><\/a><\/p>\n<p style=\"text-align: justify;\"><strong>So wird\u2019s gemacht:<\/strong><br \/>\nMit dem Motivlocher stanzt man aus einem schmalen Streifen Packpapier einen ganzen Schwung an kleinen Herzen aus. Das ist kinderleicht, ebenso wie der Rest dieser Bastelei, so dass diese auch Kinder anfertigen k\u00f6nnen. Wobei die T\u00fcten in diesem Fall mit Sicherheit deutlich bunter ausfallen werden \ud83d\ude09<\/p>\n<p style=\"text-align: center;\"><a href=\"http:\/\/www.sabine-seyffert.de\/blog\/wp-content\/uploads\/2017\/02\/Herzt\u00fcte-8.jpg\"><img loading=\"lazy\" decoding=\"async\" class=\"alignnone size-full wp-image-9489\" src=\"http:\/\/www.sabine-seyffert.de\/blog\/wp-content\/uploads\/2017\/02\/Herzt\u00fcte-8.jpg\" alt=\"\" width=\"800\" height=\"600\" srcset=\"https:\/\/www.sabine-seyffert.de\/blog\/wp-content\/uploads\/2017\/02\/Herzt\u00fcte-8.jpg 800w, https:\/\/www.sabine-seyffert.de\/blog\/wp-content\/uploads\/2017\/02\/Herzt\u00fcte-8-300x225.jpg 300w, https:\/\/www.sabine-seyffert.de\/blog\/wp-content\/uploads\/2017\/02\/Herzt\u00fcte-8-768x576.jpg 768w\" sizes=\"auto, (max-width: 800px) 100vw, 800px\" \/><\/a><\/p>\n<p style=\"text-align: justify;\">Hat man gen\u00fcgend Papierherzen beisammen, klebt man diese mit Hilfe eines Klebstifts gleichm\u00e4\u00dfig auf die Vorder- und R\u00fcckseite der wei\u00dfen Papiert\u00fcte.<\/p>\n<p style=\"text-align: center;\"><a href=\"http:\/\/www.sabine-seyffert.de\/blog\/wp-content\/uploads\/2017\/02\/Herzt\u00fcte-7.jpg\"><img loading=\"lazy\" decoding=\"async\" class=\"alignnone size-full wp-image-9490\" src=\"http:\/\/www.sabine-seyffert.de\/blog\/wp-content\/uploads\/2017\/02\/Herzt\u00fcte-7.jpg\" alt=\"\" width=\"800\" height=\"600\" srcset=\"https:\/\/www.sabine-seyffert.de\/blog\/wp-content\/uploads\/2017\/02\/Herzt\u00fcte-7.jpg 800w, https:\/\/www.sabine-seyffert.de\/blog\/wp-content\/uploads\/2017\/02\/Herzt\u00fcte-7-300x225.jpg 300w, https:\/\/www.sabine-seyffert.de\/blog\/wp-content\/uploads\/2017\/02\/Herzt\u00fcte-7-768x576.jpg 768w\" sizes=\"auto, (max-width: 800px) 100vw, 800px\" \/><\/a><\/p>\n<p style=\"text-align: justify;\">Sind alle Herzen aufgeklebt, schneidet man mit einer Schere den oberen Rand der T\u00fcte ab. Ich meinerseits habe versucht den Rand in wellenform abzutrennen. Das geht mit einer Wellenschere sicherlich einfacher.<\/p>\n<p style=\"text-align: center;\"><a href=\"http:\/\/www.sabine-seyffert.de\/blog\/wp-content\/uploads\/2017\/02\/Herzt\u00fcte-5.jpg\"><img loading=\"lazy\" decoding=\"async\" class=\"alignnone size-full wp-image-9491\" src=\"http:\/\/www.sabine-seyffert.de\/blog\/wp-content\/uploads\/2017\/02\/Herzt\u00fcte-5.jpg\" alt=\"\" width=\"800\" height=\"600\" srcset=\"https:\/\/www.sabine-seyffert.de\/blog\/wp-content\/uploads\/2017\/02\/Herzt\u00fcte-5.jpg 800w, https:\/\/www.sabine-seyffert.de\/blog\/wp-content\/uploads\/2017\/02\/Herzt\u00fcte-5-300x225.jpg 300w, https:\/\/www.sabine-seyffert.de\/blog\/wp-content\/uploads\/2017\/02\/Herzt\u00fcte-5-768x576.jpg 768w\" sizes=\"auto, (max-width: 800px) 100vw, 800px\" \/><\/a><\/p>\n<p style=\"text-align: justify;\">Nun klappt man die T\u00fcte bzw. den Boden auseinander und stellt ein leeres, sauberes Marmeladenglas mit Teelicht hinein.<\/p>\n<p style=\"text-align: center;\"><a href=\"http:\/\/www.sabine-seyffert.de\/blog\/wp-content\/uploads\/2017\/02\/Herzt\u00fcte-6.jpg\"><img loading=\"lazy\" decoding=\"async\" class=\"alignnone size-full wp-image-9492\" src=\"http:\/\/www.sabine-seyffert.de\/blog\/wp-content\/uploads\/2017\/02\/Herzt\u00fcte-6.jpg\" alt=\"\" width=\"800\" height=\"600\" srcset=\"https:\/\/www.sabine-seyffert.de\/blog\/wp-content\/uploads\/2017\/02\/Herzt\u00fcte-6.jpg 800w, https:\/\/www.sabine-seyffert.de\/blog\/wp-content\/uploads\/2017\/02\/Herzt\u00fcte-6-300x225.jpg 300w, https:\/\/www.sabine-seyffert.de\/blog\/wp-content\/uploads\/2017\/02\/Herzt\u00fcte-6-768x576.jpg 768w\" sizes=\"auto, (max-width: 800px) 100vw, 800px\" \/><\/a><\/p>\n<p style=\"text-align: justify;\">Dieses selbst gemachte Windlicht ist nicht nur eine sch\u00f6ne Deko Idee f\u00fcr Winterabende, sondern auch ein wunderbares Geschenk f\u00fcr jemanden, den man herzlich gerne hat!<\/p>\n<p style=\"text-align: center;\"><a href=\"http:\/\/www.sabine-seyffert.de\/blog\/wp-content\/uploads\/2017\/02\/Herzt\u00fcte-3.jpg\"><img loading=\"lazy\" decoding=\"async\" class=\"alignnone size-full wp-image-9493\" src=\"http:\/\/www.sabine-seyffert.de\/blog\/wp-content\/uploads\/2017\/02\/Herzt\u00fcte-3.jpg\" alt=\"\" width=\"800\" height=\"600\" srcset=\"https:\/\/www.sabine-seyffert.de\/blog\/wp-content\/uploads\/2017\/02\/Herzt\u00fcte-3.jpg 800w, https:\/\/www.sabine-seyffert.de\/blog\/wp-content\/uploads\/2017\/02\/Herzt\u00fcte-3-300x225.jpg 300w, https:\/\/www.sabine-seyffert.de\/blog\/wp-content\/uploads\/2017\/02\/Herzt\u00fcte-3-768x576.jpg 768w\" sizes=\"auto, (max-width: 800px) 100vw, 800px\" \/><\/a><\/p>\n<p style=\"text-align: justify;\">Eine winterliche Lichtt\u00fctenvariante findet Ihr in <a href=\"http:\/\/www.sabine-seyffert.de\/blog\/?p=9318\" target=\"_blank\" rel=\"noopener\">dieser<\/a> Bastelanleitung, weitere Geschenkideen tummeln sich in <a href=\"http:\/\/www.sabine-seyffert.de\/blog\/?cat=36\" target=\"_blank\" rel=\"noopener\">dieser Rubrik<\/a>, pfiffige Bastelideen f\u00fcr Kinder <a href=\"http:\/\/www.sabine-seyffert.de\/blog\/?cat=32\" target=\"_blank\" rel=\"noopener\">dort<\/a> und andere kreative Sachen gibt es an <a href=\"http:\/\/www.creadienstag.de\/2017\/01\/264.html\" target=\"_blank\" rel=\"noopener\">dieser<\/a> Stelle!<\/p>\n<p style=\"text-align: center;\"><a href=\"http:\/\/www.sabine-seyffert.de\/blog\/wp-content\/uploads\/2017\/02\/Herzt\u00fcte-9.jpg\"><img loading=\"lazy\" decoding=\"async\" class=\"alignnone size-full wp-image-9494\" src=\"http:\/\/www.sabine-seyffert.de\/blog\/wp-content\/uploads\/2017\/02\/Herzt\u00fcte-9.jpg\" alt=\"\" width=\"600\" height=\"800\" srcset=\"https:\/\/www.sabine-seyffert.de\/blog\/wp-content\/uploads\/2017\/02\/Herzt\u00fcte-9.jpg 600w, https:\/\/www.sabine-seyffert.de\/blog\/wp-content\/uploads\/2017\/02\/Herzt\u00fcte-9-225x300.jpg 225w\" sizes=\"auto, (max-width: 600px) 100vw, 600px\" \/><\/a><\/p>\n<p><a href=\"http:\/\/www.sabine-seyffert.de\/blog\/?page_id=32#urheberrecht\">urheberrechtlich gesch\u00fctzt<\/a>, \u00a9 Sabine Seyffert<\/p>\n","protected":false},"excerpt":{"rendered":"<p>Auf einer Vielzahl anderer Blogs tummeln sich im Moment kreative Ideen zum Valentinstag. Ich gebe ohne Umschweife zu, dass Tage wie dieser, hier keine gro\u00dfe Beachtung finden. Zumindest nicht mehr als jeder andere Tag im Jahr auch. Dennoch geh\u00f6re ich zu denjenigen, die anderen gerne mit einer Kleinigkeit eine Freude macht. Ebenso \u00fcberrasche ich Freundinnen&#8230; <a href=\"https:\/\/www.sabine-seyffert.de\/blog\/diy-klitzekleine-geschenkidee-fuer-verliebte-zur-hochzeit-und-alle-die-man-herz-lich-gerne-hat\/\" class=\"more-link\">Read more: DIY &#038; klitzekleine Geschenkidee f\u00fcr Verliebte, zur Hochzeit und alle, die man \u201eHerz\u201c-lich gerne hat<\/a><\/p>\n","protected":false},"author":2,"featured_media":0,"comment_status":"open","ping_status":"open","sticky":false,"template":"","format":"standard","meta":{"_metis_text_type":"","_metis_text_length":2269,"_post_count":0,"footnotes":""},"categories":[12,36,53],"tags":[],"class_list":["post-9486","post","type-post","status-publish","format-standard","hentry","category-deko-ideen","category-klitzekleine-geschenkideen","category-hochzeit-co"],"_links":{"self":[{"href":"https:\/\/www.sabine-seyffert.de\/blog\/wp-json\/wp\/v2\/posts\/9486","targetHints":{"allow":["GET"]}}],"collection":[{"href":"https:\/\/www.sabine-seyffert.de\/blog\/wp-json\/wp\/v2\/posts"}],"about":[{"href":"https:\/\/www.sabine-seyffert.de\/blog\/wp-json\/wp\/v2\/types\/post"}],"author":[{"embeddable":true,"href":"https:\/\/www.sabine-seyffert.de\/blog\/wp-json\/wp\/v2\/users\/2"}],"replies":[{"embeddable":true,"href":"https:\/\/www.sabine-seyffert.de\/blog\/wp-json\/wp\/v2\/comments?post=9486"}],"version-history":[{"count":8,"href":"https:\/\/www.sabine-seyffert.de\/blog\/wp-json\/wp\/v2\/posts\/9486\/revisions"}],"predecessor-version":[{"id":23945,"href":"https:\/\/www.sabine-seyffert.de\/blog\/wp-json\/wp\/v2\/posts\/9486\/revisions\/23945"}],"wp:attachment":[{"href":"https:\/\/www.sabine-seyffert.de\/blog\/wp-json\/wp\/v2\/media?parent=9486"}],"wp:term":[{"taxonomy":"category","embeddable":true,"href":"https:\/\/www.sabine-seyffert.de\/blog\/wp-json\/wp\/v2\/categories?post=9486"},{"taxonomy":"post_tag","embeddable":true,"href":"https:\/\/www.sabine-seyffert.de\/blog\/wp-json\/wp\/v2\/tags?post=9486"}],"curies":[{"name":"wp","href":"https:\/\/api.w.org\/{rel}","templated":true}]}}