{"id":9356,"date":"2017-01-24T06:55:38","date_gmt":"2017-01-24T04:55:38","guid":{"rendered":"http:\/\/www.sabine-seyffert.de\/blog\/?p=9356"},"modified":"2017-02-28T19:36:00","modified_gmt":"2017-02-28T17:36:00","slug":"verpackungsidee-nicht-nur-fuer-geburtstagsgeschenke-winterliches-diy-wunderschoen-verpackt-let-it-snow","status":"publish","type":"post","link":"https:\/\/www.sabine-seyffert.de\/blog\/verpackungsidee-nicht-nur-fuer-geburtstagsgeschenke-winterliches-diy-wunderschoen-verpackt-let-it-snow\/","title":{"rendered":"Verpackungsidee nicht nur f\u00fcr Geburtstagsgeschenke: Winterliches DIY &#038; wundersch\u00f6n verpackt \u201eLet it snow\u201c"},"content":{"rendered":"<p style=\"text-align: justify;\"><img loading=\"lazy\" decoding=\"async\" src=\"https:\/\/ssl-vg03.met.vgwort.de\/na\/91c3687c6e084f31ac6513471f3c5365\" alt=\"\" width=\"1\" height=\"1\" \/>Jemanden zu beschenken macht mir immer gro\u00dfen Spa\u00df. Und ebenso sehr mag ich es Geschenke nett und pfiffig zu verpacken. Das gibt dem Pr\u00e4sent dann noch mal eine ganz besondere, pers\u00f6nliche Note. So habe ich die besorgte Kleinigkeit zum anstehenden Geburtstag mal wieder der Jahreszeit entsprechend gestaltet: Wundersch\u00f6n winterlich\u2026<\/p>\n<p style=\"text-align: center;\"><a href=\"http:\/\/www.sabine-seyffert.de\/blog\/wp-content\/uploads\/2017\/01\/Geschenk-Schnee-2.jpg\"><img loading=\"lazy\" decoding=\"async\" class=\"alignnone size-full wp-image-9357\" src=\"http:\/\/www.sabine-seyffert.de\/blog\/wp-content\/uploads\/2017\/01\/Geschenk-Schnee-2.jpg\" alt=\"\" width=\"800\" height=\"600\" srcset=\"https:\/\/www.sabine-seyffert.de\/blog\/wp-content\/uploads\/2017\/01\/Geschenk-Schnee-2.jpg 800w, https:\/\/www.sabine-seyffert.de\/blog\/wp-content\/uploads\/2017\/01\/Geschenk-Schnee-2-300x225.jpg 300w, https:\/\/www.sabine-seyffert.de\/blog\/wp-content\/uploads\/2017\/01\/Geschenk-Schnee-2-768x576.jpg 768w\" sizes=\"auto, (max-width: 800px) 100vw, 800px\" \/><\/a><\/p>\n<p style=\"text-align: justify;\"><strong>Das wird gebraucht:<\/strong><br \/>\nUnifarbenes Geschenkpapier, Geschenkband, einen kleinen Ast (m\u00f6glichst getrocknet), wei\u00dfe Kordel, 1 Blatt wei\u00dfes Papier, Bleistift, wei\u00dfe Lackmalstifte, Motivlocher Schneeflocke, Schere, Hei\u00dfklebepistole mit Klebepatrone, Klebstoff<\/p>\n<p style=\"text-align: center;\"><a href=\"http:\/\/www.sabine-seyffert.de\/blog\/wp-content\/uploads\/2017\/01\/Geschenk-Schnee-7.jpg\"><img loading=\"lazy\" decoding=\"async\" class=\"alignnone size-full wp-image-9358\" src=\"http:\/\/www.sabine-seyffert.de\/blog\/wp-content\/uploads\/2017\/01\/Geschenk-Schnee-7.jpg\" alt=\"\" width=\"800\" height=\"600\" srcset=\"https:\/\/www.sabine-seyffert.de\/blog\/wp-content\/uploads\/2017\/01\/Geschenk-Schnee-7.jpg 800w, https:\/\/www.sabine-seyffert.de\/blog\/wp-content\/uploads\/2017\/01\/Geschenk-Schnee-7-300x225.jpg 300w, https:\/\/www.sabine-seyffert.de\/blog\/wp-content\/uploads\/2017\/01\/Geschenk-Schnee-7-768x576.jpg 768w\" sizes=\"auto, (max-width: 800px) 100vw, 800px\" \/><\/a><\/p>\n<p style=\"text-align: justify;\"><strong>So wird\u2019s gemacht:<\/strong><br \/>\nZu allererst kommt nat\u00fcrlich das Geschenk, was ich in unifarbenes Geschenkpapier geh\u00fcllt habe. Das obere, offene Ende habe ich mit Geschenkband zusammengebunden. Da der Schnee hier noch auf sich warten l\u00e4sst, habe ich mich an der Verpackung wieder einmal ausgetobt, wie bei <a href=\"http:\/\/www.sabine-seyffert.de\/blog\/?p=9240\" target=\"_blank\">dieser lustigen Deko Idee<\/a>\u2026<\/p>\n<p style=\"text-align: center;\"><a href=\"http:\/\/www.sabine-seyffert.de\/blog\/wp-content\/uploads\/2017\/01\/Geschenk-Schnee-8.jpg\"><img loading=\"lazy\" decoding=\"async\" class=\"alignnone size-full wp-image-9359\" src=\"http:\/\/www.sabine-seyffert.de\/blog\/wp-content\/uploads\/2017\/01\/Geschenk-Schnee-8.jpg\" alt=\"\" width=\"800\" height=\"600\" srcset=\"https:\/\/www.sabine-seyffert.de\/blog\/wp-content\/uploads\/2017\/01\/Geschenk-Schnee-8.jpg 800w, https:\/\/www.sabine-seyffert.de\/blog\/wp-content\/uploads\/2017\/01\/Geschenk-Schnee-8-300x225.jpg 300w, https:\/\/www.sabine-seyffert.de\/blog\/wp-content\/uploads\/2017\/01\/Geschenk-Schnee-8-768x576.jpg 768w\" sizes=\"auto, (max-width: 800px) 100vw, 800px\" \/><\/a><\/p>\n<p style=\"text-align: justify;\">Wie gut, dass mir beim Aufr\u00e4umen einige \u00c4ste in die Hand fielen. Einen davon habe ich mit Hei\u00dfkleber auf dem verpackten Geschenk befestigt und vorab etwas von der wei\u00dfen Kordel darunter gelegt. An dieser Aufh\u00e4ngung sollten einige Schneeflocken baumeln und den Ast versch\u00f6nern.<\/p>\n<p style=\"text-align: center;\"><a href=\"http:\/\/www.sabine-seyffert.de\/blog\/wp-content\/uploads\/2017\/01\/Geschenk-Schnee-5.jpg\"><img loading=\"lazy\" decoding=\"async\" class=\"alignnone size-full wp-image-9360\" src=\"http:\/\/www.sabine-seyffert.de\/blog\/wp-content\/uploads\/2017\/01\/Geschenk-Schnee-5.jpg\" alt=\"\" width=\"800\" height=\"600\" srcset=\"https:\/\/www.sabine-seyffert.de\/blog\/wp-content\/uploads\/2017\/01\/Geschenk-Schnee-5.jpg 800w, https:\/\/www.sabine-seyffert.de\/blog\/wp-content\/uploads\/2017\/01\/Geschenk-Schnee-5-300x225.jpg 300w, https:\/\/www.sabine-seyffert.de\/blog\/wp-content\/uploads\/2017\/01\/Geschenk-Schnee-5-768x576.jpg 768w\" sizes=\"auto, (max-width: 800px) 100vw, 800px\" \/><\/a><\/p>\n<p style=\"text-align: justify;\">Dazu habe ich mir aus einem Blatt wei\u00dfem Papier Kreise ausgestanzt (kann man auch einfach mit einem Trinkglas und Bleistift vorzeichnen und ausschneiden) und dreifach gefaltet. Mit einer scharfen Bastelschere schneidet man nun filigrane Muster in das Papier. Klappt man es im Anschluss auf, kommt die Schneeflocke zum Vorschein.<\/p>\n<p style=\"text-align: center;\"><a href=\"http:\/\/www.sabine-seyffert.de\/blog\/wp-content\/uploads\/2017\/01\/Geschenk-Schnee-9.jpg\"><img loading=\"lazy\" decoding=\"async\" class=\"alignnone size-full wp-image-9361\" src=\"http:\/\/www.sabine-seyffert.de\/blog\/wp-content\/uploads\/2017\/01\/Geschenk-Schnee-9.jpg\" alt=\"\" width=\"800\" height=\"600\" srcset=\"https:\/\/www.sabine-seyffert.de\/blog\/wp-content\/uploads\/2017\/01\/Geschenk-Schnee-9.jpg 800w, https:\/\/www.sabine-seyffert.de\/blog\/wp-content\/uploads\/2017\/01\/Geschenk-Schnee-9-300x225.jpg 300w, https:\/\/www.sabine-seyffert.de\/blog\/wp-content\/uploads\/2017\/01\/Geschenk-Schnee-9-768x576.jpg 768w\" sizes=\"auto, (max-width: 800px) 100vw, 800px\" \/><\/a><\/p>\n<p style=\"text-align: justify;\">Einige davon habe ich ans untere Ende der wei\u00dfen Kordel geklebt. Weitere Schneeflocken kann man mit Hilfe der Lackstifte dazu malen oder ausstanzen und mit einfachem Kleber befestigen.<\/p>\n<p style=\"text-align: center;\"><a href=\"http:\/\/www.sabine-seyffert.de\/blog\/wp-content\/uploads\/2017\/01\/Geschenk-Schnee-3.jpg\"><img loading=\"lazy\" decoding=\"async\" class=\"alignnone size-full wp-image-9362\" src=\"http:\/\/www.sabine-seyffert.de\/blog\/wp-content\/uploads\/2017\/01\/Geschenk-Schnee-3.jpg\" alt=\"\" width=\"800\" height=\"600\" srcset=\"https:\/\/www.sabine-seyffert.de\/blog\/wp-content\/uploads\/2017\/01\/Geschenk-Schnee-3.jpg 800w, https:\/\/www.sabine-seyffert.de\/blog\/wp-content\/uploads\/2017\/01\/Geschenk-Schnee-3-300x225.jpg 300w, https:\/\/www.sabine-seyffert.de\/blog\/wp-content\/uploads\/2017\/01\/Geschenk-Schnee-3-768x576.jpg 768w\" sizes=\"auto, (max-width: 800px) 100vw, 800px\" \/><\/a><\/p>\n<p style=\"text-align: justify;\">Wem diese Idee zu \u201eerwachsen\u201c ist, findet hier noch eine <a href=\"http:\/\/www.sabine-seyffert.de\/blog\/?p=6737\" target=\"_blank\">stimmungsvolle, upcycelte Geschenkverpackung<\/a> im Winterlook und auch <a href=\"http:\/\/www.sabine-seyffert.de\/blog\/?p=9283\" target=\"_blank\">hier<\/a> eine weitere mit Schneemann.<\/p>\n<p style=\"text-align: center;\"><a href=\"http:\/\/www.sabine-seyffert.de\/blog\/wp-content\/uploads\/2017\/01\/Geschenk-Schnee-4.jpg\"><img loading=\"lazy\" decoding=\"async\" class=\"alignnone size-full wp-image-9363\" src=\"http:\/\/www.sabine-seyffert.de\/blog\/wp-content\/uploads\/2017\/01\/Geschenk-Schnee-4.jpg\" alt=\"\" width=\"800\" height=\"600\" srcset=\"https:\/\/www.sabine-seyffert.de\/blog\/wp-content\/uploads\/2017\/01\/Geschenk-Schnee-4.jpg 800w, https:\/\/www.sabine-seyffert.de\/blog\/wp-content\/uploads\/2017\/01\/Geschenk-Schnee-4-300x225.jpg 300w, https:\/\/www.sabine-seyffert.de\/blog\/wp-content\/uploads\/2017\/01\/Geschenk-Schnee-4-768x576.jpg 768w\" sizes=\"auto, (max-width: 800px) 100vw, 800px\" \/><\/a><\/p>\n<p style=\"text-align: justify;\"><strong>Ein kleiner Tipp:<\/strong><br \/>\nDie ausgeschnittenen Schneeflocken sind je nach Papier knittrig. Mit dem B\u00fcgeleisen kann man diese prima gl\u00e4tten, wenn man ein frisches Geschirrhandtuch dar\u00fcber legt und das B\u00fcgeleisen auf niedrigste Stufe stellt.<\/p>\n<p style=\"text-align: center;\"><a href=\"http:\/\/www.sabine-seyffert.de\/blog\/wp-content\/uploads\/2017\/01\/Geschenk-Schnee-1.jpg\"><img loading=\"lazy\" decoding=\"async\" class=\"alignnone size-full wp-image-9364\" src=\"http:\/\/www.sabine-seyffert.de\/blog\/wp-content\/uploads\/2017\/01\/Geschenk-Schnee-1.jpg\" alt=\"\" width=\"800\" height=\"600\" srcset=\"https:\/\/www.sabine-seyffert.de\/blog\/wp-content\/uploads\/2017\/01\/Geschenk-Schnee-1.jpg 800w, https:\/\/www.sabine-seyffert.de\/blog\/wp-content\/uploads\/2017\/01\/Geschenk-Schnee-1-300x225.jpg 300w, https:\/\/www.sabine-seyffert.de\/blog\/wp-content\/uploads\/2017\/01\/Geschenk-Schnee-1-768x576.jpg 768w\" sizes=\"auto, (max-width: 800px) 100vw, 800px\" \/><\/a><\/p>\n<p style=\"text-align: justify;\">Andere Verpackungsideen f\u00fcr Geschenke findet ihr in <a href=\"http:\/\/www.sabine-seyffert.de\/blog\/?cat=49\" target=\"_blank\">dieser Rubrik<\/a>, alles zum Thema Winter <a href=\"http:\/\/www.sabine-seyffert.de\/blog\/?cat=22\" target=\"_blank\">da<\/a> und weitere kreative Ideen werden <a href=\"http:\/\/www.creadienstag.de\/2017\/01\/263.html\" target=\"_blank\">dort<\/a> gesammelt \ud83d\ude42<\/p>\n<p style=\"text-align: center;\"><a href=\"http:\/\/www.sabine-seyffert.de\/blog\/wp-content\/uploads\/2017\/01\/Geschenk-Schnee-10.jpg\"><img loading=\"lazy\" decoding=\"async\" class=\"alignnone size-full wp-image-9365\" src=\"http:\/\/www.sabine-seyffert.de\/blog\/wp-content\/uploads\/2017\/01\/Geschenk-Schnee-10.jpg\" alt=\"\" width=\"600\" height=\"800\" srcset=\"https:\/\/www.sabine-seyffert.de\/blog\/wp-content\/uploads\/2017\/01\/Geschenk-Schnee-10.jpg 600w, https:\/\/www.sabine-seyffert.de\/blog\/wp-content\/uploads\/2017\/01\/Geschenk-Schnee-10-225x300.jpg 225w\" sizes=\"auto, (max-width: 600px) 100vw, 600px\" \/><\/a><\/p>\n<p><a href=\"http:\/\/www.sabine-seyffert.de\/blog\/?page_id=32#urheberrecht\">urheberrechtlich gesch\u00fctzt<\/a>, \u00a9 Sabine Seyffert<\/p>\n","protected":false},"excerpt":{"rendered":"<p>Jemanden zu beschenken macht mir immer gro\u00dfen Spa\u00df. Und ebenso sehr mag ich es Geschenke nett und pfiffig zu verpacken. Das gibt dem Pr\u00e4sent dann noch mal eine ganz besondere, pers\u00f6nliche Note. So habe ich die besorgte Kleinigkeit zum anstehenden Geburtstag mal wieder der Jahreszeit entsprechend gestaltet: Wundersch\u00f6n winterlich\u2026 Das wird gebraucht: Unifarbenes Geschenkpapier, Geschenkband,&#8230; <a href=\"https:\/\/www.sabine-seyffert.de\/blog\/verpackungsidee-nicht-nur-fuer-geburtstagsgeschenke-winterliches-diy-wunderschoen-verpackt-let-it-snow\/\" class=\"more-link\">Read more: Verpackungsidee nicht nur f\u00fcr Geburtstagsgeschenke: Winterliches DIY &#038; wundersch\u00f6n verpackt \u201eLet it snow\u201c<\/a><\/p>\n","protected":false},"author":2,"featured_media":0,"comment_status":"open","ping_status":"open","sticky":false,"template":"","format":"standard","meta":{"_metis_text_type":"","_metis_text_length":2275,"_post_count":0,"footnotes":""},"categories":[49,22],"tags":[],"class_list":["post-9356","post","type-post","status-publish","format-standard","hentry","category-verpackungsideen","category-winter"],"_links":{"self":[{"href":"https:\/\/www.sabine-seyffert.de\/blog\/wp-json\/wp\/v2\/posts\/9356","targetHints":{"allow":["GET"]}}],"collection":[{"href":"https:\/\/www.sabine-seyffert.de\/blog\/wp-json\/wp\/v2\/posts"}],"about":[{"href":"https:\/\/www.sabine-seyffert.de\/blog\/wp-json\/wp\/v2\/types\/post"}],"author":[{"embeddable":true,"href":"https:\/\/www.sabine-seyffert.de\/blog\/wp-json\/wp\/v2\/users\/2"}],"replies":[{"embeddable":true,"href":"https:\/\/www.sabine-seyffert.de\/blog\/wp-json\/wp\/v2\/comments?post=9356"}],"version-history":[{"count":4,"href":"https:\/\/www.sabine-seyffert.de\/blog\/wp-json\/wp\/v2\/posts\/9356\/revisions"}],"predecessor-version":[{"id":9369,"href":"https:\/\/www.sabine-seyffert.de\/blog\/wp-json\/wp\/v2\/posts\/9356\/revisions\/9369"}],"wp:attachment":[{"href":"https:\/\/www.sabine-seyffert.de\/blog\/wp-json\/wp\/v2\/media?parent=9356"}],"wp:term":[{"taxonomy":"category","embeddable":true,"href":"https:\/\/www.sabine-seyffert.de\/blog\/wp-json\/wp\/v2\/categories?post=9356"},{"taxonomy":"post_tag","embeddable":true,"href":"https:\/\/www.sabine-seyffert.de\/blog\/wp-json\/wp\/v2\/tags?post=9356"}],"curies":[{"name":"wp","href":"https:\/\/api.w.org\/{rel}","templated":true}]}}