{"id":9308,"date":"2017-01-14T11:20:20","date_gmt":"2017-01-14T09:20:20","guid":{"rendered":"http:\/\/www.sabine-seyffert.de\/blog\/?p=9308"},"modified":"2017-03-01T07:28:50","modified_gmt":"2017-03-01T05:28:50","slug":"gute-besserung-eine-klitzekleine-geschenkidee-zur-aufmunterung-nett-verpackt","status":"publish","type":"post","link":"https:\/\/www.sabine-seyffert.de\/blog\/gute-besserung-eine-klitzekleine-geschenkidee-zur-aufmunterung-nett-verpackt\/","title":{"rendered":"Gute Besserung: Eine klitzekleine Geschenkidee zur Aufmunterung nett verpackt"},"content":{"rendered":"<p style=\"text-align: justify;\"><img loading=\"lazy\" decoding=\"async\" src=\"https:\/\/ssl-vg03.met.vgwort.de\/na\/7449e965fa9748a3877b7d7e0b795fac\" alt=\"\" width=\"1\" height=\"1\" \/>Gl\u00fccklicherweise sind meine Kinder mit reichlich Empathie gesegnet. Vor kurzem ging es einer kleinen Freundin leider gar nicht gut. Das besch\u00e4ftigte meine j\u00fcngste Tochter wirklich sehr. Daher haben wir uns spontan \u00fcberlegt die kleine Patientin einfach zu begl\u00fccken. Dazu musste ich erst mal einen Moment \u00fcberlegen. Am besten w\u00e4re eine Kleinigkeit, die auch dann zum Einsatz kommen kann, wenn man das Bett h\u00fcten muss. Die war dann auch gefunden. Zu Hause ging es dann ans Verpacken. Denn diese sollte die junge Dame zus\u00e4tzlich etwas aufheitern und gute Laune verbreiten. Dazu kamen kreative, kleine Kinderh\u00e4nde und reichlich bunte Farbe zum Einsatz!<\/p>\n<p style=\"text-align: center;\"><a href=\"http:\/\/www.sabine-seyffert.de\/blog\/wp-content\/uploads\/2017\/01\/Gute-Besserung-6.jpg\"><img loading=\"lazy\" decoding=\"async\" class=\"alignnone size-full wp-image-9309\" src=\"http:\/\/www.sabine-seyffert.de\/blog\/wp-content\/uploads\/2017\/01\/Gute-Besserung-6.jpg\" alt=\"\" width=\"600\" height=\"800\" srcset=\"https:\/\/www.sabine-seyffert.de\/blog\/wp-content\/uploads\/2017\/01\/Gute-Besserung-6.jpg 600w, https:\/\/www.sabine-seyffert.de\/blog\/wp-content\/uploads\/2017\/01\/Gute-Besserung-6-225x300.jpg 225w\" sizes=\"auto, (max-width: 600px) 100vw, 600px\" \/><\/a><\/p>\n<p style=\"text-align: justify;\"><strong>Das wird gebraucht:<\/strong><br \/>\nNaturwei\u00dfes Papier, Wasserfarben, ein kleiner Becher mit Wasser, Buchstabenstempel samt Stempelkissen, Schere, Klebstoff und ein Blatt alte Zeitung<\/p>\n<p style=\"text-align: center;\"><a href=\"http:\/\/www.sabine-seyffert.de\/blog\/wp-content\/uploads\/2017\/01\/Gute-Besserung-3.jpg\"><img loading=\"lazy\" decoding=\"async\" class=\"alignnone size-full wp-image-9310\" src=\"http:\/\/www.sabine-seyffert.de\/blog\/wp-content\/uploads\/2017\/01\/Gute-Besserung-3.jpg\" alt=\"\" width=\"800\" height=\"600\" srcset=\"https:\/\/www.sabine-seyffert.de\/blog\/wp-content\/uploads\/2017\/01\/Gute-Besserung-3.jpg 800w, https:\/\/www.sabine-seyffert.de\/blog\/wp-content\/uploads\/2017\/01\/Gute-Besserung-3-300x225.jpg 300w, https:\/\/www.sabine-seyffert.de\/blog\/wp-content\/uploads\/2017\/01\/Gute-Besserung-3-768x576.jpg 768w\" sizes=\"auto, (max-width: 800px) 100vw, 800px\" \/><\/a><\/p>\n<p style=\"text-align: justify;\"><strong>So wird\u2019s gemacht:<\/strong><br \/>\nDas Geschenk habe ich in naturwei\u00dfes Papier gepackt. Das eignet sich f\u00fcr eine farbige Gestaltung am besten. Nun durfte der Finger kurz (!!!) in Wasser getaucht werden und ab damit in die Wasserfarbe. Bei uns hat die Farbe Rot den Anfang gemacht, da ein kunterbunter Regenbogen die Verpackung zieren sollte.<\/p>\n<p style=\"text-align: center;\"><a href=\"http:\/\/www.sabine-seyffert.de\/blog\/wp-content\/uploads\/2017\/01\/Gute-Besserung-5.jpg\"><img loading=\"lazy\" decoding=\"async\" class=\"alignnone size-full wp-image-9311\" src=\"http:\/\/www.sabine-seyffert.de\/blog\/wp-content\/uploads\/2017\/01\/Gute-Besserung-5.jpg\" alt=\"\" width=\"800\" height=\"600\" srcset=\"https:\/\/www.sabine-seyffert.de\/blog\/wp-content\/uploads\/2017\/01\/Gute-Besserung-5.jpg 800w, https:\/\/www.sabine-seyffert.de\/blog\/wp-content\/uploads\/2017\/01\/Gute-Besserung-5-300x225.jpg 300w, https:\/\/www.sabine-seyffert.de\/blog\/wp-content\/uploads\/2017\/01\/Gute-Besserung-5-768x576.jpg 768w\" sizes=\"auto, (max-width: 800px) 100vw, 800px\" \/><\/a><\/p>\n<p style=\"text-align: justify;\">Also mit dem roten Finger einen Abdruck nach dem n\u00e4chsten auf das Papier drucken. In einem sch\u00f6nen gro\u00dfen Bogen, so dass die folgenden Farben ebenfalls Platz darunter finden. Zwischendurch muss der Finger immer mal wieder ins Wasser und in die Farbe. Anschlie\u00dfend folgten gepunktete Fingerabdr\u00fccke in Orange, Gelb, Gr\u00fcn, Blau und Lila.<\/p>\n<p style=\"text-align: center;\"><a href=\"http:\/\/www.sabine-seyffert.de\/blog\/wp-content\/uploads\/2017\/01\/Gute-Besserung-2.jpg\"><img loading=\"lazy\" decoding=\"async\" class=\"alignnone size-full wp-image-9312\" src=\"http:\/\/www.sabine-seyffert.de\/blog\/wp-content\/uploads\/2017\/01\/Gute-Besserung-2.jpg\" alt=\"\" width=\"800\" height=\"600\" srcset=\"https:\/\/www.sabine-seyffert.de\/blog\/wp-content\/uploads\/2017\/01\/Gute-Besserung-2.jpg 800w, https:\/\/www.sabine-seyffert.de\/blog\/wp-content\/uploads\/2017\/01\/Gute-Besserung-2-300x225.jpg 300w, https:\/\/www.sabine-seyffert.de\/blog\/wp-content\/uploads\/2017\/01\/Gute-Besserung-2-768x576.jpg 768w\" sizes=\"auto, (max-width: 800px) 100vw, 800px\" \/><\/a><\/p>\n<p style=\"text-align: justify;\">\u00dcber den leuchtenden Regenbogen haben wir mit den Buchstabenstempeln \u201eGute Besserung\u201c gestempelt. Und damit jeder wei\u00df f\u00fcr wen dieses kleine Gute Besserungs- Geschenk ist, haben wir auf einer alten Tageszeitung Buchstaben ausgeschnitten und den Namen der Freundin unter den Regenbogen geklebt. Wir w\u00fcnschen daher \u201eAlles Gute\u201c und hoffen auf eine schnelle Genesung \ud83d\ude42<\/p>\n<p style=\"text-align: center;\"><a href=\"http:\/\/www.sabine-seyffert.de\/blog\/wp-content\/uploads\/2017\/01\/Gute-Besserung-1.jpg\"><img loading=\"lazy\" decoding=\"async\" class=\"alignnone size-full wp-image-9313\" src=\"http:\/\/www.sabine-seyffert.de\/blog\/wp-content\/uploads\/2017\/01\/Gute-Besserung-1.jpg\" alt=\"\" width=\"800\" height=\"600\" srcset=\"https:\/\/www.sabine-seyffert.de\/blog\/wp-content\/uploads\/2017\/01\/Gute-Besserung-1.jpg 800w, https:\/\/www.sabine-seyffert.de\/blog\/wp-content\/uploads\/2017\/01\/Gute-Besserung-1-300x225.jpg 300w, https:\/\/www.sabine-seyffert.de\/blog\/wp-content\/uploads\/2017\/01\/Gute-Besserung-1-768x576.jpg 768w\" sizes=\"auto, (max-width: 800px) 100vw, 800px\" \/><\/a><\/p>\n<p>Und euch w\u00fcnsche ich ein ganz gem\u00fctliches Wochenende!<\/p>\n<p><a href=\"http:\/\/www.sabine-seyffert.de\/blog\/?page_id=32#urheberrecht\">urheberrechtlich gesch\u00fctzt<\/a>, \u00a9 Sabine Seyffert<\/p>\n","protected":false},"excerpt":{"rendered":"<p>Gl\u00fccklicherweise sind meine Kinder mit reichlich Empathie gesegnet. Vor kurzem ging es einer kleinen Freundin leider gar nicht gut. Das besch\u00e4ftigte meine j\u00fcngste Tochter wirklich sehr. Daher haben wir uns spontan \u00fcberlegt die kleine Patientin einfach zu begl\u00fccken. Dazu musste ich erst mal einen Moment \u00fcberlegen. Am besten w\u00e4re eine Kleinigkeit, die auch dann zum&#8230; <a href=\"https:\/\/www.sabine-seyffert.de\/blog\/gute-besserung-eine-klitzekleine-geschenkidee-zur-aufmunterung-nett-verpackt\/\" class=\"more-link\">Read more: Gute Besserung: Eine klitzekleine Geschenkidee zur Aufmunterung nett verpackt<\/a><\/p>\n","protected":false},"author":2,"featured_media":0,"comment_status":"open","ping_status":"open","sticky":false,"template":"","format":"standard","meta":{"_metis_text_type":"","_metis_text_length":1944,"_post_count":0,"footnotes":""},"categories":[36,49],"tags":[],"class_list":["post-9308","post","type-post","status-publish","format-standard","hentry","category-klitzekleine-geschenkideen","category-verpackungsideen"],"_links":{"self":[{"href":"https:\/\/www.sabine-seyffert.de\/blog\/wp-json\/wp\/v2\/posts\/9308","targetHints":{"allow":["GET"]}}],"collection":[{"href":"https:\/\/www.sabine-seyffert.de\/blog\/wp-json\/wp\/v2\/posts"}],"about":[{"href":"https:\/\/www.sabine-seyffert.de\/blog\/wp-json\/wp\/v2\/types\/post"}],"author":[{"embeddable":true,"href":"https:\/\/www.sabine-seyffert.de\/blog\/wp-json\/wp\/v2\/users\/2"}],"replies":[{"embeddable":true,"href":"https:\/\/www.sabine-seyffert.de\/blog\/wp-json\/wp\/v2\/comments?post=9308"}],"version-history":[{"count":2,"href":"https:\/\/www.sabine-seyffert.de\/blog\/wp-json\/wp\/v2\/posts\/9308\/revisions"}],"predecessor-version":[{"id":9315,"href":"https:\/\/www.sabine-seyffert.de\/blog\/wp-json\/wp\/v2\/posts\/9308\/revisions\/9315"}],"wp:attachment":[{"href":"https:\/\/www.sabine-seyffert.de\/blog\/wp-json\/wp\/v2\/media?parent=9308"}],"wp:term":[{"taxonomy":"category","embeddable":true,"href":"https:\/\/www.sabine-seyffert.de\/blog\/wp-json\/wp\/v2\/categories?post=9308"},{"taxonomy":"post_tag","embeddable":true,"href":"https:\/\/www.sabine-seyffert.de\/blog\/wp-json\/wp\/v2\/tags?post=9308"}],"curies":[{"name":"wp","href":"https:\/\/api.w.org\/{rel}","templated":true}]}}