{"id":929,"date":"2013-03-20T10:28:10","date_gmt":"2013-03-20T08:28:10","guid":{"rendered":"http:\/\/www.sabine-seyffert.de\/blog\/?p=929"},"modified":"2015-09-21T18:26:10","modified_gmt":"2015-09-21T16:26:10","slug":"meine-insel-der-stille-ein-kleiner-blick-dahinter","status":"publish","type":"post","link":"https:\/\/www.sabine-seyffert.de\/blog\/meine-insel-der-stille-ein-kleiner-blick-dahinter\/","title":{"rendered":"Meine Insel der Stille \u2013 ein kleiner Blick dahinter\u2026"},"content":{"rendered":"<p style=\"text-align: justify;\"><img loading=\"lazy\" decoding=\"async\" src=\"https:\/\/ssl-vg03.met.vgwort.de\/na\/916e0d301b3a42e68cc10a26bd0e62b2\" alt=\"\" width=\"1\" height=\"1\" \/>Da mein Blog noch in den Kinderschuhen steckt und ich erst seit einiger Zeit dabei bin, werde ich heute mal ein bisschen aus meinem Dasein als Kinderbuchautorin plaudern und einen kleinen Einblick hinter die Kulissen gew\u00e4hren. Schlie\u00dflich ist es ja ganz interessant zu erfahren, wer die Person ist, die sich hinter einem Blog verbirgt.<\/p>\n<p style=\"text-align: center;\"><a href=\"http:\/\/www.sabine-seyffert.de\/blog\/wp-content\/uploads\/2013\/03\/Buchregal-2.jpg\"><img loading=\"lazy\" decoding=\"async\" class=\"alignnone size-full wp-image-931\" src=\"http:\/\/www.sabine-seyffert.de\/blog\/wp-content\/uploads\/2013\/03\/Buchregal-2.jpg\" alt=\"Buchregal 2\" width=\"600\" height=\"800\" srcset=\"https:\/\/www.sabine-seyffert.de\/blog\/wp-content\/uploads\/2013\/03\/Buchregal-2.jpg 600w, https:\/\/www.sabine-seyffert.de\/blog\/wp-content\/uploads\/2013\/03\/Buchregal-2-225x300.jpg 225w\" sizes=\"auto, (max-width: 600px) 100vw, 600px\" \/><\/a><\/p>\n<p style=\"text-align: justify;\">Es ist mittlerweile 20 Jahre her, dass ich mein allererstes Buch geschrieben habe. Ich erinnere mich noch gut an die Zeit, in der sich meine ersten Manuskripte an verschiedene Verlage auf den Weg machten und ich jeden Mittag voller Spannung zum Briefkasten lief um nachzuschauen ob darin eine Antwort zu finden war. Mittlerweile wei\u00df ich, dass es so schnell nicht geht, denn die Verlagsm\u00fchlen mahlen meist langsam. Da kann es durchaus sein, dass sich ein Verlag erst Monate sp\u00e4ter auf eine Idee meldet. Daran musste ich mich erst gew\u00f6hnen, denn wenn eine neue Idee in mir \u201eausbricht\u201c und ich diese zu Papier bringe, bin ich so im Eifer, dass ich nat\u00fcrlich am liebsten ein paar Wochen sp\u00e4ter das fertige Buch in den H\u00e4nden halten w\u00fcrde. Doch das dauert. Bei kleineren Verlagen kann es durchaus vorkommen, dass ein Manuskript mal innerhalb eines Jahres erscheint. Aber meistens hat ein Projekt eine Vorlaufzeit von zwei Jahren, bis es als fertiges Buch zu kaufen ist. Schlie\u00dflich steckt in einem Buch weit mehr Arbeit als &#8220;nur&#8221; die Ideen daf\u00fcr zu liefern und es sind hierbei eine Vielzahl an Leuten besch\u00e4ftigt, nicht nur ich als Autor.<\/p>\n<p style=\"text-align: justify;\">F\u00fcr mich ist jedes meiner B\u00fccher eine ganz eigene, spannende Sache. Besonders interessant ist es, wenn man bei einem Buchprojekt andere \u201ekreative K\u00f6pfe\u201c wie bsp. Illustratoren, Grafiker oder auch andere Autoren kennenlernt.<\/p>\n<p style=\"text-align: center;\"><a href=\"http:\/\/www.sabine-seyffert.de\/blog\/wp-content\/uploads\/2013\/03\/Buchregal-3.jpg\"><img loading=\"lazy\" decoding=\"async\" class=\"alignnone size-full wp-image-932\" src=\"http:\/\/www.sabine-seyffert.de\/blog\/wp-content\/uploads\/2013\/03\/Buchregal-3.jpg\" alt=\"Buchregal 3\" width=\"800\" height=\"600\" srcset=\"https:\/\/www.sabine-seyffert.de\/blog\/wp-content\/uploads\/2013\/03\/Buchregal-3.jpg 800w, https:\/\/www.sabine-seyffert.de\/blog\/wp-content\/uploads\/2013\/03\/Buchregal-3-300x225.jpg 300w\" sizes=\"auto, (max-width: 800px) 100vw, 800px\" \/><\/a><\/p>\n<p style=\"text-align: justify;\">Auf einer Lesung mit einer Klasse wurde mir die Frage gestellt, woher ich die Idee f\u00fcr ein Buch \u00fcberhaupt bekomme. Das kann ich so genau eigentlich nicht beantworten. Inzwischen wei\u00df ich, dass es Momente in meinem Leben gibt, da macht es bei mir im Kopf ganz pl\u00f6tzlich \u201eKlick\u201c und eine neue Idee ist geboren. Das kommt meist recht unverhofft und aus heiterem Himmel. Aus diesem Grund habe ich inzwischen fast immer einen Stift und etwas Papier bei mir, um gewappnet zu sein und mir diese spontanen Ideen ganz schnell zu notieren, bevor sie wieder in Vergessenheit geraten.<\/p>\n<p style=\"text-align: justify;\">Ich lese selbst gern und viel. Daher wei\u00df ich, das eins der wichtigsten Dinge beim Schreiben ist, das sich das Buch fl\u00fcssig liest, der \u201eFunke\u201c \u00fcberspringt und die Ideen, Spiele und Tipps so sein sollten, dass der Leser sie mit Spa\u00df und ohne viel Aufwand umsetzen kann. Da hilft es mir sicherlich, selbst Mutter zu sein und genau zu wissen, von was man schreibt und welche Idee sich auf welche Weise am besten umsetzen lassen. Leser meiner B\u00fccher wissen daher, dass ich gro\u00dfen Wert auf \u201eEinfachheit\u201c lege und immer versuche solches Material zu verwenden, was man auch schnell und g\u00fcnstig zur Hand hat.<\/p>\n<p style=\"text-align: center;\"><a href=\"http:\/\/www.sabine-seyffert.de\/blog\/wp-content\/uploads\/2013\/03\/Buch1.jpg\"><img loading=\"lazy\" decoding=\"async\" class=\"alignnone size-full wp-image-946\" src=\"http:\/\/www.sabine-seyffert.de\/blog\/wp-content\/uploads\/2013\/03\/Buch1.jpg\" alt=\"Buch\" width=\"624\" height=\"831\" srcset=\"https:\/\/www.sabine-seyffert.de\/blog\/wp-content\/uploads\/2013\/03\/Buch1.jpg 768w, https:\/\/www.sabine-seyffert.de\/blog\/wp-content\/uploads\/2013\/03\/Buch1-225x300.jpg 225w\" sizes=\"auto, (max-width: 624px) 100vw, 624px\" \/><\/a><\/p>\n<p style=\"text-align: justify;\">Auch meine Geschichten, Stille\u00fcbungen und Massagen sind praxiserprobt. Einige der Ideen kamen sogar als Anregung oder Wunsch von meinen Kindern, mit denen ich nat\u00fcrlich viel Zeit verbringe und diese m\u00f6glichst ideenreich gestalte: Basteln, Werkeln, Spielen, Toben, Lachen, Kochen, Backen, Massieren, Entspannen &#8211; eben all die Dinge, die ich auch in meinen B\u00fcchern zu finden sind.<\/p>\n<p style=\"text-align: justify;\">Da es mir ein gro\u00dfes Anliegen ist authentisch zu sein, gebe ich in meinen B\u00fcchern nat\u00fcrlich auch immer einen Teil von mir, meinem Leben und auch meiner Familie weiter. So dass der Leser merkt, dass ich hinter den Dingen, von denen ich schreibe, stehe und das diese mir am Herzen liegen.<\/p>\n<p style=\"text-align: justify;\">Da das Autorendasein leider \u00fcberwiegend ein recht einsamer Beruf ist, bei dem man f\u00fcr sich im \u201estillen K\u00e4mmerlein\u201c sitzt und schreibt, freue ich mich immer \u00fcber Zuschriften meiner Leser, Bilder von Kindern (die zu meinen Geschichten gemalt haben), Anregungen, Erfahrungsberichten und R\u00fcckmeldungen. Denn das ist wohl das Sch\u00f6nste, was einem als Autor passieren kann!<\/p>\n<p style=\"text-align: justify;\">Bei <a href=\"http:\/\/cityglamblog.blogspot.de\/2013\/03\/things-about-your-life-3-behind-scene.html\" target=\"_blank\">Ina<\/a> gibt es \u00fcbrigens noch mehr Blicke hinter die Kulisse.<\/p>\n<p><a href=\"http:\/\/www.sabine-seyffert.de\/blog\/?page_id=32#urheberrecht\">urherrechtlich gesch\u00fctzt<\/a>, \u00a9 Sabine Seyffert<\/p>\n","protected":false},"excerpt":{"rendered":"<p>Da mein Blog noch in den Kinderschuhen steckt und ich erst seit einiger Zeit dabei bin, werde ich heute mal ein bisschen aus meinem Dasein als Kinderbuchautorin plaudern und einen kleinen Einblick hinter die Kulissen gew\u00e4hren. Schlie\u00dflich ist es ja ganz interessant zu erfahren, wer die Person ist, die sich hinter einem Blog verbirgt. Es&#8230; <a href=\"https:\/\/www.sabine-seyffert.de\/blog\/meine-insel-der-stille-ein-kleiner-blick-dahinter\/\" class=\"more-link\">Read more: Meine Insel der Stille \u2013 ein kleiner Blick dahinter\u2026<\/a><\/p>\n","protected":false},"author":2,"featured_media":0,"comment_status":"open","ping_status":"open","sticky":false,"template":"","format":"standard","meta":{"_metis_text_type":"","_metis_text_length":4025,"_post_count":0,"footnotes":""},"categories":[20],"tags":[],"class_list":["post-929","post","type-post","status-publish","format-standard","hentry","category-bucher"],"_links":{"self":[{"href":"https:\/\/www.sabine-seyffert.de\/blog\/wp-json\/wp\/v2\/posts\/929","targetHints":{"allow":["GET"]}}],"collection":[{"href":"https:\/\/www.sabine-seyffert.de\/blog\/wp-json\/wp\/v2\/posts"}],"about":[{"href":"https:\/\/www.sabine-seyffert.de\/blog\/wp-json\/wp\/v2\/types\/post"}],"author":[{"embeddable":true,"href":"https:\/\/www.sabine-seyffert.de\/blog\/wp-json\/wp\/v2\/users\/2"}],"replies":[{"embeddable":true,"href":"https:\/\/www.sabine-seyffert.de\/blog\/wp-json\/wp\/v2\/comments?post=929"}],"version-history":[{"count":31,"href":"https:\/\/www.sabine-seyffert.de\/blog\/wp-json\/wp\/v2\/posts\/929\/revisions"}],"predecessor-version":[{"id":4658,"href":"https:\/\/www.sabine-seyffert.de\/blog\/wp-json\/wp\/v2\/posts\/929\/revisions\/4658"}],"wp:attachment":[{"href":"https:\/\/www.sabine-seyffert.de\/blog\/wp-json\/wp\/v2\/media?parent=929"}],"wp:term":[{"taxonomy":"category","embeddable":true,"href":"https:\/\/www.sabine-seyffert.de\/blog\/wp-json\/wp\/v2\/categories?post=929"},{"taxonomy":"post_tag","embeddable":true,"href":"https:\/\/www.sabine-seyffert.de\/blog\/wp-json\/wp\/v2\/tags?post=929"}],"curies":[{"name":"wp","href":"https:\/\/api.w.org\/{rel}","templated":true}]}}