{"id":9251,"date":"2017-01-05T11:30:12","date_gmt":"2017-01-05T09:30:12","guid":{"rendered":"http:\/\/www.sabine-seyffert.de\/blog\/?p=9251"},"modified":"2018-04-28T10:53:23","modified_gmt":"2018-04-28T08:53:23","slug":"schnelle-mittagskueche-fuer-die-familie-gruenes-pesto-mit-walnuessen-feldsalat-vegan-gesund","status":"publish","type":"post","link":"https:\/\/www.sabine-seyffert.de\/blog\/schnelle-mittagskueche-fuer-die-familie-gruenes-pesto-mit-walnuessen-feldsalat-vegan-gesund\/","title":{"rendered":"Schnelle Mittagsk\u00fcche f\u00fcr die Familie: Gr\u00fcnes Pesto mit Waln\u00fcssen &#038; Feldsalat \u2013 vegan &#038; gesund"},"content":{"rendered":"<p style=\"text-align: justify;\"><img loading=\"lazy\" decoding=\"async\" src=\"https:\/\/ssl-vg03.met.vgwort.de\/na\/1c7fe027390b48d2a8620889e13ad65c\" alt=\"\" width=\"1\" height=\"1\" \/>Nudeln gehen immer \u2013 so zumindest bei uns. Wenn Pasta auf den Mittagstisch wandert, gibt es mit Sicherheit kein Gemeckere \u00fcber das Essen. Und falls die Beilage oder So\u00dfe dazu beim Nachwuchs auf Ablehnung st\u00f6\u00dft, so sind Butter und Salz als gesunde Alternative immer zur Stelle.<br \/>\nBesonders gerne mag ich Pesto. Allerdings kein gekauftes, sondern selbst gemachtes. Und hierbei probiere ich immer gerne etwas Neues aus. Das Tolle am Pesto finde ich, das dies immer so blitzschnell gemacht ist und man davon im Nu auch gr\u00f6\u00dfere Portionen ohne gr\u00f6\u00dferen Zeitaufwand schnell zubereiten kann. Diesmal habe ich frischen Feldsalat und Waln\u00fcsse f\u00fcr das Pesto verwendet. Vielleicht haben sich bei euch aus der Weihnachtszeit auch noch allerhand Waln\u00fcsse angesammelt, die auf diesem Wege eine gute Verwendung finden?<\/p>\n<p style=\"text-align: center;\"><a href=\"http:\/\/www.sabine-seyffert.de\/blog\/wp-content\/uploads\/2017\/01\/Walnusspesto-11.jpg\"><img loading=\"lazy\" decoding=\"async\" class=\"alignnone size-full wp-image-9252\" src=\"http:\/\/www.sabine-seyffert.de\/blog\/wp-content\/uploads\/2017\/01\/Walnusspesto-11.jpg\" alt=\"walnusspesto-11\" width=\"800\" height=\"600\" srcset=\"https:\/\/www.sabine-seyffert.de\/blog\/wp-content\/uploads\/2017\/01\/Walnusspesto-11.jpg 800w, https:\/\/www.sabine-seyffert.de\/blog\/wp-content\/uploads\/2017\/01\/Walnusspesto-11-300x225.jpg 300w, https:\/\/www.sabine-seyffert.de\/blog\/wp-content\/uploads\/2017\/01\/Walnusspesto-11-768x576.jpg 768w\" sizes=\"auto, (max-width: 800px) 100vw, 800px\" \/><\/a><\/p>\n<p style=\"text-align: justify;\"><strong>Das wird gebraucht:<\/strong><br \/>\n150 g frischen Feldsalat, 1-2 Knoblauchzehen, Sonnenblumen\u00f6l, 80 g Waln\u00fcsse, Sojaso\u00dfe, Pfeffer, Salz<\/p>\n<p style=\"text-align: center;\"><a href=\"http:\/\/www.sabine-seyffert.de\/blog\/wp-content\/uploads\/2017\/01\/Walnusspesto-0.jpg\"><img loading=\"lazy\" decoding=\"async\" class=\"alignnone size-full wp-image-9253\" src=\"http:\/\/www.sabine-seyffert.de\/blog\/wp-content\/uploads\/2017\/01\/Walnusspesto-0.jpg\" alt=\"walnusspesto-0\" width=\"800\" height=\"600\" srcset=\"https:\/\/www.sabine-seyffert.de\/blog\/wp-content\/uploads\/2017\/01\/Walnusspesto-0.jpg 800w, https:\/\/www.sabine-seyffert.de\/blog\/wp-content\/uploads\/2017\/01\/Walnusspesto-0-300x225.jpg 300w, https:\/\/www.sabine-seyffert.de\/blog\/wp-content\/uploads\/2017\/01\/Walnusspesto-0-768x576.jpg 768w\" sizes=\"auto, (max-width: 800px) 100vw, 800px\" \/><\/a><\/p>\n<p style=\"text-align: justify;\"><strong>So wird\u2019s gemacht:<\/strong><br \/>\nDen Feldsalat befreit man, falls noch vorhanden, von dem unteren Wurzelstrunk. Anschlie\u00dfend f\u00fcllt man diesen in einen m\u00f6glichst hohen Messbecher, der sich zum P\u00fcrieren eignet.<\/p>\n<p style=\"text-align: center;\"><a href=\"http:\/\/www.sabine-seyffert.de\/blog\/wp-content\/uploads\/2017\/01\/Walnusspesto-3.jpg\"><img loading=\"lazy\" decoding=\"async\" class=\"alignnone size-full wp-image-9254\" src=\"http:\/\/www.sabine-seyffert.de\/blog\/wp-content\/uploads\/2017\/01\/Walnusspesto-3.jpg\" alt=\"walnusspesto-3\" width=\"800\" height=\"600\" srcset=\"https:\/\/www.sabine-seyffert.de\/blog\/wp-content\/uploads\/2017\/01\/Walnusspesto-3.jpg 800w, https:\/\/www.sabine-seyffert.de\/blog\/wp-content\/uploads\/2017\/01\/Walnusspesto-3-300x225.jpg 300w, https:\/\/www.sabine-seyffert.de\/blog\/wp-content\/uploads\/2017\/01\/Walnusspesto-3-768x576.jpg 768w\" sizes=\"auto, (max-width: 800px) 100vw, 800px\" \/><\/a><\/p>\n<p style=\"text-align: justify;\">Die Knoblauchzehen werden gesch\u00e4lt (wer mag, andernfalls kann man diesen auch rauslassen. Allerdings m\u00fcsste man in dem Fall mehr w\u00fcrzen!) und mit den Waln\u00fcssen zu dem Feldsalat gegeben.<\/p>\n<p style=\"text-align: center;\"><a href=\"http:\/\/www.sabine-seyffert.de\/blog\/wp-content\/uploads\/2017\/01\/Walnusspesto-8.jpg\"><img loading=\"lazy\" decoding=\"async\" class=\"alignnone size-full wp-image-9255\" src=\"http:\/\/www.sabine-seyffert.de\/blog\/wp-content\/uploads\/2017\/01\/Walnusspesto-8.jpg\" alt=\"walnusspesto-8\" width=\"800\" height=\"599\" srcset=\"https:\/\/www.sabine-seyffert.de\/blog\/wp-content\/uploads\/2017\/01\/Walnusspesto-8.jpg 800w, https:\/\/www.sabine-seyffert.de\/blog\/wp-content\/uploads\/2017\/01\/Walnusspesto-8-300x225.jpg 300w, https:\/\/www.sabine-seyffert.de\/blog\/wp-content\/uploads\/2017\/01\/Walnusspesto-8-768x575.jpg 768w\" sizes=\"auto, (max-width: 800px) 100vw, 800px\" \/><\/a><\/p>\n<p style=\"text-align: justify;\">Nun p\u00fcriert man das Ganze gut durch, bis alle Zutaten zerkleinert und zu einer gleichm\u00e4\u00dfigen Creme geworden sind.<\/p>\n<p style=\"text-align: center;\"><a href=\"http:\/\/www.sabine-seyffert.de\/blog\/wp-content\/uploads\/2017\/01\/Walnusspesto-6.jpg\"><img loading=\"lazy\" decoding=\"async\" class=\"alignnone size-full wp-image-9256\" src=\"http:\/\/www.sabine-seyffert.de\/blog\/wp-content\/uploads\/2017\/01\/Walnusspesto-6.jpg\" alt=\"walnusspesto-6\" width=\"800\" height=\"600\" srcset=\"https:\/\/www.sabine-seyffert.de\/blog\/wp-content\/uploads\/2017\/01\/Walnusspesto-6.jpg 800w, https:\/\/www.sabine-seyffert.de\/blog\/wp-content\/uploads\/2017\/01\/Walnusspesto-6-300x225.jpg 300w, https:\/\/www.sabine-seyffert.de\/blog\/wp-content\/uploads\/2017\/01\/Walnusspesto-6-768x576.jpg 768w\" sizes=\"auto, (max-width: 800px) 100vw, 800px\" \/><\/a><\/p>\n<p style=\"text-align: justify;\">Dazu gibt man etwas Sojaso\u00dfe, Salz, Pfeffer und etwas Sonnenblumen\u00f6l. Die genau Menge messe ich nie ab und r\u00fchre das \u00d6l nach und nach unter, bis das Pesto die gew\u00fcnschte Konsistenz hat.<\/p>\n<p style=\"text-align: center;\"><a href=\"http:\/\/www.sabine-seyffert.de\/blog\/wp-content\/uploads\/2017\/01\/Walnusspesto-5.jpg\"><img loading=\"lazy\" decoding=\"async\" class=\"alignnone size-full wp-image-9257\" src=\"http:\/\/www.sabine-seyffert.de\/blog\/wp-content\/uploads\/2017\/01\/Walnusspesto-5.jpg\" alt=\"walnusspesto-5\" width=\"800\" height=\"600\" srcset=\"https:\/\/www.sabine-seyffert.de\/blog\/wp-content\/uploads\/2017\/01\/Walnusspesto-5.jpg 800w, https:\/\/www.sabine-seyffert.de\/blog\/wp-content\/uploads\/2017\/01\/Walnusspesto-5-300x225.jpg 300w, https:\/\/www.sabine-seyffert.de\/blog\/wp-content\/uploads\/2017\/01\/Walnusspesto-5-768x576.jpg 768w\" sizes=\"auto, (max-width: 800px) 100vw, 800px\" \/><\/a><\/p>\n<p style=\"text-align: justify;\">Das Pesto kann man nun auf den frisch gekochten Nudeln oder Spaghetti verteilen \u2013 sehr lecker! Und falls was \u00fcbrig bleiben sollte kann man das Pesto alternativ auch zum W\u00fcrzen von So\u00dfen oder als Brotaufstrich verwenden \ud83d\ude42<\/p>\n<p style=\"text-align: center;\"><a href=\"http:\/\/www.sabine-seyffert.de\/blog\/wp-content\/uploads\/2017\/01\/Walnusspesto-2.jpg\"><img loading=\"lazy\" decoding=\"async\" class=\"alignnone size-full wp-image-9258\" src=\"http:\/\/www.sabine-seyffert.de\/blog\/wp-content\/uploads\/2017\/01\/Walnusspesto-2.jpg\" alt=\"walnusspesto-2\" width=\"800\" height=\"600\" srcset=\"https:\/\/www.sabine-seyffert.de\/blog\/wp-content\/uploads\/2017\/01\/Walnusspesto-2.jpg 800w, https:\/\/www.sabine-seyffert.de\/blog\/wp-content\/uploads\/2017\/01\/Walnusspesto-2-300x225.jpg 300w, https:\/\/www.sabine-seyffert.de\/blog\/wp-content\/uploads\/2017\/01\/Walnusspesto-2-768x576.jpg 768w\" sizes=\"auto, (max-width: 800px) 100vw, 800px\" \/><\/a><\/p>\n<p style=\"text-align: justify;\"><strong>Ein kleiner Tipp:<\/strong><br \/>\nWer mag, kann vor dem Verzehr auch noch ein paar klein gehackte Walnussst\u00fcckchen und \/ oder ein paar Oliven auf dem Teller mit Pasta streuen.<\/p>\n<p style=\"text-align: center;\"><a href=\"http:\/\/www.sabine-seyffert.de\/blog\/wp-content\/uploads\/2017\/01\/Walnusspesto-1.jpg\"><img loading=\"lazy\" decoding=\"async\" class=\"alignnone size-full wp-image-9259\" src=\"http:\/\/www.sabine-seyffert.de\/blog\/wp-content\/uploads\/2017\/01\/Walnusspesto-1.jpg\" alt=\"walnusspesto-1\" width=\"800\" height=\"600\" srcset=\"https:\/\/www.sabine-seyffert.de\/blog\/wp-content\/uploads\/2017\/01\/Walnusspesto-1.jpg 800w, https:\/\/www.sabine-seyffert.de\/blog\/wp-content\/uploads\/2017\/01\/Walnusspesto-1-300x225.jpg 300w, https:\/\/www.sabine-seyffert.de\/blog\/wp-content\/uploads\/2017\/01\/Walnusspesto-1-768x576.jpg 768w\" sizes=\"auto, (max-width: 800px) 100vw, 800px\" \/><\/a><\/p>\n<p style=\"text-align: justify;\"><a href=\"http:\/\/www.sabine-seyffert.de\/blog\/?page_id=32#urheberrecht\">urheberrechtlich gesch\u00fctzt<\/a>, \u00a9 Sabine Seyffert<\/p>\n","protected":false},"excerpt":{"rendered":"<p>Nudeln gehen immer \u2013 so zumindest bei uns. Wenn Pasta auf den Mittagstisch wandert, gibt es mit Sicherheit kein Gemeckere \u00fcber das Essen. Und falls die Beilage oder So\u00dfe dazu beim Nachwuchs auf Ablehnung st\u00f6\u00dft, so sind Butter und Salz als gesunde Alternative immer zur Stelle. Besonders gerne mag ich Pesto. Allerdings kein gekauftes, sondern&#8230; <a href=\"https:\/\/www.sabine-seyffert.de\/blog\/schnelle-mittagskueche-fuer-die-familie-gruenes-pesto-mit-walnuessen-feldsalat-vegan-gesund\/\" class=\"more-link\">Read more: Schnelle Mittagsk\u00fcche f\u00fcr die Familie: Gr\u00fcnes Pesto mit Waln\u00fcssen &#038; Feldsalat \u2013 vegan &#038; gesund<\/a><\/p>\n","protected":false},"author":2,"featured_media":0,"comment_status":"open","ping_status":"open","sticky":false,"template":"","format":"standard","meta":{"_metis_text_type":"","_metis_text_length":2029,"_post_count":0,"footnotes":""},"categories":[44,22],"tags":[],"class_list":["post-9251","post","type-post","status-publish","format-standard","hentry","category-rezepte-vegan","category-winter"],"_links":{"self":[{"href":"https:\/\/www.sabine-seyffert.de\/blog\/wp-json\/wp\/v2\/posts\/9251","targetHints":{"allow":["GET"]}}],"collection":[{"href":"https:\/\/www.sabine-seyffert.de\/blog\/wp-json\/wp\/v2\/posts"}],"about":[{"href":"https:\/\/www.sabine-seyffert.de\/blog\/wp-json\/wp\/v2\/types\/post"}],"author":[{"embeddable":true,"href":"https:\/\/www.sabine-seyffert.de\/blog\/wp-json\/wp\/v2\/users\/2"}],"replies":[{"embeddable":true,"href":"https:\/\/www.sabine-seyffert.de\/blog\/wp-json\/wp\/v2\/comments?post=9251"}],"version-history":[{"count":2,"href":"https:\/\/www.sabine-seyffert.de\/blog\/wp-json\/wp\/v2\/posts\/9251\/revisions"}],"predecessor-version":[{"id":9261,"href":"https:\/\/www.sabine-seyffert.de\/blog\/wp-json\/wp\/v2\/posts\/9251\/revisions\/9261"}],"wp:attachment":[{"href":"https:\/\/www.sabine-seyffert.de\/blog\/wp-json\/wp\/v2\/media?parent=9251"}],"wp:term":[{"taxonomy":"category","embeddable":true,"href":"https:\/\/www.sabine-seyffert.de\/blog\/wp-json\/wp\/v2\/categories?post=9251"},{"taxonomy":"post_tag","embeddable":true,"href":"https:\/\/www.sabine-seyffert.de\/blog\/wp-json\/wp\/v2\/tags?post=9251"}],"curies":[{"name":"wp","href":"https:\/\/api.w.org\/{rel}","templated":true}]}}