{"id":920,"date":"2013-03-20T09:02:29","date_gmt":"2013-03-20T07:02:29","guid":{"rendered":"http:\/\/www.sabine-seyffert.de\/blog\/?p=920"},"modified":"2015-09-21T18:38:25","modified_gmt":"2015-09-21T16:38:25","slug":"mein-12-blick-im-marz","status":"publish","type":"post","link":"https:\/\/www.sabine-seyffert.de\/blog\/mein-12-blick-im-marz\/","title":{"rendered":"Mein 12. Blick im M\u00e4rz"},"content":{"rendered":"<p style=\"text-align: center;\"><img loading=\"lazy\" decoding=\"async\" src=\"https:\/\/ssl-vg03.met.vgwort.de\/na\/9269c74079b343dda0858351aea42eb3\" alt=\"\" width=\"1\" height=\"1\" \/><a href=\"http:\/\/www.sabine-seyffert.de\/blog\/wp-content\/uploads\/2013\/03\/12-Blick-M\u00e4rz1.jpg\"><img loading=\"lazy\" decoding=\"async\" class=\"alignnone size-full wp-image-922\" src=\"http:\/\/www.sabine-seyffert.de\/blog\/wp-content\/uploads\/2013\/03\/12-Blick-M\u00e4rz1.jpg\" alt=\"12 Blick M\u00e4rz\" width=\"700\" height=\"1047\" srcset=\"https:\/\/www.sabine-seyffert.de\/blog\/wp-content\/uploads\/2013\/03\/12-Blick-M\u00e4rz1.jpg 700w, https:\/\/www.sabine-seyffert.de\/blog\/wp-content\/uploads\/2013\/03\/12-Blick-M\u00e4rz1-200x300.jpg 200w, https:\/\/www.sabine-seyffert.de\/blog\/wp-content\/uploads\/2013\/03\/12-Blick-M\u00e4rz1-684x1024.jpg 684w\" sizes=\"auto, (max-width: 700px) 100vw, 700px\" \/><\/a><\/p>\n<p style=\"text-align: justify;\">Letzte Woche war es wieder mal Zeit f\u00fcr meinen 12. Blick. Denn im M\u00e4rz hatte ich bislang noch keine Fotos dazu gemacht. Drau\u00dfen war es mal wieder recht winterlich und entsprechend kalt. Aber der Himmel war strahlend blau und die Sonne schien. Da ich es immer etwas langweilig finde so ganz allein spazieren zu gehen, rief ich meine Nachbarin an, mit der ich schon l\u00e4nger keine Runde mehr gedreht habe. Noch schnell den Fotoapparat geschnappt und dann nichts wie raus. Trotz winterlichen Temperaturen war es einfach vollkommen herrliches Wetter, wie aus dem Bilderbuch!<\/p>\n<p><a href=\"http:\/\/www.sabine-seyffert.de\/blog\/wp-content\/uploads\/2013\/03\/12-Blick-M\u00e4rz-3er.jpg\"><img loading=\"lazy\" decoding=\"async\" class=\"size-full wp-image-923 aligncenter\" src=\"http:\/\/www.sabine-seyffert.de\/blog\/wp-content\/uploads\/2013\/03\/12-Blick-M\u00e4rz-3er.jpg\" alt=\"12 Blick M\u00e4rz 3er\" width=\"976\" height=\"433\" srcset=\"https:\/\/www.sabine-seyffert.de\/blog\/wp-content\/uploads\/2013\/03\/12-Blick-M\u00e4rz-3er.jpg 1800w, https:\/\/www.sabine-seyffert.de\/blog\/wp-content\/uploads\/2013\/03\/12-Blick-M\u00e4rz-3er-300x133.jpg 300w, https:\/\/www.sabine-seyffert.de\/blog\/wp-content\/uploads\/2013\/03\/12-Blick-M\u00e4rz-3er-1024x455.jpg 1024w\" sizes=\"auto, (max-width: 976px) 100vw, 976px\" \/><\/a><\/p>\n<p style=\"text-align: justify;\">Meinen \u201eersten Blick\u201c finde ich beim dritten Mal zwar schon schneller wieder als im letzten Monat, aber vergesse vor lauter Motivation dann doch immer wieder mir zu merken von welcher Stelle aus ich das Foto mache\u2026 Wahrscheinlich habe ich den richtigen Dreh im Dezember dann endlich raus!<\/p>\n<p style=\"text-align: center;\"><a href=\"http:\/\/www.sabine-seyffert.de\/blog\/wp-content\/uploads\/2013\/03\/2.-12-Blick-M\u00e4rz-2013.jpg\"><img loading=\"lazy\" decoding=\"async\" class=\"alignnone size-full wp-image-924\" src=\"http:\/\/www.sabine-seyffert.de\/blog\/wp-content\/uploads\/2013\/03\/2.-12-Blick-M\u00e4rz-2013.jpg\" alt=\"2. 12 Blick M\u00e4rz 2013\" width=\"600\" height=\"800\" srcset=\"https:\/\/www.sabine-seyffert.de\/blog\/wp-content\/uploads\/2013\/03\/2.-12-Blick-M\u00e4rz-2013.jpg 600w, https:\/\/www.sabine-seyffert.de\/blog\/wp-content\/uploads\/2013\/03\/2.-12-Blick-M\u00e4rz-2013-225x300.jpg 225w\" sizes=\"auto, (max-width: 600px) 100vw, 600px\" \/><\/a><\/p>\n<p style=\"text-align: justify;\">Auch mein \u201ezweiter Blick\u201c, das rostige Tor, mitten im Wald wartet schon geduldig. Aber hier war ich offenbar so fest im Glauben, dass man nur aus einem einzigen Winkel durchschauen kann, das ich nur ein Foto machte und zu Hause \u00fcber das Ergebnis etwas irritiert war. Das Tor samt Guckloch ist aber ein und dasselbe, wie man auf dem Foto unschwer erkennen kann. Beim n\u00e4chsten Mal werde ich vorab gr\u00fcndlicher schauen um den richtigen Blick zu treffen. Aber wenn man zu zweit munter plaudernd durch den Wald marschiert ist man offenbar nicht ganz so konzentriert, zumindest was das Fotografieren betrifft\u2026 F\u00fcr derartige Aktionen ist es manchmal wohl doch von Vorteil ganz allein zu sein um die ausreichend Zeit zu nehmen.<\/p>\n<p style=\"text-align: justify;\"><a href=\"http:\/\/www.sabine-seyffert.de\/blog\/wp-content\/uploads\/2013\/03\/2.-12-Blick-M\u00e4rz-3er-2013.jpg\"><img loading=\"lazy\" decoding=\"async\" class=\"alignnone size-full wp-image-925\" src=\"http:\/\/www.sabine-seyffert.de\/blog\/wp-content\/uploads\/2013\/03\/2.-12-Blick-M\u00e4rz-3er-2013.jpg\" alt=\"2. 12 Blick M\u00e4rz 3er 2013\" width=\"1072\" height=\"476\" srcset=\"https:\/\/www.sabine-seyffert.de\/blog\/wp-content\/uploads\/2013\/03\/2.-12-Blick-M\u00e4rz-3er-2013.jpg 1800w, https:\/\/www.sabine-seyffert.de\/blog\/wp-content\/uploads\/2013\/03\/2.-12-Blick-M\u00e4rz-3er-2013-300x133.jpg 300w, https:\/\/www.sabine-seyffert.de\/blog\/wp-content\/uploads\/2013\/03\/2.-12-Blick-M\u00e4rz-3er-2013-1024x455.jpg 1024w\" sizes=\"auto, (max-width: 1072px) 100vw, 1072px\" \/><\/a><\/p>\n<p style=\"text-align: justify;\">Die M\u00e4rz Bilder zeigen recht eindeutig, dass der Winter sich in diesem Jahr nicht so recht trennen kann und sich schwer tut das Feld zu r\u00e4umen. Denn im Gegensatz zum 12. Blick im letzten Monat ist es zumindest stellenweise wieder wei\u00df. Ich dr\u00fccke mal ganz fest die Daumen, dass dies im April nicht mehr der Fall sein wird!<\/p>\n<p style=\"text-align: justify;\">Mehr vom 12. Blick gibt es bei <a href=\"http:\/\/tabea-heinicker.blogspot.de\/2013\/03\/3-es-ist-eine-serie-zeigt-her-eure-fotos.html\" target=\"_blank\">Tabea<\/a>.<\/p>\n<p><a href=\"http:\/\/www.sabine-seyffert.de\/blog\/?page_id=32#urheberrecht\">urherrechtlich gesch\u00fctzt<\/a>, \u00a9 Sabine Seyffert<\/p>\n","protected":false},"excerpt":{"rendered":"<p>Letzte Woche war es wieder mal Zeit f\u00fcr meinen 12. Blick. Denn im M\u00e4rz hatte ich bislang noch keine Fotos dazu gemacht. Drau\u00dfen war es mal wieder recht winterlich und entsprechend kalt. Aber der Himmel war strahlend blau und die Sonne schien. Da ich es immer etwas langweilig finde so ganz allein spazieren zu gehen,&#8230; <a href=\"https:\/\/www.sabine-seyffert.de\/blog\/mein-12-blick-im-marz\/\" class=\"more-link\">Read more: Mein 12. Blick im M\u00e4rz<\/a><\/p>\n","protected":false},"author":2,"featured_media":0,"comment_status":"open","ping_status":"open","sticky":false,"template":"","format":"standard","meta":{"_metis_text_type":"","_metis_text_length":1981,"_post_count":0,"footnotes":""},"categories":[23],"tags":[],"class_list":["post-920","post","type-post","status-publish","format-standard","hentry","category-fruhling"],"_links":{"self":[{"href":"https:\/\/www.sabine-seyffert.de\/blog\/wp-json\/wp\/v2\/posts\/920","targetHints":{"allow":["GET"]}}],"collection":[{"href":"https:\/\/www.sabine-seyffert.de\/blog\/wp-json\/wp\/v2\/posts"}],"about":[{"href":"https:\/\/www.sabine-seyffert.de\/blog\/wp-json\/wp\/v2\/types\/post"}],"author":[{"embeddable":true,"href":"https:\/\/www.sabine-seyffert.de\/blog\/wp-json\/wp\/v2\/users\/2"}],"replies":[{"embeddable":true,"href":"https:\/\/www.sabine-seyffert.de\/blog\/wp-json\/wp\/v2\/comments?post=920"}],"version-history":[{"count":9,"href":"https:\/\/www.sabine-seyffert.de\/blog\/wp-json\/wp\/v2\/posts\/920\/revisions"}],"predecessor-version":[{"id":6144,"href":"https:\/\/www.sabine-seyffert.de\/blog\/wp-json\/wp\/v2\/posts\/920\/revisions\/6144"}],"wp:attachment":[{"href":"https:\/\/www.sabine-seyffert.de\/blog\/wp-json\/wp\/v2\/media?parent=920"}],"wp:term":[{"taxonomy":"category","embeddable":true,"href":"https:\/\/www.sabine-seyffert.de\/blog\/wp-json\/wp\/v2\/categories?post=920"},{"taxonomy":"post_tag","embeddable":true,"href":"https:\/\/www.sabine-seyffert.de\/blog\/wp-json\/wp\/v2\/tags?post=920"}],"curies":[{"name":"wp","href":"https:\/\/api.w.org\/{rel}","templated":true}]}}