{"id":9197,"date":"2016-12-19T07:33:39","date_gmt":"2016-12-19T05:33:39","guid":{"rendered":"http:\/\/www.sabine-seyffert.de\/blog\/?p=9197"},"modified":"2022-12-05T11:45:20","modified_gmt":"2022-12-05T09:45:20","slug":"verpackungsliebe-bastelidee-weihnachtsgeschenke-schoen-verpackt-weihnachtsmann-im-winterwald","status":"publish","type":"post","link":"https:\/\/www.sabine-seyffert.de\/blog\/verpackungsliebe-bastelidee-weihnachtsgeschenke-schoen-verpackt-weihnachtsmann-im-winterwald\/","title":{"rendered":"Verpackungsliebe &#038; Bastelidee: Weihnachtsgeschenke sch\u00f6n verpackt \u2013 Weihnachtsmann im Winterwald"},"content":{"rendered":"<p style=\"text-align: justify;\"><img loading=\"lazy\" decoding=\"async\" src=\"https:\/\/ssl-vg03.met.vgwort.de\/na\/af8057323377437d965e74fe7ea3fcb1\" alt=\"\" width=\"1\" height=\"1\" \/>Wenn man rechtzeitig vor Weihnachten startet, dann hat man ausreichend Zeit f\u00fcr ausgefallene Geschenkverpackungen. Und diese mag ich in der Weihnachtszeit besonders gerne. Denn die Geschenke werden nicht nur mit Sorgfalt und Liebe ausgesucht, sondern auch mit allerhand Herzblut verpackt und gestaltet.<br \/>\nF\u00fcr diese Geschenkverpackung musste wieder einmal eine ausgelesene Tageszeitung f\u00fcr herhalten. Das bedruckte Papier kann man f\u00fcr solche Zwecke ideal nutzen und auch prima bemalen.<\/p>\n<p style=\"text-align: center;\"><a href=\"http:\/\/www.sabine-seyffert.de\/blog\/wp-content\/uploads\/2016\/12\/Geschenk-Weihnachtsmann-mit-Wald-9.jpg\"><img loading=\"lazy\" decoding=\"async\" class=\"alignnone size-full wp-image-9200\" src=\"http:\/\/www.sabine-seyffert.de\/blog\/wp-content\/uploads\/2016\/12\/Geschenk-Weihnachtsmann-mit-Wald-9.jpg\" alt=\"geschenk-weihnachtsmann-mit-wald-9\" width=\"800\" height=\"600\" srcset=\"https:\/\/www.sabine-seyffert.de\/blog\/wp-content\/uploads\/2016\/12\/Geschenk-Weihnachtsmann-mit-Wald-9.jpg 800w, https:\/\/www.sabine-seyffert.de\/blog\/wp-content\/uploads\/2016\/12\/Geschenk-Weihnachtsmann-mit-Wald-9-300x225.jpg 300w, https:\/\/www.sabine-seyffert.de\/blog\/wp-content\/uploads\/2016\/12\/Geschenk-Weihnachtsmann-mit-Wald-9-768x576.jpg 768w\" sizes=\"auto, (max-width: 800px) 100vw, 800px\" \/><\/a><\/p>\n<p style=\"text-align: justify;\"><strong>Das wird gebraucht:<\/strong><br \/>\nEine alte Tageszeitung, Bastelunterlage, Wasserfarbkasten, breiter Pinsel (Borstenpinsel!), eine Schere, Kleber, Watte, einen Schaschlikstab aus Holz (ersatzweise einen d\u00fcnnen Ast), rotes &amp; wei\u00dfes Tonpapier, Kordel, d\u00fcnne Pappreste (bsp. von einem leeren Nudelkarton), Buchstabenstempel, Stempelkissen, Packpapier, einen wei\u00dfen Lackstift, Dymo Ger\u00e4t samt Pr\u00e4geband, Hei\u00dfklebepistole samt Klebepatrone<\/p>\n<p style=\"text-align: center;\"><a href=\"http:\/\/www.sabine-seyffert.de\/blog\/wp-content\/uploads\/2016\/12\/Geschenk-Weihnachtsmann-mit-Wald-11.jpg\"><img loading=\"lazy\" decoding=\"async\" class=\"alignnone size-full wp-image-9201\" src=\"http:\/\/www.sabine-seyffert.de\/blog\/wp-content\/uploads\/2016\/12\/Geschenk-Weihnachtsmann-mit-Wald-11.jpg\" alt=\"geschenk-weihnachtsmann-mit-wald-11\" width=\"800\" height=\"600\" srcset=\"https:\/\/www.sabine-seyffert.de\/blog\/wp-content\/uploads\/2016\/12\/Geschenk-Weihnachtsmann-mit-Wald-11.jpg 800w, https:\/\/www.sabine-seyffert.de\/blog\/wp-content\/uploads\/2016\/12\/Geschenk-Weihnachtsmann-mit-Wald-11-300x225.jpg 300w, https:\/\/www.sabine-seyffert.de\/blog\/wp-content\/uploads\/2016\/12\/Geschenk-Weihnachtsmann-mit-Wald-11-768x576.jpg 768w\" sizes=\"auto, (max-width: 800px) 100vw, 800px\" \/><\/a><\/p>\n<p style=\"text-align: justify;\"><strong>So wird\u2019s gemacht:<\/strong><br \/>\nZuerst bemalt man ein St\u00fcck Zeitungspapier mit gr\u00fcner Wasserfarbe. Diese darf gerne unregelm\u00e4\u00dfig aufgetragen werden, damit die B\u00e4ume hinterher abwechslungsreich aussehen.<\/p>\n<p style=\"text-align: center;\"><a href=\"http:\/\/www.sabine-seyffert.de\/blog\/wp-content\/uploads\/2016\/12\/Geschenk-Weihnachtsmann-mit-Wald-8.jpg\"><img loading=\"lazy\" decoding=\"async\" class=\"alignnone size-full wp-image-9202\" src=\"http:\/\/www.sabine-seyffert.de\/blog\/wp-content\/uploads\/2016\/12\/Geschenk-Weihnachtsmann-mit-Wald-8.jpg\" alt=\"geschenk-weihnachtsmann-mit-wald-8\" width=\"800\" height=\"600\" srcset=\"https:\/\/www.sabine-seyffert.de\/blog\/wp-content\/uploads\/2016\/12\/Geschenk-Weihnachtsmann-mit-Wald-8.jpg 800w, https:\/\/www.sabine-seyffert.de\/blog\/wp-content\/uploads\/2016\/12\/Geschenk-Weihnachtsmann-mit-Wald-8-300x225.jpg 300w, https:\/\/www.sabine-seyffert.de\/blog\/wp-content\/uploads\/2016\/12\/Geschenk-Weihnachtsmann-mit-Wald-8-768x576.jpg 768w\" sizes=\"auto, (max-width: 800px) 100vw, 800px\" \/><\/a><\/p>\n<p style=\"text-align: justify;\">Dann versteckt man das Geschenk in Packpapier. W\u00e4hrend die Farbe trocknet, stellt man den Weihnachtsmann her.<\/p>\n<p style=\"text-align: center;\"><a href=\"http:\/\/www.sabine-seyffert.de\/blog\/wp-content\/uploads\/2016\/12\/Geschenk-Weihnachtsmann-mit-Wald-7.jpg\"><img loading=\"lazy\" decoding=\"async\" class=\"alignnone size-full wp-image-9203\" src=\"http:\/\/www.sabine-seyffert.de\/blog\/wp-content\/uploads\/2016\/12\/Geschenk-Weihnachtsmann-mit-Wald-7.jpg\" alt=\"geschenk-weihnachtsmann-mit-wald-7\" width=\"800\" height=\"600\" srcset=\"https:\/\/www.sabine-seyffert.de\/blog\/wp-content\/uploads\/2016\/12\/Geschenk-Weihnachtsmann-mit-Wald-7.jpg 800w, https:\/\/www.sabine-seyffert.de\/blog\/wp-content\/uploads\/2016\/12\/Geschenk-Weihnachtsmann-mit-Wald-7-300x225.jpg 300w, https:\/\/www.sabine-seyffert.de\/blog\/wp-content\/uploads\/2016\/12\/Geschenk-Weihnachtsmann-mit-Wald-7-768x576.jpg 768w\" sizes=\"auto, (max-width: 800px) 100vw, 800px\" \/><\/a><\/p>\n<p style=\"text-align: justify;\">Dazu habe ich aus einer leeren Nudelverpackung eine Nikolausschablone gebastelt und damit einen roten Weihnachtsmann geschnitten. Die Kapuze hat einen Rand aus wei\u00dfem Tonkarton bekommen. Den \u00c4rmel und den unteren Rand habe ich mit Watte beklebt.<\/p>\n<p style=\"text-align: center;\"><a href=\"http:\/\/www.sabine-seyffert.de\/blog\/wp-content\/uploads\/2016\/12\/Geschenk-Weihnachtsmann-mit-Wald-6.jpg\"><img loading=\"lazy\" decoding=\"async\" class=\"alignnone size-full wp-image-9204\" src=\"http:\/\/www.sabine-seyffert.de\/blog\/wp-content\/uploads\/2016\/12\/Geschenk-Weihnachtsmann-mit-Wald-6.jpg\" alt=\"geschenk-weihnachtsmann-mit-wald-6\" width=\"800\" height=\"600\" srcset=\"https:\/\/www.sabine-seyffert.de\/blog\/wp-content\/uploads\/2016\/12\/Geschenk-Weihnachtsmann-mit-Wald-6.jpg 800w, https:\/\/www.sabine-seyffert.de\/blog\/wp-content\/uploads\/2016\/12\/Geschenk-Weihnachtsmann-mit-Wald-6-300x225.jpg 300w, https:\/\/www.sabine-seyffert.de\/blog\/wp-content\/uploads\/2016\/12\/Geschenk-Weihnachtsmann-mit-Wald-6-768x576.jpg 768w\" sizes=\"auto, (max-width: 800px) 100vw, 800px\" \/><\/a><\/p>\n<p style=\"text-align: justify;\">Aus einem St\u00fcck Pappe habe ich einen Handschuh geschnitten und aus einem gemusterten St\u00fcck Papierrest eine kleine Fahne, die man mit Hei\u00dfkleber an dem Holzstab befestigen kann. Darauf habe ich ein St\u00fcck Pr\u00e4geband mit dem Namen des Beschenkten geklebt.<\/p>\n<p style=\"text-align: center;\"><a href=\"http:\/\/www.sabine-seyffert.de\/blog\/wp-content\/uploads\/2016\/12\/Geschenk-Weihnachtsmann-mit-Wald-4.jpg\"><img loading=\"lazy\" decoding=\"async\" class=\"alignnone size-full wp-image-9205\" src=\"http:\/\/www.sabine-seyffert.de\/blog\/wp-content\/uploads\/2016\/12\/Geschenk-Weihnachtsmann-mit-Wald-4.jpg\" alt=\"geschenk-weihnachtsmann-mit-wald-4\" width=\"800\" height=\"600\" srcset=\"https:\/\/www.sabine-seyffert.de\/blog\/wp-content\/uploads\/2016\/12\/Geschenk-Weihnachtsmann-mit-Wald-4.jpg 800w, https:\/\/www.sabine-seyffert.de\/blog\/wp-content\/uploads\/2016\/12\/Geschenk-Weihnachtsmann-mit-Wald-4-300x225.jpg 300w, https:\/\/www.sabine-seyffert.de\/blog\/wp-content\/uploads\/2016\/12\/Geschenk-Weihnachtsmann-mit-Wald-4-768x576.jpg 768w\" sizes=\"auto, (max-width: 800px) 100vw, 800px\" \/><\/a><\/p>\n<p style=\"text-align: justify;\">Der Weihnachtsmann hat noch einen G\u00fcrtel aus Kordel bekommen, den man ebenfalls mit Hei\u00dfkleber befestigen kann.<\/p>\n<p style=\"text-align: center;\"><a href=\"http:\/\/www.sabine-seyffert.de\/blog\/wp-content\/uploads\/2016\/12\/Geschenk-Weihnachtsmann-mit-Wald-5.jpg\"><img loading=\"lazy\" decoding=\"async\" class=\"alignnone size-full wp-image-9206\" src=\"http:\/\/www.sabine-seyffert.de\/blog\/wp-content\/uploads\/2016\/12\/Geschenk-Weihnachtsmann-mit-Wald-5.jpg\" alt=\"geschenk-weihnachtsmann-mit-wald-5\" width=\"800\" height=\"600\" srcset=\"https:\/\/www.sabine-seyffert.de\/blog\/wp-content\/uploads\/2016\/12\/Geschenk-Weihnachtsmann-mit-Wald-5.jpg 800w, https:\/\/www.sabine-seyffert.de\/blog\/wp-content\/uploads\/2016\/12\/Geschenk-Weihnachtsmann-mit-Wald-5-300x225.jpg 300w, https:\/\/www.sabine-seyffert.de\/blog\/wp-content\/uploads\/2016\/12\/Geschenk-Weihnachtsmann-mit-Wald-5-768x576.jpg 768w\" sizes=\"auto, (max-width: 800px) 100vw, 800px\" \/><\/a><\/p>\n<p style=\"text-align: justify;\">Zu guter Letzt schneidet man aus dem bemalten Zeitungspapier einige Tannenb\u00e4ume, die man mit einem Stamm aus Pappe versieht und auf dem Geschenk platziert.<\/p>\n<p style=\"text-align: center;\"><a href=\"http:\/\/www.sabine-seyffert.de\/blog\/wp-content\/uploads\/2016\/12\/Geschenk-Weihnachtsmann-mit-Wald-3.jpg\"><img loading=\"lazy\" decoding=\"async\" class=\"alignnone size-full wp-image-9207\" src=\"http:\/\/www.sabine-seyffert.de\/blog\/wp-content\/uploads\/2016\/12\/Geschenk-Weihnachtsmann-mit-Wald-3.jpg\" alt=\"geschenk-weihnachtsmann-mit-wald-3\" width=\"800\" height=\"600\" srcset=\"https:\/\/www.sabine-seyffert.de\/blog\/wp-content\/uploads\/2016\/12\/Geschenk-Weihnachtsmann-mit-Wald-3.jpg 800w, https:\/\/www.sabine-seyffert.de\/blog\/wp-content\/uploads\/2016\/12\/Geschenk-Weihnachtsmann-mit-Wald-3-300x225.jpg 300w, https:\/\/www.sabine-seyffert.de\/blog\/wp-content\/uploads\/2016\/12\/Geschenk-Weihnachtsmann-mit-Wald-3-768x576.jpg 768w\" sizes=\"auto, (max-width: 800px) 100vw, 800px\" \/><\/a><\/p>\n<p style=\"text-align: justify;\">Ganz zum Schluss habe ich noch einen weihnachtlichen Gru\u00df mit dem Stempel auf das verpackte Geschenk gedruckt und mit wei\u00dfem Lackstift allerhand Schneeflocken dazu gemalt. Nun hoffen wir auf wei\u00dfe Weihnachten!<\/p>\n<p style=\"text-align: center;\"><a href=\"http:\/\/www.sabine-seyffert.de\/blog\/wp-content\/uploads\/2016\/12\/Geschenk-Weihnachtsmann-mit-Wald-1.jpg\"><img loading=\"lazy\" decoding=\"async\" class=\"alignnone size-full wp-image-9208\" src=\"http:\/\/www.sabine-seyffert.de\/blog\/wp-content\/uploads\/2016\/12\/Geschenk-Weihnachtsmann-mit-Wald-1.jpg\" alt=\"geschenk-weihnachtsmann-mit-wald-1\" width=\"800\" height=\"600\" srcset=\"https:\/\/www.sabine-seyffert.de\/blog\/wp-content\/uploads\/2016\/12\/Geschenk-Weihnachtsmann-mit-Wald-1.jpg 800w, https:\/\/www.sabine-seyffert.de\/blog\/wp-content\/uploads\/2016\/12\/Geschenk-Weihnachtsmann-mit-Wald-1-300x225.jpg 300w, https:\/\/www.sabine-seyffert.de\/blog\/wp-content\/uploads\/2016\/12\/Geschenk-Weihnachtsmann-mit-Wald-1-768x576.jpg 768w\" sizes=\"auto, (max-width: 800px) 100vw, 800px\" \/><\/a><\/p>\n<p style=\"text-align: justify;\">Weitere Verpackungsideen f\u00fcr Geschenke gibt es in <a href=\"http:\/\/www.sabine-seyffert.de\/blog\/?cat=49\" target=\"_blank\" rel=\"noopener\">dieser Rubrik<\/a>, alles rund um die Adventszeit <a href=\"http:\/\/www.sabine-seyffert.de\/blog\/?cat=41\" target=\"_blank\" rel=\"noopener\">hier<\/a> und allerhand Kreatives <a href=\"http:\/\/www.creadienstag.de\/2016\/12\/258.html\" target=\"_blank\" rel=\"noopener\">da<\/a>!<\/p>\n<p><a href=\"http:\/\/www.sabine-seyffert.de\/blog\/?page_id=32#urheberrecht\">urheberrechtlich gesch\u00fctzt<\/a>, \u00a9 Sabine Seyffert<\/p>\n","protected":false},"excerpt":{"rendered":"<p>Wenn man rechtzeitig vor Weihnachten startet, dann hat man ausreichend Zeit f\u00fcr ausgefallene Geschenkverpackungen. Und diese mag ich in der Weihnachtszeit besonders gerne. Denn die Geschenke werden nicht nur mit Sorgfalt und Liebe ausgesucht, sondern auch mit allerhand Herzblut verpackt und gestaltet. F\u00fcr diese Geschenkverpackung musste wieder einmal eine ausgelesene Tageszeitung f\u00fcr herhalten. Das bedruckte&#8230; <a href=\"https:\/\/www.sabine-seyffert.de\/blog\/verpackungsliebe-bastelidee-weihnachtsgeschenke-schoen-verpackt-weihnachtsmann-im-winterwald\/\" class=\"more-link\">Read more: Verpackungsliebe &#038; Bastelidee: Weihnachtsgeschenke sch\u00f6n verpackt \u2013 Weihnachtsmann im Winterwald<\/a><\/p>\n","protected":false},"author":2,"featured_media":0,"comment_status":"open","ping_status":"open","sticky":false,"template":"","format":"standard","meta":{"_metis_text_type":"","_metis_text_length":2357,"_post_count":0,"footnotes":""},"categories":[41,49],"tags":[],"class_list":["post-9197","post","type-post","status-publish","format-standard","hentry","category-weihnachten","category-verpackungsideen"],"_links":{"self":[{"href":"https:\/\/www.sabine-seyffert.de\/blog\/wp-json\/wp\/v2\/posts\/9197","targetHints":{"allow":["GET"]}}],"collection":[{"href":"https:\/\/www.sabine-seyffert.de\/blog\/wp-json\/wp\/v2\/posts"}],"about":[{"href":"https:\/\/www.sabine-seyffert.de\/blog\/wp-json\/wp\/v2\/types\/post"}],"author":[{"embeddable":true,"href":"https:\/\/www.sabine-seyffert.de\/blog\/wp-json\/wp\/v2\/users\/2"}],"replies":[{"embeddable":true,"href":"https:\/\/www.sabine-seyffert.de\/blog\/wp-json\/wp\/v2\/comments?post=9197"}],"version-history":[{"count":4,"href":"https:\/\/www.sabine-seyffert.de\/blog\/wp-json\/wp\/v2\/posts\/9197\/revisions"}],"predecessor-version":[{"id":24608,"href":"https:\/\/www.sabine-seyffert.de\/blog\/wp-json\/wp\/v2\/posts\/9197\/revisions\/24608"}],"wp:attachment":[{"href":"https:\/\/www.sabine-seyffert.de\/blog\/wp-json\/wp\/v2\/media?parent=9197"}],"wp:term":[{"taxonomy":"category","embeddable":true,"href":"https:\/\/www.sabine-seyffert.de\/blog\/wp-json\/wp\/v2\/categories?post=9197"},{"taxonomy":"post_tag","embeddable":true,"href":"https:\/\/www.sabine-seyffert.de\/blog\/wp-json\/wp\/v2\/tags?post=9197"}],"curies":[{"name":"wp","href":"https:\/\/api.w.org\/{rel}","templated":true}]}}