{"id":9167,"date":"2016-12-16T07:42:15","date_gmt":"2016-12-16T05:42:15","guid":{"rendered":"http:\/\/www.sabine-seyffert.de\/blog\/?p=9167"},"modified":"2017-03-01T07:42:23","modified_gmt":"2017-03-01T05:42:23","slug":"bastelidee-upcycling-mit-kindern-weihnachtsgeschenke-basteln-weihnachtsbaum-als-windlicht","status":"publish","type":"post","link":"https:\/\/www.sabine-seyffert.de\/blog\/bastelidee-upcycling-mit-kindern-weihnachtsgeschenke-basteln-weihnachtsbaum-als-windlicht\/","title":{"rendered":"Bastelidee &#038; Upcycling: Mit Kindern Weihnachtsgeschenke basteln \u2013 Weihnachtsbaum als Windlicht"},"content":{"rendered":"<p style=\"text-align: justify;\"><img loading=\"lazy\" decoding=\"async\" src=\"https:\/\/ssl-vg03.met.vgwort.de\/na\/955439de87944f748056e196149fee39\" alt=\"\" width=\"1\" height=\"1\" \/>Es weihnachtet sehr und daher zeige ich Euch heute eine <a href=\"http:\/\/www.sabine-seyffert.de\/blog\/?cat=32\" target=\"_blank\">Bastelei f\u00fcr kleine Kinderh\u00e4nde<\/a>. Denn ein paar weihnachtliche Geschenke werden gebraucht und die k\u00f6nnen Kinder mit etwas Hilfe prima selber basteln. Daf\u00fcr habe ich ausnahmsweise mal Milch im Tetrapak bzw. Karton gekauft. Den leeren Milchkarton gut aussp\u00fclen und auf der Heizung trocknen lassen \u2013 dann kann der weihnachtliche Bastelnachmittag starten!<\/p>\n<p style=\"text-align: center;\"><a href=\"http:\/\/www.sabine-seyffert.de\/blog\/wp-content\/uploads\/2016\/12\/Baum-Milcht\u00fcte-10.jpg\"><img loading=\"lazy\" decoding=\"async\" class=\"alignnone size-full wp-image-9168\" src=\"http:\/\/www.sabine-seyffert.de\/blog\/wp-content\/uploads\/2016\/12\/Baum-Milcht\u00fcte-10.jpg\" alt=\"baum-milchtuete-10\" width=\"800\" height=\"600\" srcset=\"https:\/\/www.sabine-seyffert.de\/blog\/wp-content\/uploads\/2016\/12\/Baum-Milcht\u00fcte-10.jpg 800w, https:\/\/www.sabine-seyffert.de\/blog\/wp-content\/uploads\/2016\/12\/Baum-Milcht\u00fcte-10-300x225.jpg 300w, https:\/\/www.sabine-seyffert.de\/blog\/wp-content\/uploads\/2016\/12\/Baum-Milcht\u00fcte-10-768x576.jpg 768w\" sizes=\"auto, (max-width: 800px) 100vw, 800px\" \/><\/a><\/p>\n<p style=\"text-align: justify;\"><strong>Das wird gebraucht:<\/strong><br \/>\n1 leere Milch- oder Saftt\u00fcte (Inhalt 1 Liter), eine Schere, einen Bleistift, Kleber, einen wei\u00dfen Lackstift, eine Lochzange, ein St\u00fcck wei\u00dfes Transparentpapier, ein Teelicht, ein wei\u00dfes Blatt Papier, einen Motivlocher \/ Lochstanzer Schneeflocke<\/p>\n<p style=\"text-align: center;\"><a href=\"http:\/\/www.sabine-seyffert.de\/blog\/wp-content\/uploads\/2016\/12\/Baum-Milcht\u00fcte-1.jpg\"><img loading=\"lazy\" decoding=\"async\" class=\"alignnone size-full wp-image-9169\" src=\"http:\/\/www.sabine-seyffert.de\/blog\/wp-content\/uploads\/2016\/12\/Baum-Milcht\u00fcte-1.jpg\" alt=\"baum-milchtuete-1\" width=\"800\" height=\"600\" srcset=\"https:\/\/www.sabine-seyffert.de\/blog\/wp-content\/uploads\/2016\/12\/Baum-Milcht\u00fcte-1.jpg 800w, https:\/\/www.sabine-seyffert.de\/blog\/wp-content\/uploads\/2016\/12\/Baum-Milcht\u00fcte-1-300x225.jpg 300w, https:\/\/www.sabine-seyffert.de\/blog\/wp-content\/uploads\/2016\/12\/Baum-Milcht\u00fcte-1-768x576.jpg 768w\" sizes=\"auto, (max-width: 800px) 100vw, 800px\" \/><\/a><\/p>\n<p style=\"text-align: justify;\"><strong>So wird\u2019s gemacht:<\/strong><br \/>\nZuerst habe ich vom Milchkarton den oberen Rand samt der Plastik\u00f6ffnung abgeschnitten. Dann sind erst mal die Kinder an der Reihe und d\u00fcrfen den bunten Aufdruck von der Verpackung knibbeln. Eine sehr gut Besch\u00e4ftigung f\u00fcr verregnete Nachmittage \ud83d\ude09<\/p>\n<p style=\"text-align: center;\"><a href=\"http:\/\/www.sabine-seyffert.de\/blog\/wp-content\/uploads\/2016\/12\/Baum-Milcht\u00fcte-2.jpg\"><img loading=\"lazy\" decoding=\"async\" class=\"alignnone size-full wp-image-9170\" src=\"http:\/\/www.sabine-seyffert.de\/blog\/wp-content\/uploads\/2016\/12\/Baum-Milcht\u00fcte-2.jpg\" alt=\"baum-milchtuete-2\" width=\"800\" height=\"600\" srcset=\"https:\/\/www.sabine-seyffert.de\/blog\/wp-content\/uploads\/2016\/12\/Baum-Milcht\u00fcte-2.jpg 800w, https:\/\/www.sabine-seyffert.de\/blog\/wp-content\/uploads\/2016\/12\/Baum-Milcht\u00fcte-2-300x225.jpg 300w, https:\/\/www.sabine-seyffert.de\/blog\/wp-content\/uploads\/2016\/12\/Baum-Milcht\u00fcte-2-768x576.jpg 768w\" sizes=\"auto, (max-width: 800px) 100vw, 800px\" \/><\/a><\/p>\n<p style=\"text-align: justify;\">Dann zeichnet man mit einem Bleistift auf die Vorderseite einen Tannenbaum und schneidet diesen mit Hilfe der Schere in Form. J\u00fcngere Kinder brauchen hierbei sicher die Hilfe eines Erwachsenen.<\/p>\n<p style=\"text-align: center;\"><a href=\"http:\/\/www.sabine-seyffert.de\/blog\/wp-content\/uploads\/2016\/12\/Baum-Milcht\u00fcte-3.jpg\"><img loading=\"lazy\" decoding=\"async\" class=\"alignnone size-full wp-image-9171\" src=\"http:\/\/www.sabine-seyffert.de\/blog\/wp-content\/uploads\/2016\/12\/Baum-Milcht\u00fcte-3.jpg\" alt=\"baum-milchtuete-3\" width=\"800\" height=\"600\" srcset=\"https:\/\/www.sabine-seyffert.de\/blog\/wp-content\/uploads\/2016\/12\/Baum-Milcht\u00fcte-3.jpg 800w, https:\/\/www.sabine-seyffert.de\/blog\/wp-content\/uploads\/2016\/12\/Baum-Milcht\u00fcte-3-300x225.jpg 300w, https:\/\/www.sabine-seyffert.de\/blog\/wp-content\/uploads\/2016\/12\/Baum-Milcht\u00fcte-3-768x576.jpg 768w\" sizes=\"auto, (max-width: 800px) 100vw, 800px\" \/><\/a><\/p>\n<p style=\"text-align: justify;\">Nun versieht man den winterlichen Baum mit lauter kleinen L\u00f6chern. Das klappt ganz leicht mit einer Lochzange. Die L\u00f6cher sollten an m\u00f6glichst vielen Stellen zu finden sein, damit der Baum hinterher auch gut leuchtet.<\/p>\n<p style=\"text-align: center;\"><a href=\"http:\/\/www.sabine-seyffert.de\/blog\/wp-content\/uploads\/2016\/12\/Baum-Milcht\u00fcte-4.jpg\"><img loading=\"lazy\" decoding=\"async\" class=\"alignnone size-full wp-image-9172\" src=\"http:\/\/www.sabine-seyffert.de\/blog\/wp-content\/uploads\/2016\/12\/Baum-Milcht\u00fcte-4.jpg\" alt=\"baum-milchtuete-4\" width=\"800\" height=\"600\" srcset=\"https:\/\/www.sabine-seyffert.de\/blog\/wp-content\/uploads\/2016\/12\/Baum-Milcht\u00fcte-4.jpg 800w, https:\/\/www.sabine-seyffert.de\/blog\/wp-content\/uploads\/2016\/12\/Baum-Milcht\u00fcte-4-300x225.jpg 300w, https:\/\/www.sabine-seyffert.de\/blog\/wp-content\/uploads\/2016\/12\/Baum-Milcht\u00fcte-4-768x576.jpg 768w\" sizes=\"auto, (max-width: 800px) 100vw, 800px\" \/><\/a><\/p>\n<p style=\"text-align: justify;\">Sind gen\u00fcgend L\u00f6cher da, klebt man von der R\u00fcckseite etwas wei\u00dfes Transparentpapier dahinter. Auf dem hinteren, rechteckigen Teil der Milchpackung, der so sch\u00f6n silbern leuchtet, kann man noch Schneeflocken kleben.<\/p>\n<p style=\"text-align: center;\"><a href=\"http:\/\/www.sabine-seyffert.de\/blog\/wp-content\/uploads\/2016\/12\/Baum-Milcht\u00fcte-5.jpg\"><img loading=\"lazy\" decoding=\"async\" class=\"alignnone size-full wp-image-9173\" src=\"http:\/\/www.sabine-seyffert.de\/blog\/wp-content\/uploads\/2016\/12\/Baum-Milcht\u00fcte-5.jpg\" alt=\"baum-milchtuete-5\" width=\"800\" height=\"600\" srcset=\"https:\/\/www.sabine-seyffert.de\/blog\/wp-content\/uploads\/2016\/12\/Baum-Milcht\u00fcte-5.jpg 800w, https:\/\/www.sabine-seyffert.de\/blog\/wp-content\/uploads\/2016\/12\/Baum-Milcht\u00fcte-5-300x225.jpg 300w, https:\/\/www.sabine-seyffert.de\/blog\/wp-content\/uploads\/2016\/12\/Baum-Milcht\u00fcte-5-768x576.jpg 768w\" sizes=\"auto, (max-width: 800px) 100vw, 800px\" \/><\/a><\/p>\n<p style=\"text-align: justify;\">Daf\u00fcr stanzt man mit dem Motivlocher entsprechende Eiskristalle (oder ersatzweise Sterne) aus und klebt diese daran.<\/p>\n<p style=\"text-align: center;\"><a href=\"http:\/\/www.sabine-seyffert.de\/blog\/wp-content\/uploads\/2016\/12\/Baum-Milcht\u00fcte-6.jpg\"><img loading=\"lazy\" decoding=\"async\" class=\"alignnone size-full wp-image-9174\" src=\"http:\/\/www.sabine-seyffert.de\/blog\/wp-content\/uploads\/2016\/12\/Baum-Milcht\u00fcte-6.jpg\" alt=\"baum-milchtuete-6\" width=\"800\" height=\"600\" srcset=\"https:\/\/www.sabine-seyffert.de\/blog\/wp-content\/uploads\/2016\/12\/Baum-Milcht\u00fcte-6.jpg 800w, https:\/\/www.sabine-seyffert.de\/blog\/wp-content\/uploads\/2016\/12\/Baum-Milcht\u00fcte-6-300x225.jpg 300w, https:\/\/www.sabine-seyffert.de\/blog\/wp-content\/uploads\/2016\/12\/Baum-Milcht\u00fcte-6-768x576.jpg 768w\" sizes=\"auto, (max-width: 800px) 100vw, 800px\" \/><\/a><\/p>\n<p style=\"text-align: justify;\">Damit der Baum noch winterlicher aussieht, hat er mit Hilfe eines wei\u00dfen Lackstiftes noch zahlreiche wei\u00dfe \u201eP\u00fcnktchen\u201c bekommen, als Mini Schneeflocken sozusagen.<\/p>\n<p style=\"text-align: center;\"><a href=\"http:\/\/www.sabine-seyffert.de\/blog\/wp-content\/uploads\/2016\/12\/Baum-Milcht\u00fcte-7.jpg\"><img loading=\"lazy\" decoding=\"async\" class=\"alignnone size-full wp-image-9175\" src=\"http:\/\/www.sabine-seyffert.de\/blog\/wp-content\/uploads\/2016\/12\/Baum-Milcht\u00fcte-7.jpg\" alt=\"baum-milchtuete-7\" width=\"800\" height=\"600\" srcset=\"https:\/\/www.sabine-seyffert.de\/blog\/wp-content\/uploads\/2016\/12\/Baum-Milcht\u00fcte-7.jpg 800w, https:\/\/www.sabine-seyffert.de\/blog\/wp-content\/uploads\/2016\/12\/Baum-Milcht\u00fcte-7-300x225.jpg 300w, https:\/\/www.sabine-seyffert.de\/blog\/wp-content\/uploads\/2016\/12\/Baum-Milcht\u00fcte-7-768x576.jpg 768w\" sizes=\"auto, (max-width: 800px) 100vw, 800px\" \/><\/a><\/p>\n<p style=\"text-align: justify;\">Jetzt noch ein Teelicht ins Innere des Milchkartons stellen und fertig ist das upcycelte Weihnachtswindlicht, das sich nun verschenken l\u00e4sst!<\/p>\n<p style=\"text-align: center;\"><a href=\"http:\/\/www.sabine-seyffert.de\/blog\/wp-content\/uploads\/2016\/12\/Baum-Milcht\u00fcte-11.jpg\"><img loading=\"lazy\" decoding=\"async\" class=\"alignnone size-full wp-image-9176\" src=\"http:\/\/www.sabine-seyffert.de\/blog\/wp-content\/uploads\/2016\/12\/Baum-Milcht\u00fcte-11.jpg\" alt=\"baum-milchtuete-11\" width=\"800\" height=\"600\" srcset=\"https:\/\/www.sabine-seyffert.de\/blog\/wp-content\/uploads\/2016\/12\/Baum-Milcht\u00fcte-11.jpg 800w, https:\/\/www.sabine-seyffert.de\/blog\/wp-content\/uploads\/2016\/12\/Baum-Milcht\u00fcte-11-300x225.jpg 300w, https:\/\/www.sabine-seyffert.de\/blog\/wp-content\/uploads\/2016\/12\/Baum-Milcht\u00fcte-11-768x576.jpg 768w\" sizes=\"auto, (max-width: 800px) 100vw, 800px\" \/><\/a><\/p>\n<p style=\"text-align: justify;\">Weitere Ideen rund um die Adventszeit und Weihnachten tummeln sich \u00fcbrigens in <a href=\"http:\/\/www.sabine-seyffert.de\/blog\/?cat=41\" target=\"_blank\">dieser Rubrik<\/a>, Upcyclingideen an <a href=\"http:\/\/www.sabine-seyffert.de\/blog\/?cat=47\" target=\"_blank\">dieser Stelle<\/a> und andere kreative Dinge <a href=\"http:\/\/www.creadienstag.de\/2016\/12\/257.html\" target=\"_blank\">da<\/a>!<\/p>\n<p style=\"text-align: justify;\"><a href=\"http:\/\/www.sabine-seyffert.de\/blog\/wp-content\/uploads\/2016\/12\/Baum-Milcht\u00fcte-12.jpg\"><img loading=\"lazy\" decoding=\"async\" class=\"size-full wp-image-9177 aligncenter\" src=\"http:\/\/www.sabine-seyffert.de\/blog\/wp-content\/uploads\/2016\/12\/Baum-Milcht\u00fcte-12.jpg\" alt=\"baum-milchtuete-12\" width=\"800\" height=\"600\" srcset=\"https:\/\/www.sabine-seyffert.de\/blog\/wp-content\/uploads\/2016\/12\/Baum-Milcht\u00fcte-12.jpg 800w, https:\/\/www.sabine-seyffert.de\/blog\/wp-content\/uploads\/2016\/12\/Baum-Milcht\u00fcte-12-300x225.jpg 300w, https:\/\/www.sabine-seyffert.de\/blog\/wp-content\/uploads\/2016\/12\/Baum-Milcht\u00fcte-12-768x576.jpg 768w\" sizes=\"auto, (max-width: 800px) 100vw, 800px\" \/><\/a><\/p>\n<p><a href=\"http:\/\/www.sabine-seyffert.de\/blog\/?page_id=32#urheberrecht\">urheberrechtlich gesch\u00fctzt<\/a>, \u00a9 Sabine Seyffert<\/p>\n","protected":false},"excerpt":{"rendered":"<p>Es weihnachtet sehr und daher zeige ich Euch heute eine Bastelei f\u00fcr kleine Kinderh\u00e4nde. Denn ein paar weihnachtliche Geschenke werden gebraucht und die k\u00f6nnen Kinder mit etwas Hilfe prima selber basteln. Daf\u00fcr habe ich ausnahmsweise mal Milch im Tetrapak bzw. Karton gekauft. Den leeren Milchkarton gut aussp\u00fclen und auf der Heizung trocknen lassen \u2013 dann&#8230; <a href=\"https:\/\/www.sabine-seyffert.de\/blog\/bastelidee-upcycling-mit-kindern-weihnachtsgeschenke-basteln-weihnachtsbaum-als-windlicht\/\" class=\"more-link\">Read more: Bastelidee &#038; Upcycling: Mit Kindern Weihnachtsgeschenke basteln \u2013 Weihnachtsbaum als Windlicht<\/a><\/p>\n","protected":false},"author":2,"featured_media":0,"comment_status":"open","ping_status":"open","sticky":false,"template":"","format":"standard","meta":{"_metis_text_type":"","_metis_text_length":2188,"_post_count":0,"footnotes":""},"categories":[41,32,47],"tags":[],"class_list":["post-9167","post","type-post","status-publish","format-standard","hentry","category-weihnachten","category-kreatives-fur-kleine-kinderhande","category-upcyceltes"],"_links":{"self":[{"href":"https:\/\/www.sabine-seyffert.de\/blog\/wp-json\/wp\/v2\/posts\/9167","targetHints":{"allow":["GET"]}}],"collection":[{"href":"https:\/\/www.sabine-seyffert.de\/blog\/wp-json\/wp\/v2\/posts"}],"about":[{"href":"https:\/\/www.sabine-seyffert.de\/blog\/wp-json\/wp\/v2\/types\/post"}],"author":[{"embeddable":true,"href":"https:\/\/www.sabine-seyffert.de\/blog\/wp-json\/wp\/v2\/users\/2"}],"replies":[{"embeddable":true,"href":"https:\/\/www.sabine-seyffert.de\/blog\/wp-json\/wp\/v2\/comments?post=9167"}],"version-history":[{"count":3,"href":"https:\/\/www.sabine-seyffert.de\/blog\/wp-json\/wp\/v2\/posts\/9167\/revisions"}],"predecessor-version":[{"id":9199,"href":"https:\/\/www.sabine-seyffert.de\/blog\/wp-json\/wp\/v2\/posts\/9167\/revisions\/9199"}],"wp:attachment":[{"href":"https:\/\/www.sabine-seyffert.de\/blog\/wp-json\/wp\/v2\/media?parent=9167"}],"wp:term":[{"taxonomy":"category","embeddable":true,"href":"https:\/\/www.sabine-seyffert.de\/blog\/wp-json\/wp\/v2\/categories?post=9167"},{"taxonomy":"post_tag","embeddable":true,"href":"https:\/\/www.sabine-seyffert.de\/blog\/wp-json\/wp\/v2\/tags?post=9167"}],"curies":[{"name":"wp","href":"https:\/\/api.w.org\/{rel}","templated":true}]}}