{"id":9143,"date":"2016-12-13T06:45:07","date_gmt":"2016-12-13T04:45:07","guid":{"rendered":"http:\/\/www.sabine-seyffert.de\/blog\/?p=9143"},"modified":"2022-12-06T10:34:06","modified_gmt":"2022-12-06T08:34:06","slug":"upcycling-bastelidee-fuer-weihnachten-ein-echter-weihnachtsbaum-aus-buechern","status":"publish","type":"post","link":"https:\/\/www.sabine-seyffert.de\/blog\/upcycling-bastelidee-fuer-weihnachten-ein-echter-weihnachtsbaum-aus-buechern\/","title":{"rendered":"Upcycling &#038; Bastelidee f\u00fcr Weihnachten: Ein echter Weihnachtsbaum aus B\u00fcchern"},"content":{"rendered":"<p style=\"text-align: justify;\">\n<p style=\"text-align: justify;\"><img loading=\"lazy\" decoding=\"async\" src=\"https:\/\/ssl-vg03.met.vgwort.de\/na\/36ee1d5b327b495fa87888fb6b879372\" alt=\"\" width=\"1\" height=\"1\" \/>Wer meinem Blog folgt wei\u00df, wie sehr ich die Weihnachtszeit liebe. Der Dezember geh\u00f6rt zu meinen liebsten Monaten im ganzen Jahr. Schon allein wegen des ganzen Weihnachtszaubers und dem Lichterglanz mag ich diese Zeit ausgesprochen gerne. Und Jahr f\u00fcr Jahr steht dann das Weihnachtsfest vor der T\u00fcr. Da wird bei den meisten ein Tannenbaum aufgestellt und festlich geschm\u00fcckt. Allerdings habe ich ein wirklich schlechtes Gewissen nur allein f\u00fcr diesen Anlass einen Baum zu f\u00e4llen, der bereits kurze Zeit sp\u00e4ter wieder im M\u00fcll entsorgt wird. Von daher gibt es bei uns oftmals alternative Weihnachtsb\u00e4ume, die wir als Familie gemeinsam basteln und kreieren. Das erste Exemplar war ebenso gro\u00df wie eine richtige Tanne und wurde aus zahlreichen \u00c4sten, die bei der Gartenarbeit anfielen, zusammengezimmert und sch\u00f6n geschm\u00fcckt. Ein weiteres Exemplar kennt Ihr aus <a href=\"http:\/\/www.sabine-seyffert.de\/blog\/?p=4973\" target=\"_blank\" rel=\"noopener\">dieser Idee<\/a>. Hier kommt Variante Nummer drei, die sich prima als stimmungsvolle Wanddeko in der Adventszeit eignet.<\/p>\n<p style=\"text-align: center;\"><a href=\"http:\/\/www.sabine-seyffert.de\/blog\/wp-content\/uploads\/2016\/12\/Baum-Buchseite-4.jpg\"><img loading=\"lazy\" decoding=\"async\" class=\"alignnone size-full wp-image-9144\" src=\"http:\/\/www.sabine-seyffert.de\/blog\/wp-content\/uploads\/2016\/12\/Baum-Buchseite-4.jpg\" alt=\"baum-buchseite-4\" width=\"800\" height=\"600\" srcset=\"https:\/\/www.sabine-seyffert.de\/blog\/wp-content\/uploads\/2016\/12\/Baum-Buchseite-4.jpg 800w, https:\/\/www.sabine-seyffert.de\/blog\/wp-content\/uploads\/2016\/12\/Baum-Buchseite-4-300x225.jpg 300w, https:\/\/www.sabine-seyffert.de\/blog\/wp-content\/uploads\/2016\/12\/Baum-Buchseite-4-768x576.jpg 768w\" sizes=\"auto, (max-width: 800px) 100vw, 800px\" \/><\/a><\/p>\n<p style=\"text-align: justify;\"><strong>Das wird gebraucht:<\/strong><br \/>\n1 gro\u00dfes St\u00fcck feste Pappe oder ein gro\u00dfer Pappkarton, ein scharfes Teppichmesser, naturbraune Wellpappe, eine Schere, Kleber, ein altes Buch, eine Metall\u00f6se, eine Nietenzange, Lochzange, ein St\u00fcck Kordel<\/p>\n<p style=\"text-align: center;\"><a href=\"http:\/\/www.sabine-seyffert.de\/blog\/wp-content\/uploads\/2016\/12\/Baum-Buchseite-sterne.jpg\"><img loading=\"lazy\" decoding=\"async\" class=\"alignnone size-full wp-image-9145\" src=\"http:\/\/www.sabine-seyffert.de\/blog\/wp-content\/uploads\/2016\/12\/Baum-Buchseite-sterne.jpg\" alt=\"baum-buchseite-sterne\" width=\"800\" height=\"600\" srcset=\"https:\/\/www.sabine-seyffert.de\/blog\/wp-content\/uploads\/2016\/12\/Baum-Buchseite-sterne.jpg 800w, https:\/\/www.sabine-seyffert.de\/blog\/wp-content\/uploads\/2016\/12\/Baum-Buchseite-sterne-300x225.jpg 300w, https:\/\/www.sabine-seyffert.de\/blog\/wp-content\/uploads\/2016\/12\/Baum-Buchseite-sterne-768x576.jpg 768w\" sizes=\"auto, (max-width: 800px) 100vw, 800px\" \/><\/a><\/p>\n<p style=\"text-align: justify;\"><strong>So wird\u2019s gemacht:<\/strong><br \/>\nAuf ein riesengro\u00dfes St\u00fcck Pappe (in unserem Fall mehr als ein Meter Gesamtl\u00e4nge) zeichnet man ein gro\u00dfes Dreieck und schneidet es mit Hilfe des Cutters \/ Teppichmessers aus.<\/p>\n<p style=\"text-align: center;\"><a href=\"http:\/\/www.sabine-seyffert.de\/blog\/wp-content\/uploads\/2016\/12\/Baun-Buchseite-3.jpg\"><img loading=\"lazy\" decoding=\"async\" class=\"alignnone size-full wp-image-9146\" src=\"http:\/\/www.sabine-seyffert.de\/blog\/wp-content\/uploads\/2016\/12\/Baun-Buchseite-3.jpg\" alt=\"baun-buchseite-3\" width=\"800\" height=\"600\" srcset=\"https:\/\/www.sabine-seyffert.de\/blog\/wp-content\/uploads\/2016\/12\/Baun-Buchseite-3.jpg 800w, https:\/\/www.sabine-seyffert.de\/blog\/wp-content\/uploads\/2016\/12\/Baun-Buchseite-3-300x225.jpg 300w, https:\/\/www.sabine-seyffert.de\/blog\/wp-content\/uploads\/2016\/12\/Baun-Buchseite-3-768x576.jpg 768w\" sizes=\"auto, (max-width: 800px) 100vw, 800px\" \/><\/a><\/p>\n<p style=\"text-align: justify;\">Nun trennt man aus dem alten Buch einen ganzen Schwung an Buchseiten. Die d\u00fcrfen auch gerne schon leicht vergilbt sein. Mit den Buchseiten beklebt man nun den Karton so, dass die Tannenbaumform sichtbar bleibt. Ob man hierbei die Bl\u00e4tter gleichm\u00e4\u00dfig anordnet oder kreuz und quer \u00fcbereinander klebt, ist reine Geschmacksache.<\/p>\n<p style=\"text-align: center;\"><a href=\"http:\/\/www.sabine-seyffert.de\/blog\/wp-content\/uploads\/2016\/12\/Baun-Buchseite.jpg\"><img loading=\"lazy\" decoding=\"async\" class=\"alignnone size-full wp-image-9147\" src=\"http:\/\/www.sabine-seyffert.de\/blog\/wp-content\/uploads\/2016\/12\/Baun-Buchseite.jpg\" alt=\"baun-buchseite\" width=\"800\" height=\"600\" srcset=\"https:\/\/www.sabine-seyffert.de\/blog\/wp-content\/uploads\/2016\/12\/Baun-Buchseite.jpg 800w, https:\/\/www.sabine-seyffert.de\/blog\/wp-content\/uploads\/2016\/12\/Baun-Buchseite-300x225.jpg 300w, https:\/\/www.sabine-seyffert.de\/blog\/wp-content\/uploads\/2016\/12\/Baun-Buchseite-768x576.jpg 768w\" sizes=\"auto, (max-width: 800px) 100vw, 800px\" \/><\/a><\/p>\n<p style=\"text-align: justify;\">Aus Wellpappe haben wir einen Baumstamm geschnitten und unten mittig an den Buchseitenbaum geklebt. Oben haben wir mit der Lochzange ein Loch gestanzt und dies mit einer gro\u00dfen Metall\u00f6se versehen. So rei\u00dft der Baum beim Aufh\u00e4ngen nicht ein, denn dieser ist durch die Pappe samt den Buchseiten schon recht schwer!<\/p>\n<p style=\"text-align: center;\"><a href=\"http:\/\/www.sabine-seyffert.de\/blog\/wp-content\/uploads\/2016\/12\/Baun-Buchseite-1.jpg\"><img loading=\"lazy\" decoding=\"async\" class=\"alignnone size-full wp-image-9148\" src=\"http:\/\/www.sabine-seyffert.de\/blog\/wp-content\/uploads\/2016\/12\/Baun-Buchseite-1.jpg\" alt=\"baun-buchseite-1\" width=\"600\" height=\"800\" srcset=\"https:\/\/www.sabine-seyffert.de\/blog\/wp-content\/uploads\/2016\/12\/Baun-Buchseite-1.jpg 600w, https:\/\/www.sabine-seyffert.de\/blog\/wp-content\/uploads\/2016\/12\/Baun-Buchseite-1-225x300.jpg 225w\" sizes=\"auto, (max-width: 600px) 100vw, 600px\" \/><\/a><\/p>\n<p style=\"text-align: justify;\">Also Deko hat unser nat\u00fcrlicher Tannenbaum noch einen Holzstern bekommen. Und wer mag kann den Tannenbaum auch noch mit weiterer Deko versehen oder an den Seiten mit einer Lichterkette schm\u00fccken. Der Fantasie sind hierbei keine Grenzen gesetzt \ud83d\ude09<\/p>\n<p style=\"text-align: center;\"><a href=\"http:\/\/www.sabine-seyffert.de\/blog\/wp-content\/uploads\/2016\/12\/Baum-Buchseite-6.jpg\"><img loading=\"lazy\" decoding=\"async\" class=\"alignnone size-full wp-image-9149\" src=\"http:\/\/www.sabine-seyffert.de\/blog\/wp-content\/uploads\/2016\/12\/Baum-Buchseite-6.jpg\" alt=\"baum-buchseite-6\" width=\"600\" height=\"800\" srcset=\"https:\/\/www.sabine-seyffert.de\/blog\/wp-content\/uploads\/2016\/12\/Baum-Buchseite-6.jpg 600w, https:\/\/www.sabine-seyffert.de\/blog\/wp-content\/uploads\/2016\/12\/Baum-Buchseite-6-225x300.jpg 225w\" sizes=\"auto, (max-width: 600px) 100vw, 600px\" \/><\/a><\/p>\n<p style=\"text-align: justify;\"><strong>Ein kleiner Tipp:<\/strong><br \/>\nDiese Bastelidee ist eine ganz wunderbare Familienaktion f\u00fcr einen der Adventssonntage. Da d\u00fcrfen alle mithelfen und der Weihnachtsbaum wird auf diese Weise ein richtiger Familienbaum!<\/p>\n<p style=\"text-align: center;\"><a href=\"http:\/\/www.sabine-seyffert.de\/blog\/wp-content\/uploads\/2016\/12\/Baum-Buchseite-5.jpg\"><img loading=\"lazy\" decoding=\"async\" class=\"alignnone size-full wp-image-9150\" src=\"http:\/\/www.sabine-seyffert.de\/blog\/wp-content\/uploads\/2016\/12\/Baum-Buchseite-5.jpg\" alt=\"baum-buchseite-5\" width=\"600\" height=\"800\" srcset=\"https:\/\/www.sabine-seyffert.de\/blog\/wp-content\/uploads\/2016\/12\/Baum-Buchseite-5.jpg 600w, https:\/\/www.sabine-seyffert.de\/blog\/wp-content\/uploads\/2016\/12\/Baum-Buchseite-5-225x300.jpg 225w\" sizes=\"auto, (max-width: 600px) 100vw, 600px\" \/><\/a><\/p>\n<p style=\"text-align: justify;\">Eine weitere Alternative f\u00fcr einen umweltfreundlichen Weihnachtsbaum gibt es in <a href=\"http:\/\/www.sabine-seyffert.de\/blog\/?p=4973\" target=\"_blank\" rel=\"noopener\">dieser Bastelanleitung<\/a>, weitere Ideen rund um die Adventszeit <a href=\"http:\/\/www.sabine-seyffert.de\/blog\/?cat=41\" target=\"_blank\" rel=\"noopener\">hier<\/a> und andere kreative Sachen <a href=\"http:\/\/www.creadienstag.de\/2016\/12\/257.html\" target=\"_blank\" rel=\"noopener\">da<\/a>.<\/p>\n<p style=\"text-align: justify;\"><a href=\"http:\/\/www.sabine-seyffert.de\/blog\/?page_id=32#urheberrecht\">urheberrechtlich gesch\u00fctzt<\/a>, \u00a9 Sabine Seyffert<\/p>\n","protected":false},"excerpt":{"rendered":"<p>Wer meinem Blog folgt wei\u00df, wie sehr ich die Weihnachtszeit liebe. Der Dezember geh\u00f6rt zu meinen liebsten Monaten im ganzen Jahr. Schon allein wegen des ganzen Weihnachtszaubers und dem Lichterglanz mag ich diese Zeit ausgesprochen gerne. Und Jahr f\u00fcr Jahr steht dann das Weihnachtsfest vor der T\u00fcr. Da wird bei den meisten ein Tannenbaum aufgestellt&#8230; <a href=\"https:\/\/www.sabine-seyffert.de\/blog\/upcycling-bastelidee-fuer-weihnachten-ein-echter-weihnachtsbaum-aus-buechern\/\" class=\"more-link\">Read more: Upcycling &#038; Bastelidee f\u00fcr Weihnachten: Ein echter Weihnachtsbaum aus B\u00fcchern<\/a><\/p>\n","protected":false},"author":2,"featured_media":0,"comment_status":"open","ping_status":"open","sticky":false,"template":"","format":"standard","meta":{"_metis_text_type":"","_metis_text_length":2703,"_post_count":0,"footnotes":""},"categories":[41,12,47],"tags":[],"class_list":["post-9143","post","type-post","status-publish","format-standard","hentry","category-weihnachten","category-deko-ideen","category-upcyceltes"],"_links":{"self":[{"href":"https:\/\/www.sabine-seyffert.de\/blog\/wp-json\/wp\/v2\/posts\/9143","targetHints":{"allow":["GET"]}}],"collection":[{"href":"https:\/\/www.sabine-seyffert.de\/blog\/wp-json\/wp\/v2\/posts"}],"about":[{"href":"https:\/\/www.sabine-seyffert.de\/blog\/wp-json\/wp\/v2\/types\/post"}],"author":[{"embeddable":true,"href":"https:\/\/www.sabine-seyffert.de\/blog\/wp-json\/wp\/v2\/users\/2"}],"replies":[{"embeddable":true,"href":"https:\/\/www.sabine-seyffert.de\/blog\/wp-json\/wp\/v2\/comments?post=9143"}],"version-history":[{"count":4,"href":"https:\/\/www.sabine-seyffert.de\/blog\/wp-json\/wp\/v2\/posts\/9143\/revisions"}],"predecessor-version":[{"id":24633,"href":"https:\/\/www.sabine-seyffert.de\/blog\/wp-json\/wp\/v2\/posts\/9143\/revisions\/24633"}],"wp:attachment":[{"href":"https:\/\/www.sabine-seyffert.de\/blog\/wp-json\/wp\/v2\/media?parent=9143"}],"wp:term":[{"taxonomy":"category","embeddable":true,"href":"https:\/\/www.sabine-seyffert.de\/blog\/wp-json\/wp\/v2\/categories?post=9143"},{"taxonomy":"post_tag","embeddable":true,"href":"https:\/\/www.sabine-seyffert.de\/blog\/wp-json\/wp\/v2\/tags?post=9143"}],"curies":[{"name":"wp","href":"https:\/\/api.w.org\/{rel}","templated":true}]}}