{"id":9128,"date":"2016-12-11T11:04:44","date_gmt":"2016-12-11T09:04:44","guid":{"rendered":"http:\/\/www.sabine-seyffert.de\/blog\/?p=9128"},"modified":"2022-12-02T19:47:51","modified_gmt":"2022-12-02T17:47:51","slug":"diy-bastelidee-fuer-die-weihnachtspost-ein-kleines-advents-haus-versteckt-im-tannenwald","status":"publish","type":"post","link":"https:\/\/www.sabine-seyffert.de\/blog\/diy-bastelidee-fuer-die-weihnachtspost-ein-kleines-advents-haus-versteckt-im-tannenwald\/","title":{"rendered":"DIY &#038; Bastelidee f\u00fcr die Weihnachtspost: Ein kleines Advents-Haus versteckt im Tannenwald"},"content":{"rendered":"<p style=\"text-align: justify;\"><img loading=\"lazy\" decoding=\"async\" src=\"https:\/\/ssl-vg03.met.vgwort.de\/na\/8c4c171a879e48b2b5b3f2ed0dca01df\" alt=\"\" width=\"1\" height=\"1\" \/>In der Adventszeit wird es gem\u00fctlich. Da wird an Nachmittagen bei selbst gebackenen <a href=\"http:\/\/www.sabine-seyffert.de\/blog\/?p=9056\" target=\"_blank\" rel=\"noopener\">Weihnachtspl\u00e4tzchen<\/a> und hei\u00dfem Kakao mit Sahne flei\u00dfig gebastelt, gemalt und gebacken. Unter anderem wurde bei einem solchen Bastelnachmittag ein ganzer Schwung an Weihnachtskarten fertig, die sich nun schon bald auf den Weg machen werden.<br \/>\nWeil ich die Kombi einfach so unglaublich gerne mag und die Farben f\u00fcr mich in die Winterzeit passen, habe ich wie die letzten Jahre auch (hier die <a href=\"http:\/\/www.sabine-seyffert.de\/blog\/?p=4934\" target=\"_blank\" rel=\"noopener\">Adventspost mit gestanzten Weihnachtsb\u00e4umen<\/a> von 2014 und <a href=\"http:\/\/www.sabine-seyffert.de\/blog\/?p=6626\" target=\"_blank\" rel=\"noopener\">der winterliche Tannenwald<\/a> aus dem letzten Dezember) einfaches Kraftpapier mit wei\u00dfem Tonkarton gemischt. Dieses Mal verstecken sich kleine Adventsh\u00e4user im Winterwald\u2026<\/p>\n<p style=\"text-align: center;\"><a href=\"http:\/\/www.sabine-seyffert.de\/blog\/wp-content\/uploads\/2016\/12\/H\u00e4user-im-Wald.jpg\"><img loading=\"lazy\" decoding=\"async\" class=\"alignnone size-full wp-image-9129\" src=\"http:\/\/www.sabine-seyffert.de\/blog\/wp-content\/uploads\/2016\/12\/H\u00e4user-im-Wald.jpg\" alt=\"haeuser-im-wald\" width=\"800\" height=\"600\" srcset=\"https:\/\/www.sabine-seyffert.de\/blog\/wp-content\/uploads\/2016\/12\/H\u00e4user-im-Wald.jpg 800w, https:\/\/www.sabine-seyffert.de\/blog\/wp-content\/uploads\/2016\/12\/H\u00e4user-im-Wald-300x225.jpg 300w, https:\/\/www.sabine-seyffert.de\/blog\/wp-content\/uploads\/2016\/12\/H\u00e4user-im-Wald-768x576.jpg 768w\" sizes=\"auto, (max-width: 800px) 100vw, 800px\" \/><\/a><\/p>\n<p style=\"text-align: justify;\"><strong>Das wird gebraucht:<\/strong><br \/>\nBlanko Postkarten aus Kraftpapier, wei\u00dfer Tonkarton, Wellpappe, wei\u00dfes Transparentpapier, alte Buchseiten, d\u00fcnne graue Kartonagen, eine Bastelschere, Kleber, ein Bastelmesser \/ Cutter, eine Unterlage zum Schneiden, einen Motivlocher Stern, einen wei\u00dfen Lackstift, einen Stempel mit weihnachtlichem Schriftzug, ein gut deckendes, wei\u00dfes Stempelkissen.<\/p>\n<p style=\"text-align: center;\"><a href=\"http:\/\/www.sabine-seyffert.de\/blog\/wp-content\/uploads\/2016\/12\/H\u00e4user-im-Wald-6.jpg\"><img loading=\"lazy\" decoding=\"async\" class=\"alignnone size-full wp-image-9130\" src=\"http:\/\/www.sabine-seyffert.de\/blog\/wp-content\/uploads\/2016\/12\/H\u00e4user-im-Wald-6.jpg\" alt=\"haeuser-im-wald-6\" width=\"800\" height=\"600\" srcset=\"https:\/\/www.sabine-seyffert.de\/blog\/wp-content\/uploads\/2016\/12\/H\u00e4user-im-Wald-6.jpg 800w, https:\/\/www.sabine-seyffert.de\/blog\/wp-content\/uploads\/2016\/12\/H\u00e4user-im-Wald-6-300x225.jpg 300w, https:\/\/www.sabine-seyffert.de\/blog\/wp-content\/uploads\/2016\/12\/H\u00e4user-im-Wald-6-768x576.jpg 768w\" sizes=\"auto, (max-width: 800px) 100vw, 800px\" \/><\/a><\/p>\n<p style=\"text-align: justify;\"><strong>So wird\u2019s gemacht:<\/strong><br \/>\nDer Einfachheit halber habe ich f\u00fcr meine weihnachtlichen Postkarten Blankopostkarten verwendet. Man kann sich diese aber auch mit Hilfe einer Postkarte aus einem gro\u00dfen Bogen Tonkarton schneiden.<\/p>\n<p style=\"text-align: center;\"><a href=\"http:\/\/www.sabine-seyffert.de\/blog\/wp-content\/uploads\/2016\/12\/H\u00e4user-im-Wald-1.jpg\"><img loading=\"lazy\" decoding=\"async\" class=\"alignnone size-full wp-image-9131\" src=\"http:\/\/www.sabine-seyffert.de\/blog\/wp-content\/uploads\/2016\/12\/H\u00e4user-im-Wald-1.jpg\" alt=\"haeuser-im-wald-1\" width=\"800\" height=\"600\" srcset=\"https:\/\/www.sabine-seyffert.de\/blog\/wp-content\/uploads\/2016\/12\/H\u00e4user-im-Wald-1.jpg 800w, https:\/\/www.sabine-seyffert.de\/blog\/wp-content\/uploads\/2016\/12\/H\u00e4user-im-Wald-1-300x225.jpg 300w, https:\/\/www.sabine-seyffert.de\/blog\/wp-content\/uploads\/2016\/12\/H\u00e4user-im-Wald-1-768x576.jpg 768w\" sizes=\"auto, (max-width: 800px) 100vw, 800px\" \/><\/a><\/p>\n<p style=\"text-align: justify;\">Dann habe ich aus dem wei\u00dfen Tonpapier allerhand verschiedene H\u00e4user geschnitten (eine zauberhafte H\u00e4user Deko f\u00fcr den Winter findet Ihr \u00fcbrigens <a href=\"http:\/\/www.sabine-seyffert.de\/blog\/?p=2903\" target=\"_blank\" rel=\"noopener\">hier<\/a>, Geschenkanh\u00e4nger mit Haus <a href=\"http:\/\/www.sabine-seyffert.de\/blog\/?p=6638\" target=\"_blank\" rel=\"noopener\">dort<\/a> und <a href=\"http:\/\/www.sabine-seyffert.de\/blog\/?p=4880\" target=\"_blank\" rel=\"noopener\">hier<\/a> ein Winterbild als Fensterdeko). Mit dem Bastelmesser habe ich daraus kleine T\u00fcren und Fenster geschnitten. Zum Teil habe ich diese mit etwas wei\u00dfem Transparentpapier hinterklebt.<\/p>\n<p style=\"text-align: center;\"><a href=\"http:\/\/www.sabine-seyffert.de\/blog\/wp-content\/uploads\/2016\/12\/H\u00e4user-im-Wald-3.jpg\"><img loading=\"lazy\" decoding=\"async\" class=\"alignnone size-full wp-image-9132\" src=\"http:\/\/www.sabine-seyffert.de\/blog\/wp-content\/uploads\/2016\/12\/H\u00e4user-im-Wald-3.jpg\" alt=\"haeuser-im-wald-3\" width=\"800\" height=\"600\" srcset=\"https:\/\/www.sabine-seyffert.de\/blog\/wp-content\/uploads\/2016\/12\/H\u00e4user-im-Wald-3.jpg 800w, https:\/\/www.sabine-seyffert.de\/blog\/wp-content\/uploads\/2016\/12\/H\u00e4user-im-Wald-3-300x225.jpg 300w, https:\/\/www.sabine-seyffert.de\/blog\/wp-content\/uploads\/2016\/12\/H\u00e4user-im-Wald-3-768x576.jpg 768w\" sizes=\"auto, (max-width: 800px) 100vw, 800px\" \/><\/a><\/p>\n<p style=\"text-align: justify;\">Daneben habe ich aus alten Buchseiten, kleineren Pappresten und Wellpappe verschiedene Tannenb\u00e4ume geschnitten und auch diese auf die Karte geklebt.<\/p>\n<p style=\"text-align: justify;\">Zum Schluss gab es noch ein paar gestanzte Sterne und einen gestempelten Weihnachtsgru\u00df. Au\u00dferdem habe ich den Hintergrund mit einem Lackstift bearbeitet und nicht nur noch ein paar Weihnachtssterne per Hand dazu gezeichnet sondern auch Mini Schneeflocken dazwischen getupft. Denn wei\u00dfe Weihnachten sind einfach doppelt so gem\u00fctlich.<\/p>\n<p style=\"text-align: justify;\"><a href=\"http:\/\/www.sabine-seyffert.de\/blog\/wp-content\/uploads\/2016\/12\/H\u00e4user-im-Wald-5.jpg\"><img loading=\"lazy\" decoding=\"async\" class=\"alignnone size-full wp-image-9133\" src=\"http:\/\/www.sabine-seyffert.de\/blog\/wp-content\/uploads\/2016\/12\/H\u00e4user-im-Wald-5.jpg\" alt=\"haeuser-im-wald-5\" width=\"800\" height=\"600\" srcset=\"https:\/\/www.sabine-seyffert.de\/blog\/wp-content\/uploads\/2016\/12\/H\u00e4user-im-Wald-5.jpg 800w, https:\/\/www.sabine-seyffert.de\/blog\/wp-content\/uploads\/2016\/12\/H\u00e4user-im-Wald-5-300x225.jpg 300w, https:\/\/www.sabine-seyffert.de\/blog\/wp-content\/uploads\/2016\/12\/H\u00e4user-im-Wald-5-768x576.jpg 768w\" sizes=\"auto, (max-width: 800px) 100vw, 800px\" \/><\/a><\/p>\n<p style=\"text-align: justify;\">Zugegeben, die Karten sind schon recht aufw\u00e4ndig in der Herstellung. Dennoch hat sich die M\u00fche gelohnt, wie ich finde. Und die fertige Winterlandschaft sieht einfach richtig einladend aus. Weihnachten kann kommen!<\/p>\n<p style=\"text-align: center;\"><a href=\"http:\/\/www.sabine-seyffert.de\/blog\/wp-content\/uploads\/2016\/12\/H\u00e4user-im-Wald-7.jpg\"><img loading=\"lazy\" decoding=\"async\" class=\"alignnone size-full wp-image-9134\" src=\"http:\/\/www.sabine-seyffert.de\/blog\/wp-content\/uploads\/2016\/12\/H\u00e4user-im-Wald-7.jpg\" alt=\"haeuser-im-wald-7\" width=\"800\" height=\"600\" srcset=\"https:\/\/www.sabine-seyffert.de\/blog\/wp-content\/uploads\/2016\/12\/H\u00e4user-im-Wald-7.jpg 800w, https:\/\/www.sabine-seyffert.de\/blog\/wp-content\/uploads\/2016\/12\/H\u00e4user-im-Wald-7-300x225.jpg 300w, https:\/\/www.sabine-seyffert.de\/blog\/wp-content\/uploads\/2016\/12\/H\u00e4user-im-Wald-7-768x576.jpg 768w\" sizes=\"auto, (max-width: 800px) 100vw, 800px\" \/><\/a><\/p>\n<p style=\"text-align: justify;\">Weitere Ideen f\u00fcr die Weihnachts und Adventszeit findet Ihr <a href=\"http:\/\/www.sabine-seyffert.de\/blog\/?cat=41\" target=\"_blank\" rel=\"noopener\">hier<\/a> und andere kreative Sachen <a href=\"http:\/\/www.creadienstag.de\/2016\/12\/257.html\" target=\"_blank\" rel=\"noopener\">da<\/a>.<\/p>\n<p><a href=\"http:\/\/www.sabine-seyffert.de\/blog\/?page_id=32#urheberrecht\">urheberrechtlich gesch\u00fctzt<\/a>, \u00a9 Sabine Seyffert<\/p>\n","protected":false},"excerpt":{"rendered":"<p>In der Adventszeit wird es gem\u00fctlich. Da wird an Nachmittagen bei selbst gebackenen Weihnachtspl\u00e4tzchen und hei\u00dfem Kakao mit Sahne flei\u00dfig gebastelt, gemalt und gebacken. Unter anderem wurde bei einem solchen Bastelnachmittag ein ganzer Schwung an Weihnachtskarten fertig, die sich nun schon bald auf den Weg machen werden. Weil ich die Kombi einfach so unglaublich gerne&#8230; <a href=\"https:\/\/www.sabine-seyffert.de\/blog\/diy-bastelidee-fuer-die-weihnachtspost-ein-kleines-advents-haus-versteckt-im-tannenwald\/\" class=\"more-link\">Read more: DIY &#038; Bastelidee f\u00fcr die Weihnachtspost: Ein kleines Advents-Haus versteckt im Tannenwald<\/a><\/p>\n","protected":false},"author":2,"featured_media":0,"comment_status":"open","ping_status":"open","sticky":false,"template":"","format":"standard","meta":{"_metis_text_type":"","_metis_text_length":2495,"_post_count":0,"footnotes":""},"categories":[41,51,47],"tags":[],"class_list":["post-9128","post","type-post","status-publish","format-standard","hentry","category-weihnachten","category-postkarten-grusskarten","category-upcyceltes"],"_links":{"self":[{"href":"https:\/\/www.sabine-seyffert.de\/blog\/wp-json\/wp\/v2\/posts\/9128","targetHints":{"allow":["GET"]}}],"collection":[{"href":"https:\/\/www.sabine-seyffert.de\/blog\/wp-json\/wp\/v2\/posts"}],"about":[{"href":"https:\/\/www.sabine-seyffert.de\/blog\/wp-json\/wp\/v2\/types\/post"}],"author":[{"embeddable":true,"href":"https:\/\/www.sabine-seyffert.de\/blog\/wp-json\/wp\/v2\/users\/2"}],"replies":[{"embeddable":true,"href":"https:\/\/www.sabine-seyffert.de\/blog\/wp-json\/wp\/v2\/comments?post=9128"}],"version-history":[{"count":7,"href":"https:\/\/www.sabine-seyffert.de\/blog\/wp-json\/wp\/v2\/posts\/9128\/revisions"}],"predecessor-version":[{"id":24525,"href":"https:\/\/www.sabine-seyffert.de\/blog\/wp-json\/wp\/v2\/posts\/9128\/revisions\/24525"}],"wp:attachment":[{"href":"https:\/\/www.sabine-seyffert.de\/blog\/wp-json\/wp\/v2\/media?parent=9128"}],"wp:term":[{"taxonomy":"category","embeddable":true,"href":"https:\/\/www.sabine-seyffert.de\/blog\/wp-json\/wp\/v2\/categories?post=9128"},{"taxonomy":"post_tag","embeddable":true,"href":"https:\/\/www.sabine-seyffert.de\/blog\/wp-json\/wp\/v2\/tags?post=9128"}],"curies":[{"name":"wp","href":"https:\/\/api.w.org\/{rel}","templated":true}]}}