{"id":9109,"date":"2016-12-09T19:24:44","date_gmt":"2016-12-09T17:24:44","guid":{"rendered":"http:\/\/www.sabine-seyffert.de\/blog\/?p=9109"},"modified":"2018-06-27T10:46:51","modified_gmt":"2018-06-27T08:46:51","slug":"auflugstipp-fuers-adventswochenende-romantischer-weihnachtsmarkt-auf-schloss-gruenewald-in-solingen","status":"publish","type":"post","link":"https:\/\/www.sabine-seyffert.de\/blog\/auflugstipp-fuers-adventswochenende-romantischer-weihnachtsmarkt-auf-schloss-gruenewald-in-solingen\/","title":{"rendered":"Auflugstipp f\u00fcrs Adventswochenende: Romantischer Weihnachtsmarkt auf Schloss Gr\u00fcnewald in Solingen"},"content":{"rendered":"<p style=\"text-align: justify;\"><img loading=\"lazy\" decoding=\"async\" src=\"https:\/\/ssl-vg03.met.vgwort.de\/na\/eb85bf2f10c0415e936ea96bd7b0600c\" alt=\"\" width=\"1\" height=\"1\" \/>Dass ich zu denjenigen geh\u00f6re, die in der Adventszeit liebend gerne \u00fcber einen Weihnachtsmarkt schlendern, ist f\u00fcr viele von Euch sicher nichts Neues. Allerdings bin ich hierbei sehr w\u00e4hlerisch. Nicht jeder Weihnachtsmarkt sagt mir zu und das hektische Treiben auf manchen M\u00e4rkten ist leider auch nicht so meins. Von daher bin ich gerne auf solchen Adventsm\u00e4rkten unterwegs, die etwas Besonders sind und auf denen es auch au\u00dfergew\u00f6hnliche Dinge zu finden gibt. So wie dem Markt auf <a href=\"http:\/\/www.sabine-seyffert.de\/blog\/?p=9024\" target=\"_blank\" rel=\"noopener\">Schloss Moyland<\/a>, von dem ich letztes Wochenende ausf\u00fchrlich berichtet habe.<\/p>\n<p style=\"text-align: center;\"><a href=\"http:\/\/www.sabine-seyffert.de\/blog\/wp-content\/uploads\/2016\/12\/A-Gr\u00fcnewald-0.jpg\"><img loading=\"lazy\" decoding=\"async\" class=\"alignnone size-full wp-image-9110\" src=\"http:\/\/www.sabine-seyffert.de\/blog\/wp-content\/uploads\/2016\/12\/A-Gr\u00fcnewald-0.jpg\" alt=\"a-gruenewald-0\" width=\"600\" height=\"800\" srcset=\"https:\/\/www.sabine-seyffert.de\/blog\/wp-content\/uploads\/2016\/12\/A-Gr\u00fcnewald-0.jpg 600w, https:\/\/www.sabine-seyffert.de\/blog\/wp-content\/uploads\/2016\/12\/A-Gr\u00fcnewald-0-225x300.jpg 225w\" sizes=\"auto, (max-width: 600px) 100vw, 600px\" \/><\/a><\/p>\n<p style=\"text-align: justify;\">Hier wurde von Seiten der Kinder der Wunsch laut, doch endlich mal wieder den Weihnachtsmarkt in Solingen auf <a href=\"https:\/\/de.wikipedia.org\/wiki\/Haus_Gr%C3%BCnewald\" target=\"_blank\" rel=\"noopener\">Schloss Gr\u00fcnewald<\/a> zu besuchen.<\/p>\n<p style=\"text-align: justify;\"><a href=\"http:\/\/www.sabine-seyffert.de\/blog\/wp-content\/uploads\/2016\/12\/A-Gr\u00fcnewald-2.jpg\"><img loading=\"lazy\" decoding=\"async\" class=\"size-full wp-image-9111 aligncenter\" src=\"http:\/\/www.sabine-seyffert.de\/blog\/wp-content\/uploads\/2016\/12\/A-Gr\u00fcnewald-2.jpg\" alt=\"a-gruenewald-2\" width=\"800\" height=\"600\" srcset=\"https:\/\/www.sabine-seyffert.de\/blog\/wp-content\/uploads\/2016\/12\/A-Gr\u00fcnewald-2.jpg 800w, https:\/\/www.sabine-seyffert.de\/blog\/wp-content\/uploads\/2016\/12\/A-Gr\u00fcnewald-2-300x225.jpg 300w, https:\/\/www.sabine-seyffert.de\/blog\/wp-content\/uploads\/2016\/12\/A-Gr\u00fcnewald-2-768x576.jpg 768w\" sizes=\"auto, (max-width: 800px) 100vw, 800px\" \/><\/a><\/p>\n<p style=\"text-align: justify;\">Der ist von hier aus durch einen einem l\u00e4ngeren Spaziergang auch zu Fu\u00df erreichbar und einfach wundersch\u00f6n gelegen. In <a href=\"http:\/\/www.sabine-seyffert.de\/blog\/?p=4897\" target=\"_blank\" rel=\"noopener\">diesem Blogbericht<\/a> habe ich Euch dorthin schon einmal mitgenommen.<\/p>\n<p style=\"text-align: center;\"><a href=\"http:\/\/www.sabine-seyffert.de\/blog\/wp-content\/uploads\/2016\/12\/A-Gr\u00fcnewald-6.jpg\"><img loading=\"lazy\" decoding=\"async\" class=\"alignnone size-full wp-image-9112\" src=\"http:\/\/www.sabine-seyffert.de\/blog\/wp-content\/uploads\/2016\/12\/A-Gr\u00fcnewald-6.jpg\" alt=\"a-gruenewald-6\" width=\"600\" height=\"800\" srcset=\"https:\/\/www.sabine-seyffert.de\/blog\/wp-content\/uploads\/2016\/12\/A-Gr\u00fcnewald-6.jpg 600w, https:\/\/www.sabine-seyffert.de\/blog\/wp-content\/uploads\/2016\/12\/A-Gr\u00fcnewald-6-225x300.jpg 225w\" sizes=\"auto, (max-width: 600px) 100vw, 600px\" \/><\/a><\/p>\n<p style=\"text-align: justify;\">Auf diese Weise machen wir uns als Familie auf den Weg dorthin und genie\u00dfen das winterliche Wetter und die klirrende K\u00e4lte, die bei einem Weihnachtsmarktbesuch irgendwie mit dazu geh\u00f6rt.<\/p>\n<p style=\"text-align: center;\"><a href=\"http:\/\/www.sabine-seyffert.de\/blog\/wp-content\/uploads\/2016\/12\/A-Gr\u00fcnewald-1.jpg\"><img loading=\"lazy\" decoding=\"async\" class=\"alignnone size-full wp-image-9113\" src=\"http:\/\/www.sabine-seyffert.de\/blog\/wp-content\/uploads\/2016\/12\/A-Gr\u00fcnewald-1.jpg\" alt=\"a-gruenewald-1\" width=\"800\" height=\"600\" srcset=\"https:\/\/www.sabine-seyffert.de\/blog\/wp-content\/uploads\/2016\/12\/A-Gr\u00fcnewald-1.jpg 800w, https:\/\/www.sabine-seyffert.de\/blog\/wp-content\/uploads\/2016\/12\/A-Gr\u00fcnewald-1-300x225.jpg 300w, https:\/\/www.sabine-seyffert.de\/blog\/wp-content\/uploads\/2016\/12\/A-Gr\u00fcnewald-1-768x576.jpg 768w\" sizes=\"auto, (max-width: 800px) 100vw, 800px\" \/><\/a><\/p>\n<p style=\"text-align: justify;\">Der Waldweg, der zum Schlossgel\u00e4nde f\u00fchrt, ist hell beleuchtet und so langsam wird es um uns herum dunkel. Der Abendhimmel und die damit verbundene Stimmung machen einen solchen Familienausflug noch stimmungsvoller.<\/p>\n<p style=\"text-align: center;\"><a href=\"http:\/\/www.sabine-seyffert.de\/blog\/wp-content\/uploads\/2016\/12\/A-Gr\u00fcnewald-4.jpg\"><img loading=\"lazy\" decoding=\"async\" class=\"alignnone size-full wp-image-9114\" src=\"http:\/\/www.sabine-seyffert.de\/blog\/wp-content\/uploads\/2016\/12\/A-Gr\u00fcnewald-4.jpg\" alt=\"a-gruenewald-4\" width=\"600\" height=\"800\" srcset=\"https:\/\/www.sabine-seyffert.de\/blog\/wp-content\/uploads\/2016\/12\/A-Gr\u00fcnewald-4.jpg 600w, https:\/\/www.sabine-seyffert.de\/blog\/wp-content\/uploads\/2016\/12\/A-Gr\u00fcnewald-4-225x300.jpg 225w\" sizes=\"auto, (max-width: 600px) 100vw, 600px\" \/><\/a><\/p>\n<p style=\"text-align: justify;\">Das Gel\u00e4nde von Schloss Gr\u00fcnewald ist recht weitl\u00e4ufig und die kleinen, wei\u00dfen Zelte sind darauf verteilt. An den Wegen warten die f\u00fcr diesen Weihnachtsmarkt typischen Feuerk\u00f6rbe, die nicht nur f\u00fcr knisternde Weihnachtsstimmung und warmes Licht sondern auch f\u00fcr w\u00e4rmende H\u00e4nde sorgen \ud83d\ude09<\/p>\n<p style=\"text-align: center;\"><a href=\"http:\/\/www.sabine-seyffert.de\/blog\/wp-content\/uploads\/2016\/12\/A-Gr\u00fcnewald-3.jpg\"><img loading=\"lazy\" decoding=\"async\" class=\"alignnone size-full wp-image-9115\" src=\"http:\/\/www.sabine-seyffert.de\/blog\/wp-content\/uploads\/2016\/12\/A-Gr\u00fcnewald-3.jpg\" alt=\"a-gruenewald-3\" width=\"800\" height=\"600\" srcset=\"https:\/\/www.sabine-seyffert.de\/blog\/wp-content\/uploads\/2016\/12\/A-Gr\u00fcnewald-3.jpg 800w, https:\/\/www.sabine-seyffert.de\/blog\/wp-content\/uploads\/2016\/12\/A-Gr\u00fcnewald-3-300x225.jpg 300w, https:\/\/www.sabine-seyffert.de\/blog\/wp-content\/uploads\/2016\/12\/A-Gr\u00fcnewald-3-768x576.jpg 768w\" sizes=\"auto, (max-width: 800px) 100vw, 800px\" \/><\/a><\/p>\n<p style=\"text-align: justify;\">Unterwegs treffen wir gute Freude und genie\u00dfen gemeinsam einen hei\u00dfen Weihnachtspunsch, den es mit und auch ohne Alkohol gibt. So k\u00f6nnen auch die Kinder prima aufw\u00e4rmen und ihren Durst l\u00f6schen. Auch die kalten H\u00e4nde sind \u00fcber die warmen Getr\u00e4nke \u00e4u\u00dferst dankbar.<\/p>\n<p style=\"text-align: center;\"><a href=\"http:\/\/www.sabine-seyffert.de\/blog\/wp-content\/uploads\/2016\/12\/A-Gr\u00fcnewald-5.jpg\"><img loading=\"lazy\" decoding=\"async\" class=\"alignnone size-full wp-image-9116\" src=\"http:\/\/www.sabine-seyffert.de\/blog\/wp-content\/uploads\/2016\/12\/A-Gr\u00fcnewald-5.jpg\" alt=\"a-gruenewald-5\" width=\"600\" height=\"800\" srcset=\"https:\/\/www.sabine-seyffert.de\/blog\/wp-content\/uploads\/2016\/12\/A-Gr\u00fcnewald-5.jpg 600w, https:\/\/www.sabine-seyffert.de\/blog\/wp-content\/uploads\/2016\/12\/A-Gr\u00fcnewald-5-225x300.jpg 225w\" sizes=\"auto, (max-width: 600px) 100vw, 600px\" \/><\/a><\/p>\n<p style=\"text-align: justify;\">Wie immer ist das Angebot auf diesem Weihnachtsmarkt ausgesprochen abwechslungsreich und zum gr\u00f6\u00dften Teil sehr k\u00fcnstlerisch. In jedem Fall ist dieser Ort in der Weihnachtszeit immer einen Besuch wert. War von Euch schon mal jemand dort?<\/p>\n<p style=\"text-align: center;\"><a href=\"http:\/\/www.sabine-seyffert.de\/blog\/wp-content\/uploads\/2016\/12\/A-Gr\u00fcnewald-8.jpg\"><img loading=\"lazy\" decoding=\"async\" class=\"alignnone size-full wp-image-9117\" src=\"http:\/\/www.sabine-seyffert.de\/blog\/wp-content\/uploads\/2016\/12\/A-Gr\u00fcnewald-8.jpg\" alt=\"a-gruenewald-8\" width=\"600\" height=\"800\" srcset=\"https:\/\/www.sabine-seyffert.de\/blog\/wp-content\/uploads\/2016\/12\/A-Gr\u00fcnewald-8.jpg 600w, https:\/\/www.sabine-seyffert.de\/blog\/wp-content\/uploads\/2016\/12\/A-Gr\u00fcnewald-8-225x300.jpg 225w\" sizes=\"auto, (max-width: 600px) 100vw, 600px\" \/><\/a><\/p>\n<p style=\"text-align: justify;\">Ein ganz lieber Dank an Jasmin D\u00fcrkop, deren Kunstwerke ich fotografiert habe und die ich, mit ihrer Erlaubnis, hier netterweise zeigen darf. Ebenso ein Dankesch\u00f6n an Anke Peters, f\u00fcr die Genehmigung meine vom Weihnachtsmarkt gemachten Fotos hier ver\u00f6ffentlichen zu d\u00fcrfen!<\/p>\n<p style=\"text-align: center;\"><a href=\"http:\/\/www.sabine-seyffert.de\/blog\/wp-content\/uploads\/2016\/12\/A-Gr\u00fcnewald-7.jpg\"><img loading=\"lazy\" decoding=\"async\" class=\"alignnone size-full wp-image-9118\" src=\"http:\/\/www.sabine-seyffert.de\/blog\/wp-content\/uploads\/2016\/12\/A-Gr\u00fcnewald-7.jpg\" alt=\"a-gruenewald-7\" width=\"600\" height=\"800\" srcset=\"https:\/\/www.sabine-seyffert.de\/blog\/wp-content\/uploads\/2016\/12\/A-Gr\u00fcnewald-7.jpg 600w, https:\/\/www.sabine-seyffert.de\/blog\/wp-content\/uploads\/2016\/12\/A-Gr\u00fcnewald-7-225x300.jpg 225w\" sizes=\"auto, (max-width: 600px) 100vw, 600px\" \/><\/a><\/p>\n<p style=\"text-align: justify;\"><a href=\"http:\/\/www.sabine-seyffert.de\/blog\/?page_id=32#urheberrecht\">urheberrechtlich gesch\u00fctzt<\/a>, \u00a9 Sabine Seyffert<\/p>\n","protected":false},"excerpt":{"rendered":"<p>Dass ich zu denjenigen geh\u00f6re, die in der Adventszeit liebend gerne \u00fcber einen Weihnachtsmarkt schlendern, ist f\u00fcr viele von Euch sicher nichts Neues. Allerdings bin ich hierbei sehr w\u00e4hlerisch. Nicht jeder Weihnachtsmarkt sagt mir zu und das hektische Treiben auf manchen M\u00e4rkten ist leider auch nicht so meins. Von daher bin ich gerne auf solchen&#8230; <a href=\"https:\/\/www.sabine-seyffert.de\/blog\/auflugstipp-fuers-adventswochenende-romantischer-weihnachtsmarkt-auf-schloss-gruenewald-in-solingen\/\" class=\"more-link\">Read more: Auflugstipp f\u00fcrs Adventswochenende: Romantischer Weihnachtsmarkt auf Schloss Gr\u00fcnewald in Solingen<\/a><\/p>\n","protected":false},"author":2,"featured_media":0,"comment_status":"open","ping_status":"open","sticky":false,"template":"","format":"standard","meta":{"_metis_text_type":"","_metis_text_length":2393,"_post_count":0,"footnotes":""},"categories":[41,39],"tags":[],"class_list":["post-9109","post","type-post","status-publish","format-standard","hentry","category-weihnachten","category-ausfluge-co"],"_links":{"self":[{"href":"https:\/\/www.sabine-seyffert.de\/blog\/wp-json\/wp\/v2\/posts\/9109","targetHints":{"allow":["GET"]}}],"collection":[{"href":"https:\/\/www.sabine-seyffert.de\/blog\/wp-json\/wp\/v2\/posts"}],"about":[{"href":"https:\/\/www.sabine-seyffert.de\/blog\/wp-json\/wp\/v2\/types\/post"}],"author":[{"embeddable":true,"href":"https:\/\/www.sabine-seyffert.de\/blog\/wp-json\/wp\/v2\/users\/2"}],"replies":[{"embeddable":true,"href":"https:\/\/www.sabine-seyffert.de\/blog\/wp-json\/wp\/v2\/comments?post=9109"}],"version-history":[{"count":9,"href":"https:\/\/www.sabine-seyffert.de\/blog\/wp-json\/wp\/v2\/posts\/9109\/revisions"}],"predecessor-version":[{"id":12917,"href":"https:\/\/www.sabine-seyffert.de\/blog\/wp-json\/wp\/v2\/posts\/9109\/revisions\/12917"}],"wp:attachment":[{"href":"https:\/\/www.sabine-seyffert.de\/blog\/wp-json\/wp\/v2\/media?parent=9109"}],"wp:term":[{"taxonomy":"category","embeddable":true,"href":"https:\/\/www.sabine-seyffert.de\/blog\/wp-json\/wp\/v2\/categories?post=9109"},{"taxonomy":"post_tag","embeddable":true,"href":"https:\/\/www.sabine-seyffert.de\/blog\/wp-json\/wp\/v2\/tags?post=9109"}],"curies":[{"name":"wp","href":"https:\/\/api.w.org\/{rel}","templated":true}]}}