{"id":9070,"date":"2016-12-06T06:48:29","date_gmt":"2016-12-06T04:48:29","guid":{"rendered":"http:\/\/www.sabine-seyffert.de\/blog\/?p=9070"},"modified":"2022-11-13T12:40:20","modified_gmt":"2022-11-13T10:40:20","slug":"diy-bastelidee-klitzekleine-geschenkidee-weihnachten-to-go-weihnachtstueten-als-kleine-give-aways","status":"publish","type":"post","link":"https:\/\/www.sabine-seyffert.de\/blog\/diy-bastelidee-klitzekleine-geschenkidee-weihnachten-to-go-weihnachtstueten-als-kleine-give-aways\/","title":{"rendered":"DIY Bastelidee &#038; klitzekleine Geschenkidee: Weihnachten to go \u2013 Weihnachtst\u00fcten als kleine Give Aways"},"content":{"rendered":"<p style=\"text-align: justify;\"><img loading=\"lazy\" decoding=\"async\" src=\"https:\/\/ssl-vg03.met.vgwort.de\/na\/1199b489ad9f4dcbaa1a40e121f832a7\" alt=\"\" width=\"1\" height=\"1\" \/>Auf diesem Blog tummeln sich inzwischen eine Vielzahl an kleinen Geschenkideen f\u00fcr ganz unterschiedliche Anl\u00e4sse. Und da meine <a href=\"http:\/\/www.sabine-seyffert.de\/blog\/?p=6995\" target=\"_blank\" rel=\"noopener\">Ostert\u00fcten aus dieser Bastelanleitung<\/a> bei Euch so gut ankamen, m\u00f6chte ich Euch eine schnell gemachte Idee f\u00fcr die Weihnachtszeit pr\u00e4sentieren, mit denen wir in den letzten Jahren bereits allerhand Leute beschenkt haben. Diese kleinen Geschenkt\u00fcten sind nicht nur verh\u00e4ltnism\u00e4\u00dfig schnell gemacht, so dass man diese Bastelaktion auch in der mit Terminen gespickten Adventszeit problemlos anfertigen kann, sondern kosten auch nicht viel. Das hat den Vorteil, dass man diese auch in gr\u00f6\u00dferer St\u00fcckzahl herstellen kann, um damit nette Nachbarn, Erzieher oder Klassenlehrer und andere nette Menschen zu \u00fcberraschen.<\/p>\n<p style=\"text-align: center;\"><a href=\"http:\/\/www.sabine-seyffert.de\/blog\/wp-content\/uploads\/2016\/12\/Adventst\u00fcten-to-go-19.jpg\"><img loading=\"lazy\" decoding=\"async\" class=\"alignnone size-full wp-image-9071\" src=\"http:\/\/www.sabine-seyffert.de\/blog\/wp-content\/uploads\/2016\/12\/Adventst\u00fcten-to-go-19.jpg\" alt=\"adventstueten-to-go-19\" width=\"800\" height=\"600\" srcset=\"https:\/\/www.sabine-seyffert.de\/blog\/wp-content\/uploads\/2016\/12\/Adventst\u00fcten-to-go-19.jpg 800w, https:\/\/www.sabine-seyffert.de\/blog\/wp-content\/uploads\/2016\/12\/Adventst\u00fcten-to-go-19-300x225.jpg 300w, https:\/\/www.sabine-seyffert.de\/blog\/wp-content\/uploads\/2016\/12\/Adventst\u00fcten-to-go-19-768x576.jpg 768w\" sizes=\"auto, (max-width: 800px) 100vw, 800px\" \/><\/a><\/p>\n<p style=\"text-align: justify;\"><strong>Das wird gebraucht:<\/strong><br \/>\nPapiert\u00fcten, Papierreste, Motivlocher Stern &amp; Tannenbaum klein, N\u00e4hgarn, N\u00e4hmaschine, Schere, PC samt Drucker, Transparentpapier extra stark, Kopierpapier, ein paar N\u00fcsse, einen Stern (Zimtstern, Lebkuchen, Schokolade, selbst gebackener Keks in Sternform o.\u00e4.), eine T\u00fcte Weihnachtlichen Tee, ein Teelicht, ein Streifen Wellpappe und evtl. weitere Kleinigkeiten, die das Herz erfreuen<\/p>\n<p style=\"text-align: center;\"><a href=\"http:\/\/www.sabine-seyffert.de\/blog\/wp-content\/uploads\/2016\/12\/Adventst\u00fcten-to-go-18.jpg\"><img loading=\"lazy\" decoding=\"async\" class=\"alignnone size-full wp-image-9072\" src=\"http:\/\/www.sabine-seyffert.de\/blog\/wp-content\/uploads\/2016\/12\/Adventst\u00fcten-to-go-18.jpg\" alt=\"adventstueten-to-go-18\" width=\"800\" height=\"600\" srcset=\"https:\/\/www.sabine-seyffert.de\/blog\/wp-content\/uploads\/2016\/12\/Adventst\u00fcten-to-go-18.jpg 800w, https:\/\/www.sabine-seyffert.de\/blog\/wp-content\/uploads\/2016\/12\/Adventst\u00fcten-to-go-18-300x225.jpg 300w, https:\/\/www.sabine-seyffert.de\/blog\/wp-content\/uploads\/2016\/12\/Adventst\u00fcten-to-go-18-768x576.jpg 768w\" sizes=\"auto, (max-width: 800px) 100vw, 800px\" \/><\/a><\/p>\n<p style=\"text-align: justify;\"><strong>So wird\u2019s gemacht:<\/strong><br \/>\nUnsere T\u00fcten habe ich etwas aufw\u00e4ndiger gestaltet, die lassen sich aber auch per Hand beschriften, nach eigenen Vorstellungen und vorhandenem Material (weihnachtliche Sticker, Maskingtape, gekauften Anh\u00e4ngern u.a.m.) versch\u00f6nern.<\/p>\n<p style=\"text-align: center;\"><a href=\"http:\/\/www.sabine-seyffert.de\/blog\/wp-content\/uploads\/2016\/12\/Adventst\u00fcten-to-go-17.jpg\"><img loading=\"lazy\" decoding=\"async\" class=\"alignnone size-full wp-image-9073\" src=\"http:\/\/www.sabine-seyffert.de\/blog\/wp-content\/uploads\/2016\/12\/Adventst\u00fcten-to-go-17.jpg\" alt=\"adventstueten-to-go-17\" width=\"800\" height=\"600\" srcset=\"https:\/\/www.sabine-seyffert.de\/blog\/wp-content\/uploads\/2016\/12\/Adventst\u00fcten-to-go-17.jpg 800w, https:\/\/www.sabine-seyffert.de\/blog\/wp-content\/uploads\/2016\/12\/Adventst\u00fcten-to-go-17-300x225.jpg 300w, https:\/\/www.sabine-seyffert.de\/blog\/wp-content\/uploads\/2016\/12\/Adventst\u00fcten-to-go-17-768x576.jpg 768w\" sizes=\"auto, (max-width: 800px) 100vw, 800px\" \/><\/a><\/p>\n<p style=\"text-align: justify;\">W\u00e4hrend der Nachwuchs aus Papierresten unz\u00e4hlige Sterne ausgestanzt hat, habe ich ein kleines Gedicht ausgedruckt. Ebenso gut k\u00f6nnt Ihr daf\u00fcr eine sch\u00f6ne Weihnachtsgeschichte ausdrucken.<\/p>\n<p style=\"text-align: center;\"><a href=\"http:\/\/www.sabine-seyffert.de\/blog\/wp-content\/uploads\/2016\/12\/Adventst\u00fcten-to-go-13.jpg\"><img loading=\"lazy\" decoding=\"async\" class=\"alignnone size-full wp-image-9074\" src=\"http:\/\/www.sabine-seyffert.de\/blog\/wp-content\/uploads\/2016\/12\/Adventst\u00fcten-to-go-13.jpg\" alt=\"adventstueten-to-go-13\" width=\"800\" height=\"600\" srcset=\"https:\/\/www.sabine-seyffert.de\/blog\/wp-content\/uploads\/2016\/12\/Adventst\u00fcten-to-go-13.jpg 800w, https:\/\/www.sabine-seyffert.de\/blog\/wp-content\/uploads\/2016\/12\/Adventst\u00fcten-to-go-13-300x225.jpg 300w, https:\/\/www.sabine-seyffert.de\/blog\/wp-content\/uploads\/2016\/12\/Adventst\u00fcten-to-go-13-768x576.jpg 768w\" sizes=\"auto, (max-width: 800px) 100vw, 800px\" \/><\/a><\/p>\n<p style=\"text-align: justify;\">Au\u00dferdem habe ich auf einem Din A 4 Bogen festem Transparentpapier die &#8220;Gebrauchsanleitung&#8221; f\u00fcr die T\u00fcten ausgedruckt.<\/p>\n<p style=\"text-align: center;\"><a href=\"http:\/\/www.sabine-seyffert.de\/blog\/wp-content\/uploads\/2016\/12\/Adventst\u00fcten-to-go-12.jpg\"><img loading=\"lazy\" decoding=\"async\" class=\"alignnone size-full wp-image-9075\" src=\"http:\/\/www.sabine-seyffert.de\/blog\/wp-content\/uploads\/2016\/12\/Adventst\u00fcten-to-go-12.jpg\" alt=\"adventstueten-to-go-12\" width=\"800\" height=\"600\" srcset=\"https:\/\/www.sabine-seyffert.de\/blog\/wp-content\/uploads\/2016\/12\/Adventst\u00fcten-to-go-12.jpg 800w, https:\/\/www.sabine-seyffert.de\/blog\/wp-content\/uploads\/2016\/12\/Adventst\u00fcten-to-go-12-300x225.jpg 300w, https:\/\/www.sabine-seyffert.de\/blog\/wp-content\/uploads\/2016\/12\/Adventst\u00fcten-to-go-12-768x576.jpg 768w\" sizes=\"auto, (max-width: 800px) 100vw, 800px\" \/><\/a><\/p>\n<p style=\"text-align: justify;\">Anschlie\u00dfend habe ich alle gestanzten Sterne mit der Maschine zu einer langen Kette aneinander gen\u00e4ht. Die Kinder haben w\u00e4hrenddessen die Teelichter verziert und daf\u00fcr aus Wellpappe eine kleine Bord\u00fcre geschnitten und einen Mini Tannenbaum (ausgestanzt aus einem d\u00fcnnen Pappkarton) auf die Vorderseite geklebt.<\/p>\n<p style=\"text-align: center;\"><a href=\"http:\/\/www.sabine-seyffert.de\/blog\/wp-content\/uploads\/2016\/12\/Adventst\u00fcten-to-go-10.jpg\"><img loading=\"lazy\" decoding=\"async\" class=\"alignnone size-full wp-image-9076\" src=\"http:\/\/www.sabine-seyffert.de\/blog\/wp-content\/uploads\/2016\/12\/Adventst\u00fcten-to-go-10.jpg\" alt=\"adventstueten-to-go-10\" width=\"800\" height=\"600\" srcset=\"https:\/\/www.sabine-seyffert.de\/blog\/wp-content\/uploads\/2016\/12\/Adventst\u00fcten-to-go-10.jpg 800w, https:\/\/www.sabine-seyffert.de\/blog\/wp-content\/uploads\/2016\/12\/Adventst\u00fcten-to-go-10-300x225.jpg 300w, https:\/\/www.sabine-seyffert.de\/blog\/wp-content\/uploads\/2016\/12\/Adventst\u00fcten-to-go-10-768x576.jpg 768w\" sizes=\"auto, (max-width: 800px) 100vw, 800px\" \/><\/a><\/p>\n<p style=\"text-align: justify;\">In die T\u00fcten kamen ein paar N\u00fcsse, ein Teebeutel mit weihnachtlichem Tee, ein s\u00fc\u00dfer Stern zum Naschen, das verzierte Teelicht, Streichh\u00f6lzer, <a href=\"http:\/\/www.sabine-seyffert.de\/blog\/?p=11570\" target=\"_blank\" rel=\"noopener\">eine Sternenkette als Deko<\/a>, sowie die Geschichte.<\/p>\n<p style=\"text-align: center;\"><a href=\"http:\/\/www.sabine-seyffert.de\/blog\/wp-content\/uploads\/2016\/12\/Adventst\u00fcten-to-go-11.jpg\"><img loading=\"lazy\" decoding=\"async\" class=\"alignnone size-full wp-image-9077\" src=\"http:\/\/www.sabine-seyffert.de\/blog\/wp-content\/uploads\/2016\/12\/Adventst\u00fcten-to-go-11.jpg\" alt=\"adventstueten-to-go-11\" width=\"800\" height=\"600\" srcset=\"https:\/\/www.sabine-seyffert.de\/blog\/wp-content\/uploads\/2016\/12\/Adventst\u00fcten-to-go-11.jpg 800w, https:\/\/www.sabine-seyffert.de\/blog\/wp-content\/uploads\/2016\/12\/Adventst\u00fcten-to-go-11-300x225.jpg 300w, https:\/\/www.sabine-seyffert.de\/blog\/wp-content\/uploads\/2016\/12\/Adventst\u00fcten-to-go-11-768x576.jpg 768w\" sizes=\"auto, (max-width: 800px) 100vw, 800px\" \/><\/a><\/p>\n<p style=\"text-align: justify;\">Nachdem alle T\u00fcten bef\u00fcllt waren, habe ich diese am oberen Rand mit einer Zickzack Naht zusammengen\u00e4ht und dabei auch die auf Transparentpapier gedruckte Anleitung sowie ein St\u00fcck von der Sternenkette mit angebracht.<\/p>\n<p style=\"text-align: center;\"><a href=\"http:\/\/www.sabine-seyffert.de\/blog\/wp-content\/uploads\/2016\/12\/Adventst\u00fcten-to-go-14.jpg\"><img loading=\"lazy\" decoding=\"async\" class=\"alignnone size-full wp-image-9078\" src=\"http:\/\/www.sabine-seyffert.de\/blog\/wp-content\/uploads\/2016\/12\/Adventst\u00fcten-to-go-14.jpg\" alt=\"adventstueten-to-go-14\" width=\"800\" height=\"600\" srcset=\"https:\/\/www.sabine-seyffert.de\/blog\/wp-content\/uploads\/2016\/12\/Adventst\u00fcten-to-go-14.jpg 800w, https:\/\/www.sabine-seyffert.de\/blog\/wp-content\/uploads\/2016\/12\/Adventst\u00fcten-to-go-14-300x225.jpg 300w, https:\/\/www.sabine-seyffert.de\/blog\/wp-content\/uploads\/2016\/12\/Adventst\u00fcten-to-go-14-768x576.jpg 768w\" sizes=\"auto, (max-width: 800px) 100vw, 800px\" \/><\/a><\/p>\n<p style=\"text-align: justify;\">Fertig ist ein ganz stimmungsvolles Mitbringsel f\u00fcr die Adventszeit!<\/p>\n<p style=\"text-align: center;\"><a href=\"http:\/\/www.sabine-seyffert.de\/blog\/wp-content\/uploads\/2016\/12\/Adventst\u00fcten-to-go-3.jpg\"><img loading=\"lazy\" decoding=\"async\" class=\"alignnone size-full wp-image-9079\" src=\"http:\/\/www.sabine-seyffert.de\/blog\/wp-content\/uploads\/2016\/12\/Adventst\u00fcten-to-go-3.jpg\" alt=\"adventstueten-to-go-3\" width=\"600\" height=\"800\" srcset=\"https:\/\/www.sabine-seyffert.de\/blog\/wp-content\/uploads\/2016\/12\/Adventst\u00fcten-to-go-3.jpg 600w, https:\/\/www.sabine-seyffert.de\/blog\/wp-content\/uploads\/2016\/12\/Adventst\u00fcten-to-go-3-225x300.jpg 225w\" sizes=\"auto, (max-width: 600px) 100vw, 600px\" \/><\/a><\/p>\n<p style=\"text-align: justify;\">Weitere Ideen f\u00fcr kleine Geschenke findet Ihr in <a href=\"http:\/\/www.sabine-seyffert.de\/blog\/?cat=36\" target=\"_blank\" rel=\"noopener\">dieser Rubrik<\/a>, allerhand rund um Weihnachten <a href=\"http:\/\/www.sabine-seyffert.de\/blog\/?cat=41\" target=\"_blank\" rel=\"noopener\">hier<\/a>, Anleitungen f\u00fcr ausgefallene Geschenkverpackungen dort und Kreatives <a href=\"http:\/\/www.creadienstag.de\/2016\/11\/256.html\" target=\"_blank\" rel=\"noopener\">da<\/a>.<\/p>\n<p style=\"text-align: center;\"><a href=\"http:\/\/www.sabine-seyffert.de\/blog\/wp-content\/uploads\/2016\/12\/Adventst\u00fcten-to-go-8.jpg\"><img loading=\"lazy\" decoding=\"async\" class=\"alignnone size-full wp-image-9080\" src=\"http:\/\/www.sabine-seyffert.de\/blog\/wp-content\/uploads\/2016\/12\/Adventst\u00fcten-to-go-8.jpg\" alt=\"adventstueten-to-go-8\" width=\"800\" height=\"600\" srcset=\"https:\/\/www.sabine-seyffert.de\/blog\/wp-content\/uploads\/2016\/12\/Adventst\u00fcten-to-go-8.jpg 800w, https:\/\/www.sabine-seyffert.de\/blog\/wp-content\/uploads\/2016\/12\/Adventst\u00fcten-to-go-8-300x225.jpg 300w, https:\/\/www.sabine-seyffert.de\/blog\/wp-content\/uploads\/2016\/12\/Adventst\u00fcten-to-go-8-768x576.jpg 768w\" sizes=\"auto, (max-width: 800px) 100vw, 800px\" \/><\/a><\/p>\n<p><a href=\"http:\/\/www.sabine-seyffert.de\/blog\/?page_id=32#urheberrecht\">urheberrechtlich gesch\u00fctzt<\/a>, \u00a9 Sabine Seyffert<\/p>\n","protected":false},"excerpt":{"rendered":"<p>Auf diesem Blog tummeln sich inzwischen eine Vielzahl an kleinen Geschenkideen f\u00fcr ganz unterschiedliche Anl\u00e4sse. Und da meine Ostert\u00fcten aus dieser Bastelanleitung bei Euch so gut ankamen, m\u00f6chte ich Euch eine schnell gemachte Idee f\u00fcr die Weihnachtszeit pr\u00e4sentieren, mit denen wir in den letzten Jahren bereits allerhand Leute beschenkt haben. Diese kleinen Geschenkt\u00fcten sind nicht&#8230; <a href=\"https:\/\/www.sabine-seyffert.de\/blog\/diy-bastelidee-klitzekleine-geschenkidee-weihnachten-to-go-weihnachtstueten-als-kleine-give-aways\/\" class=\"more-link\">Read more: DIY Bastelidee &#038; klitzekleine Geschenkidee: Weihnachten to go \u2013 Weihnachtst\u00fcten als kleine Give Aways<\/a><\/p>\n","protected":false},"author":2,"featured_media":0,"comment_status":"open","ping_status":"open","sticky":false,"template":"","format":"standard","meta":{"_metis_text_type":"","_metis_text_length":2720,"_post_count":0,"footnotes":""},"categories":[41,36,49],"tags":[],"class_list":["post-9070","post","type-post","status-publish","format-standard","hentry","category-weihnachten","category-klitzekleine-geschenkideen","category-verpackungsideen"],"_links":{"self":[{"href":"https:\/\/www.sabine-seyffert.de\/blog\/wp-json\/wp\/v2\/posts\/9070","targetHints":{"allow":["GET"]}}],"collection":[{"href":"https:\/\/www.sabine-seyffert.de\/blog\/wp-json\/wp\/v2\/posts"}],"about":[{"href":"https:\/\/www.sabine-seyffert.de\/blog\/wp-json\/wp\/v2\/types\/post"}],"author":[{"embeddable":true,"href":"https:\/\/www.sabine-seyffert.de\/blog\/wp-json\/wp\/v2\/users\/2"}],"replies":[{"embeddable":true,"href":"https:\/\/www.sabine-seyffert.de\/blog\/wp-json\/wp\/v2\/comments?post=9070"}],"version-history":[{"count":12,"href":"https:\/\/www.sabine-seyffert.de\/blog\/wp-json\/wp\/v2\/posts\/9070\/revisions"}],"predecessor-version":[{"id":24414,"href":"https:\/\/www.sabine-seyffert.de\/blog\/wp-json\/wp\/v2\/posts\/9070\/revisions\/24414"}],"wp:attachment":[{"href":"https:\/\/www.sabine-seyffert.de\/blog\/wp-json\/wp\/v2\/media?parent=9070"}],"wp:term":[{"taxonomy":"category","embeddable":true,"href":"https:\/\/www.sabine-seyffert.de\/blog\/wp-json\/wp\/v2\/categories?post=9070"},{"taxonomy":"post_tag","embeddable":true,"href":"https:\/\/www.sabine-seyffert.de\/blog\/wp-json\/wp\/v2\/tags?post=9070"}],"curies":[{"name":"wp","href":"https:\/\/api.w.org\/{rel}","templated":true}]}}