{"id":9024,"date":"2016-12-02T20:49:55","date_gmt":"2016-12-02T18:49:55","guid":{"rendered":"http:\/\/www.sabine-seyffert.de\/blog\/?p=9024"},"modified":"2018-06-27T10:48:19","modified_gmt":"2018-06-27T08:48:19","slug":"ausflugstipp-fuer-familien-der-advent-ist-da-kommt-mit-zum-weihnachtsmarkt-schloss-moyland","status":"publish","type":"post","link":"https:\/\/www.sabine-seyffert.de\/blog\/ausflugstipp-fuer-familien-der-advent-ist-da-kommt-mit-zum-weihnachtsmarkt-schloss-moyland\/","title":{"rendered":"Ausflugstipp f\u00fcr Familien: Der Advent ist da, kommt mit zum Weihnachtsmarkt Schloss Moyland"},"content":{"rendered":"<p style=\"text-align: justify;\"><img loading=\"lazy\" decoding=\"async\" src=\"https:\/\/ssl-vg03.met.vgwort.de\/na\/7d0d2e00aba64e8b85436f92c72bca45\" alt=\"\" width=\"1\" height=\"1\" \/>Von <a href=\"http:\/\/www.sabine-seyffert.de\/blog\/?p=8891\" target=\"_blank\" rel=\"noopener\">Kranenburg<\/a> aus, haben wir nicht nur <a href=\"http:\/\/www.sabine-seyffert.de\/blog\/?p=8951\" target=\"_blank\" rel=\"noopener\">Nijmegen<\/a> besucht, sondern uns auf den Weg <a href=\"https:\/\/de.wikipedia.org\/wiki\/Schloss_Moyland\" target=\"_blank\" rel=\"noopener\">zum Schloss<\/a> gemacht. Dort kann man auf einem der gro\u00dfz\u00fcgigen Parkpl\u00e4tze parken und von da aus zu Fu\u00df zum Eingang marschieren.<\/p>\n<p style=\"text-align: center;\"><a href=\"http:\/\/www.sabine-seyffert.de\/blog\/wp-content\/uploads\/2016\/12\/A-Moyland-0.jpg\"><img loading=\"lazy\" decoding=\"async\" class=\"alignnone size-full wp-image-9027\" src=\"http:\/\/www.sabine-seyffert.de\/blog\/wp-content\/uploads\/2016\/12\/A-Moyland-0.jpg\" alt=\"a-moyland-0\" width=\"600\" height=\"800\" srcset=\"https:\/\/www.sabine-seyffert.de\/blog\/wp-content\/uploads\/2016\/12\/A-Moyland-0.jpg 600w, https:\/\/www.sabine-seyffert.de\/blog\/wp-content\/uploads\/2016\/12\/A-Moyland-0-225x300.jpg 225w\" sizes=\"auto, (max-width: 600px) 100vw, 600px\" \/><\/a><\/p>\n<p style=\"text-align: justify;\">Es gibt mehrere Kassenh\u00e4uschen, so dass es keine langen Warteschlangen gibt. Der Eingang zum Schlosspark liegt gleich hinter dem Museumsshop. Der breite Weg ist von B\u00e4umen ges\u00e4umt und \u00fcberall leuchten Lichterketten, so dass man auch im Dunkeln den Weg erkennt.<\/p>\n<p style=\"text-align: center;\"><a href=\"http:\/\/www.sabine-seyffert.de\/blog\/wp-content\/uploads\/2016\/12\/A-Moyland-2.jpg\"><img loading=\"lazy\" decoding=\"async\" class=\"alignnone size-full wp-image-9028\" src=\"http:\/\/www.sabine-seyffert.de\/blog\/wp-content\/uploads\/2016\/12\/A-Moyland-2.jpg\" alt=\"a-moyland-2\" width=\"800\" height=\"600\" srcset=\"https:\/\/www.sabine-seyffert.de\/blog\/wp-content\/uploads\/2016\/12\/A-Moyland-2.jpg 800w, https:\/\/www.sabine-seyffert.de\/blog\/wp-content\/uploads\/2016\/12\/A-Moyland-2-300x225.jpg 300w, https:\/\/www.sabine-seyffert.de\/blog\/wp-content\/uploads\/2016\/12\/A-Moyland-2-768x576.jpg 768w\" sizes=\"auto, (max-width: 800px) 100vw, 800px\" \/><\/a><\/p>\n<p style=\"text-align: justify;\">Am ersten Stand, der uns begegnet, gibt es nicht nur frischen Streuselstuten und gebackene Weckm\u00e4nner zu kaufen, sondern auch knusprige Weihnachtsm\u00e4nner.<\/p>\n<p style=\"text-align: center;\"><a href=\"http:\/\/www.sabine-seyffert.de\/blog\/wp-content\/uploads\/2016\/12\/A-Moyland-3.jpg\"><img loading=\"lazy\" decoding=\"async\" class=\"alignnone size-full wp-image-9029\" src=\"http:\/\/www.sabine-seyffert.de\/blog\/wp-content\/uploads\/2016\/12\/A-Moyland-3.jpg\" alt=\"a-moyland-3\" width=\"600\" height=\"800\" srcset=\"https:\/\/www.sabine-seyffert.de\/blog\/wp-content\/uploads\/2016\/12\/A-Moyland-3.jpg 600w, https:\/\/www.sabine-seyffert.de\/blog\/wp-content\/uploads\/2016\/12\/A-Moyland-3-225x300.jpg 225w\" sizes=\"auto, (max-width: 600px) 100vw, 600px\" \/><\/a><\/p>\n<p style=\"text-align: justify;\">Rechts und links des Weges findet man die Weihnachtsmarktst\u00e4nde, aber auch Geb\u00e4ude, in denen man sich umschauen kann.<\/p>\n<p style=\"text-align: center;\"><a href=\"http:\/\/www.sabine-seyffert.de\/blog\/wp-content\/uploads\/2016\/12\/A-Moyland-5.jpg\"><img loading=\"lazy\" decoding=\"async\" class=\"alignnone size-full wp-image-9030\" src=\"http:\/\/www.sabine-seyffert.de\/blog\/wp-content\/uploads\/2016\/12\/A-Moyland-5.jpg\" alt=\"a-moyland-5\" width=\"600\" height=\"800\" srcset=\"https:\/\/www.sabine-seyffert.de\/blog\/wp-content\/uploads\/2016\/12\/A-Moyland-5.jpg 600w, https:\/\/www.sabine-seyffert.de\/blog\/wp-content\/uploads\/2016\/12\/A-Moyland-5-225x300.jpg 225w\" sizes=\"auto, (max-width: 600px) 100vw, 600px\" \/><\/a><\/p>\n<p style=\"text-align: center; font-size: 9pt;\">Fl\u00fcgel von <a href=\"http:\/\/atelier-ina-grave.de\/\" target=\"_blank\" rel=\"noopener\">Atelier Ina Grave<\/a><\/p>\n<p style=\"text-align: justify;\">An den St\u00e4nden, wo es Getr\u00e4nke oder auch k\u00f6stliche Snacks gibt, sind Stehtische zu finden, die allesamt liebevoll geschm\u00fcckt und dekoriert sind. Zahlreiche Laternen und Windlichter leuchten durch die Dunkelheit und sorgen f\u00fcr eine ganz stimmungsvolle Atmosph\u00e4re.<\/p>\n<p style=\"text-align: center;\"><a href=\"http:\/\/www.sabine-seyffert.de\/blog\/wp-content\/uploads\/2016\/12\/A-Moyland-7.jpg\"><img loading=\"lazy\" decoding=\"async\" class=\"alignnone size-full wp-image-9031\" src=\"http:\/\/www.sabine-seyffert.de\/blog\/wp-content\/uploads\/2016\/12\/A-Moyland-7.jpg\" alt=\"a-moyland-7\" width=\"600\" height=\"800\" srcset=\"https:\/\/www.sabine-seyffert.de\/blog\/wp-content\/uploads\/2016\/12\/A-Moyland-7.jpg 600w, https:\/\/www.sabine-seyffert.de\/blog\/wp-content\/uploads\/2016\/12\/A-Moyland-7-225x300.jpg 225w\" sizes=\"auto, (max-width: 600px) 100vw, 600px\" \/><\/a><\/p>\n<p style=\"text-align: justify;\">Dann liegt das pr\u00e4chtige Schloss vor uns, das von Wasser umgeben ist und in der Dunkelheit von Licht angestrahlt wird. Ein ganz wunderbarer Anblick!<\/p>\n<p style=\"text-align: center;\"><a href=\"http:\/\/www.sabine-seyffert.de\/blog\/wp-content\/uploads\/2016\/12\/A-Moyland-10.jpg\"><img loading=\"lazy\" decoding=\"async\" class=\"alignnone size-full wp-image-9032\" src=\"http:\/\/www.sabine-seyffert.de\/blog\/wp-content\/uploads\/2016\/12\/A-Moyland-10.jpg\" alt=\"a-moyland-10\" width=\"600\" height=\"800\" srcset=\"https:\/\/www.sabine-seyffert.de\/blog\/wp-content\/uploads\/2016\/12\/A-Moyland-10.jpg 600w, https:\/\/www.sabine-seyffert.de\/blog\/wp-content\/uploads\/2016\/12\/A-Moyland-10-225x300.jpg 225w\" sizes=\"auto, (max-width: 600px) 100vw, 600px\" \/><\/a><\/p>\n<p style=\"text-align: justify;\">An den St\u00e4nden werden meist ausgefallene Sachen angeboten: Tolle Stempel in au\u00dfergew\u00f6hnlichen Motiven mit denen man seine weihnachtliche Post, selbst gemachte Anh\u00e4nger und Briefe verzieren kann, handgeschnitze Schreibger\u00e4te, Werkzeug aus Schokolade, das t\u00e4uschend echt ausschaut, kunstvolle Marionetten, gefilzte Tiere, Schmuck, handgefertigte Spiele und andere, weihnachtliche Sachen.<\/p>\n<p style=\"text-align: center;\"><a href=\"http:\/\/www.sabine-seyffert.de\/blog\/wp-content\/uploads\/2016\/12\/A-Moyland-8.jpg\"><img loading=\"lazy\" decoding=\"async\" class=\"alignnone size-full wp-image-9034\" src=\"http:\/\/www.sabine-seyffert.de\/blog\/wp-content\/uploads\/2016\/12\/A-Moyland-8.jpg\" alt=\"a-moyland-8\" width=\"600\" height=\"800\" srcset=\"https:\/\/www.sabine-seyffert.de\/blog\/wp-content\/uploads\/2016\/12\/A-Moyland-8.jpg 600w, https:\/\/www.sabine-seyffert.de\/blog\/wp-content\/uploads\/2016\/12\/A-Moyland-8-225x300.jpg 225w\" sizes=\"auto, (max-width: 600px) 100vw, 600px\" \/><\/a><\/p>\n<p style=\"text-align: center; font-size: 9pt;\">Leuchte &#8220;Pensch&#8221; von <a href=\"https:\/\/www.atelier51.de\/\" target=\"_blank\" rel=\"noopener\">Atelier 51<\/a> \/ Stefan Peltzer<\/p>\n<p style=\"text-align: justify;\">Ein Stand hat es mir besonders angetan, hier darf man sich \u201eEngel\u201c pfl\u00fccken, die einfach himmlisch aussehen und auf ganz besondere Weise hergestellt wurden. Die K\u00fcnstlerin hat mir das Geheimnis verraten und ich war sehr \u00fcberrascht!<\/p>\n<p style=\"text-align: center;\"><a href=\"http:\/\/www.sabine-seyffert.de\/blog\/wp-content\/uploads\/2016\/12\/A-Moyland-14.jpg\"><img loading=\"lazy\" decoding=\"async\" class=\"alignnone size-full wp-image-9035\" src=\"http:\/\/www.sabine-seyffert.de\/blog\/wp-content\/uploads\/2016\/12\/A-Moyland-14.jpg\" alt=\"a-moyland-14\" width=\"800\" height=\"600\" srcset=\"https:\/\/www.sabine-seyffert.de\/blog\/wp-content\/uploads\/2016\/12\/A-Moyland-14.jpg 800w, https:\/\/www.sabine-seyffert.de\/blog\/wp-content\/uploads\/2016\/12\/A-Moyland-14-300x225.jpg 300w, https:\/\/www.sabine-seyffert.de\/blog\/wp-content\/uploads\/2016\/12\/A-Moyland-14-768x576.jpg 768w\" sizes=\"auto, (max-width: 800px) 100vw, 800px\" \/><\/a><\/p>\n<p style=\"text-align: center; font-size: 9pt;\">Engel von Atelier <a href=\"http:\/\/simone-kamm.de\/\" target=\"_blank\" rel=\"noopener\">Simone Kamm<\/a><\/p>\n<p style=\"text-align: justify;\">Leider darf man an den meisten St\u00e4nden nicht fotografieren, da es sich um Unikate handelt.<\/p>\n<p style=\"text-align: center;\"><a href=\"http:\/\/www.sabine-seyffert.de\/blog\/wp-content\/uploads\/2016\/12\/A-Moyland-9.jpg\"><img loading=\"lazy\" decoding=\"async\" class=\"alignnone size-full wp-image-9036\" src=\"http:\/\/www.sabine-seyffert.de\/blog\/wp-content\/uploads\/2016\/12\/A-Moyland-9.jpg\" alt=\"a-moyland-9\" width=\"600\" height=\"800\" srcset=\"https:\/\/www.sabine-seyffert.de\/blog\/wp-content\/uploads\/2016\/12\/A-Moyland-9.jpg 600w, https:\/\/www.sabine-seyffert.de\/blog\/wp-content\/uploads\/2016\/12\/A-Moyland-9-225x300.jpg 225w\" sizes=\"auto, (max-width: 600px) 100vw, 600px\" \/><\/a><\/p>\n<p style=\"text-align: justify;\">In einem gr\u00f6\u00dferen Geb\u00e4ude sind allerhand St\u00e4nde zu finden, an denen es Dinge aus Papier gibt: Postkarten, ausgefallenes Geschenkpapier, stimmungsvolle Papierleuchten, Anh\u00e4nger, Baumschmuck und auch Notizb\u00fccher, in Form von Buchstaben!<\/p>\n<p style=\"text-align: center;\"><a href=\"http:\/\/www.sabine-seyffert.de\/blog\/wp-content\/uploads\/2016\/12\/A-Moyland-12.jpg\"><img loading=\"lazy\" decoding=\"async\" class=\"alignnone size-full wp-image-9037\" src=\"http:\/\/www.sabine-seyffert.de\/blog\/wp-content\/uploads\/2016\/12\/A-Moyland-12.jpg\" alt=\"a-moyland-12\" width=\"800\" height=\"600\" srcset=\"https:\/\/www.sabine-seyffert.de\/blog\/wp-content\/uploads\/2016\/12\/A-Moyland-12.jpg 800w, https:\/\/www.sabine-seyffert.de\/blog\/wp-content\/uploads\/2016\/12\/A-Moyland-12-300x225.jpg 300w, https:\/\/www.sabine-seyffert.de\/blog\/wp-content\/uploads\/2016\/12\/A-Moyland-12-768x576.jpg 768w\" sizes=\"auto, (max-width: 800px) 100vw, 800px\" \/><\/a><\/p>\n<p style=\"text-align: justify;\">Dieser Weihnachtsmarkt ist sehr gro\u00df, abwechslungsreich und weitl\u00e4ufig. Im Gegensatz zu anderen M\u00e4rkten herrscht hier eben kein gro\u00dfes Gedr\u00e4nge und lange Schlangen, weil sich die Besucher ganz gut verteilen.<\/p>\n<p style=\"text-align: center;\"><a href=\"http:\/\/www.sabine-seyffert.de\/blog\/wp-content\/uploads\/2016\/12\/A-Moyland-17.jpg\"><img loading=\"lazy\" decoding=\"async\" class=\"alignnone size-full wp-image-9038\" src=\"http:\/\/www.sabine-seyffert.de\/blog\/wp-content\/uploads\/2016\/12\/A-Moyland-17.jpg\" alt=\"a-moyland-17\" width=\"800\" height=\"600\" srcset=\"https:\/\/www.sabine-seyffert.de\/blog\/wp-content\/uploads\/2016\/12\/A-Moyland-17.jpg 800w, https:\/\/www.sabine-seyffert.de\/blog\/wp-content\/uploads\/2016\/12\/A-Moyland-17-300x225.jpg 300w, https:\/\/www.sabine-seyffert.de\/blog\/wp-content\/uploads\/2016\/12\/A-Moyland-17-768x576.jpg 768w\" sizes=\"auto, (max-width: 800px) 100vw, 800px\" \/><\/a><\/p>\n<p style=\"text-align: justify;\">In jedem Fall kann ich diesen Weihnachtsmarkt sehr empfehlen, es ist ein Erlebnis und der Schlosspark samt Schloss und Wassergraben bilden eine wirklich tolle Umgebung. War von Euch schon jemand dort?<\/p>\n<p style=\"text-align: center;\"><a href=\"http:\/\/www.sabine-seyffert.de\/blog\/wp-content\/uploads\/2016\/12\/A-Moyland-18.jpg\"><img loading=\"lazy\" decoding=\"async\" class=\"alignnone size-full wp-image-9039\" src=\"http:\/\/www.sabine-seyffert.de\/blog\/wp-content\/uploads\/2016\/12\/A-Moyland-18.jpg\" alt=\"a-moyland-18\" width=\"800\" height=\"600\" srcset=\"https:\/\/www.sabine-seyffert.de\/blog\/wp-content\/uploads\/2016\/12\/A-Moyland-18.jpg 800w, https:\/\/www.sabine-seyffert.de\/blog\/wp-content\/uploads\/2016\/12\/A-Moyland-18-300x225.jpg 300w, https:\/\/www.sabine-seyffert.de\/blog\/wp-content\/uploads\/2016\/12\/A-Moyland-18-768x576.jpg 768w\" sizes=\"auto, (max-width: 800px) 100vw, 800px\" \/><\/a><\/p>\n<p style=\"text-align: justify;\">Ein herzlicher Dank an die drei unter den Fotos angegebenen &amp; verlinkten K\u00fcnstlern sowie Sofia Tuchard von Schloss Moyland f\u00fcr die freundliche Erlaubnis meine Fotos hier ver\u00f6ffentlichen zu d\u00fcrfen!<\/p>\n<p><a href=\"http:\/\/www.sabine-seyffert.de\/blog\/?page_id=32#urheberrecht\">urheberrechtlich gesch\u00fctzt<\/a>, \u00a9 Sabine Seyffert<\/p>\n","protected":false},"excerpt":{"rendered":"<p>Von Kranenburg aus, haben wir nicht nur Nijmegen besucht, sondern uns auf den Weg zum Schloss gemacht. Dort kann man auf einem der gro\u00dfz\u00fcgigen Parkpl\u00e4tze parken und von da aus zu Fu\u00df zum Eingang marschieren. Es gibt mehrere Kassenh\u00e4uschen, so dass es keine langen Warteschlangen gibt. Der Eingang zum Schlosspark liegt gleich hinter dem Museumsshop&#8230;. <a href=\"https:\/\/www.sabine-seyffert.de\/blog\/ausflugstipp-fuer-familien-der-advent-ist-da-kommt-mit-zum-weihnachtsmarkt-schloss-moyland\/\" class=\"more-link\">Read more: Ausflugstipp f\u00fcr Familien: Der Advent ist da, kommt mit zum Weihnachtsmarkt Schloss Moyland<\/a><\/p>\n","protected":false},"author":2,"featured_media":0,"comment_status":"open","ping_status":"open","sticky":false,"template":"","format":"standard","meta":{"_metis_text_type":"","_metis_text_length":2872,"_post_count":0,"footnotes":""},"categories":[41,39,38],"tags":[],"class_list":["post-9024","post","type-post","status-publish","format-standard","hentry","category-weihnachten","category-ausfluge-co","category-ferien"],"_links":{"self":[{"href":"https:\/\/www.sabine-seyffert.de\/blog\/wp-json\/wp\/v2\/posts\/9024","targetHints":{"allow":["GET"]}}],"collection":[{"href":"https:\/\/www.sabine-seyffert.de\/blog\/wp-json\/wp\/v2\/posts"}],"about":[{"href":"https:\/\/www.sabine-seyffert.de\/blog\/wp-json\/wp\/v2\/types\/post"}],"author":[{"embeddable":true,"href":"https:\/\/www.sabine-seyffert.de\/blog\/wp-json\/wp\/v2\/users\/2"}],"replies":[{"embeddable":true,"href":"https:\/\/www.sabine-seyffert.de\/blog\/wp-json\/wp\/v2\/comments?post=9024"}],"version-history":[{"count":10,"href":"https:\/\/www.sabine-seyffert.de\/blog\/wp-json\/wp\/v2\/posts\/9024\/revisions"}],"predecessor-version":[{"id":12918,"href":"https:\/\/www.sabine-seyffert.de\/blog\/wp-json\/wp\/v2\/posts\/9024\/revisions\/12918"}],"wp:attachment":[{"href":"https:\/\/www.sabine-seyffert.de\/blog\/wp-json\/wp\/v2\/media?parent=9024"}],"wp:term":[{"taxonomy":"category","embeddable":true,"href":"https:\/\/www.sabine-seyffert.de\/blog\/wp-json\/wp\/v2\/categories?post=9024"},{"taxonomy":"post_tag","embeddable":true,"href":"https:\/\/www.sabine-seyffert.de\/blog\/wp-json\/wp\/v2\/tags?post=9024"}],"curies":[{"name":"wp","href":"https:\/\/api.w.org\/{rel}","templated":true}]}}