{"id":8995,"date":"2016-11-29T06:44:53","date_gmt":"2016-11-29T04:44:53","guid":{"rendered":"http:\/\/www.sabine-seyffert.de\/blog\/?p=8995"},"modified":"2017-03-01T10:47:54","modified_gmt":"2017-03-01T08:47:54","slug":"upcycling-idee-diy-fuer-nikolaus-weihnachtlicher-bastelspass-mit-walnuessen-und-die-ideale-verpackung","status":"publish","type":"post","link":"https:\/\/www.sabine-seyffert.de\/blog\/upcycling-idee-diy-fuer-nikolaus-weihnachtlicher-bastelspass-mit-walnuessen-und-die-ideale-verpackung\/","title":{"rendered":"Upcycling Idee &#038; DIY f\u00fcr Nikolaus \u2013Weihnachtlicher Bastelspa\u00df mit Waln\u00fcssen und die ideale Verpackung"},"content":{"rendered":"<p style=\"text-align: justify;\"><img loading=\"lazy\" decoding=\"async\" src=\"https:\/\/ssl-vg03.met.vgwort.de\/na\/f315f0be12584c929978dd2531100010\" alt=\"\" width=\"1\" height=\"1\" \/>In der Adventszeit gibt es bei uns meist einen gro\u00dfen Teller mit N\u00fcssen. Irgendwie macht das N\u00fcsse knacken bei Kerzenschein immer besonders viel Spa\u00df. Da sich bei der letzten Nussknackerei allerhand Schalen angesammelt haben, kam mir die Idee zu einem fr\u00f6hlichen Nikolaus Upcycling, dass sich nicht nur als stimmungsvolle Deko prima eignet, sondern ein tolles \u201egeheim\u201c Versteck f\u00fcr eine kleine Nikolaus\u00fcberraschung abgibt.<\/p>\n<p style=\"text-align: center;\"><a href=\"http:\/\/www.sabine-seyffert.de\/blog\/wp-content\/uploads\/2016\/11\/Nikolaus-aus-Walnuss-9.jpg\"><img loading=\"lazy\" decoding=\"async\" class=\"alignnone size-full wp-image-8996\" src=\"http:\/\/www.sabine-seyffert.de\/blog\/wp-content\/uploads\/2016\/11\/Nikolaus-aus-Walnuss-9.jpg\" alt=\"nikolaus-aus-walnuss-9\" width=\"800\" height=\"600\" srcset=\"https:\/\/www.sabine-seyffert.de\/blog\/wp-content\/uploads\/2016\/11\/Nikolaus-aus-Walnuss-9.jpg 800w, https:\/\/www.sabine-seyffert.de\/blog\/wp-content\/uploads\/2016\/11\/Nikolaus-aus-Walnuss-9-300x225.jpg 300w, https:\/\/www.sabine-seyffert.de\/blog\/wp-content\/uploads\/2016\/11\/Nikolaus-aus-Walnuss-9-768x576.jpg 768w\" sizes=\"auto, (max-width: 800px) 100vw, 800px\" \/><\/a><\/p>\n<p style=\"text-align: justify;\"><strong>Das wird gebraucht:<\/strong><br \/>\nPro \u201eNikolaus\u201c zwei Walnussschalenh\u00e4lften, Papier, Stift, Schere, ein St\u00fcck Geschenkband, zwei kleine naturfarbene Holzperlen, 1 rote Holzperle, Pinsel, roter Acryllack, Watte sowie eine Hei\u00dfklebepistole samt Klebepatrone<\/p>\n<p style=\"text-align: center;\"><a href=\"http:\/\/www.sabine-seyffert.de\/blog\/wp-content\/uploads\/2016\/11\/Nikolaus-aus-Walnuss-3.jpg\"><img loading=\"lazy\" decoding=\"async\" class=\"alignnone size-full wp-image-8997\" src=\"http:\/\/www.sabine-seyffert.de\/blog\/wp-content\/uploads\/2016\/11\/Nikolaus-aus-Walnuss-3.jpg\" alt=\"nikolaus-aus-walnuss-3\" width=\"800\" height=\"600\" srcset=\"https:\/\/www.sabine-seyffert.de\/blog\/wp-content\/uploads\/2016\/11\/Nikolaus-aus-Walnuss-3.jpg 800w, https:\/\/www.sabine-seyffert.de\/blog\/wp-content\/uploads\/2016\/11\/Nikolaus-aus-Walnuss-3-300x225.jpg 300w, https:\/\/www.sabine-seyffert.de\/blog\/wp-content\/uploads\/2016\/11\/Nikolaus-aus-Walnuss-3-768x576.jpg 768w\" sizes=\"auto, (max-width: 800px) 100vw, 800px\" \/><\/a><\/p>\n<p style=\"text-align: justify;\"><strong>So wird\u2019s gemacht:<\/strong><br \/>\nWie w\u00e4re es denn mit einem Gutschein als Nikolaus\u00fcberraschung? Vielleicht f\u00fcr ein gemeinsames Pl\u00e4tzchenbacken, ein Nachmittag auf der Schlittschuhbahn, einen Besuch im Kindertheater oder einen Bummel auf dem Weihnachtsmarkt? In dem Fall h\u00e4tte ich die passende \u201eGeschenkverpackung\u201c daf\u00fcr.<\/p>\n<p style=\"text-align: center;\"><a href=\"http:\/\/www.sabine-seyffert.de\/blog\/wp-content\/uploads\/2016\/11\/Nikolaus-aus-Walnuss-5.jpg\"><img loading=\"lazy\" decoding=\"async\" class=\"alignnone size-full wp-image-8998\" src=\"http:\/\/www.sabine-seyffert.de\/blog\/wp-content\/uploads\/2016\/11\/Nikolaus-aus-Walnuss-5.jpg\" alt=\"nikolaus-aus-walnuss-5\" width=\"800\" height=\"600\" srcset=\"https:\/\/www.sabine-seyffert.de\/blog\/wp-content\/uploads\/2016\/11\/Nikolaus-aus-Walnuss-5.jpg 800w, https:\/\/www.sabine-seyffert.de\/blog\/wp-content\/uploads\/2016\/11\/Nikolaus-aus-Walnuss-5-300x225.jpg 300w, https:\/\/www.sabine-seyffert.de\/blog\/wp-content\/uploads\/2016\/11\/Nikolaus-aus-Walnuss-5-768x576.jpg 768w\" sizes=\"auto, (max-width: 800px) 100vw, 800px\" \/><\/a><\/p>\n<p style=\"text-align: justify;\">Dazu schneidet man sich von dem Papier einen d\u00fcnneren, langen Streifen ab und notiert den entsprechenden Gutscheintext darauf. Anschlie\u00dfend rollt man diesen zusammen.<\/p>\n<p style=\"text-align: center;\"><a href=\"http:\/\/www.sabine-seyffert.de\/blog\/wp-content\/uploads\/2016\/11\/Nikolaus-aus-Walnuss-6.jpg\"><img loading=\"lazy\" decoding=\"async\" class=\"alignnone size-full wp-image-8999\" src=\"http:\/\/www.sabine-seyffert.de\/blog\/wp-content\/uploads\/2016\/11\/Nikolaus-aus-Walnuss-6.jpg\" alt=\"nikolaus-aus-walnuss-6\" width=\"800\" height=\"600\" srcset=\"https:\/\/www.sabine-seyffert.de\/blog\/wp-content\/uploads\/2016\/11\/Nikolaus-aus-Walnuss-6.jpg 800w, https:\/\/www.sabine-seyffert.de\/blog\/wp-content\/uploads\/2016\/11\/Nikolaus-aus-Walnuss-6-300x225.jpg 300w, https:\/\/www.sabine-seyffert.de\/blog\/wp-content\/uploads\/2016\/11\/Nikolaus-aus-Walnuss-6-768x576.jpg 768w\" sizes=\"auto, (max-width: 800px) 100vw, 800px\" \/><\/a><\/p>\n<p style=\"text-align: justify;\">Jetzt legt man den Gutschein in eine Walnussschale hinein, legt das St\u00fcck Geschenkband als Schlaufe zusammen und bestreicht mit dem Hei\u00dfkleber den gesamten Rand. Danach dr\u00fcckt man die zweite Nussschale als passendes Gegenst\u00fcck darauf.<\/p>\n<p style=\"text-align: center;\"><a href=\"http:\/\/www.sabine-seyffert.de\/blog\/wp-content\/uploads\/2016\/11\/Nikolaus-aus-Walnuss-7.jpg\"><img loading=\"lazy\" decoding=\"async\" class=\"alignnone size-full wp-image-9000\" src=\"http:\/\/www.sabine-seyffert.de\/blog\/wp-content\/uploads\/2016\/11\/Nikolaus-aus-Walnuss-7.jpg\" alt=\"nikolaus-aus-walnuss-7\" width=\"800\" height=\"600\" srcset=\"https:\/\/www.sabine-seyffert.de\/blog\/wp-content\/uploads\/2016\/11\/Nikolaus-aus-Walnuss-7.jpg 800w, https:\/\/www.sabine-seyffert.de\/blog\/wp-content\/uploads\/2016\/11\/Nikolaus-aus-Walnuss-7-300x225.jpg 300w, https:\/\/www.sabine-seyffert.de\/blog\/wp-content\/uploads\/2016\/11\/Nikolaus-aus-Walnuss-7-768x576.jpg 768w\" sizes=\"auto, (max-width: 800px) 100vw, 800px\" \/><\/a><\/p>\n<p style=\"text-align: justify;\">So hat man bereits den Gutschein sicher versteckt. Damit sich die wieder zusammengesetzte Nuss auch in einen kleinen Nikolaus verwandelt, bemalt man etwa das obere Drittel der Walnussschale mit roter Farbe.<\/p>\n<p style=\"text-align: center;\"><a href=\"http:\/\/www.sabine-seyffert.de\/blog\/wp-content\/uploads\/2016\/11\/Nikolaus-aus-Walnuss-8.jpg\"><img loading=\"lazy\" decoding=\"async\" class=\"alignnone size-full wp-image-9001\" src=\"http:\/\/www.sabine-seyffert.de\/blog\/wp-content\/uploads\/2016\/11\/Nikolaus-aus-Walnuss-8.jpg\" alt=\"nikolaus-aus-walnuss-8\" width=\"800\" height=\"600\" srcset=\"https:\/\/www.sabine-seyffert.de\/blog\/wp-content\/uploads\/2016\/11\/Nikolaus-aus-Walnuss-8.jpg 800w, https:\/\/www.sabine-seyffert.de\/blog\/wp-content\/uploads\/2016\/11\/Nikolaus-aus-Walnuss-8-300x225.jpg 300w, https:\/\/www.sabine-seyffert.de\/blog\/wp-content\/uploads\/2016\/11\/Nikolaus-aus-Walnuss-8-768x576.jpg 768w\" sizes=\"auto, (max-width: 800px) 100vw, 800px\" \/><\/a><\/p>\n<p style=\"text-align: justify;\">Sobald diese trocken ist, zupft man sich aus der wei\u00dfen Watte einen d\u00fcnnen Streifen und klebt diesen als Borte um den unteren Rand der rot gemalten Nikolausm\u00fctze. Au\u00dferdem klebt man nun als Augen die zwei Holzperlen auf die Nuss und die rote Perle als Nikolausnase. Zum Schluss formt man aus der Watte noch einen langen Bart, den man dem Nuss-Nikolaus anklebt. Fertig ist der nussige Nikolaus, der auch als Anh\u00e4nger oder Tannenbaumschmuck eine wirklich gute Figur macht!<\/p>\n<p style=\"text-align: center;\"><a href=\"http:\/\/www.sabine-seyffert.de\/blog\/wp-content\/uploads\/2016\/11\/Nikolaus-aus-Walnuss-1.jpg\"><img loading=\"lazy\" decoding=\"async\" class=\"alignnone size-full wp-image-9002\" src=\"http:\/\/www.sabine-seyffert.de\/blog\/wp-content\/uploads\/2016\/11\/Nikolaus-aus-Walnuss-1.jpg\" alt=\"nikolaus-aus-walnuss-1\" width=\"600\" height=\"800\" srcset=\"https:\/\/www.sabine-seyffert.de\/blog\/wp-content\/uploads\/2016\/11\/Nikolaus-aus-Walnuss-1.jpg 600w, https:\/\/www.sabine-seyffert.de\/blog\/wp-content\/uploads\/2016\/11\/Nikolaus-aus-Walnuss-1-225x300.jpg 225w\" sizes=\"auto, (max-width: 600px) 100vw, 600px\" \/><\/a><\/p>\n<p style=\"text-align: justify;\">Eine weitere Upcycling Idee f\u00fcr einen gebastelten Nikolaus findet Ihr in <a href=\"http:\/\/www.sabine-seyffert.de\/blog\/?p=3354\" target=\"_blank\">dieser Bastelanleitung<\/a>, alles rund um die Weihnachtszeit in <a href=\"http:\/\/www.sabine-seyffert.de\/blog\/?cat=41\" target=\"_blank\">dieser Rubrik<\/a>, pfiffige Geschenkverpackungen <a href=\"http:\/\/www.sabine-seyffert.de\/blog\/?cat=49\" target=\"_blank\">dort<\/a> und andere kreative Sachen <a href=\"http:\/\/www.creadienstag.de\/2016\/11\/255.html\" target=\"_blank\">da<\/a>.<\/p>\n<p style=\"text-align: center;\"><a href=\"http:\/\/www.sabine-seyffert.de\/blog\/wp-content\/uploads\/2016\/11\/Nikolaus-aus-Walnuss-2.jpg\"><img loading=\"lazy\" decoding=\"async\" class=\"alignnone size-full wp-image-9003\" src=\"http:\/\/www.sabine-seyffert.de\/blog\/wp-content\/uploads\/2016\/11\/Nikolaus-aus-Walnuss-2.jpg\" alt=\"nikolaus-aus-walnuss-2\" width=\"600\" height=\"800\" srcset=\"https:\/\/www.sabine-seyffert.de\/blog\/wp-content\/uploads\/2016\/11\/Nikolaus-aus-Walnuss-2.jpg 600w, https:\/\/www.sabine-seyffert.de\/blog\/wp-content\/uploads\/2016\/11\/Nikolaus-aus-Walnuss-2-225x300.jpg 225w\" sizes=\"auto, (max-width: 600px) 100vw, 600px\" \/><\/a><\/p>\n<p style=\"text-align: justify;\">\u00dcbrigens bei <a href=\"https:\/\/der-schluessel-zum-glueck.com\/tuerchen-nr-0-plus-give-away-stimmungsvolles-diy-fuer-den-advent-es-leuchtet-und-duftet-nach-weihnachten\/\" target=\"_blank\">Franzy<\/a> k\u00f6nnt Ihr noch bis zum 4. Dezember 2016 ein Exemplar meines Buches \u201e<a href=\"http:\/\/www.sabine-seyffert.de\/blog\/?p=8760\" target=\"_blank\">Selbst gemachte Weihnachtsdeko<\/a>\u201c gewinnen, dort zeige ich Euch auch eine stimmungsvolle Idee f\u00fcr ein duftendes Weihnachtslicht. Schaut doch einfach mal vorbei \ud83d\ude42<\/p>\n<p><a href=\"http:\/\/www.sabine-seyffert.de\/blog\/?page_id=32#urheberrecht\">urheberrechtlich gesch\u00fctzt<\/a>, \u00a9 Sabine Seyffert<\/p>\n","protected":false},"excerpt":{"rendered":"<p>In der Adventszeit gibt es bei uns meist einen gro\u00dfen Teller mit N\u00fcssen. Irgendwie macht das N\u00fcsse knacken bei Kerzenschein immer besonders viel Spa\u00df. Da sich bei der letzten Nussknackerei allerhand Schalen angesammelt haben, kam mir die Idee zu einem fr\u00f6hlichen Nikolaus Upcycling, dass sich nicht nur als stimmungsvolle Deko prima eignet, sondern ein tolles&#8230; <a href=\"https:\/\/www.sabine-seyffert.de\/blog\/upcycling-idee-diy-fuer-nikolaus-weihnachtlicher-bastelspass-mit-walnuessen-und-die-ideale-verpackung\/\" class=\"more-link\">Read more: Upcycling Idee &#038; DIY f\u00fcr Nikolaus \u2013Weihnachtlicher Bastelspa\u00df mit Waln\u00fcssen und die ideale Verpackung<\/a><\/p>\n","protected":false},"author":2,"featured_media":0,"comment_status":"open","ping_status":"open","sticky":false,"template":"","format":"standard","meta":{"_metis_text_type":"","_metis_text_length":2559,"_post_count":0,"footnotes":""},"categories":[41,36,49,47],"tags":[],"class_list":["post-8995","post","type-post","status-publish","format-standard","hentry","category-weihnachten","category-klitzekleine-geschenkideen","category-verpackungsideen","category-upcyceltes"],"_links":{"self":[{"href":"https:\/\/www.sabine-seyffert.de\/blog\/wp-json\/wp\/v2\/posts\/8995","targetHints":{"allow":["GET"]}}],"collection":[{"href":"https:\/\/www.sabine-seyffert.de\/blog\/wp-json\/wp\/v2\/posts"}],"about":[{"href":"https:\/\/www.sabine-seyffert.de\/blog\/wp-json\/wp\/v2\/types\/post"}],"author":[{"embeddable":true,"href":"https:\/\/www.sabine-seyffert.de\/blog\/wp-json\/wp\/v2\/users\/2"}],"replies":[{"embeddable":true,"href":"https:\/\/www.sabine-seyffert.de\/blog\/wp-json\/wp\/v2\/comments?post=8995"}],"version-history":[{"count":2,"href":"https:\/\/www.sabine-seyffert.de\/blog\/wp-json\/wp\/v2\/posts\/8995\/revisions"}],"predecessor-version":[{"id":9005,"href":"https:\/\/www.sabine-seyffert.de\/blog\/wp-json\/wp\/v2\/posts\/8995\/revisions\/9005"}],"wp:attachment":[{"href":"https:\/\/www.sabine-seyffert.de\/blog\/wp-json\/wp\/v2\/media?parent=8995"}],"wp:term":[{"taxonomy":"category","embeddable":true,"href":"https:\/\/www.sabine-seyffert.de\/blog\/wp-json\/wp\/v2\/categories?post=8995"},{"taxonomy":"post_tag","embeddable":true,"href":"https:\/\/www.sabine-seyffert.de\/blog\/wp-json\/wp\/v2\/tags?post=8995"}],"curies":[{"name":"wp","href":"https:\/\/api.w.org\/{rel}","templated":true}]}}