{"id":899,"date":"2013-03-19T12:42:14","date_gmt":"2013-03-19T10:42:14","guid":{"rendered":"http:\/\/www.sabine-seyffert.de\/blog\/?p=899"},"modified":"2023-02-16T17:35:42","modified_gmt":"2023-02-16T15:35:42","slug":"eine-schnelle-ostergirlande","status":"publish","type":"post","link":"https:\/\/www.sabine-seyffert.de\/blog\/eine-schnelle-ostergirlande\/","title":{"rendered":"Eine schnelle Ostergirlande"},"content":{"rendered":"<p style=\"text-align: center;\"><img loading=\"lazy\" decoding=\"async\" src=\"https:\/\/ssl-vg03.met.vgwort.de\/na\/5b048e5eaa924e2b85c47309e37df188\" alt=\"\" width=\"1\" height=\"1\" \/><a href=\"http:\/\/www.sabine-seyffert.de\/blog\/wp-content\/uploads\/2013\/03\/Girlande-61.jpg\"><img loading=\"lazy\" decoding=\"async\" class=\"alignnone size-full wp-image-900\" src=\"http:\/\/www.sabine-seyffert.de\/blog\/wp-content\/uploads\/2013\/03\/Girlande-61.jpg\" alt=\"Girlande 6\" width=\"800\" height=\"600\" srcset=\"https:\/\/www.sabine-seyffert.de\/blog\/wp-content\/uploads\/2013\/03\/Girlande-61.jpg 800w, https:\/\/www.sabine-seyffert.de\/blog\/wp-content\/uploads\/2013\/03\/Girlande-61-300x225.jpg 300w\" sizes=\"auto, (max-width: 800px) 100vw, 800px\" \/><\/a><\/p>\n<p style=\"text-align: justify;\">Ostern naht mit schnellem Schritt und somit ist es h\u00f6chste Zeit f\u00fcr ein paar Bastelideen. Nachdem die winterliche Dekoration im Kinderzimmer unserem vor kurzem get\u00e4tigten Fr\u00fchjahrputz zum Opfer fiel, waren die Fensterscheiben doch recht kahl.<br \/>\nDa das Wetter Drau\u00dfen, wie man an den Bildern unschwer erkennen kann, nicht gerade zum Spielen im Freien einlud und ich selbst noch ein paar kreative Dinge praktisch umsetzen musste, brauchte ich eine schnelle Idee. Und zwar nicht nur eine schnelle sondern eine, die vor allem kindertauglich war, so dass meine j\u00fcngste Tochter diese m\u00f6glichst ohne Hilfe umsetzen konnte. Da bei Kindern Ostereier immer ein Hit sind, zeichnete ich spontan ein ovales Ei auf Pappe, dass wir als Schablone benutzt haben. Und dann hie\u00df es: ran ans Papier!<\/p>\n<p style=\"text-align: center;\"><a href=\"http:\/\/www.sabine-seyffert.de\/blog\/wp-content\/uploads\/2013\/03\/Girlande-51.jpg\"><img loading=\"lazy\" decoding=\"async\" class=\"alignnone size-full wp-image-901\" src=\"http:\/\/www.sabine-seyffert.de\/blog\/wp-content\/uploads\/2013\/03\/Girlande-51.jpg\" alt=\"Girlande 5\" width=\"800\" height=\"600\" srcset=\"https:\/\/www.sabine-seyffert.de\/blog\/wp-content\/uploads\/2013\/03\/Girlande-51.jpg 800w, https:\/\/www.sabine-seyffert.de\/blog\/wp-content\/uploads\/2013\/03\/Girlande-51-300x225.jpg 300w\" sizes=\"auto, (max-width: 800px) 100vw, 800px\" \/><\/a><\/p>\n<p style=\"text-align: justify;\"><strong>Das wird gebraucht:<\/strong><br \/>\nEin \u201eEi\u201c als Schablone, ein Bleistift, eine Kinderschere, bunter Tonkarton, buntes Papier, Masking Tape, Stifte sowie weitere Utensilien mit denen sich Eier aus Tonkarton schm\u00fccken und bekleben lassen, Nylongarn sowie eine N\u00e4hnadel.<\/p>\n<p style=\"text-align: center;\"><a href=\"http:\/\/www.sabine-seyffert.de\/blog\/wp-content\/uploads\/2013\/03\/Girlande-21.jpg\"><img loading=\"lazy\" decoding=\"async\" class=\"alignnone size-full wp-image-902\" src=\"http:\/\/www.sabine-seyffert.de\/blog\/wp-content\/uploads\/2013\/03\/Girlande-21.jpg\" alt=\"Girlande 2\" width=\"699\" height=\"991\" srcset=\"https:\/\/www.sabine-seyffert.de\/blog\/wp-content\/uploads\/2013\/03\/Girlande-21.jpg 699w, https:\/\/www.sabine-seyffert.de\/blog\/wp-content\/uploads\/2013\/03\/Girlande-21-211x300.jpg 211w\" sizes=\"auto, (max-width: 699px) 100vw, 699px\" \/><\/a><\/p>\n<p style=\"text-align: justify;\"><strong>So wird\u2019s gemacht:<\/strong><br \/>\nMit Hilfe der Schablone habe ich auch allerhand buntem Tonkarton Eier gemalt. Nun kommen die Kinder ins Spiel, die mit Hilfe der Schere alle vorgezeichneten Eier ausschneiden und nach eigenen Vorstellungen verzieren oder bemalen k\u00f6nnen: Muster wie P\u00fcnktchen, Streifen oder kleinere Formen, beklebte Eier, mit bunten Tapes verzierte aber auch jede Menge wundervoll bemalte Eier kamen zum Schluss dabei heraus. Der Fantasie sind dabei eigentlich keine Grenzen gesetzt.<\/p>\n<p style=\"text-align: center;\"><a href=\"http:\/\/www.sabine-seyffert.de\/blog\/wp-content\/uploads\/2013\/03\/Girlande-41.jpg\"><img loading=\"lazy\" decoding=\"async\" class=\"alignnone size-full wp-image-903\" src=\"http:\/\/www.sabine-seyffert.de\/blog\/wp-content\/uploads\/2013\/03\/Girlande-41.jpg\" alt=\"Girlande 4\" width=\"595\" height=\"676\" srcset=\"https:\/\/www.sabine-seyffert.de\/blog\/wp-content\/uploads\/2013\/03\/Girlande-41.jpg 595w, https:\/\/www.sabine-seyffert.de\/blog\/wp-content\/uploads\/2013\/03\/Girlande-41-264x300.jpg 264w\" sizes=\"auto, (max-width: 595px) 100vw, 595px\" \/><\/a><\/p>\n<p style=\"text-align: justify;\">Da es recht viele Eier waren, habe ich diese kurzerhand mit Nadel und Nylongarn aufgef\u00e4delt und zu mehrere bunte Girlanden verarbeitet, die nun das Fenster schm\u00fccken.<br \/>\nDie Bilder zeigen zwar noch reichlich winterliches Wei\u00df im Hintergrund, aber gestern Vormittag war der Fr\u00fchling mal kurz zu Besuch und hat uns mit Sonne und strahlend blauem Himmel begl\u00fcckt. Da es bis Ostern ja noch ein paar Tage dauert, dr\u00fccken wir mal die Daumen, dass der Winter bis dahin das Feld endlich ger\u00e4umt hat.<\/p>\n<p style=\"text-align: center;\"><a href=\"http:\/\/www.sabine-seyffert.de\/blog\/wp-content\/uploads\/2013\/03\/Girlande-11.jpg\"><img loading=\"lazy\" decoding=\"async\" class=\"alignnone size-full wp-image-904\" src=\"http:\/\/www.sabine-seyffert.de\/blog\/wp-content\/uploads\/2013\/03\/Girlande-11.jpg\" alt=\"Girlande 1\" width=\"1000\" height=\"750\" srcset=\"https:\/\/www.sabine-seyffert.de\/blog\/wp-content\/uploads\/2013\/03\/Girlande-11.jpg 1000w, https:\/\/www.sabine-seyffert.de\/blog\/wp-content\/uploads\/2013\/03\/Girlande-11-300x225.jpg 300w\" sizes=\"auto, (max-width: 1000px) 100vw, 1000px\" \/><\/a><\/p>\n<p>Viel Spa\u00df beim Nachbasteln &amp; Kreativ sein!<\/p>\n<p>Mehr kreative Ideen findet man \u00fcbrigens jeden Dienstag bei <a href=\"http:\/\/creadienstag.blogspot.de\/2013\/03\/065.html\" target=\"_blank\" rel=\"noopener\">Anke<\/a>.<\/p>\n<p><a href=\"http:\/\/www.sabine-seyffert.de\/blog\/?page_id=32#urheberrecht\">urherrechtlich gesch\u00fctzt<\/a>, \u00a9 Sabine Seyffert<\/p>\n","protected":false},"excerpt":{"rendered":"<p>Ostern naht mit schnellem Schritt und somit ist es h\u00f6chste Zeit f\u00fcr ein paar Bastelideen. Nachdem die winterliche Dekoration im Kinderzimmer unserem vor kurzem get\u00e4tigten Fr\u00fchjahrputz zum Opfer fiel, waren die Fensterscheiben doch recht kahl. Da das Wetter Drau\u00dfen, wie man an den Bildern unschwer erkennen kann, nicht gerade zum Spielen im Freien einlud und&#8230; <a href=\"https:\/\/www.sabine-seyffert.de\/blog\/eine-schnelle-ostergirlande\/\" class=\"more-link\">Read more: Eine schnelle Ostergirlande<\/a><\/p>\n","protected":false},"author":2,"featured_media":0,"comment_status":"open","ping_status":"open","sticky":false,"template":"","format":"standard","meta":{"_metis_text_type":"","_metis_text_length":2161,"_post_count":0,"footnotes":""},"categories":[32,57],"tags":[],"class_list":["post-899","post","type-post","status-publish","format-standard","hentry","category-kreatives-fur-kleine-kinderhande","category-ostern"],"_links":{"self":[{"href":"https:\/\/www.sabine-seyffert.de\/blog\/wp-json\/wp\/v2\/posts\/899","targetHints":{"allow":["GET"]}}],"collection":[{"href":"https:\/\/www.sabine-seyffert.de\/blog\/wp-json\/wp\/v2\/posts"}],"about":[{"href":"https:\/\/www.sabine-seyffert.de\/blog\/wp-json\/wp\/v2\/types\/post"}],"author":[{"embeddable":true,"href":"https:\/\/www.sabine-seyffert.de\/blog\/wp-json\/wp\/v2\/users\/2"}],"replies":[{"embeddable":true,"href":"https:\/\/www.sabine-seyffert.de\/blog\/wp-json\/wp\/v2\/comments?post=899"}],"version-history":[{"count":17,"href":"https:\/\/www.sabine-seyffert.de\/blog\/wp-json\/wp\/v2\/posts\/899\/revisions"}],"predecessor-version":[{"id":25440,"href":"https:\/\/www.sabine-seyffert.de\/blog\/wp-json\/wp\/v2\/posts\/899\/revisions\/25440"}],"wp:attachment":[{"href":"https:\/\/www.sabine-seyffert.de\/blog\/wp-json\/wp\/v2\/media?parent=899"}],"wp:term":[{"taxonomy":"category","embeddable":true,"href":"https:\/\/www.sabine-seyffert.de\/blog\/wp-json\/wp\/v2\/categories?post=899"},{"taxonomy":"post_tag","embeddable":true,"href":"https:\/\/www.sabine-seyffert.de\/blog\/wp-json\/wp\/v2\/tags?post=899"}],"curies":[{"name":"wp","href":"https:\/\/api.w.org\/{rel}","templated":true}]}}