{"id":8981,"date":"2016-11-27T10:35:47","date_gmt":"2016-11-27T08:35:47","guid":{"rendered":"http:\/\/www.sabine-seyffert.de\/blog\/?p=8981"},"modified":"2017-03-01T10:49:18","modified_gmt":"2017-03-01T08:49:18","slug":"advent-advent-ein-lichtlein-brennt-der-advent-beginnt-und-ich-bin-eingeladen","status":"publish","type":"post","link":"https:\/\/www.sabine-seyffert.de\/blog\/advent-advent-ein-lichtlein-brennt-der-advent-beginnt-und-ich-bin-eingeladen\/","title":{"rendered":"Advent, Advent, ein Lichtlein brennt\u2026 Der Advent beginnt und ich bin eingeladen!"},"content":{"rendered":"<p style=\"text-align: justify;\"><img loading=\"lazy\" decoding=\"async\" src=\"https:\/\/ssl-vg03.met.vgwort.de\/na\/153c3013d3714ca0bbf7d994ebabf5a6\" alt=\"\" width=\"1\" height=\"1\" \/>Jetzt ist es soweit, der erste Advent ist da und nun brennt bereits die allererste Kerze am Adventskranz oder wie in meinem Fall \u2013 im <a href=\"http:\/\/www.sabine-seyffert.de\/blog\/?p=8929\" target=\"_blank\">Adventsglas Nummer Eins<\/a>. Nun ist es nicht mehr weit bis Weihnachten und der Weihnachtszauber ist schon \u00fcberall zu sp\u00fcren\u2026<\/p>\n<p style=\"text-align: center;\"><a href=\"http:\/\/www.sabine-seyffert.de\/blog\/wp-content\/uploads\/2016\/11\/Adventslicht-Zimt-1.jpg\"><img loading=\"lazy\" decoding=\"async\" class=\"alignnone size-full wp-image-8983\" src=\"http:\/\/www.sabine-seyffert.de\/blog\/wp-content\/uploads\/2016\/11\/Adventslicht-Zimt-1.jpg\" alt=\"adventslicht-zimt-1\" width=\"800\" height=\"600\" srcset=\"https:\/\/www.sabine-seyffert.de\/blog\/wp-content\/uploads\/2016\/11\/Adventslicht-Zimt-1.jpg 800w, https:\/\/www.sabine-seyffert.de\/blog\/wp-content\/uploads\/2016\/11\/Adventslicht-Zimt-1-300x225.jpg 300w, https:\/\/www.sabine-seyffert.de\/blog\/wp-content\/uploads\/2016\/11\/Adventslicht-Zimt-1-768x576.jpg 768w\" sizes=\"auto, (max-width: 800px) 100vw, 800px\" \/><\/a><\/p>\n<p style=\"text-align: justify;\">Und weil heute der erste Advent ist, bin ich unterwegs und zu Gast bei der lieben Franzy vom Blog <a href=\"https:\/\/der-schluessel-zum-glueck.com\/tuerchen-nr-0-plus-give-away-stimmungsvolles-diy-fuer-den-advent-es-leuchtet-und-duftet-nach-weihnachten\/\" target=\"_blank\">Der Schl\u00fcssel zum Gl\u00fcck<\/a>. Zu so einem gem\u00fctlichen Sonntagskaffee komme ich nat\u00fcrlich nicht mit leeren H\u00e4nden. Ich freu mich sehr, denn als Gastgeschenk f\u00fcr Franzy habe ich eine kleine Bastelidee mit Anleitung f\u00fcr ein stimmungsvolles Adventslicht, was zudem sehr weihnachtlich duftet. F\u00fcr alle, die bislang noch keine Weihnachtspl\u00e4tzchen gebacken haben, eine gute Idee. Denn durch das Adventslicht zieht ebenfalls ein ganz weihnachtlicher Duft durchs ganze Haus.<\/p>\n<p style=\"text-align: center;\"><a href=\"http:\/\/www.sabine-seyffert.de\/blog\/wp-content\/uploads\/2016\/11\/Adventslicht-Zimt-3-1.jpg\"><img loading=\"lazy\" decoding=\"async\" class=\"alignnone size-full wp-image-8984\" src=\"http:\/\/www.sabine-seyffert.de\/blog\/wp-content\/uploads\/2016\/11\/Adventslicht-Zimt-3-1.jpg\" alt=\"adventslicht-zimt-3\" width=\"800\" height=\"600\" srcset=\"https:\/\/www.sabine-seyffert.de\/blog\/wp-content\/uploads\/2016\/11\/Adventslicht-Zimt-3-1.jpg 800w, https:\/\/www.sabine-seyffert.de\/blog\/wp-content\/uploads\/2016\/11\/Adventslicht-Zimt-3-1-300x225.jpg 300w, https:\/\/www.sabine-seyffert.de\/blog\/wp-content\/uploads\/2016\/11\/Adventslicht-Zimt-3-1-768x576.jpg 768w\" sizes=\"auto, (max-width: 800px) 100vw, 800px\" \/><\/a><\/p>\n<p style=\"text-align: justify;\">Dieses leuchtende Windlicht ist schnell gemacht und auch f\u00fcr unge\u00fcbte Bastler keine gro\u00dfe Herausforderung. Und bei denjenigen, wo schon gen\u00fcgend Lichter freudig schimmern, der kann ein solches Licht auch prima als Mitbringsel oder kleine Nikolaus\u00fcberraschung verschenken. Zudem braucht man nur wenig Material, denn ein leeres Marmeladenglas hat sicher jeder griffbereit zu Hause stehen.<\/p>\n<p style=\"text-align: right;\"><a href=\"http:\/\/www.sabine-seyffert.de\/blog\/wp-content\/uploads\/2016\/11\/Adventslicht-Zimt-4.jpg\"><img loading=\"lazy\" decoding=\"async\" class=\"alignnone size-full wp-image-8985\" src=\"http:\/\/www.sabine-seyffert.de\/blog\/wp-content\/uploads\/2016\/11\/Adventslicht-Zimt-4.jpg\" alt=\"adventslicht-zimt-4\" width=\"800\" height=\"600\" srcset=\"https:\/\/www.sabine-seyffert.de\/blog\/wp-content\/uploads\/2016\/11\/Adventslicht-Zimt-4.jpg 800w, https:\/\/www.sabine-seyffert.de\/blog\/wp-content\/uploads\/2016\/11\/Adventslicht-Zimt-4-300x225.jpg 300w, https:\/\/www.sabine-seyffert.de\/blog\/wp-content\/uploads\/2016\/11\/Adventslicht-Zimt-4-768x576.jpg 768w\" sizes=\"auto, (max-width: 800px) 100vw, 800px\" \/><\/a><\/p>\n<p style=\"text-align: justify;\">Neugierig? Dann schaut doch mal bei <a href=\"https:\/\/der-schluessel-zum-glueck.com\/tuerchen-nr-0-plus-give-away-stimmungsvolles-diy-fuer-den-advent-es-leuchtet-und-duftet-nach-weihnachten\/\" target=\"_blank\">Franziska<\/a> vorbei \u2013 ich bin sehr gespannt, wie Euch die weihnachtliche Bastelei gef\u00e4llt!<\/p>\n<p style=\"text-align: center;\"><a href=\"http:\/\/www.sabine-seyffert.de\/blog\/wp-content\/uploads\/2016\/11\/Adventslicht-Zimt-5.jpg\"><img loading=\"lazy\" decoding=\"async\" class=\"alignnone size-full wp-image-8986\" src=\"http:\/\/www.sabine-seyffert.de\/blog\/wp-content\/uploads\/2016\/11\/Adventslicht-Zimt-5.jpg\" alt=\"adventslicht-zimt-5\" width=\"800\" height=\"600\" srcset=\"https:\/\/www.sabine-seyffert.de\/blog\/wp-content\/uploads\/2016\/11\/Adventslicht-Zimt-5.jpg 800w, https:\/\/www.sabine-seyffert.de\/blog\/wp-content\/uploads\/2016\/11\/Adventslicht-Zimt-5-300x225.jpg 300w, https:\/\/www.sabine-seyffert.de\/blog\/wp-content\/uploads\/2016\/11\/Adventslicht-Zimt-5-768x576.jpg 768w\" sizes=\"auto, (max-width: 800px) 100vw, 800px\" \/><\/a><\/p>\n<p style=\"text-align: justify;\">Beim Schl\u00fcssel zum Gl\u00fcck erwartet Euch zudem ein richtig toller Adventskalender, den viele Bloggerinnen mit kreativen Ideen rund um die Adventszeit gef\u00fcllt haben. Ich freu mich sehr ein Teil davon sein zu d\u00fcrfen. Folgende Blogs sind mit dabei:<\/p>\n<p style=\"text-align: center;\"><a href=\"http:\/\/www.sabine-seyffert.de\/blog\/wp-content\/uploads\/2016\/11\/Logo-gelb-Adventskalender-2016.png\"><img loading=\"lazy\" decoding=\"async\" class=\"alignnone size-full wp-image-8967\" src=\"http:\/\/www.sabine-seyffert.de\/blog\/wp-content\/uploads\/2016\/11\/Logo-gelb-Adventskalender-2016.png\" alt=\"logo-gelb-adventskalender-2016\" width=\"931\" height=\"509\" srcset=\"https:\/\/www.sabine-seyffert.de\/blog\/wp-content\/uploads\/2016\/11\/Logo-gelb-Adventskalender-2016.png 931w, https:\/\/www.sabine-seyffert.de\/blog\/wp-content\/uploads\/2016\/11\/Logo-gelb-Adventskalender-2016-300x164.png 300w, https:\/\/www.sabine-seyffert.de\/blog\/wp-content\/uploads\/2016\/11\/Logo-gelb-Adventskalender-2016-768x420.png 768w\" sizes=\"auto, (max-width: 931px) 100vw, 931px\" \/><\/a><\/p>\n<p style=\"text-align: justify;\">0 &#8211; <a href=\"http:\/\/www.sabine-seyffert.de\/blog\/\" target=\"_blank\">Insel der Stille<\/a><br \/>\n1 &#8211; <a href=\"http:\/\/www.arstextura.de\/\" target=\"_blank\">ars textura<\/a><br \/>\n2 &#8211; <a href=\"http:\/\/lovedecorations.de\/\" target=\"_blank\">Love Decorations<\/a><br \/>\n3 &#8211; <a href=\"http:\/\/www.ordnungsliebe.net\/\" target=\"_blank\">Ordnungsliebe<\/a><br \/>\n4 &#8211; <a href=\"https:\/\/www.geliebtes-zuhause.de\/blog\/?\" target=\"_blank\">geliebtes Zuhause<\/a><br \/>\n5 &#8211; <a href=\"http:\/\/tepetua.blogspot.de\/\" target=\"_blank\">tepetua<\/a><br \/>\n6 &#8211; <a href=\"http:\/\/detailmagic.blogspot.de\/\" target=\"_blank\">detailmagic<\/a><br \/>\n7 &#8211; <a href=\"http:\/\/www.coralinart.net\/\" target=\"_blank\">Coralinart<\/a><br \/>\n8 &#8211; <a href=\"http:\/\/www.kathiescloud.com\/\" target=\"_blank\">Kathies Cloud<\/a><br \/>\n9 &#8211; <a href=\"http:\/\/www.tulpentag.de\/\" target=\"_blank\">Tulpentag<\/a><br \/>\n10 &#8211; Julia<br \/>\n11 &#8211; <a href=\"https:\/\/www.cheerz.com\/de\" target=\"_blank\">Cheerz<\/a><br \/>\n12 &#8211; <a href=\"http:\/\/roesis.blogspot.de\/\" target=\"_blank\">R\u00f6si<\/a><br \/>\n13 &#8211; <a href=\"http:\/\/kulissenbummel.de\/\" target=\"_blank\">Kulissenbummel<\/a><br \/>\n14 &#8211; <a href=\"http:\/\/bastelnmalenkuchenbacken.blogspot.de\/\" target=\"_blank\">basteln, malen, Kuchen backen<\/a><br \/>\n15 &#8211; <a href=\"http:\/\/www.frau-liebling.com\/\" target=\"_blank\">Frau Liebling<\/a><br \/>\n16 &#8211; <a href=\"http:\/\/107qm.de\/\" target=\"_blank\">107 qm<\/a><br \/>\n17 &#8211; <a href=\"http:\/\/schwarzwaldmaidli.blogspot.de\/\" target=\"_blank\">Schwarzwaldmaidli<\/a><br \/>\n18 &#8211; <a href=\"http:\/\/de.dawanda.com\/shop\/ideenpurzelbaeume\" target=\"_blank\">Ideenpurzelb\u00e4ume<\/a><br \/>\n19 &#8211; <a href=\"http:\/\/innenleben-design.com\/\" target=\"_blank\">innenleben design<\/a><br \/>\n20 &#8211; <a href=\"https:\/\/www.minnja.de\/\" target=\"_blank\">minnja<\/a><br \/>\n21 &#8211; <a href=\"http:\/\/sinnenrausch.blogspot.de\/\" target=\"_blank\">sinnenrausch<\/a><br \/>\n22 &#8211; <a href=\"http:\/\/rosyandgrey.de\/\" target=\"_blank\">Rosy+Grey<\/a><br \/>\n23 &#8211; <a href=\"http:\/\/www.fairylikes.de\/\" target=\"_blank\">fairy likes<\/a><br \/>\n24 &#8211; <a href=\"http:\/\/www.waseigenes.com\/\" target=\"_blank\">was eigenes<\/a><\/p>\n<p style=\"text-align: justify;\">Ich w\u00fcnsche Euch einen ganz wunderbaren 1. Advent!<\/p>\n<p><a href=\"http:\/\/www.sabine-seyffert.de\/blog\/?page_id=32#urheberrecht\">urheberrechtlich gesch\u00fctzt<\/a>, \u00a9 Sabine Seyffert<\/p>\n","protected":false},"excerpt":{"rendered":"<p>Jetzt ist es soweit, der erste Advent ist da und nun brennt bereits die allererste Kerze am Adventskranz oder wie in meinem Fall \u2013 im Adventsglas Nummer Eins. Nun ist es nicht mehr weit bis Weihnachten und der Weihnachtszauber ist schon \u00fcberall zu sp\u00fcren\u2026 Und weil heute der erste Advent ist, bin ich unterwegs und&#8230; <a href=\"https:\/\/www.sabine-seyffert.de\/blog\/advent-advent-ein-lichtlein-brennt-der-advent-beginnt-und-ich-bin-eingeladen\/\" class=\"more-link\">Read more: Advent, Advent, ein Lichtlein brennt\u2026 Der Advent beginnt und ich bin eingeladen!<\/a><\/p>\n","protected":false},"author":2,"featured_media":0,"comment_status":"open","ping_status":"open","sticky":false,"template":"","format":"standard","meta":{"_metis_text_type":"","_metis_text_length":2255,"_post_count":0,"footnotes":""},"categories":[41,47,42],"tags":[],"class_list":["post-8981","post","type-post","status-publish","format-standard","hentry","category-weihnachten","category-upcyceltes","category-zu-gast-bei"],"_links":{"self":[{"href":"https:\/\/www.sabine-seyffert.de\/blog\/wp-json\/wp\/v2\/posts\/8981","targetHints":{"allow":["GET"]}}],"collection":[{"href":"https:\/\/www.sabine-seyffert.de\/blog\/wp-json\/wp\/v2\/posts"}],"about":[{"href":"https:\/\/www.sabine-seyffert.de\/blog\/wp-json\/wp\/v2\/types\/post"}],"author":[{"embeddable":true,"href":"https:\/\/www.sabine-seyffert.de\/blog\/wp-json\/wp\/v2\/users\/2"}],"replies":[{"embeddable":true,"href":"https:\/\/www.sabine-seyffert.de\/blog\/wp-json\/wp\/v2\/comments?post=8981"}],"version-history":[{"count":6,"href":"https:\/\/www.sabine-seyffert.de\/blog\/wp-json\/wp\/v2\/posts\/8981\/revisions"}],"predecessor-version":[{"id":8993,"href":"https:\/\/www.sabine-seyffert.de\/blog\/wp-json\/wp\/v2\/posts\/8981\/revisions\/8993"}],"wp:attachment":[{"href":"https:\/\/www.sabine-seyffert.de\/blog\/wp-json\/wp\/v2\/media?parent=8981"}],"wp:term":[{"taxonomy":"category","embeddable":true,"href":"https:\/\/www.sabine-seyffert.de\/blog\/wp-json\/wp\/v2\/categories?post=8981"},{"taxonomy":"post_tag","embeddable":true,"href":"https:\/\/www.sabine-seyffert.de\/blog\/wp-json\/wp\/v2\/tags?post=8981"}],"curies":[{"name":"wp","href":"https:\/\/api.w.org\/{rel}","templated":true}]}}