{"id":8966,"date":"2016-11-26T18:21:20","date_gmt":"2016-11-26T16:21:20","guid":{"rendered":"http:\/\/www.sabine-seyffert.de\/blog\/?p=8966"},"modified":"2017-03-01T10:51:01","modified_gmt":"2017-03-01T08:51:01","slug":"diy-bastelidee-fuer-die-vorweihnachtszeit-selbst-gebastelte-adventskalender-zum-verschicken-ab-geht-die-post","status":"publish","type":"post","link":"https:\/\/www.sabine-seyffert.de\/blog\/diy-bastelidee-fuer-die-vorweihnachtszeit-selbst-gebastelte-adventskalender-zum-verschicken-ab-geht-die-post\/","title":{"rendered":"DIY &#038; Bastelidee f\u00fcr die Vorweihnachtszeit: Selbst gebastelte Adventskalender zum Verschicken \u2013 ab geht die Post!"},"content":{"rendered":"<p style=\"text-align: justify;\"><img loading=\"lazy\" decoding=\"async\" src=\"https:\/\/ssl-vg03.met.vgwort.de\/na\/8e7521c5ab8b4b78a700351ab090e588\" alt=\"\" width=\"1\" height=\"1\" \/>Wer mich kennt wei\u00df, ich bastele gerne, vor allen Dingen Adventskalender. Denn diese fertige ich jedes Jahr f\u00fcr meine Familie an und begl\u00fccke auch andere liebe Menschen mit solchen.<br \/>\nDieses Jahr habe ich zur Abwechslung mal ein paar Postkarten Kalender angefertigt, die sich verschicken lassen. Und die sind ganz flott gemacht. Selbst das Material kostet weniger als fertig gekaufte Adventskalender zum Verschicken.<\/p>\n<p style=\"text-align: center;\"><a href=\"http:\/\/www.sabine-seyffert.de\/blog\/wp-content\/uploads\/2016\/11\/Ak-zum-Verschicken-0.jpg\"><img loading=\"lazy\" decoding=\"async\" class=\"alignnone size-full wp-image-8969\" src=\"http:\/\/www.sabine-seyffert.de\/blog\/wp-content\/uploads\/2016\/11\/Ak-zum-Verschicken-0.jpg\" alt=\"ak-zum-verschicken-0\" width=\"800\" height=\"600\" srcset=\"https:\/\/www.sabine-seyffert.de\/blog\/wp-content\/uploads\/2016\/11\/Ak-zum-Verschicken-0.jpg 800w, https:\/\/www.sabine-seyffert.de\/blog\/wp-content\/uploads\/2016\/11\/Ak-zum-Verschicken-0-300x225.jpg 300w, https:\/\/www.sabine-seyffert.de\/blog\/wp-content\/uploads\/2016\/11\/Ak-zum-Verschicken-0-768x576.jpg 768w\" sizes=\"auto, (max-width: 800px) 100vw, 800px\" \/><\/a><\/p>\n<p style=\"text-align: justify;\"><strong>Das wird gebraucht:<\/strong><br \/>\nPro Adventskalender je eine Blanko Postkarte aus Kraftpapier samt Briefumschlag, eine alte Buchseite, Kleber, Bastelschere, ein St\u00fcck Wellpappe, einen Motivlocher Stern, ein St\u00fcck d\u00fcnne Pappe \/ Kartonage, einen Zahlenstempel 1-24, ein wei\u00dfes Stempelkissen mit guter Deckkraft, Dymo Ger\u00e4t mit Pr\u00e4geband<\/p>\n<p style=\"text-align: center;\"><a href=\"http:\/\/www.sabine-seyffert.de\/blog\/wp-content\/uploads\/2016\/11\/Ak-zum-Verschicken-8.jpg\"><img loading=\"lazy\" decoding=\"async\" class=\"alignnone size-full wp-image-8970\" src=\"http:\/\/www.sabine-seyffert.de\/blog\/wp-content\/uploads\/2016\/11\/Ak-zum-Verschicken-8.jpg\" alt=\"ak-zum-verschicken-8\" width=\"800\" height=\"600\" srcset=\"https:\/\/www.sabine-seyffert.de\/blog\/wp-content\/uploads\/2016\/11\/Ak-zum-Verschicken-8.jpg 800w, https:\/\/www.sabine-seyffert.de\/blog\/wp-content\/uploads\/2016\/11\/Ak-zum-Verschicken-8-300x225.jpg 300w, https:\/\/www.sabine-seyffert.de\/blog\/wp-content\/uploads\/2016\/11\/Ak-zum-Verschicken-8-768x576.jpg 768w\" sizes=\"auto, (max-width: 800px) 100vw, 800px\" \/><\/a><\/p>\n<p style=\"text-align: justify;\"><strong>So wird\u2019s gemacht:<\/strong><br \/>\nZuerst habe ich meinen Adventskalenderstempel genutzt und damit die Zahlen 1-24 auf die Karte aus Kraftpapier gestempelt. Achtet unbedingt darauf, dass die Stempelfarbe gut deckt und frisch ist. Alternativ kann man sich die Zahlen auch einfach mit dem Drucker auf die Karte drucken, wie aus <a href=\"http:\/\/www.sabine-seyffert.de\/blog\/?p=8858\" target=\"_blank\">dieser Adventskalender Idee<\/a>. Denn extra f\u00fcr diesen Zweck einen solchen Stempel zu kaufen, lohnt sicher nicht.<\/p>\n<p style=\"text-align: center;\"><a href=\"http:\/\/www.sabine-seyffert.de\/blog\/wp-content\/uploads\/2016\/11\/Ak-zum-Verschicken-4.jpg\"><img loading=\"lazy\" decoding=\"async\" class=\"alignnone size-full wp-image-8971\" src=\"http:\/\/www.sabine-seyffert.de\/blog\/wp-content\/uploads\/2016\/11\/Ak-zum-Verschicken-4.jpg\" alt=\"ak-zum-verschicken-4\" width=\"800\" height=\"600\" srcset=\"https:\/\/www.sabine-seyffert.de\/blog\/wp-content\/uploads\/2016\/11\/Ak-zum-Verschicken-4.jpg 800w, https:\/\/www.sabine-seyffert.de\/blog\/wp-content\/uploads\/2016\/11\/Ak-zum-Verschicken-4-300x225.jpg 300w, https:\/\/www.sabine-seyffert.de\/blog\/wp-content\/uploads\/2016\/11\/Ak-zum-Verschicken-4-768x576.jpg 768w\" sizes=\"auto, (max-width: 800px) 100vw, 800px\" \/><\/a><\/p>\n<p style=\"text-align: justify;\">Neben die Zahlen, die der Empf\u00e4nger nach Erhalt des Kalenders dann im Dezember Tag f\u00fcr Tag abkreuzen kann, habe ich ein weihnachtliches Motiv gestaltet: Einen Weihnachtsbaum aus Buchseiten.<\/p>\n<p style=\"text-align: center;\"><a href=\"http:\/\/www.sabine-seyffert.de\/blog\/wp-content\/uploads\/2016\/11\/Ak-zum-Verschicken-7.jpg\"><img loading=\"lazy\" decoding=\"async\" class=\"alignnone size-full wp-image-8972\" src=\"http:\/\/www.sabine-seyffert.de\/blog\/wp-content\/uploads\/2016\/11\/Ak-zum-Verschicken-7.jpg\" alt=\"ak-zum-verschicken-7\" width=\"800\" height=\"600\" srcset=\"https:\/\/www.sabine-seyffert.de\/blog\/wp-content\/uploads\/2016\/11\/Ak-zum-Verschicken-7.jpg 800w, https:\/\/www.sabine-seyffert.de\/blog\/wp-content\/uploads\/2016\/11\/Ak-zum-Verschicken-7-300x225.jpg 300w, https:\/\/www.sabine-seyffert.de\/blog\/wp-content\/uploads\/2016\/11\/Ak-zum-Verschicken-7-768x576.jpg 768w\" sizes=\"auto, (max-width: 800px) 100vw, 800px\" \/><\/a><\/p>\n<p style=\"text-align: justify;\">Dazu schneidet man aus einer Buchseite ein Dreieck und klebt aus einem kleinen Streifen Wellpappe einen passenden Baumstamm mit dazu. Damit der Baum weihnachtlicher wird, habe ich ihm einen kleinen Pappstern an die Spitze geklebt, den man ganz schnell mit einem Motivlocher ausstanzen kann.<\/p>\n<p style=\"text-align: center;\"><a href=\"http:\/\/www.sabine-seyffert.de\/blog\/wp-content\/uploads\/2016\/11\/Ak-zum-Verschicken-5.jpg\"><img loading=\"lazy\" decoding=\"async\" class=\"alignnone size-full wp-image-8973\" src=\"http:\/\/www.sabine-seyffert.de\/blog\/wp-content\/uploads\/2016\/11\/Ak-zum-Verschicken-5.jpg\" alt=\"ak-zum-verschicken-5\" width=\"800\" height=\"600\" srcset=\"https:\/\/www.sabine-seyffert.de\/blog\/wp-content\/uploads\/2016\/11\/Ak-zum-Verschicken-5.jpg 800w, https:\/\/www.sabine-seyffert.de\/blog\/wp-content\/uploads\/2016\/11\/Ak-zum-Verschicken-5-300x225.jpg 300w, https:\/\/www.sabine-seyffert.de\/blog\/wp-content\/uploads\/2016\/11\/Ak-zum-Verschicken-5-768x576.jpg 768w\" sizes=\"auto, (max-width: 800px) 100vw, 800px\" \/><\/a><\/p>\n<p style=\"text-align: justify;\">Um den postalischen Adventskalender noch etwas aufzupeppen, habe ich mit meinem Pr\u00e4geger\u00e4t den Schriftzug \u201eAdvent, Advent\u201c angefertigt und am unteren Rand aufgeklebt.<\/p>\n<p style=\"text-align: center;\"><a href=\"http:\/\/www.sabine-seyffert.de\/blog\/wp-content\/uploads\/2016\/11\/Ak-zum-Verschicken-2.jpg\"><img loading=\"lazy\" decoding=\"async\" class=\"alignnone size-full wp-image-8974\" src=\"http:\/\/www.sabine-seyffert.de\/blog\/wp-content\/uploads\/2016\/11\/Ak-zum-Verschicken-2.jpg\" alt=\"ak-zum-verschicken-2\" width=\"800\" height=\"600\" srcset=\"https:\/\/www.sabine-seyffert.de\/blog\/wp-content\/uploads\/2016\/11\/Ak-zum-Verschicken-2.jpg 800w, https:\/\/www.sabine-seyffert.de\/blog\/wp-content\/uploads\/2016\/11\/Ak-zum-Verschicken-2-300x225.jpg 300w, https:\/\/www.sabine-seyffert.de\/blog\/wp-content\/uploads\/2016\/11\/Ak-zum-Verschicken-2-768x576.jpg 768w\" sizes=\"auto, (max-width: 800px) 100vw, 800px\" \/><\/a><\/p>\n<p style=\"text-align: justify;\">Nun fehlt nur noch ein vorweihnachtlicher Gru\u00df auf der R\u00fcckseite. Dann ab damit in den Umschlag, Briefmarke drauf und fertig ist die Adventspost! Weitere Ideen rund um die Adventszeit findet Ihr in <a href=\"http:\/\/www.sabine-seyffert.de\/blog\/?cat=41\" target=\"_blank\">dieser Rubrik<\/a> und anderes Kreative <a href=\"http:\/\/www.creadienstag.de\/2016\/11\/255.html\" target=\"_blank\">da<\/a>.<\/p>\n<p style=\"text-align: center;\"><a href=\"http:\/\/www.sabine-seyffert.de\/blog\/wp-content\/uploads\/2016\/11\/Ak-zum-Verschicken-1.jpg\"><img loading=\"lazy\" decoding=\"async\" class=\"alignnone size-full wp-image-8975\" src=\"http:\/\/www.sabine-seyffert.de\/blog\/wp-content\/uploads\/2016\/11\/Ak-zum-Verschicken-1.jpg\" alt=\"ak-zum-verschicken-1\" width=\"800\" height=\"600\" srcset=\"https:\/\/www.sabine-seyffert.de\/blog\/wp-content\/uploads\/2016\/11\/Ak-zum-Verschicken-1.jpg 800w, https:\/\/www.sabine-seyffert.de\/blog\/wp-content\/uploads\/2016\/11\/Ak-zum-Verschicken-1-300x225.jpg 300w, https:\/\/www.sabine-seyffert.de\/blog\/wp-content\/uploads\/2016\/11\/Ak-zum-Verschicken-1-768x576.jpg 768w\" sizes=\"auto, (max-width: 800px) 100vw, 800px\" \/><\/a><\/p>\n<p style=\"text-align: justify;\"><a href=\"http:\/\/www.sabine-seyffert.de\/blog\/?page_id=32#urheberrecht\">urheberrechtlich gesch\u00fctzt<\/a>, \u00a9 Sabine Seyffert<\/p>\n","protected":false},"excerpt":{"rendered":"<p>Wer mich kennt wei\u00df, ich bastele gerne, vor allen Dingen Adventskalender. Denn diese fertige ich jedes Jahr f\u00fcr meine Familie an und begl\u00fccke auch andere liebe Menschen mit solchen. Dieses Jahr habe ich zur Abwechslung mal ein paar Postkarten Kalender angefertigt, die sich verschicken lassen. Und die sind ganz flott gemacht. Selbst das Material kostet&#8230; <a href=\"https:\/\/www.sabine-seyffert.de\/blog\/diy-bastelidee-fuer-die-vorweihnachtszeit-selbst-gebastelte-adventskalender-zum-verschicken-ab-geht-die-post\/\" class=\"more-link\">Read more: DIY &#038; Bastelidee f\u00fcr die Vorweihnachtszeit: Selbst gebastelte Adventskalender zum Verschicken \u2013 ab geht die Post!<\/a><\/p>\n","protected":false},"author":2,"featured_media":0,"comment_status":"open","ping_status":"open","sticky":false,"template":"","format":"standard","meta":{"_metis_text_type":"","_metis_text_length":2087,"_post_count":0,"footnotes":""},"categories":[41,36,51],"tags":[],"class_list":["post-8966","post","type-post","status-publish","format-standard","hentry","category-weihnachten","category-klitzekleine-geschenkideen","category-postkarten-grusskarten"],"_links":{"self":[{"href":"https:\/\/www.sabine-seyffert.de\/blog\/wp-json\/wp\/v2\/posts\/8966","targetHints":{"allow":["GET"]}}],"collection":[{"href":"https:\/\/www.sabine-seyffert.de\/blog\/wp-json\/wp\/v2\/posts"}],"about":[{"href":"https:\/\/www.sabine-seyffert.de\/blog\/wp-json\/wp\/v2\/types\/post"}],"author":[{"embeddable":true,"href":"https:\/\/www.sabine-seyffert.de\/blog\/wp-json\/wp\/v2\/users\/2"}],"replies":[{"embeddable":true,"href":"https:\/\/www.sabine-seyffert.de\/blog\/wp-json\/wp\/v2\/comments?post=8966"}],"version-history":[{"count":5,"href":"https:\/\/www.sabine-seyffert.de\/blog\/wp-json\/wp\/v2\/posts\/8966\/revisions"}],"predecessor-version":[{"id":8980,"href":"https:\/\/www.sabine-seyffert.de\/blog\/wp-json\/wp\/v2\/posts\/8966\/revisions\/8980"}],"wp:attachment":[{"href":"https:\/\/www.sabine-seyffert.de\/blog\/wp-json\/wp\/v2\/media?parent=8966"}],"wp:term":[{"taxonomy":"category","embeddable":true,"href":"https:\/\/www.sabine-seyffert.de\/blog\/wp-json\/wp\/v2\/categories?post=8966"},{"taxonomy":"post_tag","embeddable":true,"href":"https:\/\/www.sabine-seyffert.de\/blog\/wp-json\/wp\/v2\/tags?post=8966"}],"curies":[{"name":"wp","href":"https:\/\/api.w.org\/{rel}","templated":true}]}}