{"id":8907,"date":"2016-11-21T07:32:54","date_gmt":"2016-11-21T05:32:54","guid":{"rendered":"http:\/\/www.sabine-seyffert.de\/blog\/?p=8907"},"modified":"2017-03-01T10:54:43","modified_gmt":"2017-03-01T08:54:43","slug":"pfiffige-bastelidee-diy-zum-verpacken-von-selbst-gemachter-weihnachtsmarmelade-kleine-apfel-anhaenger","status":"publish","type":"post","link":"https:\/\/www.sabine-seyffert.de\/blog\/pfiffige-bastelidee-diy-zum-verpacken-von-selbst-gemachter-weihnachtsmarmelade-kleine-apfel-anhaenger\/","title":{"rendered":"Pfiffige Bastelidee &#038; DIY zum Verpacken von selbst gemachter Weihnachtsmarmelade: Kleine Apfel Anh\u00e4nger"},"content":{"rendered":"<p style=\"text-align: justify;\"><img loading=\"lazy\" decoding=\"async\" src=\"https:\/\/ssl-vg03.met.vgwort.de\/na\/e61ab0763ccd4deeb6d83898884a59ee\" alt=\"\" width=\"1\" height=\"1\" \/>Nachdem ich vor kurzem auf <a href=\"https:\/\/www.instagram.com\/diy_sabine_seyffert\/\" target=\"_blank\">Instagram<\/a> die frisch gekochte <a href=\"http:\/\/www.sabine-seyffert.de\/blog\/?p=3367\" target=\"_blank\">Apfelmarzipanmarmelade<\/a> gezeigt habe, die hier in der Weihnachtszeit f\u00fcr kleine Mitbringsel und Geschenke aus der K\u00fcche dienen soll, kam mir spontan eine Idee. Denn so kleine Weihnachtsgeschenke wollen nat\u00fcrlich auch stimmungsvoll und ansprechend verpackt werden. Aus diesem Grund wurde hier an einem verregneten Nachmittag eine kleine Apfelproduktion in Gang gesetzt. Ein fr\u00f6hlicher Bastelspa\u00df auch f\u00fcr Kinder.<\/p>\n<p style=\"text-align: center;\"><a href=\"http:\/\/www.sabine-seyffert.de\/blog\/wp-content\/uploads\/2016\/11\/Anh\u00e4nger-Apfelmarmelade.jpg\"><img loading=\"lazy\" decoding=\"async\" class=\"alignnone size-full wp-image-8908\" src=\"http:\/\/www.sabine-seyffert.de\/blog\/wp-content\/uploads\/2016\/11\/Anh\u00e4nger-Apfelmarmelade.jpg\" alt=\"anhaenger-apfelmarmelade\" width=\"800\" height=\"600\" srcset=\"https:\/\/www.sabine-seyffert.de\/blog\/wp-content\/uploads\/2016\/11\/Anh\u00e4nger-Apfelmarmelade.jpg 800w, https:\/\/www.sabine-seyffert.de\/blog\/wp-content\/uploads\/2016\/11\/Anh\u00e4nger-Apfelmarmelade-300x225.jpg 300w, https:\/\/www.sabine-seyffert.de\/blog\/wp-content\/uploads\/2016\/11\/Anh\u00e4nger-Apfelmarmelade-768x576.jpg 768w\" sizes=\"auto, (max-width: 800px) 100vw, 800px\" \/><\/a><\/p>\n<p style=\"text-align: justify;\"><strong>Das wird gebraucht:<\/strong><br \/>\nRotes &amp; gr\u00fcnes Bastelpapier, Bastelschere, Hei\u00dfklebepistole samt Klebepatrone, naturbraunes Packpapier, Bleistift, ein kleiner Rest Pappe (beispielsweise von einem leeren Nudelkarton o.\u00e4.)<\/p>\n<p style=\"text-align: center;\"><a href=\"http:\/\/www.sabine-seyffert.de\/blog\/wp-content\/uploads\/2016\/11\/Anh\u00e4nger-Apfelmarmelade-9.jpg\"><img loading=\"lazy\" decoding=\"async\" class=\"alignnone size-full wp-image-8909\" src=\"http:\/\/www.sabine-seyffert.de\/blog\/wp-content\/uploads\/2016\/11\/Anh\u00e4nger-Apfelmarmelade-9.jpg\" alt=\"anhaenger-apfelmarmelade-9\" width=\"800\" height=\"600\" srcset=\"https:\/\/www.sabine-seyffert.de\/blog\/wp-content\/uploads\/2016\/11\/Anh\u00e4nger-Apfelmarmelade-9.jpg 800w, https:\/\/www.sabine-seyffert.de\/blog\/wp-content\/uploads\/2016\/11\/Anh\u00e4nger-Apfelmarmelade-9-300x225.jpg 300w, https:\/\/www.sabine-seyffert.de\/blog\/wp-content\/uploads\/2016\/11\/Anh\u00e4nger-Apfelmarmelade-9-768x576.jpg 768w\" sizes=\"auto, (max-width: 800px) 100vw, 800px\" \/><\/a><\/p>\n<p style=\"text-align: justify;\"><strong>So wird\u2019s gemacht:<\/strong><br \/>\nDa ich f\u00fcr das Einkochen von selbst gemachter Marmelade in der Regel alte Gl\u00e4ser verwende und die Deckel nicht immer sch\u00f6n aussehen, lasse ich diese meist unter einem schicken Gewand aus Packpapier verschwinden.<\/p>\n<p style=\"text-align: center;\"><a href=\"http:\/\/www.sabine-seyffert.de\/blog\/wp-content\/uploads\/2016\/11\/Anh\u00e4nger-Apfelmarmelade-8.jpg\"><img loading=\"lazy\" decoding=\"async\" class=\"alignnone size-full wp-image-8910\" src=\"http:\/\/www.sabine-seyffert.de\/blog\/wp-content\/uploads\/2016\/11\/Anh\u00e4nger-Apfelmarmelade-8.jpg\" alt=\"anhaenger-apfelmarmelade-8\" width=\"800\" height=\"600\" srcset=\"https:\/\/www.sabine-seyffert.de\/blog\/wp-content\/uploads\/2016\/11\/Anh\u00e4nger-Apfelmarmelade-8.jpg 800w, https:\/\/www.sabine-seyffert.de\/blog\/wp-content\/uploads\/2016\/11\/Anh\u00e4nger-Apfelmarmelade-8-300x225.jpg 300w, https:\/\/www.sabine-seyffert.de\/blog\/wp-content\/uploads\/2016\/11\/Anh\u00e4nger-Apfelmarmelade-8-768x576.jpg 768w\" sizes=\"auto, (max-width: 800px) 100vw, 800px\" \/><\/a><\/p>\n<p style=\"text-align: justify;\">Dazu schneidet man sich aus dem Papier einen gro\u00dfen Kreis aus. Das klappt \u00fcbrigens ganz leicht mit einer umgedrehten Dessertschale oder einem Unterteller als Schablone!<\/p>\n<p style=\"text-align: center;\"><a href=\"http:\/\/www.sabine-seyffert.de\/blog\/wp-content\/uploads\/2016\/11\/Anh\u00e4nger-Apfelmarmelade-7.jpg\"><img loading=\"lazy\" decoding=\"async\" class=\"alignnone size-full wp-image-8911\" src=\"http:\/\/www.sabine-seyffert.de\/blog\/wp-content\/uploads\/2016\/11\/Anh\u00e4nger-Apfelmarmelade-7.jpg\" alt=\"anhaenger-apfelmarmelade-7\" width=\"800\" height=\"600\" srcset=\"https:\/\/www.sabine-seyffert.de\/blog\/wp-content\/uploads\/2016\/11\/Anh\u00e4nger-Apfelmarmelade-7.jpg 800w, https:\/\/www.sabine-seyffert.de\/blog\/wp-content\/uploads\/2016\/11\/Anh\u00e4nger-Apfelmarmelade-7-300x225.jpg 300w, https:\/\/www.sabine-seyffert.de\/blog\/wp-content\/uploads\/2016\/11\/Anh\u00e4nger-Apfelmarmelade-7-768x576.jpg 768w\" sizes=\"auto, (max-width: 800px) 100vw, 800px\" \/><\/a><\/p>\n<p style=\"text-align: justify;\">Diesen legt man nun \u00fcber den Glasdeckel und bindet ein l\u00e4ngeres St\u00fcck Kordel herum. Die Enden binde ich zu einer Schleife, so dass man die Kordel bei Bedarf auch weiterverwenden und anderweitig nutzen kann. In diesem Fall sollten die Kordelenden etwas l\u00e4nger sein als \u00fcblich.<\/p>\n<p style=\"text-align: center;\"><a href=\"http:\/\/www.sabine-seyffert.de\/blog\/wp-content\/uploads\/2016\/11\/Anh\u00e4nger-Apfelmarmelade-6.jpg\"><img loading=\"lazy\" decoding=\"async\" class=\"alignnone size-full wp-image-8912\" src=\"http:\/\/www.sabine-seyffert.de\/blog\/wp-content\/uploads\/2016\/11\/Anh\u00e4nger-Apfelmarmelade-6.jpg\" alt=\"anhaenger-apfelmarmelade-6\" width=\"800\" height=\"600\" srcset=\"https:\/\/www.sabine-seyffert.de\/blog\/wp-content\/uploads\/2016\/11\/Anh\u00e4nger-Apfelmarmelade-6.jpg 800w, https:\/\/www.sabine-seyffert.de\/blog\/wp-content\/uploads\/2016\/11\/Anh\u00e4nger-Apfelmarmelade-6-300x225.jpg 300w, https:\/\/www.sabine-seyffert.de\/blog\/wp-content\/uploads\/2016\/11\/Anh\u00e4nger-Apfelmarmelade-6-768x576.jpg 768w\" sizes=\"auto, (max-width: 800px) 100vw, 800px\" \/><\/a><\/p>\n<p style=\"text-align: justify;\">Jetzt kommen die \u00c4pfel an die Reihe. Daf\u00fcr haben wir per Hand auf zusammengeklappten, roten Tonkarton unterschiedlich gro\u00dfe \u00c4pfel ausgeschnitten. Wer m\u00f6chte, mal sich den Umriss mit Bleistift einfach vor. Wichtig ist, dass das Papier doppelt liegt, weil man den Apfel in zweifacher Ausf\u00fchrung braucht. Damit der Apfel echter aussieht, durfte aus dem gr\u00fcnen Papier noch kleine Bl\u00e4tter geschnitten werden. Und aus dem Papprest die jeweiligen Stiele.<\/p>\n<p style=\"text-align: center;\"><a href=\"http:\/\/www.sabine-seyffert.de\/blog\/wp-content\/uploads\/2016\/11\/Anh\u00e4nger-Apfelmarmelade-4.jpg\"><img loading=\"lazy\" decoding=\"async\" class=\"alignnone size-full wp-image-8913\" src=\"http:\/\/www.sabine-seyffert.de\/blog\/wp-content\/uploads\/2016\/11\/Anh\u00e4nger-Apfelmarmelade-4.jpg\" alt=\"anhaenger-apfelmarmelade-4\" width=\"800\" height=\"600\" srcset=\"https:\/\/www.sabine-seyffert.de\/blog\/wp-content\/uploads\/2016\/11\/Anh\u00e4nger-Apfelmarmelade-4.jpg 800w, https:\/\/www.sabine-seyffert.de\/blog\/wp-content\/uploads\/2016\/11\/Anh\u00e4nger-Apfelmarmelade-4-300x225.jpg 300w, https:\/\/www.sabine-seyffert.de\/blog\/wp-content\/uploads\/2016\/11\/Anh\u00e4nger-Apfelmarmelade-4-768x576.jpg 768w\" sizes=\"auto, (max-width: 800px) 100vw, 800px\" \/><\/a><\/p>\n<p style=\"text-align: justify;\">An jedes Kordelende kommt nun ein Apfel. Dazu legt man die erste H\u00e4lfte unter die Kordel, klebt den Stiel samt dem Blatt an und gibt noch mal Kleber ins Innere. Anschlie\u00dfend dr\u00fcckt man die passende Apfelh\u00e4lfte von oben dagegen, so dass das Kordelende mittig im Apfel steckt. Auf diese Weise kann man die verpackten Gl\u00e4ser ganz s\u00fc\u00df schm\u00fccken und in Szene setzen.<\/p>\n<p style=\"text-align: center;\"><a href=\"http:\/\/www.sabine-seyffert.de\/blog\/wp-content\/uploads\/2016\/11\/Anh\u00e4nger-Apfelmarmelade-5.jpg\"><img loading=\"lazy\" decoding=\"async\" class=\"alignnone size-full wp-image-8914\" src=\"http:\/\/www.sabine-seyffert.de\/blog\/wp-content\/uploads\/2016\/11\/Anh\u00e4nger-Apfelmarmelade-5.jpg\" alt=\"anhaenger-apfelmarmelade-5\" width=\"800\" height=\"600\" srcset=\"https:\/\/www.sabine-seyffert.de\/blog\/wp-content\/uploads\/2016\/11\/Anh\u00e4nger-Apfelmarmelade-5.jpg 800w, https:\/\/www.sabine-seyffert.de\/blog\/wp-content\/uploads\/2016\/11\/Anh\u00e4nger-Apfelmarmelade-5-300x225.jpg 300w, https:\/\/www.sabine-seyffert.de\/blog\/wp-content\/uploads\/2016\/11\/Anh\u00e4nger-Apfelmarmelade-5-768x576.jpg 768w\" sizes=\"auto, (max-width: 800px) 100vw, 800px\" \/><\/a><\/p>\n<p style=\"text-align: justify;\"><strong>Ein kleiner Tipp:<\/strong><br \/>\nMit einem Lackstift lassen sich die Marmeladengl\u00e4ser noch beschriften oder einem weihnachtlichen Gru\u00df versehen!<\/p>\n<p style=\"text-align: center;\"><a href=\"http:\/\/www.sabine-seyffert.de\/blog\/wp-content\/uploads\/2016\/11\/Anh\u00e4nger-Apfelmarmelade-3.jpg\"><img loading=\"lazy\" decoding=\"async\" class=\"alignnone size-full wp-image-8915\" src=\"http:\/\/www.sabine-seyffert.de\/blog\/wp-content\/uploads\/2016\/11\/Anh\u00e4nger-Apfelmarmelade-3.jpg\" alt=\"anhaenger-apfelmarmelade-3\" width=\"800\" height=\"600\" srcset=\"https:\/\/www.sabine-seyffert.de\/blog\/wp-content\/uploads\/2016\/11\/Anh\u00e4nger-Apfelmarmelade-3.jpg 800w, https:\/\/www.sabine-seyffert.de\/blog\/wp-content\/uploads\/2016\/11\/Anh\u00e4nger-Apfelmarmelade-3-300x225.jpg 300w, https:\/\/www.sabine-seyffert.de\/blog\/wp-content\/uploads\/2016\/11\/Anh\u00e4nger-Apfelmarmelade-3-768x576.jpg 768w\" sizes=\"auto, (max-width: 800px) 100vw, 800px\" \/><\/a><\/p>\n<p style=\"text-align: justify;\">Rezeptideen f\u00fcr Geschenke aus der K\u00fcche findet Ihr \u00fcbrigens in <a href=\"http:\/\/www.sabine-seyffert.de\/blog\/?cat=43\" target=\"_blank\">dieser Rubrik<\/a>, Ideen f\u00fcr Geschenkverpackungen <a href=\"http:\/\/www.sabine-seyffert.de\/blog\/?cat=49\" target=\"_blank\">hier<\/a> und Kreatives <a href=\"http:\/\/www.creadienstag.de\/2016\/11\/254.html\" target=\"_blank\">da<\/a>.<\/p>\n<p><a href=\"http:\/\/www.sabine-seyffert.de\/blog\/?page_id=32#urheberrecht\">urheberrechtlich gesch\u00fctzt<\/a>, \u00a9 Sabine Seyffert<\/p>\n","protected":false},"excerpt":{"rendered":"<p>Nachdem ich vor kurzem auf Instagram die frisch gekochte Apfelmarzipanmarmelade gezeigt habe, die hier in der Weihnachtszeit f\u00fcr kleine Mitbringsel und Geschenke aus der K\u00fcche dienen soll, kam mir spontan eine Idee. Denn so kleine Weihnachtsgeschenke wollen nat\u00fcrlich auch stimmungsvoll und ansprechend verpackt werden. Aus diesem Grund wurde hier an einem verregneten Nachmittag eine kleine&#8230; <a href=\"https:\/\/www.sabine-seyffert.de\/blog\/pfiffige-bastelidee-diy-zum-verpacken-von-selbst-gemachter-weihnachtsmarmelade-kleine-apfel-anhaenger\/\" class=\"more-link\">Read more: Pfiffige Bastelidee &#038; DIY zum Verpacken von selbst gemachter Weihnachtsmarmelade: Kleine Apfel Anh\u00e4nger<\/a><\/p>\n","protected":false},"author":2,"featured_media":0,"comment_status":"open","ping_status":"open","sticky":false,"template":"","format":"standard","meta":{"_metis_text_type":"","_metis_text_length":2474,"_post_count":0,"footnotes":""},"categories":[41,32,49],"tags":[],"class_list":["post-8907","post","type-post","status-publish","format-standard","hentry","category-weihnachten","category-kreatives-fur-kleine-kinderhande","category-verpackungsideen"],"_links":{"self":[{"href":"https:\/\/www.sabine-seyffert.de\/blog\/wp-json\/wp\/v2\/posts\/8907","targetHints":{"allow":["GET"]}}],"collection":[{"href":"https:\/\/www.sabine-seyffert.de\/blog\/wp-json\/wp\/v2\/posts"}],"about":[{"href":"https:\/\/www.sabine-seyffert.de\/blog\/wp-json\/wp\/v2\/types\/post"}],"author":[{"embeddable":true,"href":"https:\/\/www.sabine-seyffert.de\/blog\/wp-json\/wp\/v2\/users\/2"}],"replies":[{"embeddable":true,"href":"https:\/\/www.sabine-seyffert.de\/blog\/wp-json\/wp\/v2\/comments?post=8907"}],"version-history":[{"count":3,"href":"https:\/\/www.sabine-seyffert.de\/blog\/wp-json\/wp\/v2\/posts\/8907\/revisions"}],"predecessor-version":[{"id":8918,"href":"https:\/\/www.sabine-seyffert.de\/blog\/wp-json\/wp\/v2\/posts\/8907\/revisions\/8918"}],"wp:attachment":[{"href":"https:\/\/www.sabine-seyffert.de\/blog\/wp-json\/wp\/v2\/media?parent=8907"}],"wp:term":[{"taxonomy":"category","embeddable":true,"href":"https:\/\/www.sabine-seyffert.de\/blog\/wp-json\/wp\/v2\/categories?post=8907"},{"taxonomy":"post_tag","embeddable":true,"href":"https:\/\/www.sabine-seyffert.de\/blog\/wp-json\/wp\/v2\/tags?post=8907"}],"curies":[{"name":"wp","href":"https:\/\/api.w.org\/{rel}","templated":true}]}}