{"id":8830,"date":"2016-11-10T07:22:53","date_gmt":"2016-11-10T05:22:53","guid":{"rendered":"http:\/\/www.sabine-seyffert.de\/blog\/?p=8830"},"modified":"2022-10-21T11:54:29","modified_gmt":"2022-10-21T09:54:29","slug":"ich-geh-mit-meiner-laterne-ueber-das-laternelaufen-und-maetensingen-zum-martinstag","status":"publish","type":"post","link":"https:\/\/www.sabine-seyffert.de\/blog\/ich-geh-mit-meiner-laterne-ueber-das-laternelaufen-und-maetensingen-zum-martinstag\/","title":{"rendered":"Ich geh mit meiner Laterne\u2026 \u00dcber das Laternelaufen und M\u00e4tensingen zum Martinstag"},"content":{"rendered":"<p style=\"text-align: justify;\"><img loading=\"lazy\" decoding=\"async\" src=\"https:\/\/ssl-vg03.met.vgwort.de\/na\/d63f834568ef4a5b8cd56bc0a9533ef2\" alt=\"\" width=\"1\" height=\"1\" \/>Zu gerne erinnere ich mich an Kindertage zur\u00fcck, wo alle gemeinsam am gro\u00dfen Tisch sa\u00dfen und bunte Laternen gebastelt haben. Da wurde flei\u00dfig gemalt, geschnitten, gebastelt und eifrig geklebt. Dabei heraus kamen die sch\u00f6nsten Lampions. Bei meiner Oma im Flur leuchtete zu dieser Zeit immer eine gro\u00dfe Sonne mit dem Mond als Laterne um die Wette und ich denke noch gern an die Vorfreude und das aufregende Kribbeln zur\u00fcck, die diese Zeit in mir als Kind hervorrief.<\/p>\n<p style=\"text-align: center;\"><a href=\"http:\/\/www.sabine-seyffert.de\/blog\/wp-content\/uploads\/2016\/11\/Brauch-M\u00e4tensingen-Laternenh\u00e4user.jpg\"><img loading=\"lazy\" decoding=\"async\" class=\"alignnone size-full wp-image-8831\" src=\"http:\/\/www.sabine-seyffert.de\/blog\/wp-content\/uploads\/2016\/11\/Brauch-M\u00e4tensingen-Laternenh\u00e4user.jpg\" alt=\"brauch-maetensingen-laternenhaeuser\" width=\"600\" height=\"800\" srcset=\"https:\/\/www.sabine-seyffert.de\/blog\/wp-content\/uploads\/2016\/11\/Brauch-M\u00e4tensingen-Laternenh\u00e4user.jpg 600w, https:\/\/www.sabine-seyffert.de\/blog\/wp-content\/uploads\/2016\/11\/Brauch-M\u00e4tensingen-Laternenh\u00e4user-225x300.jpg 225w\" sizes=\"auto, (max-width: 600px) 100vw, 600px\" \/><\/a><\/p>\n<p style=\"text-align: justify;\">Noch heute liebe ich die Laternenzeit mit allem was dazu geh\u00f6rt. Da liegt es nur nahe, dass ich diese Tradition mit meinen eigenen vier Kindern bis heute weiterf\u00fchre. Auch wir basteln unsere Laternen stets mit ganz viel Liebe und Herzblut selbst. Und daher haben wir davon meist mehr, als wir hier <a href=\"https:\/\/de.wikipedia.org\/wiki\/Martinstag\" target=\"_blank\" rel=\"noopener\">am Martinstag<\/a> und zum Laternenzug durch die Nacht tragen k\u00f6nnen. Der Laternenumzug mit Kindergarten und Grundschule geh\u00f6rt in dieser Zeit ganz fest mit dazu und ein bisschen wehm\u00fctig denke ich an die Zeit, wenn all unsere Kinder gro\u00df sind und daran nicht mehr teilnehmen werden.<\/p>\n<p style=\"text-align: center;\"><a href=\"http:\/\/www.sabine-seyffert.de\/blog\/wp-content\/uploads\/2016\/11\/Brauch-M\u00e4tensingen-Fuchslaterne.jpg\"><img loading=\"lazy\" decoding=\"async\" class=\"alignnone size-full wp-image-8832\" src=\"http:\/\/www.sabine-seyffert.de\/blog\/wp-content\/uploads\/2016\/11\/Brauch-M\u00e4tensingen-Fuchslaterne.jpg\" alt=\"brauch-maetensingen-fuchslaterne\" width=\"600\" height=\"800\" srcset=\"https:\/\/www.sabine-seyffert.de\/blog\/wp-content\/uploads\/2016\/11\/Brauch-M\u00e4tensingen-Fuchslaterne.jpg 600w, https:\/\/www.sabine-seyffert.de\/blog\/wp-content\/uploads\/2016\/11\/Brauch-M\u00e4tensingen-Fuchslaterne-225x300.jpg 225w\" sizes=\"auto, (max-width: 600px) 100vw, 600px\" \/><\/a><\/p>\n<p style=\"text-align: justify;\">Zu gem\u00fctlich sind die Momente die zahlreichen Lichter der Laternen durch die Stra\u00dfen ziehen zu sehen und den funkelnden Lichterglanz im Abendlicht zu beobachten. Das Naschen der <a href=\"http:\/\/www.sabine-seyffert.de\/blog\/?p=4912\" target=\"_blank\" rel=\"noopener\">s\u00fc\u00dfen Weckm\u00e4nner<\/a> mit Tonpfeife, dass hier auf jedem Laternenzug dazu geh\u00f6rt und auch das imposante Martinsfeuer, dass nach dem gemeinsamen St. Martinszug nicht nur ein sch\u00f6ner Treffpunkt f\u00fcr alle ist, um den man gem\u00fctlich beisammen steht, sondern der auch wohltuende w\u00e4rme spendet, wenn die H\u00e4nde durch die K\u00e4lte bereits durchgefroren sind.<\/p>\n<p style=\"text-align: center;\"><a href=\"http:\/\/www.sabine-seyffert.de\/blog\/wp-content\/uploads\/2016\/11\/Brauch-M\u00e4tensingen-martinsfeuer-2.jpg\"><img loading=\"lazy\" decoding=\"async\" class=\"alignnone size-full wp-image-8833\" src=\"http:\/\/www.sabine-seyffert.de\/blog\/wp-content\/uploads\/2016\/11\/Brauch-M\u00e4tensingen-martinsfeuer-2.jpg\" alt=\"brauch-maetensingen-martinsfeuer-2\" width=\"600\" height=\"800\" srcset=\"https:\/\/www.sabine-seyffert.de\/blog\/wp-content\/uploads\/2016\/11\/Brauch-M\u00e4tensingen-martinsfeuer-2.jpg 600w, https:\/\/www.sabine-seyffert.de\/blog\/wp-content\/uploads\/2016\/11\/Brauch-M\u00e4tensingen-martinsfeuer-2-225x300.jpg 225w\" sizes=\"auto, (max-width: 600px) 100vw, 600px\" \/><\/a><\/p>\n<p style=\"text-align: justify;\">Das sch\u00f6nste in dieser Zeit f\u00fcr mich ist jedoch <a href=\"https:\/\/de.wikipedia.org\/wiki\/Martinssingen\" target=\"_blank\" rel=\"noopener\">das M\u00e4tensingen<\/a>, wie man diesen Brauch hier im Bergischen Land bezeichnet. Hier treffen sich die Kinder in kleineren Gruppen am Abend vom dem Martinstag, dem 10. November, um zusammen mit ihren Laternen von Haus zu Haus zu ziehen. Mit dabei haben die Kinder nat\u00fcrlich ihre Laternen und einen kleinen Stoffbeutel. Wenn sie an einem Haus klingeln und ge\u00f6ffnet wird, singen die Kinder gemeinsam Laternenlieder. Und als kleinen Dank bekommen sie dann eine s\u00fc\u00dfe Leckerei, ein paar N\u00fcsse oder Mandarinen in ihren Beutel.<\/p>\n<p style=\"text-align: center;\"><a href=\"http:\/\/www.sabine-seyffert.de\/blog\/wp-content\/uploads\/2016\/11\/Brauch-M\u00e4tensingen-martinsfeuer-Kopf.jpg\"><img loading=\"lazy\" decoding=\"async\" class=\"alignnone size-full wp-image-8834\" src=\"http:\/\/www.sabine-seyffert.de\/blog\/wp-content\/uploads\/2016\/11\/Brauch-M\u00e4tensingen-martinsfeuer-Kopf.jpg\" alt=\"brauch-maetensingen-martinsfeuer-kopf\" width=\"800\" height=\"600\" srcset=\"https:\/\/www.sabine-seyffert.de\/blog\/wp-content\/uploads\/2016\/11\/Brauch-M\u00e4tensingen-martinsfeuer-Kopf.jpg 800w, https:\/\/www.sabine-seyffert.de\/blog\/wp-content\/uploads\/2016\/11\/Brauch-M\u00e4tensingen-martinsfeuer-Kopf-300x225.jpg 300w, https:\/\/www.sabine-seyffert.de\/blog\/wp-content\/uploads\/2016\/11\/Brauch-M\u00e4tensingen-martinsfeuer-Kopf-768x576.jpg 768w\" sizes=\"auto, (max-width: 800px) 100vw, 800px\" \/><\/a><\/p>\n<p style=\"text-align: justify;\">Leider kommen Jahr f\u00fcr Jahr weniger Kinder zum Singen am Abend vorbei, da die meisten lieber in der Stadt und den Gesch\u00e4ften singen gehen. Dort gibt es zwar reichlich S\u00fc\u00dfigkeiten f\u00fcr den Nachwuchs, aber die wunderbare Stimmung und das Laternenleuchten sucht man dort vergeblich.<\/p>\n<p style=\"text-align: center;\"><a href=\"http:\/\/www.sabine-seyffert.de\/blog\/wp-content\/uploads\/2016\/11\/Laterne-6.jpg\"><img loading=\"lazy\" decoding=\"async\" class=\"alignnone size-full wp-image-8835\" src=\"http:\/\/www.sabine-seyffert.de\/blog\/wp-content\/uploads\/2016\/11\/Laterne-6.jpg\" alt=\"laterne-6\" width=\"600\" height=\"800\" srcset=\"https:\/\/www.sabine-seyffert.de\/blog\/wp-content\/uploads\/2016\/11\/Laterne-6.jpg 600w, https:\/\/www.sabine-seyffert.de\/blog\/wp-content\/uploads\/2016\/11\/Laterne-6-225x300.jpg 225w\" sizes=\"auto, (max-width: 600px) 100vw, 600px\" \/><\/a><\/p>\n<p style=\"text-align: justify;\">Umso mehr habe ich mich gestern Morgen gefreut in der Zeitung einen Aufruf zu entdecken, damit dieser zauberhafte Brauch nicht verloren geht und es an den Haust\u00fcren auch in den n\u00e4chsten Jahren nicht nur bunt leuchtet, sondern auch die Lieder erklingen. Aus diesem Grund soll jeder, der mag leuchtende Lichter sichtbar ins Fenster stellen, damit die kleinen Laternens\u00e4nger wissen, dass sie hier Willkommen sind und eine kleine \u00dcberraschung auf sie wartet. Diesen Aufruf gebe ich hiermit gerne weiter und freue mich schon sehr auf heute Abend!<\/p>\n<p style=\"text-align: center;\"><a href=\"http:\/\/www.sabine-seyffert.de\/blog\/wp-content\/uploads\/2016\/11\/Windlicht-Reihe-Fensterbank.jpg\"><img loading=\"lazy\" decoding=\"async\" class=\"alignnone size-full wp-image-8837\" src=\"http:\/\/www.sabine-seyffert.de\/blog\/wp-content\/uploads\/2016\/11\/Windlicht-Reihe-Fensterbank.jpg\" alt=\"windlicht-reihe-fensterbank\" width=\"600\" height=\"800\" srcset=\"https:\/\/www.sabine-seyffert.de\/blog\/wp-content\/uploads\/2016\/11\/Windlicht-Reihe-Fensterbank.jpg 600w, https:\/\/www.sabine-seyffert.de\/blog\/wp-content\/uploads\/2016\/11\/Windlicht-Reihe-Fensterbank-225x300.jpg 225w\" sizes=\"auto, (max-width: 600px) 100vw, 600px\" \/><\/a><\/p>\n<p style=\"text-align: justify;\">Wer die Laternenzeit ebenso liebt wie ich, findet passend zum Thema <a href=\"http:\/\/www.sabine-seyffert.de\/blog\/?p=3105\" target=\"_blank\" rel=\"noopener\">hier<\/a> eine entspannende Fantasiereise, <a href=\"http:\/\/www.sabine-seyffert.de\/blog\/?p=8817\" target=\"_blank\" rel=\"noopener\">dort<\/a> eine wohltuende Massage f\u00fcr Kinder, <a href=\"http:\/\/www.sabine-seyffert.de\/blog\/?p=4762\" target=\"_blank\" rel=\"noopener\">da<\/a> einen Bericht \u00fcber einen au\u00dfergew\u00f6hnlichen Laternenumzug und unter dem Stichwort \u201e<a href=\"http:\/\/www.sabine-seyffert.de\/blog\/?s=laterne\" target=\"_blank\" rel=\"noopener\">Laterne<\/a>\u201c allerhand ausgefallene Bastelideen.<\/p>\n<p style=\"text-align: center;\"><a href=\"http:\/\/www.sabine-seyffert.de\/blog\/wp-content\/uploads\/2016\/11\/Brauch-M\u00e4tensingen-Weckmann.jpg\"><img loading=\"lazy\" decoding=\"async\" class=\"alignnone size-full wp-image-8836\" src=\"http:\/\/www.sabine-seyffert.de\/blog\/wp-content\/uploads\/2016\/11\/Brauch-M\u00e4tensingen-Weckmann.jpg\" alt=\"brauch-maetensingen-weckmann\" width=\"600\" height=\"800\" srcset=\"https:\/\/www.sabine-seyffert.de\/blog\/wp-content\/uploads\/2016\/11\/Brauch-M\u00e4tensingen-Weckmann.jpg 600w, https:\/\/www.sabine-seyffert.de\/blog\/wp-content\/uploads\/2016\/11\/Brauch-M\u00e4tensingen-Weckmann-225x300.jpg 225w\" sizes=\"auto, (max-width: 600px) 100vw, 600px\" \/><\/a><\/p>\n<p><a href=\"http:\/\/www.sabine-seyffert.de\/blog\/?page_id=32#urheberrecht\">urheberrechtlich gesch\u00fctzt<\/a>, \u00a9 Sabine Seyffert<\/p>\n","protected":false},"excerpt":{"rendered":"<p>Zu gerne erinnere ich mich an Kindertage zur\u00fcck, wo alle gemeinsam am gro\u00dfen Tisch sa\u00dfen und bunte Laternen gebastelt haben. Da wurde flei\u00dfig gemalt, geschnitten, gebastelt und eifrig geklebt. Dabei heraus kamen die sch\u00f6nsten Lampions. Bei meiner Oma im Flur leuchtete zu dieser Zeit immer eine gro\u00dfe Sonne mit dem Mond als Laterne um die&#8230; <a href=\"https:\/\/www.sabine-seyffert.de\/blog\/ich-geh-mit-meiner-laterne-ueber-das-laternelaufen-und-maetensingen-zum-martinstag\/\" class=\"more-link\">Read more: Ich geh mit meiner Laterne\u2026 \u00dcber das Laternelaufen und M\u00e4tensingen zum Martinstag<\/a><\/p>\n","protected":false},"author":2,"featured_media":0,"comment_status":"open","ping_status":"open","sticky":false,"template":"","format":"standard","meta":{"_metis_text_type":"","_metis_text_length":3267,"_post_count":0,"footnotes":""},"categories":[52,25,54,10],"tags":[],"class_list":["post-8830","post","type-post","status-publish","format-standard","hentry","category-familie","category-herbst","category-laterne-co","category-spiel-spas"],"_links":{"self":[{"href":"https:\/\/www.sabine-seyffert.de\/blog\/wp-json\/wp\/v2\/posts\/8830","targetHints":{"allow":["GET"]}}],"collection":[{"href":"https:\/\/www.sabine-seyffert.de\/blog\/wp-json\/wp\/v2\/posts"}],"about":[{"href":"https:\/\/www.sabine-seyffert.de\/blog\/wp-json\/wp\/v2\/types\/post"}],"author":[{"embeddable":true,"href":"https:\/\/www.sabine-seyffert.de\/blog\/wp-json\/wp\/v2\/users\/2"}],"replies":[{"embeddable":true,"href":"https:\/\/www.sabine-seyffert.de\/blog\/wp-json\/wp\/v2\/comments?post=8830"}],"version-history":[{"count":5,"href":"https:\/\/www.sabine-seyffert.de\/blog\/wp-json\/wp\/v2\/posts\/8830\/revisions"}],"predecessor-version":[{"id":24289,"href":"https:\/\/www.sabine-seyffert.de\/blog\/wp-json\/wp\/v2\/posts\/8830\/revisions\/24289"}],"wp:attachment":[{"href":"https:\/\/www.sabine-seyffert.de\/blog\/wp-json\/wp\/v2\/media?parent=8830"}],"wp:term":[{"taxonomy":"category","embeddable":true,"href":"https:\/\/www.sabine-seyffert.de\/blog\/wp-json\/wp\/v2\/categories?post=8830"},{"taxonomy":"post_tag","embeddable":true,"href":"https:\/\/www.sabine-seyffert.de\/blog\/wp-json\/wp\/v2\/tags?post=8830"}],"curies":[{"name":"wp","href":"https:\/\/api.w.org\/{rel}","templated":true}]}}