{"id":8817,"date":"2016-11-09T07:21:21","date_gmt":"2016-11-09T05:21:21","guid":{"rendered":"http:\/\/www.sabine-seyffert.de\/blog\/?p=8817"},"modified":"2018-10-26T09:59:07","modified_gmt":"2018-10-26T07:59:07","slug":"entspannende-massage-streichelgeschichte-fuer-die-laternenzeit-kommt-wir-wollen-laternen-basteln","status":"publish","type":"post","link":"https:\/\/www.sabine-seyffert.de\/blog\/entspannende-massage-streichelgeschichte-fuer-die-laternenzeit-kommt-wir-wollen-laternen-basteln\/","title":{"rendered":"Entspannende Massage &#038; Streichelgeschichte f\u00fcr die Laternenzeit: Kommt, wir wollen Laternen basteln!"},"content":{"rendered":"<p style=\"text-align: justify;\"><img loading=\"lazy\" decoding=\"async\" src=\"https:\/\/ssl-vg03.met.vgwort.de\/na\/7e59f0fb681e43e08bee5296341779e9\" alt=\"\" width=\"1\" height=\"1\" \/>Eine wohltuende Massage f\u00fcr Kinder hat es schon l\u00e4nger nicht mehr auf meinem Blog gegeben. Und als kleines Geschenk f\u00fcr das bevorstehende St. Martinsfest habe ich eine ganz stimmungsvolle Streichelgeschichte f\u00fcr alle kleinen und gro\u00dfen Laternenfans dabei. Also schnappt Euch eine Matte, Decke und ein Kissen und genie\u00dft diese kleine Streicheleinheit in vollen Z\u00fcgen. Wer vorab nachlesen m\u00f6chte was es mit diesen Massagen und Streichelgeschichten auf sich hat und was man beachten sollte, wird in <a href=\"http:\/\/www.sabine-seyffert.de\/blog\/?p=1371\" target=\"_blank\" rel=\"noopener\">diesem Artikel<\/a> von mir f\u00fcndig.<\/p>\n<p style=\"text-align: center;\"><a href=\"http:\/\/www.sabine-seyffert.de\/blog\/wp-content\/uploads\/2016\/11\/Laterne-7.jpg\"><img loading=\"lazy\" decoding=\"async\" class=\"alignnone size-full wp-image-8818\" src=\"http:\/\/www.sabine-seyffert.de\/blog\/wp-content\/uploads\/2016\/11\/Laterne-7.jpg\" alt=\"laterne-7\" width=\"600\" height=\"800\" srcset=\"https:\/\/www.sabine-seyffert.de\/blog\/wp-content\/uploads\/2016\/11\/Laterne-7.jpg 600w, https:\/\/www.sabine-seyffert.de\/blog\/wp-content\/uploads\/2016\/11\/Laterne-7-225x300.jpg 225w\" sizes=\"auto, (max-width: 600px) 100vw, 600px\" \/><\/a><\/p>\n<p style=\"text-align: justify;\"><strong>Das wird gebraucht<\/strong>: Pro Spielerpaar eine Matte oder Decke sowie ein kleines, flaches Kissen<\/p>\n<p style=\"text-align: justify;\"><strong>So wird\u00b4s gemacht:<\/strong><br \/>\nBitte sucht euch f\u00fcr die heutige Massage einen Spielpartner \/ eine Spielpartnerin.<\/p>\n<p style=\"text-align: justify;\"><em>Haben alle einen Partner gefunden, d\u00fcrfen sich alle eine Matte nehmen. Am sinnvollsten ist es, wenn die Matten in einem gro\u00dfen Kreis um die Mitte gelegt werden. Denn so k\u00f6nnen die Kinder, die nachher massieren, den Erz\u00e4hler bzw. die \u00dcbungsleitung jederzeit sehen und schauen, wie welche Ber\u00fchrung durchgef\u00fchrt wird.<\/em><\/p>\n<p style=\"text-align: justify;\">Die Kinder, die das glattere (l\u00e4ngere, hellere o.\u00e4.) Haar haben, werden nun zuerst massiert. Dazu legen sich die Kinder mit dem Bauch auf die Matte. Schaut, dass ihr wirklich bequem liegt und euch dabei rundum wohl f\u00fchlt\u2026<\/p>\n<p style=\"text-align: justify;\"><em>Die Kinder, die nun massieren, setzen sich etwa in R\u00fcckenh\u00f6he neben das liegende Kind.<\/em><\/p>\n<p style=\"text-align: justify;\">Stellt euch vor, wir basteln heute eine Laterne. Denn das Martinsfest ist nicht mehr weit! Dazu legen wir als erstes die Basteltischdecke auf den Tisch\u2026<\/p>\n<p style=\"text-align: justify;\"><em>Die Kinder, die massieren, zupfen sacht an dem Oberteil, das das liegende Kind tr\u00e4gt. Dabei darf nach unten, an beiden Seiten und nach Oben gezupft werden. Nat\u00fcrlich nur so sacht, dass es angenehm ist und nichts an der Kleidung kaputt geht!<\/em><\/p>\n<p style=\"text-align: justify;\">Prima! Nun schneiden wir aus einem Bogen Tonkarton die Laternenform mit der Schere aus\u2026<\/p>\n<p style=\"text-align: justify;\"><em>Die Hand wird gestreckt und mit der unteren Kante darf nun \u00fcber den gesamten R\u00fccken gefahren und mit leichtem Druck massiert werden.<\/em><\/p>\n<p style=\"text-align: justify;\">Jetzt ritzen wir noch kleine Muster in die Pappe, damit die Kerze schlie\u00dflich auch richtig in der Laterne leuchten kann\u2026<\/p>\n<p style=\"text-align: justify;\"><em>Dazu darf mit dem Zeigefinger hier und da auf den R\u00fccken gemalt werden. Ob Kreise, Kringel, Dreiecke, Quadrate, Sterne \u2013 alles ist erlaubt. Die Kinder, die massieren, sollten darauf achten, dass so der ganze R\u00fccken gestreichelt wird und die Motive auf dem R\u00fccken m\u00f6glichst gleichm\u00e4\u00dfig verteilt werden.<\/em><\/p>\n<p style=\"text-align: justify;\">Wir m\u00fcssen nun noch fl\u00fcssigen Kleber auf der R\u00fcckseite verteilen\u2026<\/p>\n<p style=\"text-align: justify;\"><em>Mit den flachen H\u00e4nden sanft den R\u00fccken streicheln.<\/em><\/p>\n<p style=\"text-align: justify;\">Wunderbar, nun muss noch das Transparentpapier auf den Kleber gedr\u00fcckt werden, damit die Laterne bunt leuchten kann.<\/p>\n<p style=\"text-align: justify;\"><em>Mit den flachen H\u00e4nden den ganzen R\u00fccken sanft durchklopfen.<\/em><\/p>\n<p style=\"text-align: justify;\">Als n\u00e4chstes muss der Kleber trocknen\u2026<\/p>\n<p style=\"text-align: justify;\"><em>Hierbei wird \u00fcber den R\u00fccken des Kindes gepustet.<\/em><\/p>\n<p style=\"text-align: justify;\">Super, die Laterne ist fertig. Jetzt kommt noch ein Teelicht hinein. Seht ihr den bunten Schein der Laterne? Und k\u00f6nnt Ihr die wohltuende W\u00e4rme dabei sp\u00fcren?<\/p>\n<p style=\"text-align: justify;\"><em>Beide Handinnenfl\u00e4chen schnell aneinanderreiben, bis diese ganz warm sind. Dann die warmen H\u00e4nde ruhend auf den R\u00fccken legen!<\/em><\/p>\n<p style=\"text-align: center;\"><em><a href=\"http:\/\/www.sabine-seyffert.de\/blog\/wp-content\/uploads\/2016\/11\/Laterne-3.jpg\"><img loading=\"lazy\" decoding=\"async\" class=\"alignnone size-full wp-image-8819\" src=\"http:\/\/www.sabine-seyffert.de\/blog\/wp-content\/uploads\/2016\/11\/Laterne-3.jpg\" alt=\"laterne-3\" width=\"600\" height=\"800\" srcset=\"https:\/\/www.sabine-seyffert.de\/blog\/wp-content\/uploads\/2016\/11\/Laterne-3.jpg 600w, https:\/\/www.sabine-seyffert.de\/blog\/wp-content\/uploads\/2016\/11\/Laterne-3-225x300.jpg 225w\" sizes=\"auto, (max-width: 600px) 100vw, 600px\" \/><\/a><\/em><\/p>\n<p style=\"text-align: justify;\"><strong>Ein kleiner Tipp:<\/strong><br \/>\nMan kann diese Massage auch im Stehen durchf\u00fchren. Dann braucht man nicht soviel Platz. Au\u00dferdem nimmt dies nicht ganz soviel Zeit in Anspruch, da man nicht erst die Matten verteilen muss. Jedoch empfinden die Kinder es meist als entspannender, wenn sie sich dabei hinlegen k\u00f6nnen.<br \/>\nDiese Massage l\u00e4sst sich nach eigenen Ideen oder Anregungen der Kinder auch nach Belieben ab\u00e4ndern und erweitern. Beispielsweise wenn die Entspannungsphase noch weiter ausgedehnt werden soll. Das h\u00e4ngt nat\u00fcrlich ganz von der Zeit ab, die man hierf\u00fcr zur Verf\u00fcgung hat.<\/p>\n<p style=\"text-align: center;\"><a href=\"http:\/\/www.sabine-seyffert.de\/blog\/wp-content\/uploads\/2016\/11\/Laterne-4.jpg\"><img loading=\"lazy\" decoding=\"async\" class=\"alignnone size-full wp-image-8820\" src=\"http:\/\/www.sabine-seyffert.de\/blog\/wp-content\/uploads\/2016\/11\/Laterne-4.jpg\" alt=\"laterne-4\" width=\"600\" height=\"800\" srcset=\"https:\/\/www.sabine-seyffert.de\/blog\/wp-content\/uploads\/2016\/11\/Laterne-4.jpg 600w, https:\/\/www.sabine-seyffert.de\/blog\/wp-content\/uploads\/2016\/11\/Laterne-4-225x300.jpg 225w\" sizes=\"auto, (max-width: 600px) 100vw, 600px\" \/><\/a><\/p>\n<p style=\"text-align: justify;\">Ich w\u00fcnsche allen eine ganz lichterf\u00fcllte Laternenzeit!<\/p>\n<p style=\"text-align: center;\"><a href=\"http:\/\/www.sabine-seyffert.de\/blog\/wp-content\/uploads\/2016\/11\/Laterne-5.jpg\"><img loading=\"lazy\" decoding=\"async\" class=\"alignnone size-full wp-image-8821\" src=\"http:\/\/www.sabine-seyffert.de\/blog\/wp-content\/uploads\/2016\/11\/Laterne-5.jpg\" alt=\"laterne-5\" width=\"600\" height=\"800\" srcset=\"https:\/\/www.sabine-seyffert.de\/blog\/wp-content\/uploads\/2016\/11\/Laterne-5.jpg 600w, https:\/\/www.sabine-seyffert.de\/blog\/wp-content\/uploads\/2016\/11\/Laterne-5-225x300.jpg 225w\" sizes=\"auto, (max-width: 600px) 100vw, 600px\" \/><\/a><\/p>\n<p style=\"text-align: justify;\">Weitere sch\u00f6ne Kindermassagen findet Ihr \u00fcbrigens in <a href=\"http:\/\/www.sabine-seyffert.de\/blog\/?cat=13\" target=\"_blank\" rel=\"noopener\">dieser Rubrik<\/a> oder meinen B\u00fcchern \u201e<a href=\"http:\/\/www.sabine-seyffert.de\/buch1.php?i=5&amp;q=\" target=\"_blank\" rel=\"noopener\">Viele, kleine Streichelh\u00e4nde<\/a>\u201c sowie \u201e<a href=\"http:\/\/www.sabine-seyffert.de\/buch1.php?i=72&amp;q=\" target=\"_blank\" rel=\"noopener\">Das Massage Geschichten Buch<\/a>\u201c. Und eine wundersch\u00f6ne Fantasiereise bzw. Entspannungsgeschichte zur Laternenzeit gibt es an <a href=\"http:\/\/www.sabine-seyffert.de\/blog\/?p=3105\" target=\"_blank\" rel=\"noopener\">dieser Stelle<\/a>.<\/p>\n<p style=\"text-align: justify;\"><a href=\"http:\/\/www.sabine-seyffert.de\/blog\/?page_id=32#urheberrecht\">urheberrechtlich gesch\u00fctzt<\/a>, \u00a9 Sabine Seyffert<\/p>\n<p style=\"text-align: justify;\">\n","protected":false},"excerpt":{"rendered":"<p>Eine wohltuende Massage f\u00fcr Kinder hat es schon l\u00e4nger nicht mehr auf meinem Blog gegeben. Und als kleines Geschenk f\u00fcr das bevorstehende St. Martinsfest habe ich eine ganz stimmungsvolle Streichelgeschichte f\u00fcr alle kleinen und gro\u00dfen Laternenfans dabei. Also schnappt Euch eine Matte, Decke und ein Kissen und genie\u00dft diese kleine Streicheleinheit in vollen Z\u00fcgen. Wer&#8230; <a href=\"https:\/\/www.sabine-seyffert.de\/blog\/entspannende-massage-streichelgeschichte-fuer-die-laternenzeit-kommt-wir-wollen-laternen-basteln\/\" class=\"more-link\">Read more: Entspannende Massage &#038; Streichelgeschichte f\u00fcr die Laternenzeit: Kommt, wir wollen Laternen basteln!<\/a><\/p>\n","protected":false},"author":2,"featured_media":0,"comment_status":"open","ping_status":"open","sticky":false,"template":"","format":"standard","meta":{"_metis_text_type":"","_metis_text_length":3986,"_post_count":0,"footnotes":""},"categories":[25,54,13],"tags":[],"class_list":["post-8817","post","type-post","status-publish","format-standard","hentry","category-herbst","category-laterne-co","category-massagen"],"_links":{"self":[{"href":"https:\/\/www.sabine-seyffert.de\/blog\/wp-json\/wp\/v2\/posts\/8817","targetHints":{"allow":["GET"]}}],"collection":[{"href":"https:\/\/www.sabine-seyffert.de\/blog\/wp-json\/wp\/v2\/posts"}],"about":[{"href":"https:\/\/www.sabine-seyffert.de\/blog\/wp-json\/wp\/v2\/types\/post"}],"author":[{"embeddable":true,"href":"https:\/\/www.sabine-seyffert.de\/blog\/wp-json\/wp\/v2\/users\/2"}],"replies":[{"embeddable":true,"href":"https:\/\/www.sabine-seyffert.de\/blog\/wp-json\/wp\/v2\/comments?post=8817"}],"version-history":[{"count":7,"href":"https:\/\/www.sabine-seyffert.de\/blog\/wp-json\/wp\/v2\/posts\/8817\/revisions"}],"predecessor-version":[{"id":13502,"href":"https:\/\/www.sabine-seyffert.de\/blog\/wp-json\/wp\/v2\/posts\/8817\/revisions\/13502"}],"wp:attachment":[{"href":"https:\/\/www.sabine-seyffert.de\/blog\/wp-json\/wp\/v2\/media?parent=8817"}],"wp:term":[{"taxonomy":"category","embeddable":true,"href":"https:\/\/www.sabine-seyffert.de\/blog\/wp-json\/wp\/v2\/categories?post=8817"},{"taxonomy":"post_tag","embeddable":true,"href":"https:\/\/www.sabine-seyffert.de\/blog\/wp-json\/wp\/v2\/tags?post=8817"}],"curies":[{"name":"wp","href":"https:\/\/api.w.org\/{rel}","templated":true}]}}