{"id":871,"date":"2013-03-18T07:43:25","date_gmt":"2013-03-18T05:43:25","guid":{"rendered":"http:\/\/www.sabine-seyffert.de\/blog\/?p=871"},"modified":"2017-03-06T18:16:50","modified_gmt":"2017-03-06T16:16:50","slug":"guten-appetit-kohlrabi-quiche","status":"publish","type":"post","link":"https:\/\/www.sabine-seyffert.de\/blog\/guten-appetit-kohlrabi-quiche\/","title":{"rendered":"Guten Appetit &#8211; Kohlrabi Quiche"},"content":{"rendered":"<p style=\"text-align: center;\"><img loading=\"lazy\" decoding=\"async\" src=\"https:\/\/ssl-vg03.met.vgwort.de\/na\/10f3564fdd1e4396b91555ebd35cfe74\" alt=\"\" width=\"1\" height=\"1\" \/><a href=\"http:\/\/www.sabine-seyffert.de\/blog\/wp-content\/uploads\/2013\/03\/Kohlrabiquiche-1.jpg\"><img loading=\"lazy\" decoding=\"async\" class=\"alignnone size-full wp-image-872\" src=\"http:\/\/www.sabine-seyffert.de\/blog\/wp-content\/uploads\/2013\/03\/Kohlrabiquiche-1.jpg\" alt=\"Kohlrabiquiche 1\" width=\"600\" height=\"800\" srcset=\"https:\/\/www.sabine-seyffert.de\/blog\/wp-content\/uploads\/2013\/03\/Kohlrabiquiche-1.jpg 600w, https:\/\/www.sabine-seyffert.de\/blog\/wp-content\/uploads\/2013\/03\/Kohlrabiquiche-1-225x300.jpg 225w\" sizes=\"auto, (max-width: 600px) 100vw, 600px\" \/><\/a><\/p>\n<p style=\"text-align: justify;\">Eines unserer Lieblingsrezepte ich Kohlrabi Quiche. Nicht nur herrlich lecker, sondern auch eines der Rezepte, die ganz flott von der Hand gehen und nicht viel Arbeit machen! Genau diese liebe ich sehr, denn als vierfache Mutter habe ich mittags nicht nur einige hungrige M\u00e4uler zu stopfen, sondern bin nebenbei auch berufst\u00e4tig. Da freut man sich immer \u00fcber Mahlzeiten, die nicht allzu aufw\u00e4ndig sind.<\/p>\n<p style=\"text-align: center;\"><a href=\"http:\/\/www.sabine-seyffert.de\/blog\/wp-content\/uploads\/2013\/03\/Kohlrabiquiche-2.jpg\"><img loading=\"lazy\" decoding=\"async\" class=\"alignnone size-full wp-image-873\" src=\"http:\/\/www.sabine-seyffert.de\/blog\/wp-content\/uploads\/2013\/03\/Kohlrabiquiche-2.jpg\" alt=\"Kohlrabiquiche 2\" width=\"800\" height=\"600\" srcset=\"https:\/\/www.sabine-seyffert.de\/blog\/wp-content\/uploads\/2013\/03\/Kohlrabiquiche-2.jpg 800w, https:\/\/www.sabine-seyffert.de\/blog\/wp-content\/uploads\/2013\/03\/Kohlrabiquiche-2-300x225.jpg 300w\" sizes=\"auto, (max-width: 800px) 100vw, 800px\" \/><\/a><\/p>\n<p style=\"text-align: justify;\"><strong>Das wird gebraucht:<\/strong><br \/>\n1 \u00bd Rollen frischen Bl\u00e4tterteig (oder ersatzweise 1 Packung tiefgefrorenen Bl\u00e4ttereig), 1 gro\u00dfe Zwiebel, 1 Knoblauchzehe, 1 E\u00dfl\u00f6ffel Senf, 1 gro\u00dfer Becher Creme fraiche Kr\u00e4uter, 2-3 Kohlrabi, \u00bd Packung 8-Kr\u00e4uter (gibt es als fertigen Mix in der Tiefk\u00fchltruhe im Supermarkts), Kr\u00e4utersalz und Pfeffer, 1 Packung geriebener K\u00e4se zum \u00dcberbacken<\/p>\n<p style=\"text-align: center;\"><a href=\"http:\/\/www.sabine-seyffert.de\/blog\/wp-content\/uploads\/2013\/03\/Kohlrabiquiche-3.jpg\"><img loading=\"lazy\" decoding=\"async\" class=\"alignnone size-full wp-image-874\" src=\"http:\/\/www.sabine-seyffert.de\/blog\/wp-content\/uploads\/2013\/03\/Kohlrabiquiche-3.jpg\" alt=\"Kohlrabiquiche 3\" width=\"800\" height=\"600\" srcset=\"https:\/\/www.sabine-seyffert.de\/blog\/wp-content\/uploads\/2013\/03\/Kohlrabiquiche-3.jpg 800w, https:\/\/www.sabine-seyffert.de\/blog\/wp-content\/uploads\/2013\/03\/Kohlrabiquiche-3-300x225.jpg 300w\" sizes=\"auto, (max-width: 800px) 100vw, 800px\" \/><\/a><\/p>\n<p style=\"text-align: justify;\"><strong>So wird\u2019s gemacht:<\/strong><br \/>\nIn der Regel nehme ich den frischen Bl\u00e4tterteig, da man ihn gleich verwenden und nicht erst auftauen muss. Zudem liegt dieser gleich auf Backpapier, so dass einem auch der Arbeitsgang erspart bleibt, das Blech erst einzufetten\u2026<\/p>\n<p style=\"text-align: center;\"><a href=\"http:\/\/www.sabine-seyffert.de\/blog\/wp-content\/uploads\/2013\/03\/Kohlrabiquiche-4.jpg\"><img loading=\"lazy\" decoding=\"async\" class=\"alignnone size-full wp-image-875\" src=\"http:\/\/www.sabine-seyffert.de\/blog\/wp-content\/uploads\/2013\/03\/Kohlrabiquiche-4.jpg\" alt=\"Kohlrabiquiche 4\" width=\"800\" height=\"600\" srcset=\"https:\/\/www.sabine-seyffert.de\/blog\/wp-content\/uploads\/2013\/03\/Kohlrabiquiche-4.jpg 800w, https:\/\/www.sabine-seyffert.de\/blog\/wp-content\/uploads\/2013\/03\/Kohlrabiquiche-4-300x225.jpg 300w\" sizes=\"auto, (max-width: 800px) 100vw, 800px\" \/><\/a><\/p>\n<p style=\"text-align: justify;\">Die Kohlrabi werden gesch\u00e4lt und dann grob gerieben. Da dies bei 6 Personen recht langwierig ist, werfe ich das gesch\u00e4lte und grob zerteilte Gem\u00fcse in die K\u00fcchenmaschine. Die Zwiebel w\u00fcrfelt man in m\u00f6glichst kleine St\u00fccke (zumindest die Eltern, deren Kinder so pingelig sind wie meine, was Zwiebeln betrifft!), presst den Knoblauch hinzu und gibt alles zu dem geriebenen Kohlrabi. Senf, Creme Fraiche und die Gew\u00fcrze ebenfalls. Dann wird alles gut vermengt, bis sich alle Zutaten verteilt haben. Den Bl\u00e4tterteig rollt man auf dem Blech aus und bestreicht den Teig mit der Gem\u00fcsemasse. Zum Schlu\u00df den K\u00e4se draufstreuen und ca. 30 Minuten im Ofen bei knapp 200\u00b0 Grad backen.<\/p>\n<p style=\"text-align: center;\"><a href=\"http:\/\/www.sabine-seyffert.de\/blog\/wp-content\/uploads\/2013\/03\/Kohlrabiquiche-5.jpg\"><img loading=\"lazy\" decoding=\"async\" class=\"alignnone size-full wp-image-876\" src=\"http:\/\/www.sabine-seyffert.de\/blog\/wp-content\/uploads\/2013\/03\/Kohlrabiquiche-5.jpg\" alt=\"Kohlrabiquiche 5\" width=\"800\" height=\"600\" srcset=\"https:\/\/www.sabine-seyffert.de\/blog\/wp-content\/uploads\/2013\/03\/Kohlrabiquiche-5.jpg 800w, https:\/\/www.sabine-seyffert.de\/blog\/wp-content\/uploads\/2013\/03\/Kohlrabiquiche-5-300x225.jpg 300w\" sizes=\"auto, (max-width: 800px) 100vw, 800px\" \/><\/a><\/p>\n<p style=\"text-align: justify;\"><strong>Hinweis:<\/strong> Die angegebene Menge reicht f\u00fcr ein normales Backblech aus!<\/p>\n<p style=\"text-align: center;\"><a href=\"http:\/\/www.sabine-seyffert.de\/blog\/wp-content\/uploads\/2013\/03\/Kohlrabiquiche-6.jpg\"><img loading=\"lazy\" decoding=\"async\" class=\"alignnone size-full wp-image-877\" src=\"http:\/\/www.sabine-seyffert.de\/blog\/wp-content\/uploads\/2013\/03\/Kohlrabiquiche-6.jpg\" alt=\"Kohlrabiquiche 6\" width=\"629\" height=\"514\" srcset=\"https:\/\/www.sabine-seyffert.de\/blog\/wp-content\/uploads\/2013\/03\/Kohlrabiquiche-6.jpg 629w, https:\/\/www.sabine-seyffert.de\/blog\/wp-content\/uploads\/2013\/03\/Kohlrabiquiche-6-300x245.jpg 300w\" sizes=\"auto, (max-width: 629px) 100vw, 629px\" \/><\/a><\/p>\n<p style=\"text-align: justify;\"><strong>Ein kleiner Tipp<\/strong>: Da es bei uns aufgrund der vielen Personen immer mehr als ein Blech gibt, variiere ich hier und da. Mal gibt es f\u00fcr die \u201eGro\u00dfen\u201c eine etwas w\u00fcrzigere oder sch\u00e4rfere Variante. Oder wie neulich, habe ich eines der Bleche mit kleinen R\u00e4uchertofust\u00fcckchen bestreut.<br \/>\nDer Quiche l\u00e4sst sich \u00fcbrigens auch kalt als Snack verspeisen, so dass man ihn am folgenden Tag als kleine Pausemahlzeit f\u00fcr Kindergarten \/ Schule einpacken kann!<\/p>\n<p style=\"text-align: justify;\">Mehr Rezepte gibt\u2019s Montags \u00fcbrigens immer bei <a href=\"http:\/\/nozdesign.blogspot.de\/2013\/03\/my-monday-mhhhhhhh-15.html\" target=\"_blank\">Katja<\/a> und Ihrem <a href=\"http:\/\/nozdesign.blogspot.de\/2013\/03\/my-monday-mhhhhhhh-15.html\" target=\"_blank\">My Monday Mhhhhhhh<\/a>.<\/p>\n<p><a href=\"http:\/\/www.sabine-seyffert.de\/blog\/?page_id=32#urheberrecht\">urherrechtlich gesch\u00fctzt<\/a>, \u00a9 Sabine Seyffert<\/p>\n","protected":false},"excerpt":{"rendered":"<p>Eines unserer Lieblingsrezepte ich Kohlrabi Quiche. Nicht nur herrlich lecker, sondern auch eines der Rezepte, die ganz flott von der Hand gehen und nicht viel Arbeit machen! Genau diese liebe ich sehr, denn als vierfache Mutter habe ich mittags nicht nur einige hungrige M\u00e4uler zu stopfen, sondern bin nebenbei auch berufst\u00e4tig. Da freut man sich&#8230; <a href=\"https:\/\/www.sabine-seyffert.de\/blog\/guten-appetit-kohlrabi-quiche\/\" class=\"more-link\">Read more: Guten Appetit &#8211; Kohlrabi Quiche<\/a><\/p>\n","protected":false},"author":2,"featured_media":0,"comment_status":"open","ping_status":"open","sticky":false,"template":"","format":"standard","meta":{"_metis_text_type":"","_metis_text_length":2323,"_post_count":0,"footnotes":""},"categories":[30],"tags":[],"class_list":["post-871","post","type-post","status-publish","format-standard","hentry","category-rezepte-herzhaft"],"_links":{"self":[{"href":"https:\/\/www.sabine-seyffert.de\/blog\/wp-json\/wp\/v2\/posts\/871","targetHints":{"allow":["GET"]}}],"collection":[{"href":"https:\/\/www.sabine-seyffert.de\/blog\/wp-json\/wp\/v2\/posts"}],"about":[{"href":"https:\/\/www.sabine-seyffert.de\/blog\/wp-json\/wp\/v2\/types\/post"}],"author":[{"embeddable":true,"href":"https:\/\/www.sabine-seyffert.de\/blog\/wp-json\/wp\/v2\/users\/2"}],"replies":[{"embeddable":true,"href":"https:\/\/www.sabine-seyffert.de\/blog\/wp-json\/wp\/v2\/comments?post=871"}],"version-history":[{"count":22,"href":"https:\/\/www.sabine-seyffert.de\/blog\/wp-json\/wp\/v2\/posts\/871\/revisions"}],"predecessor-version":[{"id":9895,"href":"https:\/\/www.sabine-seyffert.de\/blog\/wp-json\/wp\/v2\/posts\/871\/revisions\/9895"}],"wp:attachment":[{"href":"https:\/\/www.sabine-seyffert.de\/blog\/wp-json\/wp\/v2\/media?parent=871"}],"wp:term":[{"taxonomy":"category","embeddable":true,"href":"https:\/\/www.sabine-seyffert.de\/blog\/wp-json\/wp\/v2\/categories?post=871"},{"taxonomy":"post_tag","embeddable":true,"href":"https:\/\/www.sabine-seyffert.de\/blog\/wp-json\/wp\/v2\/tags?post=871"}],"curies":[{"name":"wp","href":"https:\/\/api.w.org\/{rel}","templated":true}]}}