{"id":8686,"date":"2016-10-31T16:02:40","date_gmt":"2016-10-31T14:02:40","guid":{"rendered":"http:\/\/www.sabine-seyffert.de\/blog\/?p=8686"},"modified":"2018-10-26T10:01:12","modified_gmt":"2018-10-26T08:01:12","slug":"bastelidee-upcycling-loewenstark-maskottchen-bergi-als-loewenlaterne-bastelanleitung-version-2","status":"publish","type":"post","link":"https:\/\/www.sabine-seyffert.de\/blog\/bastelidee-upcycling-loewenstark-maskottchen-bergi-als-loewenlaterne-bastelanleitung-version-2\/","title":{"rendered":"Bastelidee &#038; Upcycling: L\u00f6wenstark \u2013 Maskottchen Bergi als L\u00f6wenlaterne Bastelanleitung Version 2"},"content":{"rendered":"<p style=\"text-align: justify;\"><img loading=\"lazy\" decoding=\"async\" src=\"https:\/\/ssl-vg03.met.vgwort.de\/na\/487ef1642258451f80ee9b4f55462486\" alt=\"\" width=\"1\" height=\"1\" \/>Vor kurzem habe ich Euch hier bereits unsere kleine <a href=\"http:\/\/www.sabine-seyffert.de\/blog\/?p=8509\" target=\"_blank\" rel=\"noopener\">L\u00f6wenlaterne als Bastelidee<\/a> vorgestellt. Die Idee diese Laterne zu basteln kam uns, weil meine Tochter das lustige Maskottchen, den <a href=\"http:\/\/www.bhc06.de\/bergisland\/menue-bergisland\/steckbrief\/\" target=\"_blank\" rel=\"noopener\">L\u00f6wen Bergi<\/a> vom\u00a0 Bundesligist BHC 06 so sehr mag. Bergi seinerseits hat jedoch seine Kappe vermisst. Also gab es bei uns eine zweite Bastelrunde, damit sich der L\u00f6we auch komplett f\u00fchlt. F\u00fcr alle kleinen Fans, die die Laterne gerne nachbasteln m\u00f6chten, gibt es hier also die zweite Laternenvariante mit blau-wei\u00dfer Kappe!<\/p>\n<p style=\"text-align: center;\"><a href=\"http:\/\/www.sabine-seyffert.de\/blog\/wp-content\/uploads\/2016\/10\/Bergi-13.jpg\"><img loading=\"lazy\" decoding=\"async\" class=\"alignnone size-full wp-image-8687\" src=\"http:\/\/www.sabine-seyffert.de\/blog\/wp-content\/uploads\/2016\/10\/Bergi-13.jpg\" alt=\"bergi-13\" width=\"800\" height=\"600\" srcset=\"https:\/\/www.sabine-seyffert.de\/blog\/wp-content\/uploads\/2016\/10\/Bergi-13.jpg 800w, https:\/\/www.sabine-seyffert.de\/blog\/wp-content\/uploads\/2016\/10\/Bergi-13-300x225.jpg 300w, https:\/\/www.sabine-seyffert.de\/blog\/wp-content\/uploads\/2016\/10\/Bergi-13-768x576.jpg 768w\" sizes=\"auto, (max-width: 800px) 100vw, 800px\" \/><\/a><\/p>\n<p style=\"text-align: justify;\"><strong>Das wird gebraucht:<\/strong><br \/>\n1 leere, runde Sp\u00fcli Flasche, Transparentpapier in wei\u00df, blau und beige, zwei Holzkn\u00f6pfe, Tapetenkleister, Wasser, etwas Kordel, ein kleine St\u00fcck braunes Tonpapier, wei\u00dfer Tonkarton, Buchstabenstempel und ein Stempelkissen, Bastelschere, eine wasserfeste Unterlage, Malkittel und ein kleiner, runder Luftballon, Tesafilm, ein Bastelmesser bzw. Cutter, Bleistift, Hei\u00dfklebepistole mit Klebepatrone, Naturbast in gelb und beige<\/p>\n<p style=\"text-align: center;\"><a href=\"http:\/\/www.sabine-seyffert.de\/blog\/wp-content\/uploads\/2016\/10\/Bergi-11.jpg\"><img loading=\"lazy\" decoding=\"async\" class=\"alignnone size-full wp-image-8688\" src=\"http:\/\/www.sabine-seyffert.de\/blog\/wp-content\/uploads\/2016\/10\/Bergi-11.jpg\" alt=\"bergi-11\" width=\"800\" height=\"600\" srcset=\"https:\/\/www.sabine-seyffert.de\/blog\/wp-content\/uploads\/2016\/10\/Bergi-11.jpg 800w, https:\/\/www.sabine-seyffert.de\/blog\/wp-content\/uploads\/2016\/10\/Bergi-11-300x225.jpg 300w, https:\/\/www.sabine-seyffert.de\/blog\/wp-content\/uploads\/2016\/10\/Bergi-11-768x576.jpg 768w\" sizes=\"auto, (max-width: 800px) 100vw, 800px\" \/><\/a><\/p>\n<p style=\"text-align: justify;\"><strong>So wird\u2019s gemacht:<\/strong><br \/>\nBei der Sp\u00fclmittelflasche geht Ihr erst einmal genau so vor, wie in <a href=\"http:\/\/www.sabine-seyffert.de\/blog\/?p=8509\" target=\"_blank\" rel=\"noopener\">dieser Bastelanleitung<\/a> detailliert beschrieben und lasst die Schicht mit Kleister und Transparentpapier am besten \u00fcber Nacht gut trocknen. Auch nach dem Trocknen ist die Vorgehensweise dieselbe, au\u00dfer dass man etwa das obere Drittel frei l\u00e4sst und nicht mit M\u00e4hne beklebt.<\/p>\n<p style=\"text-align: center;\"><a href=\"http:\/\/www.sabine-seyffert.de\/blog\/wp-content\/uploads\/2016\/10\/Bergi-6.jpg\"><img loading=\"lazy\" decoding=\"async\" class=\"alignnone size-full wp-image-8689\" src=\"http:\/\/www.sabine-seyffert.de\/blog\/wp-content\/uploads\/2016\/10\/Bergi-6.jpg\" alt=\"bergi-6\" width=\"800\" height=\"600\" srcset=\"https:\/\/www.sabine-seyffert.de\/blog\/wp-content\/uploads\/2016\/10\/Bergi-6.jpg 800w, https:\/\/www.sabine-seyffert.de\/blog\/wp-content\/uploads\/2016\/10\/Bergi-6-300x225.jpg 300w, https:\/\/www.sabine-seyffert.de\/blog\/wp-content\/uploads\/2016\/10\/Bergi-6-768x576.jpg 768w\" sizes=\"auto, (max-width: 800px) 100vw, 800px\" \/><\/a><\/p>\n<p style=\"text-align: justify;\">Die Kappe von Bergi ist dagegen schon etwas kniffeliger und ben\u00f6tigt die Hilfe eines Erwachsenen. Zuerst bl\u00e4st man den runden Ballon etwas auf und knotet diesen gut zu. Es reicht daf\u00fcr in etwa die Gr\u00f6\u00dfe eines Kaffeebechers. Jetzt braucht man einen l\u00e4ngeren und 2 cm breiten Streifen wei\u00dfen Tonkarton. Den klebt man mit Tesafilm mittig um den aufgeblasenen Ballon. Dieser sorgt daf\u00fcr, dass die Schirmm\u00fctze in Form und sch\u00f6n stabil bleibt. An den Knoten des Ballons bindet man ein 30 cm langes St\u00fcck Schnur, das als Aufh\u00e4ngung zum Trocknen wertvolle Dienste leistet.<\/p>\n<p style=\"text-align: center;\"><a href=\"http:\/\/www.sabine-seyffert.de\/blog\/wp-content\/uploads\/2016\/10\/Bergi-12.jpg\"><img loading=\"lazy\" decoding=\"async\" class=\"alignnone size-full wp-image-8690\" src=\"http:\/\/www.sabine-seyffert.de\/blog\/wp-content\/uploads\/2016\/10\/Bergi-12.jpg\" alt=\"bergi-12\" width=\"800\" height=\"600\" srcset=\"https:\/\/www.sabine-seyffert.de\/blog\/wp-content\/uploads\/2016\/10\/Bergi-12.jpg 800w, https:\/\/www.sabine-seyffert.de\/blog\/wp-content\/uploads\/2016\/10\/Bergi-12-300x225.jpg 300w, https:\/\/www.sabine-seyffert.de\/blog\/wp-content\/uploads\/2016\/10\/Bergi-12-768x576.jpg 768w\" sizes=\"auto, (max-width: 800px) 100vw, 800px\" \/><\/a><\/p>\n<p style=\"text-align: justify;\">Nun beklebt man den untern Teil (der ohne Knoten!) mit wei\u00dfem Transparentpapier, das man zuvor in kleinere St\u00fccke geschnitten hat. Im Gegensatz zu der Sp\u00fcliflasche sollte man hierbei mehrere Schichten Kleister und Papier kleben, damit die Kappe auch wirklich auf dem L\u00f6wenkopf h\u00e4lt ohne kaputt zu gehen.<\/p>\n<p style=\"text-align: center;\"><a href=\"http:\/\/www.sabine-seyffert.de\/blog\/wp-content\/uploads\/2016\/10\/Bergi-10.jpg\"><img loading=\"lazy\" decoding=\"async\" class=\"alignnone size-full wp-image-8691\" src=\"http:\/\/www.sabine-seyffert.de\/blog\/wp-content\/uploads\/2016\/10\/Bergi-10.jpg\" alt=\"bergi-10\" width=\"800\" height=\"600\" srcset=\"https:\/\/www.sabine-seyffert.de\/blog\/wp-content\/uploads\/2016\/10\/Bergi-10.jpg 800w, https:\/\/www.sabine-seyffert.de\/blog\/wp-content\/uploads\/2016\/10\/Bergi-10-300x225.jpg 300w, https:\/\/www.sabine-seyffert.de\/blog\/wp-content\/uploads\/2016\/10\/Bergi-10-768x576.jpg 768w\" sizes=\"auto, (max-width: 800px) 100vw, 800px\" \/><\/a><\/p>\n<p style=\"text-align: justify;\">Wenn ausreichend wei\u00dfes Transparentpapier um den Ballon geklebt ist, ben\u00f6tigt man ein paar St\u00fccke blaues Transparentpapier.<\/p>\n<p style=\"text-align: center;\"><a href=\"http:\/\/www.sabine-seyffert.de\/blog\/wp-content\/uploads\/2016\/10\/Bergi-9.jpg\"><img loading=\"lazy\" decoding=\"async\" class=\"alignnone size-full wp-image-8692\" src=\"http:\/\/www.sabine-seyffert.de\/blog\/wp-content\/uploads\/2016\/10\/Bergi-9.jpg\" alt=\"bergi-9\" width=\"800\" height=\"600\" srcset=\"https:\/\/www.sabine-seyffert.de\/blog\/wp-content\/uploads\/2016\/10\/Bergi-9.jpg 800w, https:\/\/www.sabine-seyffert.de\/blog\/wp-content\/uploads\/2016\/10\/Bergi-9-300x225.jpg 300w, https:\/\/www.sabine-seyffert.de\/blog\/wp-content\/uploads\/2016\/10\/Bergi-9-768x576.jpg 768w\" sizes=\"auto, (max-width: 800px) 100vw, 800px\" \/><\/a><\/p>\n<p style=\"text-align: justify;\">Dazu haben wir l\u00e4ngliche Dreiecke per Hand aus dem Papier geschnitten und mit etwas Kleister so auf der wei\u00dfen Schicht angebracht, dass die Spitzen sich oben mittig treffen. Dann l\u00e4sst man den beklebten Ballon 1-2 Tage am besten in Heizungsn\u00e4he trocknen.<\/p>\n<p style=\"text-align: center;\"><a href=\"http:\/\/www.sabine-seyffert.de\/blog\/wp-content\/uploads\/2016\/10\/Bergi-3.jpg\"><img loading=\"lazy\" decoding=\"async\" class=\"alignnone size-full wp-image-8693\" src=\"http:\/\/www.sabine-seyffert.de\/blog\/wp-content\/uploads\/2016\/10\/Bergi-3.jpg\" alt=\"bergi-3\" width=\"800\" height=\"600\" srcset=\"https:\/\/www.sabine-seyffert.de\/blog\/wp-content\/uploads\/2016\/10\/Bergi-3.jpg 800w, https:\/\/www.sabine-seyffert.de\/blog\/wp-content\/uploads\/2016\/10\/Bergi-3-300x225.jpg 300w, https:\/\/www.sabine-seyffert.de\/blog\/wp-content\/uploads\/2016\/10\/Bergi-3-768x576.jpg 768w\" sizes=\"auto, (max-width: 800px) 100vw, 800px\" \/><\/a><\/p>\n<p style=\"text-align: justify;\">Anschlie\u00dfend schneidet man den Ballon am Knoten leicht ein und kann diesen ganz einfach heraustrennen. Mit Hilfe des offenen Endes der Sp\u00fcliflasche haben wir Innen mittig einen Kreis gezeichnet, den man mit dem Cutter herausschneidet. So l\u00e4sst sich die Kappe ganz einfach auf den L\u00f6wenkopf setzen.<\/p>\n<p style=\"text-align: center;\"><a href=\"http:\/\/www.sabine-seyffert.de\/blog\/wp-content\/uploads\/2016\/10\/Bergi-8.jpg\"><img loading=\"lazy\" decoding=\"async\" class=\"alignnone size-full wp-image-8694\" src=\"http:\/\/www.sabine-seyffert.de\/blog\/wp-content\/uploads\/2016\/10\/Bergi-8.jpg\" alt=\"bergi-8\" width=\"800\" height=\"600\" srcset=\"https:\/\/www.sabine-seyffert.de\/blog\/wp-content\/uploads\/2016\/10\/Bergi-8.jpg 800w, https:\/\/www.sabine-seyffert.de\/blog\/wp-content\/uploads\/2016\/10\/Bergi-8-300x225.jpg 300w, https:\/\/www.sabine-seyffert.de\/blog\/wp-content\/uploads\/2016\/10\/Bergi-8-768x576.jpg 768w\" sizes=\"auto, (max-width: 800px) 100vw, 800px\" \/><\/a><\/p>\n<p style=\"text-align: justify;\">Damit die Kappe dem Original etwas \u00e4hnlicher sieht, haben wir noch einen Halbkreis aus wei\u00dfem Tonkarton geschnitten, mit BHC bestempelt, und angeklebt.<\/p>\n<p style=\"text-align: center;\"><a href=\"http:\/\/www.sabine-seyffert.de\/blog\/wp-content\/uploads\/2016\/10\/Bergi-5.jpg\"><img loading=\"lazy\" decoding=\"async\" class=\"alignnone size-full wp-image-8695\" src=\"http:\/\/www.sabine-seyffert.de\/blog\/wp-content\/uploads\/2016\/10\/Bergi-5.jpg\" alt=\"bergi-5\" width=\"800\" height=\"600\" srcset=\"https:\/\/www.sabine-seyffert.de\/blog\/wp-content\/uploads\/2016\/10\/Bergi-5.jpg 800w, https:\/\/www.sabine-seyffert.de\/blog\/wp-content\/uploads\/2016\/10\/Bergi-5-300x225.jpg 300w, https:\/\/www.sabine-seyffert.de\/blog\/wp-content\/uploads\/2016\/10\/Bergi-5-768x576.jpg 768w\" sizes=\"auto, (max-width: 800px) 100vw, 800px\" \/><\/a><\/p>\n<p style=\"text-align: justify;\">Am oberen Rand der Sp\u00fcliflasche, der aus der Kappe herausragt, bringt man noch etwas Kordel als Aufh\u00e4ngung f\u00fcr den Laternenstab an. Dann darf Bergi durch die Laternenzeit leuchten und Dank der blau-wei\u00dfen Kappe auch zufrieden sein \ud83d\ude09<\/p>\n<p style=\"text-align: center;\"><a href=\"http:\/\/www.sabine-seyffert.de\/blog\/wp-content\/uploads\/2016\/10\/Bergi-1.jpg\"><img loading=\"lazy\" decoding=\"async\" class=\"alignnone size-full wp-image-8696\" src=\"http:\/\/www.sabine-seyffert.de\/blog\/wp-content\/uploads\/2016\/10\/Bergi-1.jpg\" alt=\"bergi-1\" width=\"600\" height=\"800\" srcset=\"https:\/\/www.sabine-seyffert.de\/blog\/wp-content\/uploads\/2016\/10\/Bergi-1.jpg 600w, https:\/\/www.sabine-seyffert.de\/blog\/wp-content\/uploads\/2016\/10\/Bergi-1-225x300.jpg 225w\" sizes=\"auto, (max-width: 600px) 100vw, 600px\" \/><\/a><\/p>\n<p><a href=\"http:\/\/www.sabine-seyffert.de\/blog\/?page_id=32#urheberrecht\">urheberrechtlich gesch\u00fctzt<\/a>, \u00a9 Sabine Seyffert<\/p>\n","protected":false},"excerpt":{"rendered":"<p>Vor kurzem habe ich Euch hier bereits unsere kleine L\u00f6wenlaterne als Bastelidee vorgestellt. Die Idee diese Laterne zu basteln kam uns, weil meine Tochter das lustige Maskottchen, den L\u00f6wen Bergi vom\u00a0 Bundesligist BHC 06 so sehr mag. Bergi seinerseits hat jedoch seine Kappe vermisst. Also gab es bei uns eine zweite Bastelrunde, damit sich der&#8230; <a href=\"https:\/\/www.sabine-seyffert.de\/blog\/bastelidee-upcycling-loewenstark-maskottchen-bergi-als-loewenlaterne-bastelanleitung-version-2\/\" class=\"more-link\">Read more: Bastelidee &#038; Upcycling: L\u00f6wenstark \u2013 Maskottchen Bergi als L\u00f6wenlaterne Bastelanleitung Version 2<\/a><\/p>\n","protected":false},"author":2,"featured_media":0,"comment_status":"open","ping_status":"open","sticky":false,"template":"","format":"standard","meta":{"_metis_text_type":"","_metis_text_length":3288,"_post_count":0,"footnotes":""},"categories":[32,25,54,47],"tags":[],"class_list":["post-8686","post","type-post","status-publish","format-standard","hentry","category-kreatives-fur-kleine-kinderhande","category-herbst","category-laterne-co","category-upcyceltes"],"_links":{"self":[{"href":"https:\/\/www.sabine-seyffert.de\/blog\/wp-json\/wp\/v2\/posts\/8686","targetHints":{"allow":["GET"]}}],"collection":[{"href":"https:\/\/www.sabine-seyffert.de\/blog\/wp-json\/wp\/v2\/posts"}],"about":[{"href":"https:\/\/www.sabine-seyffert.de\/blog\/wp-json\/wp\/v2\/types\/post"}],"author":[{"embeddable":true,"href":"https:\/\/www.sabine-seyffert.de\/blog\/wp-json\/wp\/v2\/users\/2"}],"replies":[{"embeddable":true,"href":"https:\/\/www.sabine-seyffert.de\/blog\/wp-json\/wp\/v2\/comments?post=8686"}],"version-history":[{"count":3,"href":"https:\/\/www.sabine-seyffert.de\/blog\/wp-json\/wp\/v2\/posts\/8686\/revisions"}],"predecessor-version":[{"id":13503,"href":"https:\/\/www.sabine-seyffert.de\/blog\/wp-json\/wp\/v2\/posts\/8686\/revisions\/13503"}],"wp:attachment":[{"href":"https:\/\/www.sabine-seyffert.de\/blog\/wp-json\/wp\/v2\/media?parent=8686"}],"wp:term":[{"taxonomy":"category","embeddable":true,"href":"https:\/\/www.sabine-seyffert.de\/blog\/wp-json\/wp\/v2\/categories?post=8686"},{"taxonomy":"post_tag","embeddable":true,"href":"https:\/\/www.sabine-seyffert.de\/blog\/wp-json\/wp\/v2\/tags?post=8686"}],"curies":[{"name":"wp","href":"https:\/\/api.w.org\/{rel}","templated":true}]}}