{"id":8653,"date":"2016-10-29T10:20:09","date_gmt":"2016-10-29T08:20:09","guid":{"rendered":"http:\/\/www.sabine-seyffert.de\/blog\/?p=8653"},"modified":"2018-06-27T10:40:36","modified_gmt":"2018-06-27T08:40:36","slug":"reisetipps-fuer-den-familienurlaub-schwimmen-planschen-reichlich-wasserspass-mit-meerwasser-erlebnisbad","status":"publish","type":"post","link":"https:\/\/www.sabine-seyffert.de\/blog\/reisetipps-fuer-den-familienurlaub-schwimmen-planschen-reichlich-wasserspass-mit-meerwasser-erlebnisbad\/","title":{"rendered":"Reisetipps f\u00fcr den Familienurlaub:  Schwimmen, Planschen &#038; reichlich Wasserspa\u00df mit Meerwasser Erlebnisbad"},"content":{"rendered":"<p style=\"text-align: justify;\"><img loading=\"lazy\" decoding=\"async\" src=\"https:\/\/ssl-vg03.met.vgwort.de\/na\/b7708f7c7ffb4121a643872da51caaac\" alt=\"\" width=\"1\" height=\"1\" \/>Wenn wir Urlaub auf Langeoog machen, dann statten wir dem hiesigen Wellenbad nat\u00fcrlich auch einen Besuch ab. Denn diese Nordsee Insel hat ein wirklich tolles Schwimmbad zu bieten.<\/p>\n<p style=\"text-align: center;\"><a href=\"http:\/\/www.sabine-seyffert.de\/blog\/wp-content\/uploads\/2016\/10\/A-Erlebnisbad.jpg\"><img loading=\"lazy\" decoding=\"async\" class=\"alignnone size-full wp-image-8654\" src=\"http:\/\/www.sabine-seyffert.de\/blog\/wp-content\/uploads\/2016\/10\/A-Erlebnisbad.jpg\" alt=\"a-erlebnisbad\" width=\"800\" height=\"600\" srcset=\"https:\/\/www.sabine-seyffert.de\/blog\/wp-content\/uploads\/2016\/10\/A-Erlebnisbad.jpg 800w, https:\/\/www.sabine-seyffert.de\/blog\/wp-content\/uploads\/2016\/10\/A-Erlebnisbad-300x225.jpg 300w, https:\/\/www.sabine-seyffert.de\/blog\/wp-content\/uploads\/2016\/10\/A-Erlebnisbad-768x576.jpg 768w\" sizes=\"auto, (max-width: 800px) 100vw, 800px\" \/><\/a><\/p>\n<p style=\"text-align: justify;\">Mit der LangeoogCard erh\u00e4lt man als Inselbesucher in diesem Hallenbad t\u00e4glich freien Eintritt (<strong>Hinweis<\/strong>: Die genaue Dauer des Schwimmbad Aufenthaltes ins Abh\u00e4ngig von der Saison \u2013 am besten am Einlass nachfragen). Somit ist der Schwimmbadbesuch nat\u00fcrlich eine tolle Sache. Vor allen Dingen jetzt im Herbst, wenn das Ferienwetter es nicht immer gut meint.<\/p>\n<p style=\"text-align: center;\"><a href=\"http:\/\/www.sabine-seyffert.de\/blog\/wp-content\/uploads\/2016\/10\/A-Erlebnisbad-Umkleiden.jpg\"><img loading=\"lazy\" decoding=\"async\" class=\"alignnone size-full wp-image-8655\" src=\"http:\/\/www.sabine-seyffert.de\/blog\/wp-content\/uploads\/2016\/10\/A-Erlebnisbad-Umkleiden.jpg\" alt=\"a-erlebnisbad-umkleiden\" width=\"600\" height=\"800\" srcset=\"https:\/\/www.sabine-seyffert.de\/blog\/wp-content\/uploads\/2016\/10\/A-Erlebnisbad-Umkleiden.jpg 600w, https:\/\/www.sabine-seyffert.de\/blog\/wp-content\/uploads\/2016\/10\/A-Erlebnisbad-Umkleiden-225x300.jpg 225w\" sizes=\"auto, (max-width: 600px) 100vw, 600px\" \/><\/a><\/p>\n<p style=\"text-align: justify;\">Also packen wir nach dem Fr\u00fchst\u00fcck unser Schwimmzeug und fahren mit dem Rad zum Schwimmbad, das sich in unmittelbarer N\u00e4he vom Dorfkern befindet und auch zu Fu\u00df bequem erreichbar ist.<\/p>\n<p style=\"text-align: center;\"><a href=\"http:\/\/www.sabine-seyffert.de\/blog\/wp-content\/uploads\/2016\/10\/A-Erlebnisbad-Wand-Foto.jpg\"><img loading=\"lazy\" decoding=\"async\" class=\"alignnone size-full wp-image-8656\" src=\"http:\/\/www.sabine-seyffert.de\/blog\/wp-content\/uploads\/2016\/10\/A-Erlebnisbad-Wand-Foto.jpg\" alt=\"a-erlebnisbad-wand-foto\" width=\"600\" height=\"800\" srcset=\"https:\/\/www.sabine-seyffert.de\/blog\/wp-content\/uploads\/2016\/10\/A-Erlebnisbad-Wand-Foto.jpg 600w, https:\/\/www.sabine-seyffert.de\/blog\/wp-content\/uploads\/2016\/10\/A-Erlebnisbad-Wand-Foto-225x300.jpg 225w\" sizes=\"auto, (max-width: 600px) 100vw, 600px\" \/><\/a><\/p>\n<p style=\"text-align: justify;\">Direkt vor dem blau gelben Geb\u00e4ude findet man ausreichend Parkpl\u00e4tze f\u00fcr Fahrr\u00e4der, Dreirad, Bollerwagen und Co.<\/p>\n<p style=\"text-align: center;\"><a href=\"http:\/\/www.sabine-seyffert.de\/blog\/wp-content\/uploads\/2016\/10\/A-Erlebnisbad-Wasserdusche-.jpg\"><img loading=\"lazy\" decoding=\"async\" class=\"alignnone size-full wp-image-8657\" src=\"http:\/\/www.sabine-seyffert.de\/blog\/wp-content\/uploads\/2016\/10\/A-Erlebnisbad-Wasserdusche-.jpg\" alt=\"a-erlebnisbad-wasserdusche\" width=\"600\" height=\"800\" srcset=\"https:\/\/www.sabine-seyffert.de\/blog\/wp-content\/uploads\/2016\/10\/A-Erlebnisbad-Wasserdusche-.jpg 600w, https:\/\/www.sabine-seyffert.de\/blog\/wp-content\/uploads\/2016\/10\/A-Erlebnisbad-Wasserdusche--225x300.jpg 225w\" sizes=\"auto, (max-width: 600px) 100vw, 600px\" \/><\/a><\/p>\n<p style=\"text-align: justify;\">In den Familienumkleiden gibt es einen extra Bereich mit Wickeltischen. Die bieten genug Platz um die kleinsten Schwimmbadbesucher An- und Auszuziehen. Au\u00dferdem stehen hier allerhand Babywippen und sogar ein Laufstall zur Verf\u00fcgung, was ich als vierfache Mutter ausgesprochen sympathisch und familienfreundlich finde!<\/p>\n<p style=\"text-align: center;\"><a href=\"http:\/\/www.sabine-seyffert.de\/blog\/wp-content\/uploads\/2016\/10\/A-Erlebnisbad-1.jpg\"><img loading=\"lazy\" decoding=\"async\" class=\"alignnone size-full wp-image-8658\" src=\"http:\/\/www.sabine-seyffert.de\/blog\/wp-content\/uploads\/2016\/10\/A-Erlebnisbad-1.jpg\" alt=\"a-erlebnisbad-1\" width=\"800\" height=\"600\" srcset=\"https:\/\/www.sabine-seyffert.de\/blog\/wp-content\/uploads\/2016\/10\/A-Erlebnisbad-1.jpg 800w, https:\/\/www.sabine-seyffert.de\/blog\/wp-content\/uploads\/2016\/10\/A-Erlebnisbad-1-300x225.jpg 300w, https:\/\/www.sabine-seyffert.de\/blog\/wp-content\/uploads\/2016\/10\/A-Erlebnisbad-1-768x576.jpg 768w\" sizes=\"auto, (max-width: 800px) 100vw, 800px\" \/><\/a><\/p>\n<p style=\"text-align: justify;\">Nachdem wir geduscht haben, geht es ins Bad. Dort im gro\u00dfen Schwimmbecken tummeln sich viele Badeg\u00e4ste, die sich gerade an den Wellen erfreuen, die in regelm\u00e4\u00dfigen Abst\u00e4nden hier das Wasser ins rollen bringen \ud83d\ude42<\/p>\n<p style=\"text-align: center;\"><a href=\"http:\/\/www.sabine-seyffert.de\/blog\/wp-content\/uploads\/2016\/10\/A-Erlebnisbad-Logo.jpg\"><img loading=\"lazy\" decoding=\"async\" class=\"alignnone size-full wp-image-8659\" src=\"http:\/\/www.sabine-seyffert.de\/blog\/wp-content\/uploads\/2016\/10\/A-Erlebnisbad-Logo.jpg\" alt=\"a-erlebnisbad-logo\" width=\"800\" height=\"600\" srcset=\"https:\/\/www.sabine-seyffert.de\/blog\/wp-content\/uploads\/2016\/10\/A-Erlebnisbad-Logo.jpg 800w, https:\/\/www.sabine-seyffert.de\/blog\/wp-content\/uploads\/2016\/10\/A-Erlebnisbad-Logo-300x225.jpg 300w, https:\/\/www.sabine-seyffert.de\/blog\/wp-content\/uploads\/2016\/10\/A-Erlebnisbad-Logo-768x576.jpg 768w\" sizes=\"auto, (max-width: 800px) 100vw, 800px\" \/><\/a><\/p>\n<p style=\"text-align: justify;\">Wer von den Wellen noch nicht genug nass geworden ist, kann eine Wasserdusche von oben nehmen oder ein paar Runden die fast 45 Meter lange Wasserrutsche hinunter sausen. \u00dcbrigens eine meiner absoluten Lieblingsrutschen im Schwimmbad, da man hier bequem im Sitzen ins Wasser gleitet und die Rutsche somit absolut kindertauglich ist, da man am Ende nicht \u201euntertaucht\u201c.<\/p>\n<p style=\"text-align: center;\"><a href=\"http:\/\/www.sabine-seyffert.de\/blog\/wp-content\/uploads\/2016\/10\/A-Erlebnisbad-2.jpg\"><img loading=\"lazy\" decoding=\"async\" class=\"alignnone size-full wp-image-8660\" src=\"http:\/\/www.sabine-seyffert.de\/blog\/wp-content\/uploads\/2016\/10\/A-Erlebnisbad-2.jpg\" alt=\"a-erlebnisbad-2\" width=\"800\" height=\"600\" srcset=\"https:\/\/www.sabine-seyffert.de\/blog\/wp-content\/uploads\/2016\/10\/A-Erlebnisbad-2.jpg 800w, https:\/\/www.sabine-seyffert.de\/blog\/wp-content\/uploads\/2016\/10\/A-Erlebnisbad-2-300x225.jpg 300w, https:\/\/www.sabine-seyffert.de\/blog\/wp-content\/uploads\/2016\/10\/A-Erlebnisbad-2-768x576.jpg 768w\" sizes=\"auto, (max-width: 800px) 100vw, 800px\" \/><\/a><\/p>\n<p style=\"text-align: justify;\">F\u00fcr die kleinsten Badeg\u00e4ste gibt es ein separates Eltern-Kind-Becken, in dem es ruhiger zugeht. Hier gibt es eine Mini Rutsche, damit auch Kleinkinder ihren Wasserspa\u00df haben.<\/p>\n<p style=\"text-align: center;\"><a href=\"http:\/\/www.sabine-seyffert.de\/blog\/wp-content\/uploads\/2016\/10\/A-Erlebnisbad-7.jpg\"><img loading=\"lazy\" decoding=\"async\" class=\"alignnone size-full wp-image-8662\" src=\"http:\/\/www.sabine-seyffert.de\/blog\/wp-content\/uploads\/2016\/10\/A-Erlebnisbad-7.jpg\" alt=\"a-erlebnisbad-7\" width=\"600\" height=\"800\" srcset=\"https:\/\/www.sabine-seyffert.de\/blog\/wp-content\/uploads\/2016\/10\/A-Erlebnisbad-7.jpg 600w, https:\/\/www.sabine-seyffert.de\/blog\/wp-content\/uploads\/2016\/10\/A-Erlebnisbad-7-225x300.jpg 225w\" sizes=\"auto, (max-width: 600px) 100vw, 600px\" \/><\/a><\/p>\n<p style=\"text-align: justify;\">Einen Raum weiter findet man einen warmen Whirlpool zum Aufw\u00e4rmen und ein weiteres gro\u00dfes Becken. Direkt am rechten Rand findet man die geheimnisvolle Traumgrotte. Wer hat Mut genug diese zu erforschen?<br \/>\nLinks hinter dem hohen Leuchtturm gibt es bequeme Liegepl\u00e4tze im Becken, an denen man ausgiebig entspannen kann. Noch ein kleines St\u00fcck dahinter kann man sich in einem Wasserstrudel herrlich treiben lassen. Hier kommt garantiert keine Langeweile auf!<\/p>\n<p style=\"text-align: center;\"><a href=\"http:\/\/www.sabine-seyffert.de\/blog\/wp-content\/uploads\/2016\/10\/A-Erlebnisbad-Strudel-und-Grotte.jpg\"><img loading=\"lazy\" decoding=\"async\" class=\"alignnone size-full wp-image-8663\" src=\"http:\/\/www.sabine-seyffert.de\/blog\/wp-content\/uploads\/2016\/10\/A-Erlebnisbad-Strudel-und-Grotte.jpg\" alt=\"a-erlebnisbad-strudel-und-grotte\" width=\"800\" height=\"600\" srcset=\"https:\/\/www.sabine-seyffert.de\/blog\/wp-content\/uploads\/2016\/10\/A-Erlebnisbad-Strudel-und-Grotte.jpg 800w, https:\/\/www.sabine-seyffert.de\/blog\/wp-content\/uploads\/2016\/10\/A-Erlebnisbad-Strudel-und-Grotte-300x225.jpg 300w, https:\/\/www.sabine-seyffert.de\/blog\/wp-content\/uploads\/2016\/10\/A-Erlebnisbad-Strudel-und-Grotte-768x576.jpg 768w\" sizes=\"auto, (max-width: 800px) 100vw, 800px\" \/><\/a><\/p>\n<p style=\"text-align: justify;\">Wenn Ihr neugierig seid, was wir bisher bei unserem Familienurlaub erlebt haben, folgt einfach den jeweiligen Berichten: Unsere <a href=\"http:\/\/www.sabine-seyffert.de\/blog\/?p=8524\" target=\"_blank\" rel=\"noopener\">Anfahrt auf die Insel<\/a>, ein <a href=\"http:\/\/www.sabine-seyffert.de\/blog\/?p=8543\" target=\"_blank\" rel=\"noopener\">Spaziergang ins Dorfzentrum<\/a>, unsere <a href=\"http:\/\/www.sabine-seyffert.de\/blog\/?p=8580\" target=\"_blank\" rel=\"noopener\">Radtour ans Ostende<\/a>, ein Nachmittag in <a href=\"http:\/\/www.sabine-seyffert.de\/blog\/?p=8618\" target=\"_blank\" rel=\"noopener\">der Sp\u00f6\u00f6lstuv<\/a>, eine Erkundungstour auf dem <a href=\"http:\/\/www.sabine-seyffert.de\/blog\/?p=8637\" target=\"_blank\" rel=\"noopener\">Naturlehrpfad Flinth\u00f6rn<\/a> und zu guter Letzt nehmen wir Euch morgen mit ins Haus der Insel. Denn dort gibt es u.a. eine kunterbunte Lego Ausstellung!<\/p>\n<p style=\"text-align: center;\"><a href=\"http:\/\/www.sabine-seyffert.de\/blog\/wp-content\/uploads\/2016\/10\/A-Erlebnisbad-Leuchtturm-Schwimmreifen.jpg\"><img loading=\"lazy\" decoding=\"async\" class=\"alignnone size-full wp-image-8665\" src=\"http:\/\/www.sabine-seyffert.de\/blog\/wp-content\/uploads\/2016\/10\/A-Erlebnisbad-Leuchtturm-Schwimmreifen.jpg\" alt=\"a-erlebnisbad-leuchtturm-schwimmreifen\" width=\"800\" height=\"600\" srcset=\"https:\/\/www.sabine-seyffert.de\/blog\/wp-content\/uploads\/2016\/10\/A-Erlebnisbad-Leuchtturm-Schwimmreifen.jpg 800w, https:\/\/www.sabine-seyffert.de\/blog\/wp-content\/uploads\/2016\/10\/A-Erlebnisbad-Leuchtturm-Schwimmreifen-300x225.jpg 300w, https:\/\/www.sabine-seyffert.de\/blog\/wp-content\/uploads\/2016\/10\/A-Erlebnisbad-Leuchtturm-Schwimmreifen-768x576.jpg 768w\" sizes=\"auto, (max-width: 800px) 100vw, 800px\" \/><\/a><\/p>\n<p style=\"text-align: justify;\">Zu guter Letzt ein riesengro\u00dfes Dankesch\u00f6n an Mario Kramp und das gesamte Bademeisterteam f\u00fcr das freundliche Entgegenkommen im Schwimmbad ausnahmsweise f\u00fcr diesen Ausflugstipp fotografieren zu d\u00fcrfen. Denn das ist aus nachvollziehbaren Gr\u00fcnden sonst nat\u00fcrlich verboten!<\/p>\n<p><a href=\"http:\/\/www.sabine-seyffert.de\/blog\/?page_id=32#urheberrecht\">urheberrechtlich gesch\u00fctzt<\/a>, \u00a9 Sabine Seyffert<\/p>\n","protected":false},"excerpt":{"rendered":"<p>Wenn wir Urlaub auf Langeoog machen, dann statten wir dem hiesigen Wellenbad nat\u00fcrlich auch einen Besuch ab. Denn diese Nordsee Insel hat ein wirklich tolles Schwimmbad zu bieten. Mit der LangeoogCard erh\u00e4lt man als Inselbesucher in diesem Hallenbad t\u00e4glich freien Eintritt (Hinweis: Die genaue Dauer des Schwimmbad Aufenthaltes ins Abh\u00e4ngig von der Saison \u2013 am&#8230; <a href=\"https:\/\/www.sabine-seyffert.de\/blog\/reisetipps-fuer-den-familienurlaub-schwimmen-planschen-reichlich-wasserspass-mit-meerwasser-erlebnisbad\/\" class=\"more-link\">Read more: Reisetipps f\u00fcr den Familienurlaub:  Schwimmen, Planschen &#038; reichlich Wasserspa\u00df mit Meerwasser Erlebnisbad<\/a><\/p>\n","protected":false},"author":2,"featured_media":0,"comment_status":"open","ping_status":"open","sticky":false,"template":"","format":"standard","meta":{"_metis_text_type":"","_metis_text_length":3094,"_post_count":0,"footnotes":""},"categories":[39,38,25],"tags":[],"class_list":["post-8653","post","type-post","status-publish","format-standard","hentry","category-ausfluge-co","category-ferien","category-herbst"],"_links":{"self":[{"href":"https:\/\/www.sabine-seyffert.de\/blog\/wp-json\/wp\/v2\/posts\/8653","targetHints":{"allow":["GET"]}}],"collection":[{"href":"https:\/\/www.sabine-seyffert.de\/blog\/wp-json\/wp\/v2\/posts"}],"about":[{"href":"https:\/\/www.sabine-seyffert.de\/blog\/wp-json\/wp\/v2\/types\/post"}],"author":[{"embeddable":true,"href":"https:\/\/www.sabine-seyffert.de\/blog\/wp-json\/wp\/v2\/users\/2"}],"replies":[{"embeddable":true,"href":"https:\/\/www.sabine-seyffert.de\/blog\/wp-json\/wp\/v2\/comments?post=8653"}],"version-history":[{"count":2,"href":"https:\/\/www.sabine-seyffert.de\/blog\/wp-json\/wp\/v2\/posts\/8653\/revisions"}],"predecessor-version":[{"id":12914,"href":"https:\/\/www.sabine-seyffert.de\/blog\/wp-json\/wp\/v2\/posts\/8653\/revisions\/12914"}],"wp:attachment":[{"href":"https:\/\/www.sabine-seyffert.de\/blog\/wp-json\/wp\/v2\/media?parent=8653"}],"wp:term":[{"taxonomy":"category","embeddable":true,"href":"https:\/\/www.sabine-seyffert.de\/blog\/wp-json\/wp\/v2\/categories?post=8653"},{"taxonomy":"post_tag","embeddable":true,"href":"https:\/\/www.sabine-seyffert.de\/blog\/wp-json\/wp\/v2\/tags?post=8653"}],"curies":[{"name":"wp","href":"https:\/\/api.w.org\/{rel}","templated":true}]}}