{"id":8637,"date":"2016-10-28T13:10:16","date_gmt":"2016-10-28T11:10:16","guid":{"rendered":"http:\/\/www.sabine-seyffert.de\/blog\/?p=8637"},"modified":"2017-03-01T11:12:21","modified_gmt":"2017-03-01T09:12:21","slug":"reisetipps-fuer-den-familienurlaub-ein-lehrreicher-ausflug-per-fahrrad-zum-naturpfad-flinthoern","status":"publish","type":"post","link":"https:\/\/www.sabine-seyffert.de\/blog\/reisetipps-fuer-den-familienurlaub-ein-lehrreicher-ausflug-per-fahrrad-zum-naturpfad-flinthoern\/","title":{"rendered":"Reisetipps f\u00fcr den Familienurlaub: Ein lehrreicher Ausflug per Fahrrad zum Naturpfad \u201eFlinth\u00f6rn\u201c"},"content":{"rendered":"<p style=\"text-align: justify;\"><img loading=\"lazy\" decoding=\"async\" src=\"https:\/\/ssl-vg03.met.vgwort.de\/na\/b08e362df0e94d8da7b91bee6958d8e0\" alt=\"\" width=\"1\" height=\"1\" \/>Heute lacht die Sonne endlich mal vom Nordsee Himmel. Also geht es nach dem gem\u00fctlichen Familienfr\u00fchst\u00fcck gleich nach Drau\u00dfen. Auf unseren Fahrr\u00e4dern radeln wir erst einmal eine l\u00e4ngere Runde durch den Langeooger Wald. Den mag ich pers\u00f6nlich ausgesprochen gerne, auch oder vielleicht gerade weil dieser so ganz anderes ist als zu Hause. Zahlreiche kleine Wege f\u00fchren hier kreuz und quer durch die Insellandschaft. Besonders gut gef\u00e4llt mir der Teil mit den vielen Birken.<\/p>\n<p style=\"text-align: center;\"><a href=\"http:\/\/www.sabine-seyffert.de\/blog\/wp-content\/uploads\/2016\/10\/Ausflug-Rad-Wald-Sonnenlicht.jpg\"><img loading=\"lazy\" decoding=\"async\" class=\"alignnone size-full wp-image-8639\" src=\"http:\/\/www.sabine-seyffert.de\/blog\/wp-content\/uploads\/2016\/10\/Ausflug-Rad-Wald-Sonnenlicht.jpg\" alt=\"ausflug-rad-wald-sonnenlicht\" width=\"600\" height=\"800\" srcset=\"https:\/\/www.sabine-seyffert.de\/blog\/wp-content\/uploads\/2016\/10\/Ausflug-Rad-Wald-Sonnenlicht.jpg 600w, https:\/\/www.sabine-seyffert.de\/blog\/wp-content\/uploads\/2016\/10\/Ausflug-Rad-Wald-Sonnenlicht-225x300.jpg 225w\" sizes=\"auto, (max-width: 600px) 100vw, 600px\" \/><\/a><\/p>\n<p style=\"text-align: justify;\">Dann geht es den Weg zum Deich hinauf, wo ein gro\u00dfer der Naturlehrpfad mit dem Namen Flinth\u00f6rn zu finden ist. Unsere R\u00e4der parken wir hier am Wegesrand und machen uns zu Fu\u00df auf Erkundungstour.<\/p>\n<p style=\"text-align: justify;\"><a href=\"http:\/\/www.sabine-seyffert.de\/blog\/wp-content\/uploads\/2016\/10\/Ausflug-Finth\u00f6rn-Schild-Anfang.jpg\"><img loading=\"lazy\" decoding=\"async\" class=\"alignnone size-full wp-image-8638\" src=\"http:\/\/www.sabine-seyffert.de\/blog\/wp-content\/uploads\/2016\/10\/Ausflug-Finth\u00f6rn-Schild-Anfang.jpg\" alt=\"ausflug-finthoern-schild-anfang\" width=\"800\" height=\"600\" srcset=\"https:\/\/www.sabine-seyffert.de\/blog\/wp-content\/uploads\/2016\/10\/Ausflug-Finth\u00f6rn-Schild-Anfang.jpg 800w, https:\/\/www.sabine-seyffert.de\/blog\/wp-content\/uploads\/2016\/10\/Ausflug-Finth\u00f6rn-Schild-Anfang-300x225.jpg 300w, https:\/\/www.sabine-seyffert.de\/blog\/wp-content\/uploads\/2016\/10\/Ausflug-Finth\u00f6rn-Schild-Anfang-768x576.jpg 768w\" sizes=\"auto, (max-width: 800px) 100vw, 800px\" \/><\/a><\/p>\n<p style=\"text-align: justify;\">Vorab ein Tipp f\u00fcr Familien mit Babys und Kleinkinder \u2013 dieser Pfad ist nicht nur recht schmal und sandig, sondern auch wenig kinderwagentauglich. Selbst mit einem gel\u00e4ndetauglichen Jogger d\u00fcrfte der Spaziergang schwierig werden. Daher w\u00fcrde ich f\u00fcr den Besuch unbedingt ein Tragetuch oder eine andere Kindertrage sehr empfehlen!<\/p>\n<p style=\"text-align: center;\"><a href=\"http:\/\/www.sabine-seyffert.de\/blog\/wp-content\/uploads\/2016\/10\/Doppel-Holz-Kartoffelrose-rot.jpg\"><img loading=\"lazy\" decoding=\"async\" class=\"alignnone size-full wp-image-8640\" src=\"http:\/\/www.sabine-seyffert.de\/blog\/wp-content\/uploads\/2016\/10\/Doppel-Holz-Kartoffelrose-rot.jpg\" alt=\"doppel-holz-kartoffelrose-rot\" width=\"800\" height=\"600\" srcset=\"https:\/\/www.sabine-seyffert.de\/blog\/wp-content\/uploads\/2016\/10\/Doppel-Holz-Kartoffelrose-rot.jpg 800w, https:\/\/www.sabine-seyffert.de\/blog\/wp-content\/uploads\/2016\/10\/Doppel-Holz-Kartoffelrose-rot-300x225.jpg 300w, https:\/\/www.sabine-seyffert.de\/blog\/wp-content\/uploads\/2016\/10\/Doppel-Holz-Kartoffelrose-rot-768x576.jpg 768w\" sizes=\"auto, (max-width: 800px) 100vw, 800px\" \/><\/a><\/p>\n<p style=\"text-align: justify;\">Schon gleich am Anfang findet man am Wegesrand gro\u00dfe Infotafeln mit Schaubildern. Darauf erf\u00e4hrt man beispielsweise, wie das \u201eFlinthorn\u201c eigentlich zu seinem Namen kam, welche Pflanzen es in der Umgebung alles gibt, welche Tiere hier beheimatet sind, \u00fcber die Entstehung der Gezeiten, welche V\u00f6gel in den D\u00fcnen br\u00fcten u.v.a.m.<\/p>\n<p style=\"text-align: center;\"><a href=\"http:\/\/www.sabine-seyffert.de\/blog\/wp-content\/uploads\/2016\/10\/Doppel-Bl\u00fcte-Gelb-Gr\u00e4ser-Gr\u00fcn.jpg\"><img loading=\"lazy\" decoding=\"async\" class=\"alignnone size-full wp-image-8641\" src=\"http:\/\/www.sabine-seyffert.de\/blog\/wp-content\/uploads\/2016\/10\/Doppel-Bl\u00fcte-Gelb-Gr\u00e4ser-Gr\u00fcn.jpg\" alt=\"doppel-bluete-gelb-graeser-gruen\" width=\"800\" height=\"600\" srcset=\"https:\/\/www.sabine-seyffert.de\/blog\/wp-content\/uploads\/2016\/10\/Doppel-Bl\u00fcte-Gelb-Gr\u00e4ser-Gr\u00fcn.jpg 800w, https:\/\/www.sabine-seyffert.de\/blog\/wp-content\/uploads\/2016\/10\/Doppel-Bl\u00fcte-Gelb-Gr\u00e4ser-Gr\u00fcn-300x225.jpg 300w, https:\/\/www.sabine-seyffert.de\/blog\/wp-content\/uploads\/2016\/10\/Doppel-Bl\u00fcte-Gelb-Gr\u00e4ser-Gr\u00fcn-768x576.jpg 768w\" sizes=\"auto, (max-width: 800px) 100vw, 800px\" \/><\/a><\/p>\n<p style=\"text-align: justify;\">Eine kleine M\u00f6we erkl\u00e4rt das Wichtigste noch mal in Kurzform und macht all die Infos vor allen Dingen f\u00fcr Kinder sehr interessant.<\/p>\n<p style=\"text-align: center;\"><a href=\"http:\/\/www.sabine-seyffert.de\/blog\/wp-content\/uploads\/2016\/10\/Flinth\u00f6rn-1.jpg\"><img loading=\"lazy\" decoding=\"async\" class=\"alignnone size-full wp-image-8642\" src=\"http:\/\/www.sabine-seyffert.de\/blog\/wp-content\/uploads\/2016\/10\/Flinth\u00f6rn-1.jpg\" alt=\"flinthoern-1\" width=\"800\" height=\"600\" srcset=\"https:\/\/www.sabine-seyffert.de\/blog\/wp-content\/uploads\/2016\/10\/Flinth\u00f6rn-1.jpg 800w, https:\/\/www.sabine-seyffert.de\/blog\/wp-content\/uploads\/2016\/10\/Flinth\u00f6rn-1-300x225.jpg 300w, https:\/\/www.sabine-seyffert.de\/blog\/wp-content\/uploads\/2016\/10\/Flinth\u00f6rn-1-768x576.jpg 768w\" sizes=\"auto, (max-width: 800px) 100vw, 800px\" \/><\/a><\/p>\n<p style=\"text-align: justify;\">Durch die dort abgebildten Fotos und Zeichnungen wird alles sehr anschaulich und man kann als Besucher gleich die Augen offen halten um die angezeigten Pflanze oder Tieren, die n\u00e4her vorgestellt werden, zu ersp\u00e4hen.<\/p>\n<p style=\"text-align: center;\"><a href=\"http:\/\/www.sabine-seyffert.de\/blog\/wp-content\/uploads\/2016\/10\/Doppel-Sanddorn.jpg\"><img loading=\"lazy\" decoding=\"async\" class=\"alignnone size-full wp-image-8643\" src=\"http:\/\/www.sabine-seyffert.de\/blog\/wp-content\/uploads\/2016\/10\/Doppel-Sanddorn.jpg\" alt=\"doppel-sanddorn\" width=\"800\" height=\"600\" srcset=\"https:\/\/www.sabine-seyffert.de\/blog\/wp-content\/uploads\/2016\/10\/Doppel-Sanddorn.jpg 800w, https:\/\/www.sabine-seyffert.de\/blog\/wp-content\/uploads\/2016\/10\/Doppel-Sanddorn-300x225.jpg 300w, https:\/\/www.sabine-seyffert.de\/blog\/wp-content\/uploads\/2016\/10\/Doppel-Sanddorn-768x576.jpg 768w\" sizes=\"auto, (max-width: 800px) 100vw, 800px\" \/><\/a><\/p>\n<p style=\"text-align: justify;\">Besonders oft vertreten ist nicht nur hier sondern auf der gesamten Insel Sanddorn. Diesen gibt es hier auch in jeder erdenklichen Form zu kaufen: Als Marmelade, Honig und Gelee, als Tee, Sirup oder auch in alkoholischer Form. Den Sanddorn erkennt man an den orange leuchtenden Fr\u00fcchten. Diese Beeren, die als Vitaminbomben bezeichnet werden, findet man meist ab September und sie enthalten unglaublich viel Vitamin C. Allerdings sollte man beim Pfl\u00fccken gut aufpassen, die Zweige haben lange und unsch\u00f6n pieksende Stacheln! Bei Erk\u00e4ltungskrankheiten soll Sanddorn wahre Wunder bewirken. Habt Ihr Sanddorn schon mal probiert? Ganz sch\u00f6n sauer, oder? Auf Langeoog jedenfalls eine echte Spezialit\u00e4t!<\/p>\n<p style=\"text-align: center;\"><a href=\"http:\/\/www.sabine-seyffert.de\/blog\/wp-content\/uploads\/2016\/10\/Doppel-pinke-Bl\u00fcte-Kartoffelrose.jpg\"><img loading=\"lazy\" decoding=\"async\" class=\"alignnone size-full wp-image-8644\" src=\"http:\/\/www.sabine-seyffert.de\/blog\/wp-content\/uploads\/2016\/10\/Doppel-pinke-Bl\u00fcte-Kartoffelrose.jpg\" alt=\"doppel-pinke-bluete-kartoffelrose\" width=\"800\" height=\"600\" srcset=\"https:\/\/www.sabine-seyffert.de\/blog\/wp-content\/uploads\/2016\/10\/Doppel-pinke-Bl\u00fcte-Kartoffelrose.jpg 800w, https:\/\/www.sabine-seyffert.de\/blog\/wp-content\/uploads\/2016\/10\/Doppel-pinke-Bl\u00fcte-Kartoffelrose-300x225.jpg 300w, https:\/\/www.sabine-seyffert.de\/blog\/wp-content\/uploads\/2016\/10\/Doppel-pinke-Bl\u00fcte-Kartoffelrose-768x576.jpg 768w\" sizes=\"auto, (max-width: 800px) 100vw, 800px\" \/><\/a><\/p>\n<p style=\"text-align: justify;\">Fast ebenso h\u00e4ufig begegnet man hier und anderen Orts auf der Insel der sogenannten Kartoffelrose. Die leuchtet jetzt in der Herbstzeit ebenso sch\u00f6n wie rote Hagebutten.<\/p>\n<p style=\"text-align: center;\"><a href=\"http:\/\/www.sabine-seyffert.de\/blog\/wp-content\/uploads\/2016\/10\/Fernglas-Beobachtungsplattform.jpg\"><img loading=\"lazy\" decoding=\"async\" class=\"alignnone size-full wp-image-8645\" src=\"http:\/\/www.sabine-seyffert.de\/blog\/wp-content\/uploads\/2016\/10\/Fernglas-Beobachtungsplattform.jpg\" alt=\"fernglas-beobachtungsplattform\" width=\"800\" height=\"600\" srcset=\"https:\/\/www.sabine-seyffert.de\/blog\/wp-content\/uploads\/2016\/10\/Fernglas-Beobachtungsplattform.jpg 800w, https:\/\/www.sabine-seyffert.de\/blog\/wp-content\/uploads\/2016\/10\/Fernglas-Beobachtungsplattform-300x225.jpg 300w, https:\/\/www.sabine-seyffert.de\/blog\/wp-content\/uploads\/2016\/10\/Fernglas-Beobachtungsplattform-768x576.jpg 768w\" sizes=\"auto, (max-width: 800px) 100vw, 800px\" \/><\/a><\/p>\n<p style=\"text-align: justify;\">Schlie\u00dflich kommt man an einen Ausguck mit Holzh\u00fctte und Fernglas. Bei gutem Wetter kann man von hier auf die benachbarte Insel Baltrum blicken.<\/p>\n<p style=\"text-align: center;\"><a href=\"http:\/\/www.sabine-seyffert.de\/blog\/wp-content\/uploads\/2016\/10\/Flinth\u00f6rn-Meerblick-und-Sandweg-D\u00fcne.jpg\"><img loading=\"lazy\" decoding=\"async\" class=\"alignnone size-full wp-image-8646\" src=\"http:\/\/www.sabine-seyffert.de\/blog\/wp-content\/uploads\/2016\/10\/Flinth\u00f6rn-Meerblick-und-Sandweg-D\u00fcne.jpg\" alt=\"flinthoern-meerblick-und-sandweg-duene\" width=\"800\" height=\"600\" srcset=\"https:\/\/www.sabine-seyffert.de\/blog\/wp-content\/uploads\/2016\/10\/Flinth\u00f6rn-Meerblick-und-Sandweg-D\u00fcne.jpg 800w, https:\/\/www.sabine-seyffert.de\/blog\/wp-content\/uploads\/2016\/10\/Flinth\u00f6rn-Meerblick-und-Sandweg-D\u00fcne-300x225.jpg 300w, https:\/\/www.sabine-seyffert.de\/blog\/wp-content\/uploads\/2016\/10\/Flinth\u00f6rn-Meerblick-und-Sandweg-D\u00fcne-768x576.jpg 768w\" sizes=\"auto, (max-width: 800px) 100vw, 800px\" \/><\/a><\/p>\n<p style=\"text-align: justify;\">Und nat\u00fcrlich folgen wir dem Naturpfad von hier aus noch bis an den Strand und ans Wasser. Schlie\u00dflich k\u00f6nnen wir dort noch Muscheln sammeln, im Sand buddeln und eine gem\u00fctliche Pause mit kleinem Picknick machen.<\/p>\n<p style=\"text-align: center;\"><a href=\"http:\/\/www.sabine-seyffert.de\/blog\/wp-content\/uploads\/2016\/10\/Flinth\u00f6rn-Doppel-Strand.jpg\"><img loading=\"lazy\" decoding=\"async\" class=\"alignnone size-full wp-image-8647\" src=\"http:\/\/www.sabine-seyffert.de\/blog\/wp-content\/uploads\/2016\/10\/Flinth\u00f6rn-Doppel-Strand.jpg\" alt=\"flinthoern-doppel-strand\" width=\"900\" height=\"600\" srcset=\"https:\/\/www.sabine-seyffert.de\/blog\/wp-content\/uploads\/2016\/10\/Flinth\u00f6rn-Doppel-Strand.jpg 900w, https:\/\/www.sabine-seyffert.de\/blog\/wp-content\/uploads\/2016\/10\/Flinth\u00f6rn-Doppel-Strand-300x200.jpg 300w, https:\/\/www.sabine-seyffert.de\/blog\/wp-content\/uploads\/2016\/10\/Flinth\u00f6rn-Doppel-Strand-768x512.jpg 768w\" sizes=\"auto, (max-width: 900px) 100vw, 900px\" \/><\/a><\/p>\n<p style=\"text-align: justify;\">Alle bisherigen Urlaubsberichte k\u00f6nnt Ihr unter folgenden Links nachlesen: Die <a href=\"http:\/\/www.sabine-seyffert.de\/blog\/?p=8524\" target=\"_blank\">spannende Anfahrt<\/a>, ein <a href=\"http:\/\/www.sabine-seyffert.de\/blog\/?p=8543\" target=\"_blank\">Spaziergang ins Dorf Zentrum<\/a> von Langeoog, die <a href=\"http:\/\/www.sabine-seyffert.de\/blog\/?p=8580\" target=\"_blank\">Radtour ans Ostende<\/a>, ein Regenwettertag <a href=\"http:\/\/www.sabine-seyffert.de\/blog\/?p=8618\" target=\"_blank\">in der Sp\u00f6\u00f6lstuv<\/a> und morgen zeige ich euch dann <a href=\"http:\/\/www.sabine-seyffert.de\/blog\/?p=8653\" target=\"_blank\">das Schwimmbad<\/a>!<\/p>\n<p style=\"text-align: center;\"><a href=\"http:\/\/www.sabine-seyffert.de\/blog\/wp-content\/uploads\/2016\/10\/Flinth\u00f6rn-8.jpg\"><img loading=\"lazy\" decoding=\"async\" class=\"alignnone size-full wp-image-8648\" src=\"http:\/\/www.sabine-seyffert.de\/blog\/wp-content\/uploads\/2016\/10\/Flinth\u00f6rn-8.jpg\" alt=\"flinthoern-8\" width=\"600\" height=\"800\" srcset=\"https:\/\/www.sabine-seyffert.de\/blog\/wp-content\/uploads\/2016\/10\/Flinth\u00f6rn-8.jpg 600w, https:\/\/www.sabine-seyffert.de\/blog\/wp-content\/uploads\/2016\/10\/Flinth\u00f6rn-8-225x300.jpg 225w\" sizes=\"auto, (max-width: 600px) 100vw, 600px\" \/><\/a><\/p>\n<p style=\"text-align: justify;\">PS: Mehr Gr\u00fcnzeug findet Ihr \u00fcbrigens <a href=\"http:\/\/naturkinder.typepad.com\/naturkinder\/2016\/10\/gruenzeug-we-love-green-stuff-1.html\" target=\"_blank\">hier<\/a> \ud83d\ude42<\/p>\n<p style=\"text-align: justify;\"><a href=\"http:\/\/www.sabine-seyffert.de\/blog\/?page_id=32#urheberrecht\">urheberrechtlich gesch\u00fctzt<\/a>, \u00a9 Sabine Seyffert<\/p>\n<p style=\"text-align: justify;\">\n","protected":false},"excerpt":{"rendered":"<p>Heute lacht die Sonne endlich mal vom Nordsee Himmel. Also geht es nach dem gem\u00fctlichen Familienfr\u00fchst\u00fcck gleich nach Drau\u00dfen. Auf unseren Fahrr\u00e4dern radeln wir erst einmal eine l\u00e4ngere Runde durch den Langeooger Wald. Den mag ich pers\u00f6nlich ausgesprochen gerne, auch oder vielleicht gerade weil dieser so ganz anderes ist als zu Hause. Zahlreiche kleine Wege&#8230; <a href=\"https:\/\/www.sabine-seyffert.de\/blog\/reisetipps-fuer-den-familienurlaub-ein-lehrreicher-ausflug-per-fahrrad-zum-naturpfad-flinthoern\/\" class=\"more-link\">Read more: Reisetipps f\u00fcr den Familienurlaub: Ein lehrreicher Ausflug per Fahrrad zum Naturpfad \u201eFlinth\u00f6rn\u201c<\/a><\/p>\n","protected":false},"author":2,"featured_media":0,"comment_status":"open","ping_status":"open","sticky":false,"template":"","format":"standard","meta":{"_metis_text_type":"","_metis_text_length":3239,"_post_count":0,"footnotes":""},"categories":[39,38],"tags":[],"class_list":["post-8637","post","type-post","status-publish","format-standard","hentry","category-ausfluge-co","category-ferien"],"_links":{"self":[{"href":"https:\/\/www.sabine-seyffert.de\/blog\/wp-json\/wp\/v2\/posts\/8637","targetHints":{"allow":["GET"]}}],"collection":[{"href":"https:\/\/www.sabine-seyffert.de\/blog\/wp-json\/wp\/v2\/posts"}],"about":[{"href":"https:\/\/www.sabine-seyffert.de\/blog\/wp-json\/wp\/v2\/types\/post"}],"author":[{"embeddable":true,"href":"https:\/\/www.sabine-seyffert.de\/blog\/wp-json\/wp\/v2\/users\/2"}],"replies":[{"embeddable":true,"href":"https:\/\/www.sabine-seyffert.de\/blog\/wp-json\/wp\/v2\/comments?post=8637"}],"version-history":[{"count":8,"href":"https:\/\/www.sabine-seyffert.de\/blog\/wp-json\/wp\/v2\/posts\/8637\/revisions"}],"predecessor-version":[{"id":8787,"href":"https:\/\/www.sabine-seyffert.de\/blog\/wp-json\/wp\/v2\/posts\/8637\/revisions\/8787"}],"wp:attachment":[{"href":"https:\/\/www.sabine-seyffert.de\/blog\/wp-json\/wp\/v2\/media?parent=8637"}],"wp:term":[{"taxonomy":"category","embeddable":true,"href":"https:\/\/www.sabine-seyffert.de\/blog\/wp-json\/wp\/v2\/categories?post=8637"},{"taxonomy":"post_tag","embeddable":true,"href":"https:\/\/www.sabine-seyffert.de\/blog\/wp-json\/wp\/v2\/tags?post=8637"}],"curies":[{"name":"wp","href":"https:\/\/api.w.org\/{rel}","templated":true}]}}