{"id":8580,"date":"2016-10-26T13:01:43","date_gmt":"2016-10-26T11:01:43","guid":{"rendered":"http:\/\/www.sabine-seyffert.de\/blog\/?p=8580"},"modified":"2018-06-27T10:44:13","modified_gmt":"2018-06-27T08:44:13","slug":"familienurlaub-auf-langeoog-heute-machen-wir-eine-radtour-ans-ostende-doch-erst-mal-gehts-zum-radverleih","status":"publish","type":"post","link":"https:\/\/www.sabine-seyffert.de\/blog\/familienurlaub-auf-langeoog-heute-machen-wir-eine-radtour-ans-ostende-doch-erst-mal-gehts-zum-radverleih\/","title":{"rendered":"Familienurlaub auf Langeoog: Heute machen wir eine Radtour ans Ostende, doch erst mal geht\u2019s zum Radverleih"},"content":{"rendered":"<p style=\"text-align: justify;\"><img loading=\"lazy\" decoding=\"async\" src=\"https:\/\/ssl-vg03.met.vgwort.de\/na\/597822b2592044619c66620084332c0b\" alt=\"\" width=\"1\" height=\"1\" \/>Wer auf der autofreien Nordsee Insel Langeoog Urlaub macht, muss auf sein Auto verzichten. Diesem g\u00f6nnt man am <a href=\"http:\/\/www.sabine-seyffert.de\/blog\/?p=8524\" target=\"_blank\" rel=\"noopener\">Hafen von Bensersiel<\/a> ebenfalls eine kleine Auszeit.<\/p>\n<p style=\"text-align: center;\"><a href=\"http:\/\/www.sabine-seyffert.de\/blog\/wp-content\/uploads\/2016\/10\/Fahrrad-Radgeber-Doppel-Schild.jpg\"><img loading=\"lazy\" decoding=\"async\" class=\"alignnone size-full wp-image-8583\" src=\"http:\/\/www.sabine-seyffert.de\/blog\/wp-content\/uploads\/2016\/10\/Fahrrad-Radgeber-Doppel-Schild.jpg\" alt=\"fahrrad-radgeber-doppel-schild\" width=\"800\" height=\"600\" srcset=\"https:\/\/www.sabine-seyffert.de\/blog\/wp-content\/uploads\/2016\/10\/Fahrrad-Radgeber-Doppel-Schild.jpg 800w, https:\/\/www.sabine-seyffert.de\/blog\/wp-content\/uploads\/2016\/10\/Fahrrad-Radgeber-Doppel-Schild-300x225.jpg 300w, https:\/\/www.sabine-seyffert.de\/blog\/wp-content\/uploads\/2016\/10\/Fahrrad-Radgeber-Doppel-Schild-768x576.jpg 768w\" sizes=\"auto, (max-width: 800px) 100vw, 800px\" \/><\/a><\/p>\n<p style=\"text-align: justify;\">So spaziert man auf der Insel nat\u00fcrlich viel zu Fu\u00df, denn die wenigen Elektroautos dienen nur dem Transport von Waren oder den Handwerkbetrieben vor Ort. Allerdings ist der Radius so recht begrenzt. Vor allen Dingen dann, wenn man als Familie mit Kindern unterwegs ist und diese zum eher fu\u00dffaulen Volk geh\u00f6ren.<\/p>\n<p style=\"text-align: center;\"><a href=\"http:\/\/www.sabine-seyffert.de\/blog\/wp-content\/uploads\/2016\/10\/Fahrrad-Konvolut-bunt-quer.jpg\"><img loading=\"lazy\" decoding=\"async\" class=\"alignnone size-full wp-image-8584\" src=\"http:\/\/www.sabine-seyffert.de\/blog\/wp-content\/uploads\/2016\/10\/Fahrrad-Konvolut-bunt-quer.jpg\" alt=\"fahrrad-konvolut-bunt-quer\" width=\"800\" height=\"600\" srcset=\"https:\/\/www.sabine-seyffert.de\/blog\/wp-content\/uploads\/2016\/10\/Fahrrad-Konvolut-bunt-quer.jpg 800w, https:\/\/www.sabine-seyffert.de\/blog\/wp-content\/uploads\/2016\/10\/Fahrrad-Konvolut-bunt-quer-300x225.jpg 300w, https:\/\/www.sabine-seyffert.de\/blog\/wp-content\/uploads\/2016\/10\/Fahrrad-Konvolut-bunt-quer-768x576.jpg 768w\" sizes=\"auto, (max-width: 800px) 100vw, 800px\" \/><\/a><\/p>\n<p style=\"text-align: justify;\">Daher hei\u00dft es bei uns wenn wir auf Langeoog Urlaub machen: Rauf aufs Fahrrad. Allerdings leihen wir uns die R\u00e4der meist direkt vor Ort, da wir zwar ein gro\u00dfes Auto aber keine M\u00f6glichkeit haben gleich 6 R\u00e4der zu transportieren.<\/p>\n<p style=\"text-align: center;\"><a href=\"http:\/\/www.sabine-seyffert.de\/blog\/wp-content\/uploads\/2016\/10\/Fahrradanh\u00e4nger.jpg\"><img loading=\"lazy\" decoding=\"async\" class=\"alignnone size-full wp-image-8585\" src=\"http:\/\/www.sabine-seyffert.de\/blog\/wp-content\/uploads\/2016\/10\/Fahrradanh\u00e4nger.jpg\" alt=\"fahrradanhaenger\" width=\"800\" height=\"600\" srcset=\"https:\/\/www.sabine-seyffert.de\/blog\/wp-content\/uploads\/2016\/10\/Fahrradanh\u00e4nger.jpg 800w, https:\/\/www.sabine-seyffert.de\/blog\/wp-content\/uploads\/2016\/10\/Fahrradanh\u00e4nger-300x225.jpg 300w, https:\/\/www.sabine-seyffert.de\/blog\/wp-content\/uploads\/2016\/10\/Fahrradanh\u00e4nger-768x576.jpg 768w\" sizes=\"auto, (max-width: 800px) 100vw, 800px\" \/><\/a><\/p>\n<p style=\"text-align: justify;\">Aufgrund der Ferienzeit sind wir dieses Mal auf Nummer sicher gegangen und haben uns die ben\u00f6tigten R\u00e4der vorab reserviert. Auf diese Weise konnten wir Gr\u00f6\u00dfe und Modell bequem ausw\u00e4hlen um sicher zu gehen, dass uns diese w\u00e4hrend unseres Aufenthaltes auch wirklich zur Verf\u00fcgung stehen.<\/p>\n<p style=\"text-align: center;\"><a href=\"http:\/\/www.sabine-seyffert.de\/blog\/wp-content\/uploads\/2016\/10\/Ausflug-Ostende-Pirolatal-und-Wilde-M\u00f6hre.jpg\"><img loading=\"lazy\" decoding=\"async\" class=\"alignnone size-full wp-image-8586\" src=\"http:\/\/www.sabine-seyffert.de\/blog\/wp-content\/uploads\/2016\/10\/Ausflug-Ostende-Pirolatal-und-Wilde-M\u00f6hre.jpg\" alt=\"ausflug-ostende-pirolatal-und-wilde-moehre\" width=\"800\" height=\"600\" srcset=\"https:\/\/www.sabine-seyffert.de\/blog\/wp-content\/uploads\/2016\/10\/Ausflug-Ostende-Pirolatal-und-Wilde-M\u00f6hre.jpg 800w, https:\/\/www.sabine-seyffert.de\/blog\/wp-content\/uploads\/2016\/10\/Ausflug-Ostende-Pirolatal-und-Wilde-M\u00f6hre-300x225.jpg 300w, https:\/\/www.sabine-seyffert.de\/blog\/wp-content\/uploads\/2016\/10\/Ausflug-Ostende-Pirolatal-und-Wilde-M\u00f6hre-768x576.jpg 768w\" sizes=\"auto, (max-width: 800px) 100vw, 800px\" \/><\/a><\/p>\n<p style=\"text-align: justify;\">Wie schon die letzten Male sind wir beim Radverleih mit dem wunderbaren Namen \u201eDe Insel Radgeber\u201c gelandet, den man nicht nur direkt im <a href=\"http:\/\/www.sabine-seyffert.de\/blog\/?p=8543\" target=\"_blank\" rel=\"noopener\">Dorfzentrum<\/a> sondern auch in unmittelbarer N\u00e4he des Insel Bahnhofs findet. Dort gibt es neben einer gro\u00dfen Auswahl an Fahrr\u00e4dern in verschiedenen Gr\u00f6\u00dfen und Ausf\u00fchrungen, auch die \u201eMitl\u00e4ufer\u201c R\u00e4der f\u00fcr Kinder, die an ein Erwachsenenrad angeh\u00e4ngt werden. So kann man als Familie mit dem Rad problemlos l\u00e4nger Wege zur\u00fccklegen. Denn bei l\u00e4ngeren Radtouren und dem oft starken Wind, f\u00e4llt dies zumindest den j\u00fcngeren Kindern schwer. Vor allen Dingen denjenigen, die das Radfahren gerade erst gelernt haben!<\/p>\n<p style=\"text-align: center;\"><a href=\"http:\/\/www.sabine-seyffert.de\/blog\/wp-content\/uploads\/2016\/10\/Fahrrad-Mitnehmer.jpg\"><img loading=\"lazy\" decoding=\"async\" class=\"alignnone size-full wp-image-8587\" src=\"http:\/\/www.sabine-seyffert.de\/blog\/wp-content\/uploads\/2016\/10\/Fahrrad-Mitnehmer.jpg\" alt=\"fahrrad-mitnehmer\" width=\"800\" height=\"600\" srcset=\"https:\/\/www.sabine-seyffert.de\/blog\/wp-content\/uploads\/2016\/10\/Fahrrad-Mitnehmer.jpg 800w, https:\/\/www.sabine-seyffert.de\/blog\/wp-content\/uploads\/2016\/10\/Fahrrad-Mitnehmer-300x225.jpg 300w, https:\/\/www.sabine-seyffert.de\/blog\/wp-content\/uploads\/2016\/10\/Fahrrad-Mitnehmer-768x576.jpg 768w\" sizes=\"auto, (max-width: 800px) 100vw, 800px\" \/><\/a><\/p>\n<p style=\"text-align: justify;\">Ebenso gibt es dort Bollerwagen (ein solcher leistet auf der Insel wirklich gute Dienste, nicht nur beim Einkauf!) sowie die praktischen Croozer Fahrradanh\u00e4nger, in denen Kinder von Geburt an sicher und bequem transportiert werden. Diese dienen zudem als Kinderwagen und k\u00f6nnen auch ohne Fahrradrad geschoben werden. Auf der R\u00fcckseite gibt es einen Stauraum f\u00fcr kleinere Eink\u00e4ufe, Strandutensilien oder sonstiges Gep\u00e4ck.<\/p>\n<p style=\"text-align: center;\"><a href=\"http:\/\/www.sabine-seyffert.de\/blog\/wp-content\/uploads\/2016\/10\/Ausflug-Ostende-Rind-und-Wei\u00dfdorn-.jpg\"><img loading=\"lazy\" decoding=\"async\" class=\"alignnone size-full wp-image-8588\" src=\"http:\/\/www.sabine-seyffert.de\/blog\/wp-content\/uploads\/2016\/10\/Ausflug-Ostende-Rind-und-Wei\u00dfdorn-.jpg\" alt=\"ausflug-ostende-rind-und-weissdorn\" width=\"800\" height=\"600\" srcset=\"https:\/\/www.sabine-seyffert.de\/blog\/wp-content\/uploads\/2016\/10\/Ausflug-Ostende-Rind-und-Wei\u00dfdorn-.jpg 800w, https:\/\/www.sabine-seyffert.de\/blog\/wp-content\/uploads\/2016\/10\/Ausflug-Ostende-Rind-und-Wei\u00dfdorn--300x225.jpg 300w, https:\/\/www.sabine-seyffert.de\/blog\/wp-content\/uploads\/2016\/10\/Ausflug-Ostende-Rind-und-Wei\u00dfdorn--768x576.jpg 768w\" sizes=\"auto, (max-width: 800px) 100vw, 800px\" \/><\/a><\/p>\n<p style=\"text-align: justify;\">Da das Wetter am zweiten Urlaubstag noch trocken war und sich zeitweise sogar etwas Sonne blicken lie\u00df, haben wir gleich eine l\u00e4ngere Radtour \u00fcber die Insel gemacht. Von der Ferienunterkunft aus ging es durch die Dorfmitte (dazu gab es <a href=\"http:\/\/www.sabine-seyffert.de\/blog\/?p=8543\" target=\"_blank\" rel=\"noopener\">hier<\/a> einen ausf\u00fchrlichen Rundgang mit Bericht!) hindurch in Richtung Osten.<\/p>\n<p style=\"text-align: center;\"><a href=\"http:\/\/www.sabine-seyffert.de\/blog\/wp-content\/uploads\/2016\/10\/Ausflug-Ostende-Fasan-.jpg\"><img loading=\"lazy\" decoding=\"async\" class=\"alignnone size-full wp-image-8589\" src=\"http:\/\/www.sabine-seyffert.de\/blog\/wp-content\/uploads\/2016\/10\/Ausflug-Ostende-Fasan-.jpg\" alt=\"ausflug-ostende-fasan\" width=\"800\" height=\"600\" srcset=\"https:\/\/www.sabine-seyffert.de\/blog\/wp-content\/uploads\/2016\/10\/Ausflug-Ostende-Fasan-.jpg 800w, https:\/\/www.sabine-seyffert.de\/blog\/wp-content\/uploads\/2016\/10\/Ausflug-Ostende-Fasan--300x225.jpg 300w, https:\/\/www.sabine-seyffert.de\/blog\/wp-content\/uploads\/2016\/10\/Ausflug-Ostende-Fasan--768x576.jpg 768w\" sizes=\"auto, (max-width: 800px) 100vw, 800px\" \/><\/a><\/p>\n<p style=\"text-align: justify;\">Auf der linken Seite radelt man am <a href=\"https:\/\/de.wikipedia.org\/wiki\/Pirolatal\" target=\"_blank\" rel=\"noopener\">Pirolatal<\/a> vorbei. Nachdem dann die H\u00e4user auf der rechten und linken Seite immer weniger wurden, ging es immer weiter geradeaus. Leider machte sich der Gegenwind recht deutlich bemerkbar und kann einem eine solche Tour schnell \u201evermiesen\u201c. Dank des Mitl\u00e4uferrads diesmal kein Problem, da der Nachwuchs windgesch\u00fctzt mitf\u00e4hrt und gezogen wird. (F\u00fcr \u00e4ltere Inselg\u00e4ste gibt es \u00fcbrigens f\u00fcr diesen Zweck neuerdings auch E-Bikes, die solche Erkundungstouren deutlich leichter machen und erm\u00f6glichen.)<\/p>\n<p style=\"text-align: center;\"><a href=\"http:\/\/www.sabine-seyffert.de\/blog\/wp-content\/uploads\/2016\/10\/Ausflug-Ostende-Meer-und-rote-Beeren.jpg\"><img loading=\"lazy\" decoding=\"async\" class=\"alignnone size-full wp-image-8590\" src=\"http:\/\/www.sabine-seyffert.de\/blog\/wp-content\/uploads\/2016\/10\/Ausflug-Ostende-Meer-und-rote-Beeren.jpg\" alt=\"ausflug-ostende-meer-und-rote-beeren\" width=\"800\" height=\"600\" srcset=\"https:\/\/www.sabine-seyffert.de\/blog\/wp-content\/uploads\/2016\/10\/Ausflug-Ostende-Meer-und-rote-Beeren.jpg 800w, https:\/\/www.sabine-seyffert.de\/blog\/wp-content\/uploads\/2016\/10\/Ausflug-Ostende-Meer-und-rote-Beeren-300x225.jpg 300w, https:\/\/www.sabine-seyffert.de\/blog\/wp-content\/uploads\/2016\/10\/Ausflug-Ostende-Meer-und-rote-Beeren-768x576.jpg 768w\" sizes=\"auto, (max-width: 800px) 100vw, 800px\" \/><\/a><\/p>\n<p style=\"text-align: justify;\">Zur linken Seite hat man einen tollen Blick auf die D\u00fcnen und auf der rechten Seite blickt man auf Weiden und die K\u00fcstenlandschaft. Bei gutem Wetter kann man vom Weg aus sogar das Festland erkennen. Hier und da grasen nicht nur ein paar Pferde sondern auch einige schottischen Hochlandrinder, deren langes Haar durch den frischen Nordseewind f\u00fcr lustiges Aussehen sorgt.<\/p>\n<p style=\"text-align: center;\"><a href=\"http:\/\/www.sabine-seyffert.de\/blog\/wp-content\/uploads\/2016\/10\/Ausflug-Ostende-R\u00e4der-und-Gr\u00e4ser.jpg\"><img loading=\"lazy\" decoding=\"async\" class=\"alignnone size-full wp-image-8591\" src=\"http:\/\/www.sabine-seyffert.de\/blog\/wp-content\/uploads\/2016\/10\/Ausflug-Ostende-R\u00e4der-und-Gr\u00e4ser.jpg\" alt=\"ausflug-ostende-raeder-und-graeser\" width=\"800\" height=\"600\" srcset=\"https:\/\/www.sabine-seyffert.de\/blog\/wp-content\/uploads\/2016\/10\/Ausflug-Ostende-R\u00e4der-und-Gr\u00e4ser.jpg 800w, https:\/\/www.sabine-seyffert.de\/blog\/wp-content\/uploads\/2016\/10\/Ausflug-Ostende-R\u00e4der-und-Gr\u00e4ser-300x225.jpg 300w, https:\/\/www.sabine-seyffert.de\/blog\/wp-content\/uploads\/2016\/10\/Ausflug-Ostende-R\u00e4der-und-Gr\u00e4ser-768x576.jpg 768w\" sizes=\"auto, (max-width: 800px) 100vw, 800px\" \/><\/a><\/p>\n<p style=\"text-align: justify;\">Ein ganzes St\u00fcck abseits vom Dorfkern kommt man an der Jugendherberge vorbei sowie der Vogelwarte. Von hier aus ist es nicht mehr weit zur Meierei, dem letzten gro\u00dfen Geb\u00e4ude an diesem Inselende. Doch Ziel unserer Radtour ist das Ostende der Insel. Hier \u201eparken\u201c bereits allerhand Fahrr\u00e4der am Wegesrand, denn diese darf und sollte man nat\u00fcrlich auch nicht mit an den Strand nehmen.<\/p>\n<p style=\"text-align: center;\"><a href=\"http:\/\/www.sabine-seyffert.de\/blog\/wp-content\/uploads\/2016\/10\/Ausflug-Ostende-Sandbank-und-Ausguck.jpg\"><img loading=\"lazy\" decoding=\"async\" class=\"alignnone size-full wp-image-8592\" src=\"http:\/\/www.sabine-seyffert.de\/blog\/wp-content\/uploads\/2016\/10\/Ausflug-Ostende-Sandbank-und-Ausguck.jpg\" alt=\"ausflug-ostende-sandbank-und-ausguck\" width=\"800\" height=\"600\" srcset=\"https:\/\/www.sabine-seyffert.de\/blog\/wp-content\/uploads\/2016\/10\/Ausflug-Ostende-Sandbank-und-Ausguck.jpg 800w, https:\/\/www.sabine-seyffert.de\/blog\/wp-content\/uploads\/2016\/10\/Ausflug-Ostende-Sandbank-und-Ausguck-300x225.jpg 300w, https:\/\/www.sabine-seyffert.de\/blog\/wp-content\/uploads\/2016\/10\/Ausflug-Ostende-Sandbank-und-Ausguck-768x576.jpg 768w\" sizes=\"auto, (max-width: 800px) 100vw, 800px\" \/><\/a><\/p>\n<p style=\"text-align: justify;\">Also gehen wir von hier aus zu Fu\u00df weiter und an der D\u00fcnenlandschaft entlang. Dann folgen wir einem kleinen Naturlehrpfad, der uns zu einer Ausguckstation f\u00fchrt. Von hier aus kann man mit dem Fernglas ganz wunderbar aufs Meer schauen. Und in unserem Fall hatten wir sogar gro\u00dfes Gl\u00fcck und konnten auf einer entfernten Sandbank einen kleinen Seehund beobachten.<\/p>\n<p style=\"text-align: center;\"><a href=\"http:\/\/www.sabine-seyffert.de\/blog\/wp-content\/uploads\/2016\/10\/Ausflug-Br\u00f6tchen.jpg\"><img loading=\"lazy\" decoding=\"async\" class=\"alignnone size-full wp-image-8593\" src=\"http:\/\/www.sabine-seyffert.de\/blog\/wp-content\/uploads\/2016\/10\/Ausflug-Br\u00f6tchen.jpg\" alt=\"ausflug-broetchen\" width=\"800\" height=\"600\" srcset=\"https:\/\/www.sabine-seyffert.de\/blog\/wp-content\/uploads\/2016\/10\/Ausflug-Br\u00f6tchen.jpg 800w, https:\/\/www.sabine-seyffert.de\/blog\/wp-content\/uploads\/2016\/10\/Ausflug-Br\u00f6tchen-300x225.jpg 300w, https:\/\/www.sabine-seyffert.de\/blog\/wp-content\/uploads\/2016\/10\/Ausflug-Br\u00f6tchen-768x576.jpg 768w\" sizes=\"auto, (max-width: 800px) 100vw, 800px\" \/><\/a><\/p>\n<p style=\"text-align: justify;\">Nach einem gem\u00fctlichen Picknick zur St\u00e4rkung ging es dann auf den R\u00fcckweg. Diesmal gl\u00fccklicherweise mit dem Wind, daf\u00fcr allerdings unter ziemlich dunkelgrauen Regenwolke entlang\u2026<\/p>\n<p style=\"text-align: center;\"><a href=\"http:\/\/www.sabine-seyffert.de\/blog\/wp-content\/uploads\/2016\/10\/Ausflug-Ostende-Meierei-und-Rind.jpg\"><img loading=\"lazy\" decoding=\"async\" class=\"alignnone size-full wp-image-8594\" src=\"http:\/\/www.sabine-seyffert.de\/blog\/wp-content\/uploads\/2016\/10\/Ausflug-Ostende-Meierei-und-Rind.jpg\" alt=\"ausflug-ostende-meierei-und-rind\" width=\"800\" height=\"600\" srcset=\"https:\/\/www.sabine-seyffert.de\/blog\/wp-content\/uploads\/2016\/10\/Ausflug-Ostende-Meierei-und-Rind.jpg 800w, https:\/\/www.sabine-seyffert.de\/blog\/wp-content\/uploads\/2016\/10\/Ausflug-Ostende-Meierei-und-Rind-300x225.jpg 300w, https:\/\/www.sabine-seyffert.de\/blog\/wp-content\/uploads\/2016\/10\/Ausflug-Ostende-Meierei-und-Rind-768x576.jpg 768w\" sizes=\"auto, (max-width: 800px) 100vw, 800px\" \/><\/a><\/p>\n<p style=\"text-align: justify;\">Morgen zeige ich Euch <a href=\"http:\/\/www.sabine-seyffert.de\/blog\/?p=8618\" target=\"_blank\" rel=\"noopener\">das Spielhaus<\/a> \u2013 ein echtes Paradies f\u00fcr Kinder! Und wer mag, kann uns in den n\u00e4chsten Tagen noch zum <a href=\"http:\/\/www.sabine-seyffert.de\/blog\/?p=8637\" target=\"_blank\" rel=\"noopener\">Naturlehrpfad &#8220;Flinth\u00f6rn&#8221;<\/a> folgen, Wasserspa\u00df <a href=\"http:\/\/www.sabine-seyffert.de\/blog\/?p=8653\" target=\"_blank\" rel=\"noopener\">im Wellenbad<\/a> erleben und mit uns im Haus der Insel die bunte <a href=\"http:\/\/www.sabine-seyffert.de\/blog\/?p=8667\" target=\"_blank\" rel=\"noopener\">Lego Ausstellung<\/a> besuchen.<\/p>\n<p style=\"text-align: center;\"><a href=\"http:\/\/www.sabine-seyffert.de\/blog\/wp-content\/uploads\/2016\/10\/Ausflug-Ostende-Vogel-Baum-R\u00fcckfahrt.jpg\"><img loading=\"lazy\" decoding=\"async\" class=\"alignnone size-full wp-image-8595\" src=\"http:\/\/www.sabine-seyffert.de\/blog\/wp-content\/uploads\/2016\/10\/Ausflug-Ostende-Vogel-Baum-R\u00fcckfahrt.jpg\" alt=\"ausflug-ostende-vogel-baum-rueckfahrt\" width=\"800\" height=\"600\" srcset=\"https:\/\/www.sabine-seyffert.de\/blog\/wp-content\/uploads\/2016\/10\/Ausflug-Ostende-Vogel-Baum-R\u00fcckfahrt.jpg 800w, https:\/\/www.sabine-seyffert.de\/blog\/wp-content\/uploads\/2016\/10\/Ausflug-Ostende-Vogel-Baum-R\u00fcckfahrt-300x225.jpg 300w, https:\/\/www.sabine-seyffert.de\/blog\/wp-content\/uploads\/2016\/10\/Ausflug-Ostende-Vogel-Baum-R\u00fcckfahrt-768x576.jpg 768w\" sizes=\"auto, (max-width: 800px) 100vw, 800px\" \/><\/a><\/p>\n<p style=\"text-align: justify;\">Dieser Beitrag entstand mit freundlicher Unterst\u00fctzung von Peer Agena vom De Insel-Radgeber<\/p>\n<p style=\"text-align: justify;\"><a href=\"http:\/\/www.sabine-seyffert.de\/blog\/?page_id=32#urheberrecht\">urheberrechtlich gesch\u00fctzt<\/a>, \u00a9 Sabine Seyffert<\/p>\n","protected":false},"excerpt":{"rendered":"<p>Wer auf der autofreien Nordsee Insel Langeoog Urlaub macht, muss auf sein Auto verzichten. Diesem g\u00f6nnt man am Hafen von Bensersiel ebenfalls eine kleine Auszeit. So spaziert man auf der Insel nat\u00fcrlich viel zu Fu\u00df, denn die wenigen Elektroautos dienen nur dem Transport von Waren oder den Handwerkbetrieben vor Ort. Allerdings ist der Radius so&#8230; <a href=\"https:\/\/www.sabine-seyffert.de\/blog\/familienurlaub-auf-langeoog-heute-machen-wir-eine-radtour-ans-ostende-doch-erst-mal-gehts-zum-radverleih\/\" class=\"more-link\">Read more: Familienurlaub auf Langeoog: Heute machen wir eine Radtour ans Ostende, doch erst mal geht\u2019s zum Radverleih<\/a><\/p>\n","protected":false},"author":2,"featured_media":0,"comment_status":"open","ping_status":"open","sticky":false,"template":"","format":"standard","meta":{"_metis_text_type":"","_metis_text_length":4591,"_post_count":0,"footnotes":""},"categories":[39,38],"tags":[],"class_list":["post-8580","post","type-post","status-publish","format-standard","hentry","category-ausfluge-co","category-ferien"],"_links":{"self":[{"href":"https:\/\/www.sabine-seyffert.de\/blog\/wp-json\/wp\/v2\/posts\/8580","targetHints":{"allow":["GET"]}}],"collection":[{"href":"https:\/\/www.sabine-seyffert.de\/blog\/wp-json\/wp\/v2\/posts"}],"about":[{"href":"https:\/\/www.sabine-seyffert.de\/blog\/wp-json\/wp\/v2\/types\/post"}],"author":[{"embeddable":true,"href":"https:\/\/www.sabine-seyffert.de\/blog\/wp-json\/wp\/v2\/users\/2"}],"replies":[{"embeddable":true,"href":"https:\/\/www.sabine-seyffert.de\/blog\/wp-json\/wp\/v2\/comments?post=8580"}],"version-history":[{"count":24,"href":"https:\/\/www.sabine-seyffert.de\/blog\/wp-json\/wp\/v2\/posts\/8580\/revisions"}],"predecessor-version":[{"id":12915,"href":"https:\/\/www.sabine-seyffert.de\/blog\/wp-json\/wp\/v2\/posts\/8580\/revisions\/12915"}],"wp:attachment":[{"href":"https:\/\/www.sabine-seyffert.de\/blog\/wp-json\/wp\/v2\/media?parent=8580"}],"wp:term":[{"taxonomy":"category","embeddable":true,"href":"https:\/\/www.sabine-seyffert.de\/blog\/wp-json\/wp\/v2\/categories?post=8580"},{"taxonomy":"post_tag","embeddable":true,"href":"https:\/\/www.sabine-seyffert.de\/blog\/wp-json\/wp\/v2\/tags?post=8580"}],"curies":[{"name":"wp","href":"https:\/\/api.w.org\/{rel}","templated":true}]}}