{"id":853,"date":"2013-03-17T11:22:31","date_gmt":"2013-03-17T09:22:31","guid":{"rendered":"http:\/\/www.sabine-seyffert.de\/blog\/?p=853"},"modified":"2015-09-21T19:08:50","modified_gmt":"2015-09-21T17:08:50","slug":"ich-bin-schon-ganz-gespannt","status":"publish","type":"post","link":"https:\/\/www.sabine-seyffert.de\/blog\/ich-bin-schon-ganz-gespannt\/","title":{"rendered":"Ich bin schon ganz gespannt\u2026"},"content":{"rendered":"<p style=\"text-align: justify;\"><img loading=\"lazy\" decoding=\"async\" src=\"https:\/\/ssl-vg03.met.vgwort.de\/na\/768da11b12604ff58dbff7f55b298b36\" alt=\"\" width=\"1\" height=\"1\" \/>Vor einer Woche habe ich Post von Clara, Jeanny und Rike bekommen, die mir auf diesem Wege verraten haben, wenn ich bei \u201e<a href=\"http:\/\/www.postausmeinerkueche.de\/allgemein\/zum-fuenften-mal-heisst-es-post-aus-meiner-kueche-fertig-loooos\/\" target=\"_blank\">Post aus meiner K\u00fcche<\/a>\u201c zum Thema Kindheitserinnerungen mit kleinen K\u00f6stlichkeiten begl\u00fccken darf.<\/p>\n<p style=\"text-align: justify;\"><a href=\"http:\/\/www.sabine-seyffert.de\/blog\/wp-content\/uploads\/2013\/03\/PAMK-5.jpg\"><img loading=\"lazy\" decoding=\"async\" class=\"size-full wp-image-855 aligncenter\" src=\"http:\/\/www.sabine-seyffert.de\/blog\/wp-content\/uploads\/2013\/03\/PAMK-5.jpg\" alt=\"PAMK 5\" width=\"626\" height=\"828\" \/><\/a><br \/>\nIch gebe ehrlich zu, mit dem Thema hatte ich nicht gerechnet, wollte aber unbedingt einmal dabei sein. Weil ich die Idee einfach \u00fcberaus spannend finde, gerne koche, backe und verschenke. Doch alles was mir spontan zu Leckerein aus meiner Kindheit einfiel, lie\u00df sich nicht wirklich in ein Paket packen, geschweige denn quer durchs ganze Land verschicken. Dabei fielen mir spontan wirklich leckere Dinge aus Kindertagen ein: Warme Waffeln mit Puderzucker, von dessen Teig meine Tante immer so gerne \u201epur\u201c naschte, herrlich s\u00fc\u00dfe Germkn\u00f6del mit Mohn und Vanilleso\u00dfe, hei\u00dfen Kakao mit Schlagsahne, allerhand k\u00f6stliche Weihnachtskekse, hauchd\u00fcnne Pfannkuchen mit Zimt &amp; Zucker, frischer Bienenstich, Rahmchampignos, Suppe mit kleinen Buchstabennudeln, Lasagne mit einer dicken K\u00e4seschicht und, und, und\u2026<\/p>\n<p style=\"text-align: center;\"><a href=\"http:\/\/www.sabine-seyffert.de\/blog\/wp-content\/uploads\/2013\/03\/PAMK-1.jpg\"><img loading=\"lazy\" decoding=\"async\" class=\"alignnone size-full wp-image-856\" src=\"http:\/\/www.sabine-seyffert.de\/blog\/wp-content\/uploads\/2013\/03\/PAMK-1.jpg\" alt=\"PAMK 1\" width=\"620\" height=\"820\" srcset=\"https:\/\/www.sabine-seyffert.de\/blog\/wp-content\/uploads\/2013\/03\/PAMK-1.jpg 620w, https:\/\/www.sabine-seyffert.de\/blog\/wp-content\/uploads\/2013\/03\/PAMK-1-226x300.jpg 226w\" sizes=\"auto, (max-width: 620px) 100vw, 620px\" \/><\/a><\/p>\n<p style=\"text-align: justify;\">So habe ich tagelang gegr\u00fcbelt und gl\u00fccklicherweise einiges gefunden, was sich \u2013gut verpackt- hoffentlich unversehrt versenden l\u00e4sst. Aber das kann ich zum jetztigen Zeitpunkt leider nat\u00fcrlich noch nicht verraten, denn wenn ich die Regeln richtig verstanden haben, soll der Inhalt meiner Post eine \u00dcberraschung sein. Zumindest steht mein Plan, das kommende Wochenende habe ich mir f\u00fcr das Werkeln in der K\u00fcche freigehalten, einen Teil der ben\u00f6tigten Zutaten bereits besorgt und die Vorfreude w\u00e4chst mit jedem Tag!<\/p>\n<p style=\"text-align: center;\"><a href=\"http:\/\/www.sabine-seyffert.de\/blog\/wp-content\/uploads\/2013\/03\/PAMK-2.jpg\"><img loading=\"lazy\" decoding=\"async\" class=\"alignnone size-full wp-image-857\" src=\"http:\/\/www.sabine-seyffert.de\/blog\/wp-content\/uploads\/2013\/03\/PAMK-2.jpg\" alt=\"PAMK 2\" width=\"565\" height=\"765\" srcset=\"https:\/\/www.sabine-seyffert.de\/blog\/wp-content\/uploads\/2013\/03\/PAMK-2.jpg 565w, https:\/\/www.sabine-seyffert.de\/blog\/wp-content\/uploads\/2013\/03\/PAMK-2-221x300.jpg 221w\" sizes=\"auto, (max-width: 565px) 100vw, 565px\" \/><\/a><\/p>\n<p style=\"text-align: justify;\">Und weil ich hier durch das Thema bedingt in Erinnerungen schwelge, gab es letzte Woche schon mal \u201eKalter Hund\u201c, den ich als Kind so geliebt habe und Berge davon h\u00e4tte verputzen k\u00f6nnen. Ich muss sagen, der s\u00fc\u00dfe Kekskuchen schmeckt mir nach wie vor und war auch bei meinen Kindern ein Hit. Nur Verschicken l\u00e4sst er sich leider nicht, da er immer gut gek\u00fchlt werden muss.<\/p>\n<p style=\"text-align: center;\"><a href=\"http:\/\/www.sabine-seyffert.de\/blog\/wp-content\/uploads\/2013\/03\/PAMK-3.jpg\"><img loading=\"lazy\" decoding=\"async\" class=\"alignnone size-full wp-image-858\" src=\"http:\/\/www.sabine-seyffert.de\/blog\/wp-content\/uploads\/2013\/03\/PAMK-3.jpg\" alt=\"PAMK 3\" width=\"741\" height=\"540\" srcset=\"https:\/\/www.sabine-seyffert.de\/blog\/wp-content\/uploads\/2013\/03\/PAMK-3.jpg 741w, https:\/\/www.sabine-seyffert.de\/blog\/wp-content\/uploads\/2013\/03\/PAMK-3-300x218.jpg 300w\" sizes=\"auto, (max-width: 741px) 100vw, 741px\" \/><\/a><\/p>\n<p style=\"text-align: justify;\">Auch unsere J\u00fcngste im Bunde scheint das Thema zu gefallen, denn seit Kurzem werden hier meine uralt Spiele ( was f\u00fcr ein Design \u2013 toll oder?) aus der hintersten Schrankecke gekramt und\u00a0 mehrfach t\u00e4glich gespielt.<\/p>\n<p style=\"text-align: center;\"><a href=\"http:\/\/www.sabine-seyffert.de\/blog\/wp-content\/uploads\/2013\/03\/PAMK-4.jpg\"><img loading=\"lazy\" decoding=\"async\" class=\"alignnone size-full wp-image-859\" src=\"http:\/\/www.sabine-seyffert.de\/blog\/wp-content\/uploads\/2013\/03\/PAMK-4.jpg\" alt=\"PAMK 4\" width=\"736\" height=\"572\" \/><\/a><\/p>\n<p style=\"text-align: justify;\">Hat von Euch schon mal jemand an \u201ePost aus meiner K\u00fcche\u201c teilgenommen und mag mir ein paar Tipps oder Erfahrungen mitteilen? Ich w\u00fcrde mich sehr freuen \u2013 bis dahin liebe Gr\u00fc\u00dfe und einen gem\u00fctlichen Sonntag\u2026<br \/>\n<a href=\"http:\/\/www.sabine-seyffert.de\/blog\/?page_id=32#urheberrecht\">urherrechtlich gesch\u00fctzt<\/a>, \u00a9 Sabine Seyffert<\/p>\n","protected":false},"excerpt":{"rendered":"<p>Vor einer Woche habe ich Post von Clara, Jeanny und Rike bekommen, die mir auf diesem Wege verraten haben, wenn ich bei \u201ePost aus meiner K\u00fcche\u201c zum Thema Kindheitserinnerungen mit kleinen K\u00f6stlichkeiten begl\u00fccken darf. Ich gebe ehrlich zu, mit dem Thema hatte ich nicht gerechnet, wollte aber unbedingt einmal dabei sein. Weil ich die Idee&#8230; <a href=\"https:\/\/www.sabine-seyffert.de\/blog\/ich-bin-schon-ganz-gespannt\/\" class=\"more-link\">Read more: Ich bin schon ganz gespannt\u2026<\/a><\/p>\n","protected":false},"author":2,"featured_media":0,"comment_status":"open","ping_status":"open","sticky":false,"template":"","format":"standard","meta":{"_metis_text_type":"","_metis_text_length":2370,"_post_count":0,"footnotes":""},"categories":[43,31],"tags":[],"class_list":["post-853","post","type-post","status-publish","format-standard","hentry","category-geschenke-aus-der-kueche","category-rezepte-suse-kuchen-co"],"_links":{"self":[{"href":"https:\/\/www.sabine-seyffert.de\/blog\/wp-json\/wp\/v2\/posts\/853","targetHints":{"allow":["GET"]}}],"collection":[{"href":"https:\/\/www.sabine-seyffert.de\/blog\/wp-json\/wp\/v2\/posts"}],"about":[{"href":"https:\/\/www.sabine-seyffert.de\/blog\/wp-json\/wp\/v2\/types\/post"}],"author":[{"embeddable":true,"href":"https:\/\/www.sabine-seyffert.de\/blog\/wp-json\/wp\/v2\/users\/2"}],"replies":[{"embeddable":true,"href":"https:\/\/www.sabine-seyffert.de\/blog\/wp-json\/wp\/v2\/comments?post=853"}],"version-history":[{"count":13,"href":"https:\/\/www.sabine-seyffert.de\/blog\/wp-json\/wp\/v2\/posts\/853\/revisions"}],"predecessor-version":[{"id":6167,"href":"https:\/\/www.sabine-seyffert.de\/blog\/wp-json\/wp\/v2\/posts\/853\/revisions\/6167"}],"wp:attachment":[{"href":"https:\/\/www.sabine-seyffert.de\/blog\/wp-json\/wp\/v2\/media?parent=853"}],"wp:term":[{"taxonomy":"category","embeddable":true,"href":"https:\/\/www.sabine-seyffert.de\/blog\/wp-json\/wp\/v2\/categories?post=853"},{"taxonomy":"post_tag","embeddable":true,"href":"https:\/\/www.sabine-seyffert.de\/blog\/wp-json\/wp\/v2\/tags?post=853"}],"curies":[{"name":"wp","href":"https:\/\/api.w.org\/{rel}","templated":true}]}}