{"id":8524,"date":"2016-10-24T16:18:40","date_gmt":"2016-10-24T14:18:40","guid":{"rendered":"http:\/\/www.sabine-seyffert.de\/blog\/?p=8524"},"modified":"2018-06-26T17:55:34","modified_gmt":"2018-06-26T15:55:34","slug":"reisetipp-fuer-einen-entspannten-familienurlaub-reif-fuer-die-insel-wir-fahren-an-die-nordsee","status":"publish","type":"post","link":"https:\/\/www.sabine-seyffert.de\/blog\/reisetipp-fuer-einen-entspannten-familienurlaub-reif-fuer-die-insel-wir-fahren-an-die-nordsee\/","title":{"rendered":"Reisetipp f\u00fcr einen entspannten Familienurlaub: Reif f\u00fcr die Insel \u2013 wir fahren an die Nordsee!"},"content":{"rendered":"<p style=\"text-align: justify;\"><img loading=\"lazy\" decoding=\"async\" src=\"https:\/\/ssl-vg03.met.vgwort.de\/na\/0aacd4e0d4be4c6da60371868566c480\" alt=\"\" width=\"1\" height=\"1\" \/>Bevor die Erk\u00e4ltungszeit beginnt, werden wir noch einmal frische Seeluft schnuppern und uns an der K\u00fcste vom Wind kr\u00e4ftig durchpusten lassen. Die Koffer sind fertig gepackt und das Familienauto steht zur Abfahrt bereit. Auf der autofreien Insel Langeoog m\u00f6chten wir ein paar ganz entspannte Urlaubstage verbringen.<\/p>\n<p style=\"text-align: center;\"><a href=\"http:\/\/www.sabine-seyffert.de\/blog\/wp-content\/uploads\/2016\/10\/Anfahrt-Langeoog-Start.jpg\"><img loading=\"lazy\" decoding=\"async\" class=\"alignnone size-full wp-image-8525\" src=\"http:\/\/www.sabine-seyffert.de\/blog\/wp-content\/uploads\/2016\/10\/Anfahrt-Langeoog-Start.jpg\" alt=\"anfahrt-langeoog-start\" width=\"800\" height=\"600\" srcset=\"https:\/\/www.sabine-seyffert.de\/blog\/wp-content\/uploads\/2016\/10\/Anfahrt-Langeoog-Start.jpg 800w, https:\/\/www.sabine-seyffert.de\/blog\/wp-content\/uploads\/2016\/10\/Anfahrt-Langeoog-Start-300x225.jpg 300w, https:\/\/www.sabine-seyffert.de\/blog\/wp-content\/uploads\/2016\/10\/Anfahrt-Langeoog-Start-768x576.jpg 768w\" sizes=\"auto, (max-width: 800px) 100vw, 800px\" \/><\/a><\/p>\n<p style=\"text-align: justify;\">Los geht es in Richtung Nordsee. Das Ziel unserer Autofahrt ist Bensersiel, besser gesagt der Hafen dort. Denn auf der Insel <a href=\"https:\/\/de.wikipedia.org\/wiki\/Langeoog\" target=\"_blank\" rel=\"noopener\">Langeoog<\/a> sind Autos nicht erlaubt.<\/p>\n<p style=\"text-align: center;\"><a href=\"http:\/\/www.sabine-seyffert.de\/blog\/wp-content\/uploads\/2016\/10\/Anfahrt-Langeoog-5.jpg\"><img loading=\"lazy\" decoding=\"async\" class=\"alignnone size-full wp-image-8526\" src=\"http:\/\/www.sabine-seyffert.de\/blog\/wp-content\/uploads\/2016\/10\/Anfahrt-Langeoog-5.jpg\" alt=\"anfahrt-langeoog-5\" width=\"800\" height=\"600\" srcset=\"https:\/\/www.sabine-seyffert.de\/blog\/wp-content\/uploads\/2016\/10\/Anfahrt-Langeoog-5.jpg 800w, https:\/\/www.sabine-seyffert.de\/blog\/wp-content\/uploads\/2016\/10\/Anfahrt-Langeoog-5-300x225.jpg 300w, https:\/\/www.sabine-seyffert.de\/blog\/wp-content\/uploads\/2016\/10\/Anfahrt-Langeoog-5-768x576.jpg 768w\" sizes=\"auto, (max-width: 800px) 100vw, 800px\" \/><\/a><\/p>\n<p style=\"text-align: justify;\">Im Hafen von Bensersiel angekommen, stellt man das Auto auf einem der bewachten Parkpl\u00e4tze gegen eine entsprechende Parkgeb\u00fchr ab. Alternativ gibt es vor Ort auch einige Garagenparkpl\u00e4tze in unmittelbarer N\u00e4he.<\/p>\n<p style=\"text-align: center;\"><a href=\"http:\/\/www.sabine-seyffert.de\/blog\/wp-content\/uploads\/2016\/10\/Anfahrt-Langeoog-0.jpg\"><img loading=\"lazy\" decoding=\"async\" class=\"alignnone size-full wp-image-8527\" src=\"http:\/\/www.sabine-seyffert.de\/blog\/wp-content\/uploads\/2016\/10\/Anfahrt-Langeoog-0.jpg\" alt=\"anfahrt-langeoog-0\" width=\"800\" height=\"600\" srcset=\"https:\/\/www.sabine-seyffert.de\/blog\/wp-content\/uploads\/2016\/10\/Anfahrt-Langeoog-0.jpg 800w, https:\/\/www.sabine-seyffert.de\/blog\/wp-content\/uploads\/2016\/10\/Anfahrt-Langeoog-0-300x225.jpg 300w, https:\/\/www.sabine-seyffert.de\/blog\/wp-content\/uploads\/2016\/10\/Anfahrt-Langeoog-0-768x576.jpg 768w\" sizes=\"auto, (max-width: 800px) 100vw, 800px\" \/><\/a><\/p>\n<p style=\"text-align: justify;\">Von dort aus geht es zu Fu\u00df weiter zum nahe gelegenen F\u00e4hrhaus. Denn hier gibt es die Tickets f\u00fcr die \u00dcberfahrt. Diese sind am Schalter in Form der LangeoogCard erh\u00e4ltlich. Au\u00dferdem wird hier auch das Urlaubsgep\u00e4ck wie Koffer, gro\u00dfe Taschen oder auch Fahrr\u00e4der samt Bollerwagen abgegeben.<\/p>\n<p style=\"text-align: center;\"><a href=\"http:\/\/www.sabine-seyffert.de\/blog\/wp-content\/uploads\/2016\/10\/Anfahrt-Langeoog-3.jpg\"><img loading=\"lazy\" decoding=\"async\" class=\"alignnone size-full wp-image-8528\" src=\"http:\/\/www.sabine-seyffert.de\/blog\/wp-content\/uploads\/2016\/10\/Anfahrt-Langeoog-3.jpg\" alt=\"anfahrt-langeoog-3\" width=\"800\" height=\"600\" srcset=\"https:\/\/www.sabine-seyffert.de\/blog\/wp-content\/uploads\/2016\/10\/Anfahrt-Langeoog-3.jpg 800w, https:\/\/www.sabine-seyffert.de\/blog\/wp-content\/uploads\/2016\/10\/Anfahrt-Langeoog-3-300x225.jpg 300w, https:\/\/www.sabine-seyffert.de\/blog\/wp-content\/uploads\/2016\/10\/Anfahrt-Langeoog-3-768x576.jpg 768w\" sizes=\"auto, (max-width: 800px) 100vw, 800px\" \/><\/a><\/p>\n<p style=\"text-align: justify;\">Denn die kann man nicht pers\u00f6nlich mit an Bord nehmen. An der Gep\u00e4ckabfertigung bekommen diese nummerierten Aufkleber. Von dort aus werden die Gep\u00e4ckst\u00fccke und Fahrzeuge in bunte Container geladen.<\/p>\n<p style=\"text-align: center;\"><a href=\"http:\/\/www.sabine-seyffert.de\/blog\/wp-content\/uploads\/2016\/10\/Anfahrt-Langeoog-4.jpg\"><img loading=\"lazy\" decoding=\"async\" class=\"alignnone size-full wp-image-8529\" src=\"http:\/\/www.sabine-seyffert.de\/blog\/wp-content\/uploads\/2016\/10\/Anfahrt-Langeoog-4.jpg\" alt=\"anfahrt-langeoog-4\" width=\"800\" height=\"600\" srcset=\"https:\/\/www.sabine-seyffert.de\/blog\/wp-content\/uploads\/2016\/10\/Anfahrt-Langeoog-4.jpg 800w, https:\/\/www.sabine-seyffert.de\/blog\/wp-content\/uploads\/2016\/10\/Anfahrt-Langeoog-4-300x225.jpg 300w, https:\/\/www.sabine-seyffert.de\/blog\/wp-content\/uploads\/2016\/10\/Anfahrt-Langeoog-4-768x576.jpg 768w\" sizes=\"auto, (max-width: 800px) 100vw, 800px\" \/><\/a><\/p>\n<p style=\"text-align: justify;\">Am besten merkt man sich die Farbe samt Containernummer, damit man seine Sachen sp\u00e4ter nicht lange suchen muss.<\/p>\n<p style=\"text-align: center;\"><a href=\"http:\/\/www.sabine-seyffert.de\/blog\/wp-content\/uploads\/2016\/10\/Anfahrt-Langeoog-2.jpg\"><img loading=\"lazy\" decoding=\"async\" class=\"alignnone size-full wp-image-8530\" src=\"http:\/\/www.sabine-seyffert.de\/blog\/wp-content\/uploads\/2016\/10\/Anfahrt-Langeoog-2.jpg\" alt=\"anfahrt-langeoog-2\" width=\"800\" height=\"600\" srcset=\"https:\/\/www.sabine-seyffert.de\/blog\/wp-content\/uploads\/2016\/10\/Anfahrt-Langeoog-2.jpg 800w, https:\/\/www.sabine-seyffert.de\/blog\/wp-content\/uploads\/2016\/10\/Anfahrt-Langeoog-2-300x225.jpg 300w, https:\/\/www.sabine-seyffert.de\/blog\/wp-content\/uploads\/2016\/10\/Anfahrt-Langeoog-2-768x576.jpg 768w\" sizes=\"auto, (max-width: 800px) 100vw, 800px\" \/><\/a><\/p>\n<p style=\"text-align: justify;\">So betreten wir die gro\u00dfe F\u00e4hre nur mit kleinem Handgep\u00e4ck und etwas Verpflegung, da nach der langen Autofahrt ein wenig der Magen knurrt. Gl\u00fccklicherweise gibt es hier keine unendlich langen Wartezeiten. Das Schiff f\u00e4hrt am Tag mehrfach und unabh\u00e4ngig der Gezeiten, da es hier eine Fahrrinne gibt.<\/p>\n<p style=\"text-align: center;\"><a href=\"http:\/\/www.sabine-seyffert.de\/blog\/wp-content\/uploads\/2016\/10\/Anfahrt-Langeoog-1.jpg\"><img loading=\"lazy\" decoding=\"async\" class=\"alignnone size-full wp-image-8531\" src=\"http:\/\/www.sabine-seyffert.de\/blog\/wp-content\/uploads\/2016\/10\/Anfahrt-Langeoog-1.jpg\" alt=\"anfahrt-langeoog-1\" width=\"800\" height=\"600\" srcset=\"https:\/\/www.sabine-seyffert.de\/blog\/wp-content\/uploads\/2016\/10\/Anfahrt-Langeoog-1.jpg 800w, https:\/\/www.sabine-seyffert.de\/blog\/wp-content\/uploads\/2016\/10\/Anfahrt-Langeoog-1-300x225.jpg 300w, https:\/\/www.sabine-seyffert.de\/blog\/wp-content\/uploads\/2016\/10\/Anfahrt-Langeoog-1-768x576.jpg 768w\" sizes=\"auto, (max-width: 800px) 100vw, 800px\" \/><\/a><\/p>\n<p style=\"text-align: justify;\">Die \u00dcberfahrt zur Insel dauert etwa 40 Minuten. Langeweile kommt in dieser Zeit nicht auf. Zum einen kann man sich auf dem gro\u00dfen Schiff frei bewegen und alles erkunden. Und zum anderen kann man auch das Meer, die M\u00f6wen und mit etwas Gl\u00fcck ein paar Seehunde w\u00e4hrend der Fahrt entdecken.<\/p>\n<p style=\"text-align: center;\"><a href=\"http:\/\/www.sabine-seyffert.de\/blog\/wp-content\/uploads\/2016\/10\/Anfahrt-Langeoog-Inselbahn.jpg\"><img loading=\"lazy\" decoding=\"async\" class=\"alignnone size-full wp-image-8532\" src=\"http:\/\/www.sabine-seyffert.de\/blog\/wp-content\/uploads\/2016\/10\/Anfahrt-Langeoog-Inselbahn.jpg\" alt=\"anfahrt-langeoog-inselbahn\" width=\"600\" height=\"800\" srcset=\"https:\/\/www.sabine-seyffert.de\/blog\/wp-content\/uploads\/2016\/10\/Anfahrt-Langeoog-Inselbahn.jpg 600w, https:\/\/www.sabine-seyffert.de\/blog\/wp-content\/uploads\/2016\/10\/Anfahrt-Langeoog-Inselbahn-225x300.jpg 225w\" sizes=\"auto, (max-width: 600px) 100vw, 600px\" \/><\/a><\/p>\n<p style=\"text-align: justify;\">Als das Schiff im Hafen von Langeoog anlegt, wartet dort schon die kunterbunte Inselbahn. F\u00fcr Familien mit Kinderwagen gibt es einen extra Waggon mit breitem Eingang und mehr Platz f\u00fcr Buggy &amp; Co.<\/p>\n<p style=\"text-align: center;\"><a href=\"http:\/\/www.sabine-seyffert.de\/blog\/wp-content\/uploads\/2016\/10\/Bahnhof-Doppel-mit-Pferdeduo.jpg\"><img loading=\"lazy\" decoding=\"async\" class=\"alignnone size-full wp-image-8565\" src=\"http:\/\/www.sabine-seyffert.de\/blog\/wp-content\/uploads\/2016\/10\/Bahnhof-Doppel-mit-Pferdeduo.jpg\" alt=\"bahnhof-doppel-mit-pferdeduo\" width=\"800\" height=\"600\" srcset=\"https:\/\/www.sabine-seyffert.de\/blog\/wp-content\/uploads\/2016\/10\/Bahnhof-Doppel-mit-Pferdeduo.jpg 800w, https:\/\/www.sabine-seyffert.de\/blog\/wp-content\/uploads\/2016\/10\/Bahnhof-Doppel-mit-Pferdeduo-300x225.jpg 300w, https:\/\/www.sabine-seyffert.de\/blog\/wp-content\/uploads\/2016\/10\/Bahnhof-Doppel-mit-Pferdeduo-768x576.jpg 768w\" sizes=\"auto, (max-width: 800px) 100vw, 800px\" \/><\/a><\/p>\n<p style=\"text-align: justify;\">Sobald auch die Gep\u00e4ckcontainer auf dem Zug verstaut sind, f\u00e4hrt man mit der Inselbahn zum Insel Bahnhof. Hier werden die Gep\u00e4ckwagen vom Zug geschafft und derjenige, der sich Nummer und Farbe gut gemerkt hat, findet darin seine Koffer auch schnell wieder.<\/p>\n<p style=\"text-align: center;\"><a href=\"http:\/\/www.sabine-seyffert.de\/blog\/wp-content\/uploads\/2016\/10\/Gep\u00e4ckdienst.jpg\"><img loading=\"lazy\" decoding=\"async\" class=\"alignnone size-full wp-image-8534\" src=\"http:\/\/www.sabine-seyffert.de\/blog\/wp-content\/uploads\/2016\/10\/Gep\u00e4ckdienst.jpg\" alt=\"gepaeckdienst\" width=\"800\" height=\"600\" srcset=\"https:\/\/www.sabine-seyffert.de\/blog\/wp-content\/uploads\/2016\/10\/Gep\u00e4ckdienst.jpg 800w, https:\/\/www.sabine-seyffert.de\/blog\/wp-content\/uploads\/2016\/10\/Gep\u00e4ckdienst-300x225.jpg 300w, https:\/\/www.sabine-seyffert.de\/blog\/wp-content\/uploads\/2016\/10\/Gep\u00e4ckdienst-768x576.jpg 768w\" sizes=\"auto, (max-width: 800px) 100vw, 800px\" \/><\/a><\/p>\n<p style=\"text-align: justify;\">Vom Bahnhof aus geht es nun in Richtung Feriendomizil. Das Gep\u00e4ck kann man entweder selbst dorthin bringen, per Gep\u00e4ckdienst bringen lassen oder auch mit einem kleinen Gep\u00e4ckwagen transportieren, den viele Ferienwohnungen und Ferienh\u00e4user besitzen.<\/p>\n<p style=\"text-align: center;\"><a href=\"http:\/\/www.sabine-seyffert.de\/blog\/wp-content\/uploads\/2016\/10\/Koffer.jpg\"><img loading=\"lazy\" decoding=\"async\" class=\"alignnone size-full wp-image-8535\" src=\"http:\/\/www.sabine-seyffert.de\/blog\/wp-content\/uploads\/2016\/10\/Koffer.jpg\" alt=\"koffer\" width=\"800\" height=\"600\" srcset=\"https:\/\/www.sabine-seyffert.de\/blog\/wp-content\/uploads\/2016\/10\/Koffer.jpg 800w, https:\/\/www.sabine-seyffert.de\/blog\/wp-content\/uploads\/2016\/10\/Koffer-300x225.jpg 300w, https:\/\/www.sabine-seyffert.de\/blog\/wp-content\/uploads\/2016\/10\/Koffer-768x576.jpg 768w\" sizes=\"auto, (max-width: 800px) 100vw, 800px\" \/><\/a><\/p>\n<p style=\"text-align: justify;\">Jetzt hei\u00dft es noch schnell Koffer auspacken und dann nehme ich Euch mit zu allen Ausfl\u00fcgen, die wir auf Langeoog gemacht haben und zeige Euch ein wenig die Insel. Habt Ihr Lust, dann schaut mal dort: Ein kleiner <a href=\"http:\/\/www.sabine-seyffert.de\/blog\/?p=8543\" target=\"_blank\" rel=\"noopener\">Stadtrundgang durchs Dorf<\/a>, eine <a href=\"http:\/\/www.sabine-seyffert.de\/blog\/?p=8580\" target=\"_blank\" rel=\"noopener\">Radtour zum Ostende<\/a>, ein Nachmittag im <a href=\"http:\/\/www.sabine-seyffert.de\/blog\/?p=8618\" target=\"_blank\" rel=\"noopener\">Spielhaus<\/a>, ein Ausflug zum <a href=\"http:\/\/www.sabine-seyffert.de\/blog\/?p=8637\" target=\"_blank\" rel=\"noopener\">Naturlehrpfad Flinth\u00f6rn<\/a>, reichlich Wasserspa\u00df <a href=\"http:\/\/www.sabine-seyffert.de\/blog\/?p=8653\" target=\"_blank\" rel=\"noopener\">im Meerwasser Erlebnisbad<\/a>, eine bunte <a href=\"http:\/\/www.sabine-seyffert.de\/blog\/?p=8667\" target=\"_blank\" rel=\"noopener\">Lego Ausstellung<\/a> im Haus der Insel.<\/p>\n<p style=\"text-align: justify;\">Ein ganz herzlicher Dank an die Mitarbeiter im F\u00e4hrhaus, die Kutscher und die Leute vom Gep\u00e4ckdienst, die mir auf meine spontanen Anfragen vor Ort wirklich ausgesprochen freundlich reagiert und mir erlaubt haben entsprechende Fotos zu machen!<\/p>\n<p><a href=\"http:\/\/www.sabine-seyffert.de\/blog\/?page_id=32#urheberrecht\">urheberrechtlich gesch\u00fctzt<\/a>, \u00a9 Sabine Seyffert<\/p>\n<p style=\"text-align: justify;\">\n","protected":false},"excerpt":{"rendered":"<p>Bevor die Erk\u00e4ltungszeit beginnt, werden wir noch einmal frische Seeluft schnuppern und uns an der K\u00fcste vom Wind kr\u00e4ftig durchpusten lassen. Die Koffer sind fertig gepackt und das Familienauto steht zur Abfahrt bereit. Auf der autofreien Insel Langeoog m\u00f6chten wir ein paar ganz entspannte Urlaubstage verbringen. Los geht es in Richtung Nordsee. Das Ziel unserer&#8230; <a href=\"https:\/\/www.sabine-seyffert.de\/blog\/reisetipp-fuer-einen-entspannten-familienurlaub-reif-fuer-die-insel-wir-fahren-an-die-nordsee\/\" class=\"more-link\">Read more: Reisetipp f\u00fcr einen entspannten Familienurlaub: Reif f\u00fcr die Insel \u2013 wir fahren an die Nordsee!<\/a><\/p>\n","protected":false},"author":2,"featured_media":0,"comment_status":"open","ping_status":"open","sticky":false,"template":"","format":"standard","meta":{"_metis_text_type":"","_metis_text_length":3297,"_post_count":0,"footnotes":""},"categories":[38],"tags":[],"class_list":["post-8524","post","type-post","status-publish","format-standard","hentry","category-ferien"],"_links":{"self":[{"href":"https:\/\/www.sabine-seyffert.de\/blog\/wp-json\/wp\/v2\/posts\/8524","targetHints":{"allow":["GET"]}}],"collection":[{"href":"https:\/\/www.sabine-seyffert.de\/blog\/wp-json\/wp\/v2\/posts"}],"about":[{"href":"https:\/\/www.sabine-seyffert.de\/blog\/wp-json\/wp\/v2\/types\/post"}],"author":[{"embeddable":true,"href":"https:\/\/www.sabine-seyffert.de\/blog\/wp-json\/wp\/v2\/users\/2"}],"replies":[{"embeddable":true,"href":"https:\/\/www.sabine-seyffert.de\/blog\/wp-json\/wp\/v2\/comments?post=8524"}],"version-history":[{"count":12,"href":"https:\/\/www.sabine-seyffert.de\/blog\/wp-json\/wp\/v2\/posts\/8524\/revisions"}],"predecessor-version":[{"id":12895,"href":"https:\/\/www.sabine-seyffert.de\/blog\/wp-json\/wp\/v2\/posts\/8524\/revisions\/12895"}],"wp:attachment":[{"href":"https:\/\/www.sabine-seyffert.de\/blog\/wp-json\/wp\/v2\/media?parent=8524"}],"wp:term":[{"taxonomy":"category","embeddable":true,"href":"https:\/\/www.sabine-seyffert.de\/blog\/wp-json\/wp\/v2\/categories?post=8524"},{"taxonomy":"post_tag","embeddable":true,"href":"https:\/\/www.sabine-seyffert.de\/blog\/wp-json\/wp\/v2\/tags?post=8524"}],"curies":[{"name":"wp","href":"https:\/\/api.w.org\/{rel}","templated":true}]}}