{"id":8509,"date":"2016-10-23T19:07:03","date_gmt":"2016-10-23T17:07:03","guid":{"rendered":"http:\/\/www.sabine-seyffert.de\/blog\/?p=8509"},"modified":"2022-09-02T11:25:47","modified_gmt":"2022-09-02T09:25:47","slug":"diy-upcycling-idee-zum-basteln-loewenstark-eine-loewen-laterne-fuer-die-kleinsten","status":"publish","type":"post","link":"https:\/\/www.sabine-seyffert.de\/blog\/diy-upcycling-idee-zum-basteln-loewenstark-eine-loewen-laterne-fuer-die-kleinsten\/","title":{"rendered":"DIY &#038; Upcycling Idee zum Basteln: L\u00f6wenstark, eine L\u00f6wen Laterne f\u00fcr die Kleinsten"},"content":{"rendered":"<p style=\"text-align: justify;\"><img loading=\"lazy\" decoding=\"async\" src=\"https:\/\/ssl-vg03.met.vgwort.de\/na\/5f3e9d9136b2405491672433cc45c8b4\" alt=\"\" width=\"1\" height=\"1\" \/>Die Laternenzeit ist eine der sch\u00f6nsten Zeiten im ganzen Jahr. Da kann ich mich jedes Jahr aufs Neue so herrlich kreativ austoben und basteln was das Zeug h\u00e4lt. Nicht dass wir nicht schon genug Laternen gebastelt h\u00e4tten (Schwebebahn, Fuchs, Gl\u00fccksk\u00e4fer, Pinguin, Froschk\u00f6nig sind als Bastelanleitungen auf meinem Blog zu finden). Aber irgendwie kommen uns hier jedes Jahr wieder neue Ideen welche Laternenform wir bislang noch nicht hatten und unbedingt mal ausprobieren m\u00f6chten. Und da hier von Seiten meiner Tochter gro\u00dfe Liebe zum Maskottchen des Bergischen HC 06, dem L\u00f6wen \u201e<a href=\"http:\/\/www.bhc06.de\/bergisland\/menue-bergisland\/steckbrief\/\" target=\"_blank\" rel=\"noopener\">Bergi<\/a>\u201c, herrscht, liegt es nat\u00fcrlich nach dem <a href=\"http:\/\/www.sabine-seyffert.de\/blog\/?p=6907\" target=\"_blank\" rel=\"noopener\">selbst gen\u00e4hten L\u00f6wenshirt<\/a> nur nahe, eine passende Laterne dazu zu basteln.<\/p>\n<p style=\"text-align: center;\"><a href=\"http:\/\/www.sabine-seyffert.de\/blog\/wp-content\/uploads\/2016\/10\/Laterne-L\u00f6we-6.jpg\"><img loading=\"lazy\" decoding=\"async\" class=\"alignnone size-full wp-image-8511\" src=\"http:\/\/www.sabine-seyffert.de\/blog\/wp-content\/uploads\/2016\/10\/Laterne-L\u00f6we-6.jpg\" alt=\"laterne-loewe-6\" width=\"800\" height=\"600\" srcset=\"https:\/\/www.sabine-seyffert.de\/blog\/wp-content\/uploads\/2016\/10\/Laterne-L\u00f6we-6.jpg 800w, https:\/\/www.sabine-seyffert.de\/blog\/wp-content\/uploads\/2016\/10\/Laterne-L\u00f6we-6-300x225.jpg 300w, https:\/\/www.sabine-seyffert.de\/blog\/wp-content\/uploads\/2016\/10\/Laterne-L\u00f6we-6-768x576.jpg 768w\" sizes=\"auto, (max-width: 800px) 100vw, 800px\" \/><\/a><\/p>\n<p style=\"text-align: justify;\"><strong>Das wird gebraucht:<\/strong><br \/>\n1 leere Sp\u00fcliflasche (PET Kunststoffflasche), Wasser, Tapetenkleister, eine Schere, Naturbast in den Farben Gelb und Orange, 1 Bogen orangefarbenes Transparentpapier, Kordel, zwei Holzkn\u00f6pfe, ein kleines St\u00fcck d\u00fcnne Pappe, ein Restst\u00fcck braunes Tonpapier, d\u00fcnner Basteldraht, eine Lochzange, Hei\u00dfklebepistole samt Klebepatrone.<\/p>\n<p style=\"text-align: center;\"><a href=\"http:\/\/www.sabine-seyffert.de\/blog\/wp-content\/uploads\/2016\/10\/Laterne-L\u00f6we-7.jpg\"><img loading=\"lazy\" decoding=\"async\" class=\"alignnone size-full wp-image-8512\" src=\"http:\/\/www.sabine-seyffert.de\/blog\/wp-content\/uploads\/2016\/10\/Laterne-L\u00f6we-7.jpg\" alt=\"laterne-loewe-7\" width=\"800\" height=\"600\" srcset=\"https:\/\/www.sabine-seyffert.de\/blog\/wp-content\/uploads\/2016\/10\/Laterne-L\u00f6we-7.jpg 800w, https:\/\/www.sabine-seyffert.de\/blog\/wp-content\/uploads\/2016\/10\/Laterne-L\u00f6we-7-300x225.jpg 300w, https:\/\/www.sabine-seyffert.de\/blog\/wp-content\/uploads\/2016\/10\/Laterne-L\u00f6we-7-768x576.jpg 768w\" sizes=\"auto, (max-width: 800px) 100vw, 800px\" \/><\/a><\/p>\n<p style=\"text-align: justify;\"><strong>So wird\u2019s gemacht:<\/strong><br \/>\nAls erstes r\u00fchrt man in einer kleinen Sch\u00fcssel etwa 1 Essl\u00f6ffel Tapetenkleister mit warmem Wasser an. Darin l\u00f6st sich der Kleister schnell auf und dickt an, so dass man eine breiartige Klebmasse erh\u00e4lt. Am besten l\u00e4sst man den Kleister einen Moment ruhen und r\u00fchrt immer man wieder um.<\/p>\n<p style=\"text-align: center;\"><a href=\"http:\/\/www.sabine-seyffert.de\/blog\/wp-content\/uploads\/2016\/10\/Laterne-L\u00f6we-5.jpg\"><img loading=\"lazy\" decoding=\"async\" class=\"alignnone size-full wp-image-8513\" src=\"http:\/\/www.sabine-seyffert.de\/blog\/wp-content\/uploads\/2016\/10\/Laterne-L\u00f6we-5.jpg\" alt=\"laterne-loewe-5\" width=\"800\" height=\"600\" srcset=\"https:\/\/www.sabine-seyffert.de\/blog\/wp-content\/uploads\/2016\/10\/Laterne-L\u00f6we-5.jpg 800w, https:\/\/www.sabine-seyffert.de\/blog\/wp-content\/uploads\/2016\/10\/Laterne-L\u00f6we-5-300x225.jpg 300w, https:\/\/www.sabine-seyffert.de\/blog\/wp-content\/uploads\/2016\/10\/Laterne-L\u00f6we-5-768x576.jpg 768w\" sizes=\"auto, (max-width: 800px) 100vw, 800px\" \/><\/a><\/p>\n<p style=\"text-align: justify;\">W\u00e4hrenddessen schneidet man aus dem orangefarbenen Transparentpapier viele Quadrate (ungef\u00e4hr 5 x 5 cm). Hat man gen\u00fcgend Papierst\u00fccke zusammen, klebt man diese fl\u00e4chendeckend um die Sp\u00fcliflasche herum.<\/p>\n<p style=\"text-align: center;\"><a href=\"http:\/\/www.sabine-seyffert.de\/blog\/wp-content\/uploads\/2016\/10\/Laterne-L\u00f6we-4.jpg\"><img loading=\"lazy\" decoding=\"async\" class=\"alignnone size-full wp-image-8514\" src=\"http:\/\/www.sabine-seyffert.de\/blog\/wp-content\/uploads\/2016\/10\/Laterne-L\u00f6we-4.jpg\" alt=\"laterne-loewe-4\" width=\"800\" height=\"600\" srcset=\"https:\/\/www.sabine-seyffert.de\/blog\/wp-content\/uploads\/2016\/10\/Laterne-L\u00f6we-4.jpg 800w, https:\/\/www.sabine-seyffert.de\/blog\/wp-content\/uploads\/2016\/10\/Laterne-L\u00f6we-4-300x225.jpg 300w, https:\/\/www.sabine-seyffert.de\/blog\/wp-content\/uploads\/2016\/10\/Laterne-L\u00f6we-4-768x576.jpg 768w\" sizes=\"auto, (max-width: 800px) 100vw, 800px\" \/><\/a><\/p>\n<p style=\"text-align: justify;\">Da die Flasche im Gegensatz zu einem Luftballon sehr stabil ist, reichen ca. 1-2 Papierschichten aus. Die beklebte Flasche l\u00e4sst man nun am besten \u00fcber Nacht gut durchtrocknen.<\/p>\n<p style=\"text-align: center;\"><a href=\"http:\/\/www.sabine-seyffert.de\/blog\/wp-content\/uploads\/2016\/10\/Laterne-L\u00f6we-2.jpg\"><img loading=\"lazy\" decoding=\"async\" class=\"alignnone size-full wp-image-8515\" src=\"http:\/\/www.sabine-seyffert.de\/blog\/wp-content\/uploads\/2016\/10\/Laterne-L\u00f6we-2.jpg\" alt=\"laterne-loewe-2\" width=\"800\" height=\"600\" srcset=\"https:\/\/www.sabine-seyffert.de\/blog\/wp-content\/uploads\/2016\/10\/Laterne-L\u00f6we-2.jpg 800w, https:\/\/www.sabine-seyffert.de\/blog\/wp-content\/uploads\/2016\/10\/Laterne-L\u00f6we-2-300x225.jpg 300w, https:\/\/www.sabine-seyffert.de\/blog\/wp-content\/uploads\/2016\/10\/Laterne-L\u00f6we-2-768x576.jpg 768w\" sizes=\"auto, (max-width: 800px) 100vw, 800px\" \/><\/a><\/p>\n<p style=\"text-align: justify;\">Jetzt bekommt der L\u00f6we seine Zottelm\u00e4hne. Daf\u00fcr schneidet man den Bast in ca. 10 cm lange St\u00fccke und klebt diese mit Hilfe der Hei\u00dfklebepistole um den L\u00f6wenkopf herum. Die M\u00e4hne darf ruhig dicht und buschig sein.<\/p>\n<p style=\"text-align: center;\"><a href=\"http:\/\/www.sabine-seyffert.de\/blog\/wp-content\/uploads\/2016\/10\/Laterne-L\u00f6we-8.jpg\"><img loading=\"lazy\" decoding=\"async\" class=\"alignnone size-full wp-image-8516\" src=\"http:\/\/www.sabine-seyffert.de\/blog\/wp-content\/uploads\/2016\/10\/Laterne-L\u00f6we-8.jpg\" alt=\"laterne-loewe-8\" width=\"600\" height=\"800\" srcset=\"https:\/\/www.sabine-seyffert.de\/blog\/wp-content\/uploads\/2016\/10\/Laterne-L\u00f6we-8.jpg 600w, https:\/\/www.sabine-seyffert.de\/blog\/wp-content\/uploads\/2016\/10\/Laterne-L\u00f6we-8-225x300.jpg 225w\" sizes=\"auto, (max-width: 600px) 100vw, 600px\" \/><\/a><\/p>\n<p style=\"text-align: justify;\">Wenn die M\u00e4hne fertig ist, kann man den Bast bei Bedarf noch in die gew\u00fcnschte L\u00e4nge schneiden.<\/p>\n<p style=\"text-align: center;\"><a href=\"http:\/\/www.sabine-seyffert.de\/blog\/wp-content\/uploads\/2016\/10\/Laterne-L\u00f6we-1.jpg\"><img loading=\"lazy\" decoding=\"async\" class=\"alignnone size-full wp-image-8517\" src=\"http:\/\/www.sabine-seyffert.de\/blog\/wp-content\/uploads\/2016\/10\/Laterne-L\u00f6we-1.jpg\" alt=\"laterne-loewe-1\" width=\"800\" height=\"600\" srcset=\"https:\/\/www.sabine-seyffert.de\/blog\/wp-content\/uploads\/2016\/10\/Laterne-L\u00f6we-1.jpg 800w, https:\/\/www.sabine-seyffert.de\/blog\/wp-content\/uploads\/2016\/10\/Laterne-L\u00f6we-1-300x225.jpg 300w, https:\/\/www.sabine-seyffert.de\/blog\/wp-content\/uploads\/2016\/10\/Laterne-L\u00f6we-1-768x576.jpg 768w\" sizes=\"auto, (max-width: 800px) 100vw, 800px\" \/><\/a><\/p>\n<p style=\"text-align: justify;\">Die L\u00f6wenaugen sind zwei angeklebte Holzkn\u00f6pfe und f\u00fcr die Schnurrhaare habe ich ein paar kleine St\u00fccke Kordel mittig geknotet, mit Hei\u00dfkleber fixiert und dar\u00fcber ein braunes St\u00fcck Bastelpapier geklebt. Nun kleiner L\u00f6we darf gebr\u00fcllt, oh pardon, geleuchtet werden!<\/p>\n<p style=\"text-align: center;\"><a href=\"http:\/\/www.sabine-seyffert.de\/blog\/wp-content\/uploads\/2016\/10\/L\u00f6wenlaterne-im-Strandkorb-gelb.jpg\"><img loading=\"lazy\" decoding=\"async\" class=\"alignnone size-full wp-image-8518\" src=\"http:\/\/www.sabine-seyffert.de\/blog\/wp-content\/uploads\/2016\/10\/L\u00f6wenlaterne-im-Strandkorb-gelb.jpg\" alt=\"loewenlaterne-im-strandkorb-gelb\" width=\"600\" height=\"800\" srcset=\"https:\/\/www.sabine-seyffert.de\/blog\/wp-content\/uploads\/2016\/10\/L\u00f6wenlaterne-im-Strandkorb-gelb.jpg 600w, https:\/\/www.sabine-seyffert.de\/blog\/wp-content\/uploads\/2016\/10\/L\u00f6wenlaterne-im-Strandkorb-gelb-225x300.jpg 225w\" sizes=\"auto, (max-width: 600px) 100vw, 600px\" \/><\/a><\/p>\n<p style=\"text-align: justify;\">Unsere L\u00f6wenlaterne war bereits auf einem Laternenumzug am Strand (wie <a href=\"http:\/\/www.sabine-seyffert.de\/blog\/?p=4762\" target=\"_blank\" rel=\"noopener\">diesem<\/a>) im Einsatz und durfte frische Nordseeluft schnuppern. Davon erz\u00e4hle ich Euch n\u00e4chste Woche mehr, sobald die Koffer ausgepackt sind!<\/p>\n<p style=\"text-align: center;\"><a href=\"http:\/\/www.sabine-seyffert.de\/blog\/wp-content\/uploads\/2016\/10\/L\u00f6wenlaterne-am-Strand.jpg\"><img loading=\"lazy\" decoding=\"async\" class=\"alignnone size-full wp-image-8519\" src=\"http:\/\/www.sabine-seyffert.de\/blog\/wp-content\/uploads\/2016\/10\/L\u00f6wenlaterne-am-Strand.jpg\" alt=\"loewenlaterne-am-strand\" width=\"800\" height=\"600\" srcset=\"https:\/\/www.sabine-seyffert.de\/blog\/wp-content\/uploads\/2016\/10\/L\u00f6wenlaterne-am-Strand.jpg 800w, https:\/\/www.sabine-seyffert.de\/blog\/wp-content\/uploads\/2016\/10\/L\u00f6wenlaterne-am-Strand-300x225.jpg 300w, https:\/\/www.sabine-seyffert.de\/blog\/wp-content\/uploads\/2016\/10\/L\u00f6wenlaterne-am-Strand-768x576.jpg 768w\" sizes=\"auto, (max-width: 800px) 100vw, 800px\" \/><\/a><\/p>\n<p style=\"text-align: justify;\">Version 2 unseres Bergi mit blau wei\u00dfer Schirmm\u00fctze findet Ihr <a href=\"http:\/\/www.sabine-seyffert.de\/blog\/?p=8686\" target=\"_blank\" rel=\"noopener\">hier<\/a>. Weitere Bastelideen f\u00fcr Kinder findet Ihr \u00fcbrigens in <a href=\"http:\/\/www.sabine-seyffert.de\/blog\/?cat=32\" target=\"_blank\" rel=\"noopener\">dieser Rubrik<\/a>, Upcyclingideen <a href=\"http:\/\/www.sabine-seyffert.de\/blog\/?cat=47\" target=\"_blank\" rel=\"noopener\">dort<\/a> und andere kreative Sachen <a href=\"http:\/\/www.creadienstag.de\/2016\/10\/250.html\" target=\"_blank\" rel=\"noopener\">da<\/a>.<\/p>\n<p style=\"text-align: center;\"><a href=\"http:\/\/www.sabine-seyffert.de\/blog\/wp-content\/uploads\/2016\/10\/L\u00f6wenlaterne-im-Dunkeln.jpg\"><img loading=\"lazy\" decoding=\"async\" class=\"alignnone size-full wp-image-8520\" src=\"http:\/\/www.sabine-seyffert.de\/blog\/wp-content\/uploads\/2016\/10\/L\u00f6wenlaterne-im-Dunkeln.jpg\" alt=\"loewenlaterne-im-dunkeln\" width=\"600\" height=\"800\" srcset=\"https:\/\/www.sabine-seyffert.de\/blog\/wp-content\/uploads\/2016\/10\/L\u00f6wenlaterne-im-Dunkeln.jpg 600w, https:\/\/www.sabine-seyffert.de\/blog\/wp-content\/uploads\/2016\/10\/L\u00f6wenlaterne-im-Dunkeln-225x300.jpg 225w\" sizes=\"auto, (max-width: 600px) 100vw, 600px\" \/><\/a><br \/>\n<a href=\"http:\/\/www.sabine-seyffert.de\/blog\/?page_id=32#urheberrecht\">urheberrechtlich gesch\u00fctzt<\/a>, \u00a9 Sabine Seyffert<\/p>\n","protected":false},"excerpt":{"rendered":"<p>Die Laternenzeit ist eine der sch\u00f6nsten Zeiten im ganzen Jahr. Da kann ich mich jedes Jahr aufs Neue so herrlich kreativ austoben und basteln was das Zeug h\u00e4lt. Nicht dass wir nicht schon genug Laternen gebastelt h\u00e4tten (Schwebebahn, Fuchs, Gl\u00fccksk\u00e4fer, Pinguin, Froschk\u00f6nig sind als Bastelanleitungen auf meinem Blog zu finden). Aber irgendwie kommen uns hier&#8230; <a href=\"https:\/\/www.sabine-seyffert.de\/blog\/diy-upcycling-idee-zum-basteln-loewenstark-eine-loewen-laterne-fuer-die-kleinsten\/\" class=\"more-link\">Read more: DIY &#038; Upcycling Idee zum Basteln: L\u00f6wenstark, eine L\u00f6wen Laterne f\u00fcr die Kleinsten<\/a><\/p>\n","protected":false},"author":2,"featured_media":0,"comment_status":"open","ping_status":"open","sticky":false,"template":"","format":"standard","meta":{"_metis_text_type":"","_metis_text_length":2753,"_post_count":0,"footnotes":""},"categories":[32,25,54,47],"tags":[],"class_list":["post-8509","post","type-post","status-publish","format-standard","hentry","category-kreatives-fur-kleine-kinderhande","category-herbst","category-laterne-co","category-upcyceltes"],"_links":{"self":[{"href":"https:\/\/www.sabine-seyffert.de\/blog\/wp-json\/wp\/v2\/posts\/8509","targetHints":{"allow":["GET"]}}],"collection":[{"href":"https:\/\/www.sabine-seyffert.de\/blog\/wp-json\/wp\/v2\/posts"}],"about":[{"href":"https:\/\/www.sabine-seyffert.de\/blog\/wp-json\/wp\/v2\/types\/post"}],"author":[{"embeddable":true,"href":"https:\/\/www.sabine-seyffert.de\/blog\/wp-json\/wp\/v2\/users\/2"}],"replies":[{"embeddable":true,"href":"https:\/\/www.sabine-seyffert.de\/blog\/wp-json\/wp\/v2\/comments?post=8509"}],"version-history":[{"count":7,"href":"https:\/\/www.sabine-seyffert.de\/blog\/wp-json\/wp\/v2\/posts\/8509\/revisions"}],"predecessor-version":[{"id":23909,"href":"https:\/\/www.sabine-seyffert.de\/blog\/wp-json\/wp\/v2\/posts\/8509\/revisions\/23909"}],"wp:attachment":[{"href":"https:\/\/www.sabine-seyffert.de\/blog\/wp-json\/wp\/v2\/media?parent=8509"}],"wp:term":[{"taxonomy":"category","embeddable":true,"href":"https:\/\/www.sabine-seyffert.de\/blog\/wp-json\/wp\/v2\/categories?post=8509"},{"taxonomy":"post_tag","embeddable":true,"href":"https:\/\/www.sabine-seyffert.de\/blog\/wp-json\/wp\/v2\/tags?post=8509"}],"curies":[{"name":"wp","href":"https:\/\/api.w.org\/{rel}","templated":true}]}}