{"id":8494,"date":"2016-10-15T13:05:46","date_gmt":"2016-10-15T11:05:46","guid":{"rendered":"http:\/\/www.sabine-seyffert.de\/blog\/?p=8494"},"modified":"2018-01-16T11:42:04","modified_gmt":"2018-01-16T09:42:04","slug":"ferienspass-spannende-beschaeftigungsidee-nicht-nur-fuer-ferientage-erzaehl-mir-doch-mal-wie-es-frueher-war","status":"publish","type":"post","link":"https:\/\/www.sabine-seyffert.de\/blog\/ferienspass-spannende-beschaeftigungsidee-nicht-nur-fuer-ferientage-erzaehl-mir-doch-mal-wie-es-frueher-war\/","title":{"rendered":"Ferienspa\u00df &#038; spannende Besch\u00e4ftigungsidee nicht nur f\u00fcr Ferientage: Erz\u00e4hl mir doch mal, wie es fr\u00fcher war\u2026"},"content":{"rendered":"<p style=\"text-align: justify;\"><img loading=\"lazy\" decoding=\"async\" src=\"https:\/\/ssl-vg03.met.vgwort.de\/na\/f6a93efec42d4247b708ece790a64d6b\" alt=\"\" width=\"1\" height=\"1\" \/>An Wochenenden oder in der Ferienzeit kann die Kinderbesch\u00e4ftigung zu einer echten Herausforderung werden. Vor allen Dingen dann, wenn das Wetter schlecht ist und es den lieben, langen Tag in Str\u00f6men regnet. Mal eine Stunde frische Luft schnappen und fr\u00f6hlich durch dicke Regenpf\u00fctzen h\u00fcpfen macht riesig Spa\u00df. Aber gerade im Herbst wird es im Regen dann auch schnell ausgesprochen ungem\u00fctlich.<\/p>\n<p style=\"text-align: center;\"><a href=\"http:\/\/www.sabine-seyffert.de\/blog\/wp-content\/uploads\/2016\/10\/Alte-Fotos-1.jpg\"><img loading=\"lazy\" decoding=\"async\" class=\"alignnone size-full wp-image-8495\" src=\"http:\/\/www.sabine-seyffert.de\/blog\/wp-content\/uploads\/2016\/10\/Alte-Fotos-1.jpg\" alt=\"alte-fotos-1\" width=\"800\" height=\"600\" srcset=\"https:\/\/www.sabine-seyffert.de\/blog\/wp-content\/uploads\/2016\/10\/Alte-Fotos-1.jpg 800w, https:\/\/www.sabine-seyffert.de\/blog\/wp-content\/uploads\/2016\/10\/Alte-Fotos-1-300x225.jpg 300w, https:\/\/www.sabine-seyffert.de\/blog\/wp-content\/uploads\/2016\/10\/Alte-Fotos-1-768x576.jpg 768w\" sizes=\"auto, (max-width: 800px) 100vw, 800px\" \/><\/a><\/p>\n<p style=\"text-align: justify;\">Eine hier sehr beliebte Besch\u00e4ftigungsidee hei\u00dft: \u201eErz\u00e4hl mir doch mal von fr\u00fcher\u2026!\u201c Hierbei ist der Nachwuchs ganz Ohr und lauscht gespannt den Erz\u00e4hlungen aus vergangenen Kindertagen.<\/p>\n<p style=\"text-align: center;\"><a href=\"http:\/\/www.sabine-seyffert.de\/blog\/wp-content\/uploads\/2016\/10\/Alte-Fotos-2.jpg\"><img loading=\"lazy\" decoding=\"async\" class=\"alignnone size-full wp-image-8496\" src=\"http:\/\/www.sabine-seyffert.de\/blog\/wp-content\/uploads\/2016\/10\/Alte-Fotos-2.jpg\" alt=\"alte-fotos-2\" width=\"800\" height=\"600\" srcset=\"https:\/\/www.sabine-seyffert.de\/blog\/wp-content\/uploads\/2016\/10\/Alte-Fotos-2.jpg 800w, https:\/\/www.sabine-seyffert.de\/blog\/wp-content\/uploads\/2016\/10\/Alte-Fotos-2-300x225.jpg 300w, https:\/\/www.sabine-seyffert.de\/blog\/wp-content\/uploads\/2016\/10\/Alte-Fotos-2-768x576.jpg 768w\" sizes=\"auto, (max-width: 800px) 100vw, 800px\" \/><\/a><\/p>\n<p style=\"text-align: justify;\">Am beliebtesten dabei sind nat\u00fcrlich Anekdoten von kleinen Streichen oder anderen \u201everbotenen\u201c Dinge, die im Laufe der Zeit beispielsweise im Kinderzimmer vorgefallen sind:<\/p>\n<p style=\"text-align: center;\"><a href=\"http:\/\/www.sabine-seyffert.de\/blog\/wp-content\/uploads\/2016\/10\/Alte-Fotos-3.jpg\"><img loading=\"lazy\" decoding=\"async\" class=\"alignnone size-full wp-image-8497\" src=\"http:\/\/www.sabine-seyffert.de\/blog\/wp-content\/uploads\/2016\/10\/Alte-Fotos-3.jpg\" alt=\"alte-fotos-3\" width=\"800\" height=\"600\" srcset=\"https:\/\/www.sabine-seyffert.de\/blog\/wp-content\/uploads\/2016\/10\/Alte-Fotos-3.jpg 800w, https:\/\/www.sabine-seyffert.de\/blog\/wp-content\/uploads\/2016\/10\/Alte-Fotos-3-300x225.jpg 300w, https:\/\/www.sabine-seyffert.de\/blog\/wp-content\/uploads\/2016\/10\/Alte-Fotos-3-768x576.jpg 768w\" sizes=\"auto, (max-width: 800px) 100vw, 800px\" \/><\/a><\/p>\n<p style=\"text-align: justify;\">Fr\u00f6hliches Friseurspielen mit echter Schere, das Ausprobieren von Sonnenmilch, die die gesamte Kinderzimmereinrichtung gegen die Sonne gesch\u00fctzt hat oder die Kinderkunst an der Tapete, die eigenst\u00e4ndig von den K\u00fcnstlern entfernt wurde, in dem einfach wei\u00dfe Din A4 Bl\u00e4tter mit Kleber dar\u00fcber geklebt wurden\u2026!?<\/p>\n<p style=\"text-align: center;\"><a href=\"http:\/\/www.sabine-seyffert.de\/blog\/wp-content\/uploads\/2016\/10\/Alte-Fotos-4.jpg\"><img loading=\"lazy\" decoding=\"async\" class=\"alignnone size-full wp-image-8498\" src=\"http:\/\/www.sabine-seyffert.de\/blog\/wp-content\/uploads\/2016\/10\/Alte-Fotos-4.jpg\" alt=\"alte-fotos-4\" width=\"800\" height=\"600\" srcset=\"https:\/\/www.sabine-seyffert.de\/blog\/wp-content\/uploads\/2016\/10\/Alte-Fotos-4.jpg 800w, https:\/\/www.sabine-seyffert.de\/blog\/wp-content\/uploads\/2016\/10\/Alte-Fotos-4-300x225.jpg 300w, https:\/\/www.sabine-seyffert.de\/blog\/wp-content\/uploads\/2016\/10\/Alte-Fotos-4-768x576.jpg 768w\" sizes=\"auto, (max-width: 800px) 100vw, 800px\" \/><\/a><\/p>\n<p style=\"text-align: justify;\">Hierbei sollte nat\u00fcrlich jeder selbst entscheiden, welche Anekdoten seiner Kinder er zum Besten gibt und ob die Rabauken zum jetzigen Zeitpunkt aus dem Alter raus sind, wo sie das gleich wieder ausprobieren m\u00f6chten \ud83d\ude09<\/p>\n<p style=\"text-align: center;\"><a href=\"http:\/\/www.sabine-seyffert.de\/blog\/wp-content\/uploads\/2016\/10\/Alte-Fotos-5.jpg\"><img loading=\"lazy\" decoding=\"async\" class=\"alignnone size-full wp-image-8499\" src=\"http:\/\/www.sabine-seyffert.de\/blog\/wp-content\/uploads\/2016\/10\/Alte-Fotos-5.jpg\" alt=\"alte-fotos-5\" width=\"800\" height=\"600\" srcset=\"https:\/\/www.sabine-seyffert.de\/blog\/wp-content\/uploads\/2016\/10\/Alte-Fotos-5.jpg 800w, https:\/\/www.sabine-seyffert.de\/blog\/wp-content\/uploads\/2016\/10\/Alte-Fotos-5-300x225.jpg 300w, https:\/\/www.sabine-seyffert.de\/blog\/wp-content\/uploads\/2016\/10\/Alte-Fotos-5-768x576.jpg 768w\" sizes=\"auto, (max-width: 800px) 100vw, 800px\" \/><\/a><\/p>\n<p style=\"text-align: justify;\">Ebenso spannend wie die Erz\u00e4hlungen des eigenen Nachwuchses sind auch \u00e4ltere Berichte. Beispielsweise der von den Eltern, Gro\u00dfeltern oder sogar Urgro\u00dfeltern. So kann man zu diesem Zweck die liebe Verwandtschaft zu Kaffee, Kakao und Keksen einladen und gemeinsam eine Art Kino Nachmittag veranstalten.<\/p>\n<p style=\"text-align: center;\"><a href=\"http:\/\/www.sabine-seyffert.de\/blog\/wp-content\/uploads\/2016\/10\/Alte-Fotos-6.jpg\"><img loading=\"lazy\" decoding=\"async\" class=\"alignnone size-full wp-image-8500\" src=\"http:\/\/www.sabine-seyffert.de\/blog\/wp-content\/uploads\/2016\/10\/Alte-Fotos-6.jpg\" alt=\"alte-fotos-6\" width=\"800\" height=\"600\" srcset=\"https:\/\/www.sabine-seyffert.de\/blog\/wp-content\/uploads\/2016\/10\/Alte-Fotos-6.jpg 800w, https:\/\/www.sabine-seyffert.de\/blog\/wp-content\/uploads\/2016\/10\/Alte-Fotos-6-300x225.jpg 300w, https:\/\/www.sabine-seyffert.de\/blog\/wp-content\/uploads\/2016\/10\/Alte-Fotos-6-768x576.jpg 768w\" sizes=\"auto, (max-width: 800px) 100vw, 800px\" \/><\/a><\/p>\n<p style=\"text-align: justify;\">Rollt die Leinwand aus und werft den Diaprojektor an, der sicher noch in dem ein oder anderen Keller schlummert. Die alten Dias sind nicht nur f\u00fcr einen selbst ausgesprochen spannend. Und ganz sicher gibt es zu diesen Bildern auch die ein oder andere lustige Geschichte zu berichten. Schlie\u00dflich habt Ihr in Kindertagen ebenso wie die Gro\u00dfeltern Streiche ausgeheckt, die f\u00fcr Heiterkeit sorgen, oder?<\/p>\n<p style=\"text-align: center;\"><a href=\"http:\/\/www.sabine-seyffert.de\/blog\/wp-content\/uploads\/2016\/10\/Alte-Fotos-7.jpg\"><img loading=\"lazy\" decoding=\"async\" class=\"alignnone size-full wp-image-8501\" src=\"http:\/\/www.sabine-seyffert.de\/blog\/wp-content\/uploads\/2016\/10\/Alte-Fotos-7.jpg\" alt=\"alte-fotos-7\" width=\"800\" height=\"600\" srcset=\"https:\/\/www.sabine-seyffert.de\/blog\/wp-content\/uploads\/2016\/10\/Alte-Fotos-7.jpg 800w, https:\/\/www.sabine-seyffert.de\/blog\/wp-content\/uploads\/2016\/10\/Alte-Fotos-7-300x225.jpg 300w, https:\/\/www.sabine-seyffert.de\/blog\/wp-content\/uploads\/2016\/10\/Alte-Fotos-7-768x576.jpg 768w\" sizes=\"auto, (max-width: 800px) 100vw, 800px\" \/><\/a><\/p>\n<p style=\"text-align: justify;\">Falls Ihr keine Dias samt Projektor zu Hand haben, nehmt euch einen Schwung alter Fotoalben vor. Damit k\u00f6nnen sich Kinder erfahrungsgem\u00e4\u00df lange Zeit besch\u00e4ftigen. Und ganz spannend ist es schlie\u00dflich auch!<\/p>\n<p style=\"text-align: center;\"><a href=\"http:\/\/www.sabine-seyffert.de\/blog\/wp-content\/uploads\/2016\/10\/Alte-Fotos-8.jpg\"><img loading=\"lazy\" decoding=\"async\" class=\"alignnone size-full wp-image-8502\" src=\"http:\/\/www.sabine-seyffert.de\/blog\/wp-content\/uploads\/2016\/10\/Alte-Fotos-8.jpg\" alt=\"alte-fotos-8\" width=\"800\" height=\"600\" srcset=\"https:\/\/www.sabine-seyffert.de\/blog\/wp-content\/uploads\/2016\/10\/Alte-Fotos-8.jpg 800w, https:\/\/www.sabine-seyffert.de\/blog\/wp-content\/uploads\/2016\/10\/Alte-Fotos-8-300x225.jpg 300w, https:\/\/www.sabine-seyffert.de\/blog\/wp-content\/uploads\/2016\/10\/Alte-Fotos-8-768x576.jpg 768w\" sizes=\"auto, (max-width: 800px) 100vw, 800px\" \/><\/a><\/p>\n<p style=\"text-align: justify;\">Weitere Ideen rund um die Ferienzeit findet Ihr in <a href=\"http:\/\/www.sabine-seyffert.de\/blog\/?cat=38\" target=\"_blank\" rel=\"noopener\">dieser Rubrik<\/a> und interessante und spannende Ausflugsziele f\u00fcr Familien <a href=\"http:\/\/www.sabine-seyffert.de\/blog\/?cat=39\" target=\"_blank\" rel=\"noopener\">hier<\/a> \ud83d\ude42<\/p>\n<p style=\"text-align: center;\"><a href=\"http:\/\/www.sabine-seyffert.de\/blog\/wp-content\/uploads\/2016\/10\/Alte-Fotos-13.jpg\"><img loading=\"lazy\" decoding=\"async\" class=\"alignnone size-full wp-image-8503\" src=\"http:\/\/www.sabine-seyffert.de\/blog\/wp-content\/uploads\/2016\/10\/Alte-Fotos-13.jpg\" alt=\"alte-fotos-13\" width=\"600\" height=\"800\" srcset=\"https:\/\/www.sabine-seyffert.de\/blog\/wp-content\/uploads\/2016\/10\/Alte-Fotos-13.jpg 600w, https:\/\/www.sabine-seyffert.de\/blog\/wp-content\/uploads\/2016\/10\/Alte-Fotos-13-225x300.jpg 225w\" sizes=\"auto, (max-width: 600px) 100vw, 600px\" \/><\/a><\/p>\n<p><a href=\"http:\/\/www.sabine-seyffert.de\/blog\/?page_id=32#urheberrecht\">urheberrechtlich gesch\u00fctzt<\/a>, \u00a9 Sabine Seyffert<\/p>\n","protected":false},"excerpt":{"rendered":"<p>An Wochenenden oder in der Ferienzeit kann die Kinderbesch\u00e4ftigung zu einer echten Herausforderung werden. Vor allen Dingen dann, wenn das Wetter schlecht ist und es den lieben, langen Tag in Str\u00f6men regnet. Mal eine Stunde frische Luft schnappen und fr\u00f6hlich durch dicke Regenpf\u00fctzen h\u00fcpfen macht riesig Spa\u00df. Aber gerade im Herbst wird es im Regen&#8230; <a href=\"https:\/\/www.sabine-seyffert.de\/blog\/ferienspass-spannende-beschaeftigungsidee-nicht-nur-fuer-ferientage-erzaehl-mir-doch-mal-wie-es-frueher-war\/\" class=\"more-link\">Read more: Ferienspa\u00df &#038; spannende Besch\u00e4ftigungsidee nicht nur f\u00fcr Ferientage: Erz\u00e4hl mir doch mal, wie es fr\u00fcher war\u2026<\/a><\/p>\n","protected":false},"author":2,"featured_media":0,"comment_status":"open","ping_status":"open","sticky":false,"template":"","format":"standard","meta":{"_metis_text_type":"","_metis_text_length":2362,"_post_count":0,"footnotes":""},"categories":[52,38,25,10],"tags":[],"class_list":["post-8494","post","type-post","status-publish","format-standard","hentry","category-familie","category-ferien","category-herbst","category-spiel-spas"],"_links":{"self":[{"href":"https:\/\/www.sabine-seyffert.de\/blog\/wp-json\/wp\/v2\/posts\/8494","targetHints":{"allow":["GET"]}}],"collection":[{"href":"https:\/\/www.sabine-seyffert.de\/blog\/wp-json\/wp\/v2\/posts"}],"about":[{"href":"https:\/\/www.sabine-seyffert.de\/blog\/wp-json\/wp\/v2\/types\/post"}],"author":[{"embeddable":true,"href":"https:\/\/www.sabine-seyffert.de\/blog\/wp-json\/wp\/v2\/users\/2"}],"replies":[{"embeddable":true,"href":"https:\/\/www.sabine-seyffert.de\/blog\/wp-json\/wp\/v2\/comments?post=8494"}],"version-history":[{"count":3,"href":"https:\/\/www.sabine-seyffert.de\/blog\/wp-json\/wp\/v2\/posts\/8494\/revisions"}],"predecessor-version":[{"id":11734,"href":"https:\/\/www.sabine-seyffert.de\/blog\/wp-json\/wp\/v2\/posts\/8494\/revisions\/11734"}],"wp:attachment":[{"href":"https:\/\/www.sabine-seyffert.de\/blog\/wp-json\/wp\/v2\/media?parent=8494"}],"wp:term":[{"taxonomy":"category","embeddable":true,"href":"https:\/\/www.sabine-seyffert.de\/blog\/wp-json\/wp\/v2\/categories?post=8494"},{"taxonomy":"post_tag","embeddable":true,"href":"https:\/\/www.sabine-seyffert.de\/blog\/wp-json\/wp\/v2\/tags?post=8494"}],"curies":[{"name":"wp","href":"https:\/\/api.w.org\/{rel}","templated":true}]}}