{"id":8463,"date":"2016-10-18T10:20:41","date_gmt":"2016-10-18T08:20:41","guid":{"rendered":"http:\/\/www.sabine-seyffert.de\/blog\/?p=8463"},"modified":"2023-10-08T18:20:10","modified_gmt":"2023-10-08T16:20:10","slug":"herbstliches-diy-und-bastelidee-fuer-halloween-froehliche-kuerbisgesichter-leuchten-im-dunkeln","status":"publish","type":"post","link":"https:\/\/www.sabine-seyffert.de\/blog\/herbstliches-diy-und-bastelidee-fuer-halloween-froehliche-kuerbisgesichter-leuchten-im-dunkeln\/","title":{"rendered":"Herbstliches DIY und Bastelidee f\u00fcr Halloween: Fr\u00f6hliche K\u00fcrbisgesichter leuchten im Dunkeln"},"content":{"rendered":"<p style=\"text-align: justify;\"><img loading=\"lazy\" decoding=\"async\" src=\"https:\/\/ssl-vg03.met.vgwort.de\/na\/e70092cdfc6f4168a8b5fb1ee5b1ede8\" alt=\"\" width=\"1\" height=\"1\" \/>Wenn die Tage im Herbst wieder k\u00fcrzer werden und es fr\u00fcher Dunkel wird, dann ziehen bei uns im Haus allerhand Kerzen ein, die nicht nur warmes Licht, sondern auch Gem\u00fctlichkeit verbreiten. Da sitzt man gerne bei hei\u00dfem Kakao oder Tee beisammen. Dieses Jahr haben wir uns von unserem Besuch auf dem <a href=\"http:\/\/www.sabine-seyffert.de\/blog\/?p=8387\" target=\"_blank\" rel=\"noopener\">wundersch\u00f6nen Herbstfest<\/a> gleich einen Schwung an K\u00fcrbissen mit nach Hause gebracht. Die Kinder haben sich zum Basteln jeder ein sch\u00f6nes Exemplar aussuchen d\u00fcrfen. Denn auch wenn in unserer Region kein Halloween gefeiert wird, so ist das Kerzenlicht samt den lustig leuchtenden K\u00fcrbisfratzen doch Willkommen. Und da es bei dem Herbstfest dieses Jahr fast durchgehend geregnet hat, wurde im Anschluss zu Hause in aller Ruhe und im Trockenen (!) gewerkelt.<\/p>\n<p style=\"text-align: center;\"><a href=\"http:\/\/www.sabine-seyffert.de\/blog\/wp-content\/uploads\/2016\/10\/K\u00fcrbisgesicht-7.jpg\"><img loading=\"lazy\" decoding=\"async\" class=\"alignnone size-full wp-image-8464\" src=\"http:\/\/www.sabine-seyffert.de\/blog\/wp-content\/uploads\/2016\/10\/K\u00fcrbisgesicht-7.jpg\" alt=\"kuerbisgesicht-7\" width=\"800\" height=\"600\" srcset=\"https:\/\/www.sabine-seyffert.de\/blog\/wp-content\/uploads\/2016\/10\/K\u00fcrbisgesicht-7.jpg 800w, https:\/\/www.sabine-seyffert.de\/blog\/wp-content\/uploads\/2016\/10\/K\u00fcrbisgesicht-7-300x225.jpg 300w, https:\/\/www.sabine-seyffert.de\/blog\/wp-content\/uploads\/2016\/10\/K\u00fcrbisgesicht-7-768x576.jpg 768w\" sizes=\"auto, (max-width: 800px) 100vw, 800px\" \/><\/a><\/p>\n<p style=\"text-align: justify;\"><strong>Das wird gebraucht:<\/strong><br \/>\n1 gr\u00f6\u00dferer K\u00fcrbis zum Schnitzen, ggf. einen Bleistift zum Vormalen, ein scharfes K\u00fcchenmesser, einen gro\u00dfen L\u00f6ffel, ein leeres Marmeladenglas, ein Teelicht, eine Bastelunterlage oder altes Zeitungspapier<\/p>\n<p style=\"text-align: center;\"><a href=\"http:\/\/www.sabine-seyffert.de\/blog\/wp-content\/uploads\/2016\/10\/K\u00fcrbisgesicht-6.jpg\"><img loading=\"lazy\" decoding=\"async\" class=\"alignnone size-full wp-image-8465\" src=\"http:\/\/www.sabine-seyffert.de\/blog\/wp-content\/uploads\/2016\/10\/K\u00fcrbisgesicht-6.jpg\" alt=\"kuerbisgesicht-6\" width=\"800\" height=\"600\" srcset=\"https:\/\/www.sabine-seyffert.de\/blog\/wp-content\/uploads\/2016\/10\/K\u00fcrbisgesicht-6.jpg 800w, https:\/\/www.sabine-seyffert.de\/blog\/wp-content\/uploads\/2016\/10\/K\u00fcrbisgesicht-6-300x225.jpg 300w, https:\/\/www.sabine-seyffert.de\/blog\/wp-content\/uploads\/2016\/10\/K\u00fcrbisgesicht-6-768x576.jpg 768w\" sizes=\"auto, (max-width: 800px) 100vw, 800px\" \/><\/a><\/p>\n<p style=\"text-align: justify;\"><strong>So wird\u2019s gemacht:<\/strong><br \/>\nZuerst deckt man den Tisch mit einer Unterlage oder Zeitungspapier ab. Dann schneidet man mit dem K\u00fcchenmesser den oberen Teil vom K\u00fcrbis ab.<\/p>\n<p style=\"text-align: center;\"><a href=\"http:\/\/www.sabine-seyffert.de\/blog\/wp-content\/uploads\/2016\/10\/K\u00fcrbisgesicht-8.jpg\"><img loading=\"lazy\" decoding=\"async\" class=\"alignnone size-full wp-image-8466\" src=\"http:\/\/www.sabine-seyffert.de\/blog\/wp-content\/uploads\/2016\/10\/K\u00fcrbisgesicht-8.jpg\" alt=\"kuerbisgesicht-8\" width=\"600\" height=\"800\" srcset=\"https:\/\/www.sabine-seyffert.de\/blog\/wp-content\/uploads\/2016\/10\/K\u00fcrbisgesicht-8.jpg 600w, https:\/\/www.sabine-seyffert.de\/blog\/wp-content\/uploads\/2016\/10\/K\u00fcrbisgesicht-8-225x300.jpg 225w\" sizes=\"auto, (max-width: 600px) 100vw, 600px\" \/><\/a><\/p>\n<p style=\"text-align: justify;\">Meine Kinder haben diesen zackenf\u00f6rmig aufgeschnitten. Hier muss man die Risse mehrfach mit dem Messer durchfahren, damit sich der Deckel abtrennen und hochheben l\u00e4sst.<\/p>\n<p style=\"text-align: center;\"><a href=\"http:\/\/www.sabine-seyffert.de\/blog\/wp-content\/uploads\/2016\/10\/K\u00fcrbisgesicht-5.jpg\"><img loading=\"lazy\" decoding=\"async\" class=\"alignnone size-full wp-image-8467\" src=\"http:\/\/www.sabine-seyffert.de\/blog\/wp-content\/uploads\/2016\/10\/K\u00fcrbisgesicht-5.jpg\" alt=\"kuerbisgesicht-5\" width=\"800\" height=\"600\" srcset=\"https:\/\/www.sabine-seyffert.de\/blog\/wp-content\/uploads\/2016\/10\/K\u00fcrbisgesicht-5.jpg 800w, https:\/\/www.sabine-seyffert.de\/blog\/wp-content\/uploads\/2016\/10\/K\u00fcrbisgesicht-5-300x225.jpg 300w, https:\/\/www.sabine-seyffert.de\/blog\/wp-content\/uploads\/2016\/10\/K\u00fcrbisgesicht-5-768x576.jpg 768w\" sizes=\"auto, (max-width: 800px) 100vw, 800px\" \/><\/a><\/p>\n<p style=\"text-align: justify;\">Jetzt wird es anstrengend, denn mit Hilfe eines Essl\u00f6ffels muss man nun das Innere des K\u00fcrbisses m\u00f6glichst sorgf\u00e4ltig heraustrennen. Dabei sollte man wirklich <span style=\"text-decoration: underline;\">gr\u00fcndlich<\/span> vorgehen, damit der K\u00fcrbis l\u00e4nger h\u00e4lt. An den R\u00e4ndern kann man ggf. mit dem K\u00fcchenmesser etwas herausschneiden. Ebenso bei dem Deckel.<\/p>\n<p style=\"text-align: center;\"><a href=\"http:\/\/www.sabine-seyffert.de\/blog\/wp-content\/uploads\/2016\/10\/K\u00fcrbisgesicht-4.jpg\"><img loading=\"lazy\" decoding=\"async\" class=\"alignnone size-full wp-image-8468\" src=\"http:\/\/www.sabine-seyffert.de\/blog\/wp-content\/uploads\/2016\/10\/K\u00fcrbisgesicht-4.jpg\" alt=\"kuerbisgesicht-4\" width=\"800\" height=\"600\" srcset=\"https:\/\/www.sabine-seyffert.de\/blog\/wp-content\/uploads\/2016\/10\/K\u00fcrbisgesicht-4.jpg 800w, https:\/\/www.sabine-seyffert.de\/blog\/wp-content\/uploads\/2016\/10\/K\u00fcrbisgesicht-4-300x225.jpg 300w, https:\/\/www.sabine-seyffert.de\/blog\/wp-content\/uploads\/2016\/10\/K\u00fcrbisgesicht-4-768x576.jpg 768w\" sizes=\"auto, (max-width: 800px) 100vw, 800px\" \/><\/a><\/p>\n<p style=\"text-align: justify;\">Nun braucht jeder K\u00fcrbis noch ein Gesicht. Wem es lieber ist, der kann sich mit Hilfe eines Bleistifts ein Gesicht auf dem K\u00fcrbis vorzeichnen. Bei uns werden die Fratzen immer aufs Geradewohl geschnitzt. Zu klein sollten die \u00d6ffnungen nicht sein, denn sonst f\u00e4llt nicht genug Kerzenlicht nach Drau\u00dfen.<\/p>\n<p style=\"text-align: center;\"><a href=\"http:\/\/www.sabine-seyffert.de\/blog\/wp-content\/uploads\/2016\/10\/K\u00fcrbisgesicht-9.jpg\"><img loading=\"lazy\" decoding=\"async\" class=\"alignnone size-full wp-image-8469\" src=\"http:\/\/www.sabine-seyffert.de\/blog\/wp-content\/uploads\/2016\/10\/K\u00fcrbisgesicht-9.jpg\" alt=\"kuerbisgesicht-9\" width=\"600\" height=\"800\" srcset=\"https:\/\/www.sabine-seyffert.de\/blog\/wp-content\/uploads\/2016\/10\/K\u00fcrbisgesicht-9.jpg 600w, https:\/\/www.sabine-seyffert.de\/blog\/wp-content\/uploads\/2016\/10\/K\u00fcrbisgesicht-9-225x300.jpg 225w\" sizes=\"auto, (max-width: 600px) 100vw, 600px\" \/><\/a><\/p>\n<p style=\"text-align: justify;\">Zum Schluss stellt man ein leeres Marmeladenglas in den K\u00fcrbis und legt ein Teelicht hinein. So ist das brennende Teelicht windgesch\u00fctzt und kann den K\u00fcrbis prima ausleuchten.<\/p>\n<p style=\"text-align: center;\"><a href=\"http:\/\/www.sabine-seyffert.de\/blog\/wp-content\/uploads\/2016\/10\/K\u00fcrbisgesicht-3.jpg\"><img loading=\"lazy\" decoding=\"async\" class=\"alignnone size-full wp-image-8470\" src=\"http:\/\/www.sabine-seyffert.de\/blog\/wp-content\/uploads\/2016\/10\/K\u00fcrbisgesicht-3.jpg\" alt=\"kuerbisgesicht-3\" width=\"800\" height=\"600\" srcset=\"https:\/\/www.sabine-seyffert.de\/blog\/wp-content\/uploads\/2016\/10\/K\u00fcrbisgesicht-3.jpg 800w, https:\/\/www.sabine-seyffert.de\/blog\/wp-content\/uploads\/2016\/10\/K\u00fcrbisgesicht-3-300x225.jpg 300w, https:\/\/www.sabine-seyffert.de\/blog\/wp-content\/uploads\/2016\/10\/K\u00fcrbisgesicht-3-768x576.jpg 768w\" sizes=\"auto, (max-width: 800px) 100vw, 800px\" \/><\/a><\/p>\n<p style=\"text-align: justify;\">Erinnert Ihr Euch noch an die <a href=\"http:\/\/www.sabine-seyffert.de\/blog\/?p=6429\" target=\"_blank\" rel=\"noopener\">gruseligen Paprika Gesichter<\/a> vom letzten Jahr? Ein riesiger Spa\u00df bei jeder Halloweenparty!<\/p>\n<p style=\"text-align: center;\"><a href=\"http:\/\/www.sabine-seyffert.de\/blog\/wp-content\/uploads\/2016\/10\/K\u00fcrbisgesicht-11.jpg\"><img loading=\"lazy\" decoding=\"async\" class=\"alignnone size-full wp-image-8471\" src=\"http:\/\/www.sabine-seyffert.de\/blog\/wp-content\/uploads\/2016\/10\/K\u00fcrbisgesicht-11.jpg\" alt=\"kuerbisgesicht-11\" width=\"600\" height=\"800\" srcset=\"https:\/\/www.sabine-seyffert.de\/blog\/wp-content\/uploads\/2016\/10\/K\u00fcrbisgesicht-11.jpg 600w, https:\/\/www.sabine-seyffert.de\/blog\/wp-content\/uploads\/2016\/10\/K\u00fcrbisgesicht-11-225x300.jpg 225w\" sizes=\"auto, (max-width: 600px) 100vw, 600px\" \/><\/a><\/p>\n<p style=\"text-align: justify;\"><strong>Ein kleiner Tipp:<\/strong><br \/>\nAusgeh\u00f6hlte K\u00fcrbisse schimmeln erfahrungsgem\u00e4\u00df recht schnell und sind im Nu Innen mit dunklen Flecken \u00fcberzogen. Deshalb sollte man versuchen, diesen Innen m\u00f6glichst trocken zu bekommen. Das klappt gut, wenn man den frisch ausgeh\u00f6hlten K\u00fcrbis mit einer Schicht K\u00fcchenpapier und alter Zeitung ausstopft. Die entzieht die restliche Fl\u00fcssigkeit und sorgt daf\u00fcr dass der K\u00fcrbis l\u00e4nger frisch und ansehnlich bleibt \ud83d\ude42<\/p>\n<p style=\"text-align: center;\"><a href=\"http:\/\/www.sabine-seyffert.de\/blog\/wp-content\/uploads\/2016\/10\/K\u00fcrbisgesicht-1.jpg\"><img loading=\"lazy\" decoding=\"async\" class=\"alignnone size-full wp-image-8472\" src=\"http:\/\/www.sabine-seyffert.de\/blog\/wp-content\/uploads\/2016\/10\/K\u00fcrbisgesicht-1.jpg\" alt=\"kuerbisgesicht-1\" width=\"800\" height=\"600\" srcset=\"https:\/\/www.sabine-seyffert.de\/blog\/wp-content\/uploads\/2016\/10\/K\u00fcrbisgesicht-1.jpg 800w, https:\/\/www.sabine-seyffert.de\/blog\/wp-content\/uploads\/2016\/10\/K\u00fcrbisgesicht-1-300x225.jpg 300w, https:\/\/www.sabine-seyffert.de\/blog\/wp-content\/uploads\/2016\/10\/K\u00fcrbisgesicht-1-768x576.jpg 768w\" sizes=\"auto, (max-width: 800px) 100vw, 800px\" \/><\/a><\/p>\n<p><a href=\"http:\/\/www.sabine-seyffert.de\/blog\/?page_id=32#urheberrecht\">urheberrechtlich gesch\u00fctzt<\/a>, \u00a9 Sabine Seyffert<\/p>\n","protected":false},"excerpt":{"rendered":"<p>Wenn die Tage im Herbst wieder k\u00fcrzer werden und es fr\u00fcher Dunkel wird, dann ziehen bei uns im Haus allerhand Kerzen ein, die nicht nur warmes Licht, sondern auch Gem\u00fctlichkeit verbreiten. Da sitzt man gerne bei hei\u00dfem Kakao oder Tee beisammen. Dieses Jahr haben wir uns von unserem Besuch auf dem wundersch\u00f6nen Herbstfest gleich einen&#8230; <a href=\"https:\/\/www.sabine-seyffert.de\/blog\/herbstliches-diy-und-bastelidee-fuer-halloween-froehliche-kuerbisgesichter-leuchten-im-dunkeln\/\" class=\"more-link\">Read more: Herbstliches DIY und Bastelidee f\u00fcr Halloween: Fr\u00f6hliche K\u00fcrbisgesichter leuchten im Dunkeln<\/a><\/p>\n","protected":false},"author":2,"featured_media":0,"comment_status":"open","ping_status":"open","sticky":false,"template":"","format":"standard","meta":{"_metis_text_type":"","_metis_text_length":2685,"_post_count":0,"footnotes":""},"categories":[12,58,25],"tags":[],"class_list":["post-8463","post","type-post","status-publish","format-standard","hentry","category-deko-ideen","category-halloween","category-herbst"],"_links":{"self":[{"href":"https:\/\/www.sabine-seyffert.de\/blog\/wp-json\/wp\/v2\/posts\/8463","targetHints":{"allow":["GET"]}}],"collection":[{"href":"https:\/\/www.sabine-seyffert.de\/blog\/wp-json\/wp\/v2\/posts"}],"about":[{"href":"https:\/\/www.sabine-seyffert.de\/blog\/wp-json\/wp\/v2\/types\/post"}],"author":[{"embeddable":true,"href":"https:\/\/www.sabine-seyffert.de\/blog\/wp-json\/wp\/v2\/users\/2"}],"replies":[{"embeddable":true,"href":"https:\/\/www.sabine-seyffert.de\/blog\/wp-json\/wp\/v2\/comments?post=8463"}],"version-history":[{"count":7,"href":"https:\/\/www.sabine-seyffert.de\/blog\/wp-json\/wp\/v2\/posts\/8463\/revisions"}],"predecessor-version":[{"id":24245,"href":"https:\/\/www.sabine-seyffert.de\/blog\/wp-json\/wp\/v2\/posts\/8463\/revisions\/24245"}],"wp:attachment":[{"href":"https:\/\/www.sabine-seyffert.de\/blog\/wp-json\/wp\/v2\/media?parent=8463"}],"wp:term":[{"taxonomy":"category","embeddable":true,"href":"https:\/\/www.sabine-seyffert.de\/blog\/wp-json\/wp\/v2\/categories?post=8463"},{"taxonomy":"post_tag","embeddable":true,"href":"https:\/\/www.sabine-seyffert.de\/blog\/wp-json\/wp\/v2\/tags?post=8463"}],"curies":[{"name":"wp","href":"https:\/\/api.w.org\/{rel}","templated":true}]}}