{"id":8425,"date":"2016-10-08T07:52:50","date_gmt":"2016-10-08T05:52:50","guid":{"rendered":"http:\/\/www.sabine-seyffert.de\/blog\/?p=8425"},"modified":"2017-03-01T11:25:10","modified_gmt":"2017-03-01T09:25:10","slug":"diy-verpackungsliebe-klitzekleine-geschenkidee-oder-ein-kleiner-dank-pfiffig-verpackt","status":"publish","type":"post","link":"https:\/\/www.sabine-seyffert.de\/blog\/diy-verpackungsliebe-klitzekleine-geschenkidee-oder-ein-kleiner-dank-pfiffig-verpackt\/","title":{"rendered":"DIY &#038; Verpackungsliebe: Klitzekleine Geschenkidee oder ein kleiner Dank pfiffig verpackt"},"content":{"rendered":"<p style=\"text-align: justify;\"><img loading=\"lazy\" decoding=\"async\" src=\"https:\/\/ssl-vg03.met.vgwort.de\/na\/4fe458b2d8ea4ffd8308a1095240ad46\" alt=\"\" width=\"1\" height=\"1\" \/>Gestern war der letzte Schultag vor den Herbstferien. Da hie\u00df es Abschied nehmen, denn es steht ein erneuter Umzug bevor. Einige von Euch wissen sicherlich noch, dass vor einiger Zeit <a href=\"http:\/\/www.sabine-seyffert.de\/blog\/?p=3547\" target=\"_blank\">die Grundschule<\/a> meiner Tochter wegen Schimmelbefalls in ein anderes Schulgeb\u00e4ude umziehen musste. Doch dieses lag im Gegensatz zu der eigentlichen Schule nicht fu\u00dfl\u00e4ufig um die Ecke, sondern ganze 5 Kilometer weit entfernt. Daher gab es w\u00e4hrend dieser Zeit einen Schulbus, der die Kinder gefahren hat. Anfangs hatte ich einige Male das \u201eVergn\u00fcgen\u201c diesen Bus auf der Fahrt zur neuen Schule zu begleiten. Bis auf den letzten Platz mit an die hundert Schulkindern besetzt, steuerte der Fahrer die riesige Kinderschar durch unsere Stadt. Schon alleine vom Ger\u00e4uschpegel der Kinder her, eine wahre Meisterleistung! Und da die Zeit in dem alternativ geschaffenen Schulgeb\u00e4ude nun endlich zu Ende geht, ist es h\u00f6chste Zeit dem Busfahrer zu danken. Und daf\u00fcr habe ich ganz spontan eine passende Geschenkverpackung entworfen.<\/p>\n<p style=\"text-align: center;\"><a href=\"http:\/\/www.sabine-seyffert.de\/blog\/wp-content\/uploads\/2016\/10\/Bus-Verpackung-7.jpg\"><img loading=\"lazy\" decoding=\"async\" class=\"alignnone size-full wp-image-8426\" src=\"http:\/\/www.sabine-seyffert.de\/blog\/wp-content\/uploads\/2016\/10\/Bus-Verpackung-7.jpg\" alt=\"bus-verpackung-7\" width=\"800\" height=\"600\" srcset=\"https:\/\/www.sabine-seyffert.de\/blog\/wp-content\/uploads\/2016\/10\/Bus-Verpackung-7.jpg 800w, https:\/\/www.sabine-seyffert.de\/blog\/wp-content\/uploads\/2016\/10\/Bus-Verpackung-7-300x225.jpg 300w, https:\/\/www.sabine-seyffert.de\/blog\/wp-content\/uploads\/2016\/10\/Bus-Verpackung-7-768x576.jpg 768w\" sizes=\"auto, (max-width: 800px) 100vw, 800px\" \/><\/a><\/p>\n<p style=\"text-align: justify;\"><strong>Das wird gebraucht:<\/strong><br \/>\nGelber Tonkarton, Lineal, Bleistift, Schere, Klebstoff, gelbes Seidenpapier, beigefarbenes Bastelpapier, ein kleines St\u00fcck schwarzer Tonkarton, d\u00fcnne Pappe (bsp. von einer alten Verpackung), Motivlocher Kreis 2,5 und 1 cm Durchmesser, Buchstabenstempel sowie ein Stempelkissen<\/p>\n<p style=\"text-align: center;\"><a href=\"http:\/\/www.sabine-seyffert.de\/blog\/wp-content\/uploads\/2016\/10\/Bus-Verpackung-13.jpg\"><img loading=\"lazy\" decoding=\"async\" class=\"alignnone size-full wp-image-8427\" src=\"http:\/\/www.sabine-seyffert.de\/blog\/wp-content\/uploads\/2016\/10\/Bus-Verpackung-13.jpg\" alt=\"bus-verpackung-13\" width=\"800\" height=\"600\" srcset=\"https:\/\/www.sabine-seyffert.de\/blog\/wp-content\/uploads\/2016\/10\/Bus-Verpackung-13.jpg 800w, https:\/\/www.sabine-seyffert.de\/blog\/wp-content\/uploads\/2016\/10\/Bus-Verpackung-13-300x225.jpg 300w, https:\/\/www.sabine-seyffert.de\/blog\/wp-content\/uploads\/2016\/10\/Bus-Verpackung-13-768x576.jpg 768w\" sizes=\"auto, (max-width: 800px) 100vw, 800px\" \/><\/a><\/p>\n<p style=\"text-align: justify;\"><strong>So wird\u2019s gemacht:<\/strong><br \/>\nAus dem gelben Tonkarton habe ich ein Rechteck geschnitten. Meins hatte in etwa die Gr\u00f6\u00dfe 16 x 24 cm. Dieses sollte man der Gr\u00f6\u00dfe des Geschenks anpassen, so dass sich dieses darin verstecken l\u00e4sst.<\/p>\n<p style=\"text-align: center;\"><a href=\"http:\/\/www.sabine-seyffert.de\/blog\/wp-content\/uploads\/2016\/10\/Bus-Verpackung-11.jpg\"><img loading=\"lazy\" decoding=\"async\" class=\"alignnone size-full wp-image-8428\" src=\"http:\/\/www.sabine-seyffert.de\/blog\/wp-content\/uploads\/2016\/10\/Bus-Verpackung-11.jpg\" alt=\"bus-verpackung-11\" width=\"800\" height=\"600\" srcset=\"https:\/\/www.sabine-seyffert.de\/blog\/wp-content\/uploads\/2016\/10\/Bus-Verpackung-11.jpg 800w, https:\/\/www.sabine-seyffert.de\/blog\/wp-content\/uploads\/2016\/10\/Bus-Verpackung-11-300x225.jpg 300w, https:\/\/www.sabine-seyffert.de\/blog\/wp-content\/uploads\/2016\/10\/Bus-Verpackung-11-768x576.jpg 768w\" sizes=\"auto, (max-width: 800px) 100vw, 800px\" \/><\/a><\/p>\n<p style=\"text-align: justify;\">Dann habe ich den Karton 2 fach gefaltet und die \u00e4u\u00dferen R\u00e4nder mit der Schere leicht abgerundet.<\/p>\n<p style=\"text-align: center;\"><a href=\"http:\/\/www.sabine-seyffert.de\/blog\/wp-content\/uploads\/2016\/10\/Bus-Verpackung-12.jpg\"><img loading=\"lazy\" decoding=\"async\" class=\"alignnone size-full wp-image-8429\" src=\"http:\/\/www.sabine-seyffert.de\/blog\/wp-content\/uploads\/2016\/10\/Bus-Verpackung-12.jpg\" alt=\"bus-verpackung-12\" width=\"800\" height=\"600\" srcset=\"https:\/\/www.sabine-seyffert.de\/blog\/wp-content\/uploads\/2016\/10\/Bus-Verpackung-12.jpg 800w, https:\/\/www.sabine-seyffert.de\/blog\/wp-content\/uploads\/2016\/10\/Bus-Verpackung-12-300x225.jpg 300w, https:\/\/www.sabine-seyffert.de\/blog\/wp-content\/uploads\/2016\/10\/Bus-Verpackung-12-768x576.jpg 768w\" sizes=\"auto, (max-width: 800px) 100vw, 800px\" \/><\/a><\/p>\n<p style=\"text-align: justify;\">Aus dem beigen Bastelpapier habe ich mit zwei 1,5 cm breite Streifen geschnitten. Daraus habe ich f\u00fcr jede Busseite 5 Fenster geschnitten (einfache Quadrate) und diese in m\u00f6glichst gleichm\u00e4\u00dfigem Abstand aufgeklebt. Unter die Fensterfront habe ich den Schriftzug Schulbus gestempelt.<\/p>\n<p style=\"text-align: center;\"><a href=\"http:\/\/www.sabine-seyffert.de\/blog\/wp-content\/uploads\/2016\/10\/Bus-Verpackung-1.jpg\"><img loading=\"lazy\" decoding=\"async\" class=\"alignnone size-full wp-image-8430\" src=\"http:\/\/www.sabine-seyffert.de\/blog\/wp-content\/uploads\/2016\/10\/Bus-Verpackung-1.jpg\" alt=\"bus-verpackung-1\" width=\"800\" height=\"600\" srcset=\"https:\/\/www.sabine-seyffert.de\/blog\/wp-content\/uploads\/2016\/10\/Bus-Verpackung-1.jpg 800w, https:\/\/www.sabine-seyffert.de\/blog\/wp-content\/uploads\/2016\/10\/Bus-Verpackung-1-300x225.jpg 300w, https:\/\/www.sabine-seyffert.de\/blog\/wp-content\/uploads\/2016\/10\/Bus-Verpackung-1-768x576.jpg 768w\" sizes=\"auto, (max-width: 800px) 100vw, 800px\" \/><\/a><\/p>\n<p style=\"text-align: justify;\">Nun fehlen nur noch die 4 R\u00e4der. Dazu habe ich 4 schwarze Wellenkreise ausgestanzt und f\u00fcr die Mitte kleine Kreise aus d\u00fcnner Pappe. Diese klebt man aufeinander bzw. jeweils 2 R\u00e4der an den unteren Rand des Busses.<\/p>\n<p style=\"text-align: center;\"><a href=\"http:\/\/www.sabine-seyffert.de\/blog\/wp-content\/uploads\/2016\/10\/Bus-Verpackung-10.jpg\"><img loading=\"lazy\" decoding=\"async\" class=\"alignnone size-full wp-image-8431\" src=\"http:\/\/www.sabine-seyffert.de\/blog\/wp-content\/uploads\/2016\/10\/Bus-Verpackung-10.jpg\" alt=\"bus-verpackung-10\" width=\"800\" height=\"600\" srcset=\"https:\/\/www.sabine-seyffert.de\/blog\/wp-content\/uploads\/2016\/10\/Bus-Verpackung-10.jpg 800w, https:\/\/www.sabine-seyffert.de\/blog\/wp-content\/uploads\/2016\/10\/Bus-Verpackung-10-300x225.jpg 300w, https:\/\/www.sabine-seyffert.de\/blog\/wp-content\/uploads\/2016\/10\/Bus-Verpackung-10-768x576.jpg 768w\" sizes=\"auto, (max-width: 800px) 100vw, 800px\" \/><\/a><\/p>\n<p style=\"text-align: justify;\">Das Geschenk habe ich in gelbes Seidenpapier gewickelt und mittig in den gebastelten Schulbus gelegt.<\/p>\n<p style=\"text-align: center;\"><a href=\"http:\/\/www.sabine-seyffert.de\/blog\/wp-content\/uploads\/2016\/10\/Bus-Verpackung-8.jpg\"><img loading=\"lazy\" decoding=\"async\" class=\"alignnone size-full wp-image-8432\" src=\"http:\/\/www.sabine-seyffert.de\/blog\/wp-content\/uploads\/2016\/10\/Bus-Verpackung-8.jpg\" alt=\"bus-verpackung-8\" width=\"800\" height=\"600\" srcset=\"https:\/\/www.sabine-seyffert.de\/blog\/wp-content\/uploads\/2016\/10\/Bus-Verpackung-8.jpg 800w, https:\/\/www.sabine-seyffert.de\/blog\/wp-content\/uploads\/2016\/10\/Bus-Verpackung-8-300x225.jpg 300w, https:\/\/www.sabine-seyffert.de\/blog\/wp-content\/uploads\/2016\/10\/Bus-Verpackung-8-768x576.jpg 768w\" sizes=\"auto, (max-width: 800px) 100vw, 800px\" \/><\/a><\/p>\n<p style=\"text-align: justify;\">Um das kleine Dankesch\u00f6n wetterfest zu verpacken, habe ich den gebastelten \u201eSchulbus\u201c ein etwas Geschenkfolie verpackt und mit Naturbast ein kleine Schleife darum gebunden. Ebenso habe ich aus Kraftpapier noch einen kleinen Anh\u00e4nger geschnitten und mit dem Wort \u201eDanke\u201c bestempelt.<\/p>\n<p style=\"text-align: center;\"><a href=\"http:\/\/www.sabine-seyffert.de\/blog\/wp-content\/uploads\/2016\/10\/Bus-Verpackung-5.jpg\"><img loading=\"lazy\" decoding=\"async\" class=\"alignnone size-full wp-image-8433\" src=\"http:\/\/www.sabine-seyffert.de\/blog\/wp-content\/uploads\/2016\/10\/Bus-Verpackung-5.jpg\" alt=\"bus-verpackung-5\" width=\"800\" height=\"600\" srcset=\"https:\/\/www.sabine-seyffert.de\/blog\/wp-content\/uploads\/2016\/10\/Bus-Verpackung-5.jpg 800w, https:\/\/www.sabine-seyffert.de\/blog\/wp-content\/uploads\/2016\/10\/Bus-Verpackung-5-300x225.jpg 300w, https:\/\/www.sabine-seyffert.de\/blog\/wp-content\/uploads\/2016\/10\/Bus-Verpackung-5-768x576.jpg 768w\" sizes=\"auto, (max-width: 800px) 100vw, 800px\" \/><\/a><\/p>\n<p style=\"text-align: justify;\"><strong>Ein kleiner Tipp:<\/strong><br \/>\nDiese lustige Verpackung eignet sich \u00fcbrigens auch ganz wunderbar zur Einschulung und <a href=\"http:\/\/www.sabine-seyffert.de\/blog\/?cat=40\" target=\"_blank\">Schulstart<\/a>!<\/p>\n<p style=\"text-align: center;\"><a href=\"http:\/\/www.sabine-seyffert.de\/blog\/wp-content\/uploads\/2016\/10\/Bus-Verpackung-4.jpg\"><img loading=\"lazy\" decoding=\"async\" class=\"alignnone size-full wp-image-8434\" src=\"http:\/\/www.sabine-seyffert.de\/blog\/wp-content\/uploads\/2016\/10\/Bus-Verpackung-4.jpg\" alt=\"bus-verpackung-4\" width=\"800\" height=\"600\" srcset=\"https:\/\/www.sabine-seyffert.de\/blog\/wp-content\/uploads\/2016\/10\/Bus-Verpackung-4.jpg 800w, https:\/\/www.sabine-seyffert.de\/blog\/wp-content\/uploads\/2016\/10\/Bus-Verpackung-4-300x225.jpg 300w, https:\/\/www.sabine-seyffert.de\/blog\/wp-content\/uploads\/2016\/10\/Bus-Verpackung-4-768x576.jpg 768w\" sizes=\"auto, (max-width: 800px) 100vw, 800px\" \/><\/a><\/p>\n<p style=\"text-align: justify;\">Weitere Verpackungsideen findet Ihr \u00fcbrigens in <a href=\"http:\/\/www.sabine-seyffert.de\/blog\/?cat=49\" target=\"_blank\">dieser Rubrik<\/a>, klitzekleine Geschenkideen <a href=\"http:\/\/www.sabine-seyffert.de\/blog\/?cat=36\" target=\"_blank\">dort<\/a> und andere kreative Sachen <a href=\"http:\/\/www.creadienstag.de\/2016\/10\/249.html\" target=\"_blank\">da<\/a>!<br \/>\n<a href=\"http:\/\/www.sabine-seyffert.de\/blog\/?page_id=32#urheberrecht\">urheberrechtlich gesch\u00fctzt<\/a>, \u00a9 Sabine Seyffert<\/p>\n","protected":false},"excerpt":{"rendered":"<p>Gestern war der letzte Schultag vor den Herbstferien. Da hie\u00df es Abschied nehmen, denn es steht ein erneuter Umzug bevor. Einige von Euch wissen sicherlich noch, dass vor einiger Zeit die Grundschule meiner Tochter wegen Schimmelbefalls in ein anderes Schulgeb\u00e4ude umziehen musste. Doch dieses lag im Gegensatz zu der eigentlichen Schule nicht fu\u00dfl\u00e4ufig um die&#8230; <a href=\"https:\/\/www.sabine-seyffert.de\/blog\/diy-verpackungsliebe-klitzekleine-geschenkidee-oder-ein-kleiner-dank-pfiffig-verpackt\/\" class=\"more-link\">Read more: DIY &#038; Verpackungsliebe: Klitzekleine Geschenkidee oder ein kleiner Dank pfiffig verpackt<\/a><\/p>\n","protected":false},"author":2,"featured_media":0,"comment_status":"open","ping_status":"open","sticky":false,"template":"","format":"standard","meta":{"_metis_text_type":"","_metis_text_length":2782,"_post_count":0,"footnotes":""},"categories":[49,40],"tags":[],"class_list":["post-8425","post","type-post","status-publish","format-standard","hentry","category-verpackungsideen","category-schulstart"],"_links":{"self":[{"href":"https:\/\/www.sabine-seyffert.de\/blog\/wp-json\/wp\/v2\/posts\/8425","targetHints":{"allow":["GET"]}}],"collection":[{"href":"https:\/\/www.sabine-seyffert.de\/blog\/wp-json\/wp\/v2\/posts"}],"about":[{"href":"https:\/\/www.sabine-seyffert.de\/blog\/wp-json\/wp\/v2\/types\/post"}],"author":[{"embeddable":true,"href":"https:\/\/www.sabine-seyffert.de\/blog\/wp-json\/wp\/v2\/users\/2"}],"replies":[{"embeddable":true,"href":"https:\/\/www.sabine-seyffert.de\/blog\/wp-json\/wp\/v2\/comments?post=8425"}],"version-history":[{"count":3,"href":"https:\/\/www.sabine-seyffert.de\/blog\/wp-json\/wp\/v2\/posts\/8425\/revisions"}],"predecessor-version":[{"id":8450,"href":"https:\/\/www.sabine-seyffert.de\/blog\/wp-json\/wp\/v2\/posts\/8425\/revisions\/8450"}],"wp:attachment":[{"href":"https:\/\/www.sabine-seyffert.de\/blog\/wp-json\/wp\/v2\/media?parent=8425"}],"wp:term":[{"taxonomy":"category","embeddable":true,"href":"https:\/\/www.sabine-seyffert.de\/blog\/wp-json\/wp\/v2\/categories?post=8425"},{"taxonomy":"post_tag","embeddable":true,"href":"https:\/\/www.sabine-seyffert.de\/blog\/wp-json\/wp\/v2\/tags?post=8425"}],"curies":[{"name":"wp","href":"https:\/\/api.w.org\/{rel}","templated":true}]}}