{"id":8400,"date":"2016-10-04T05:45:32","date_gmt":"2016-10-04T03:45:32","guid":{"rendered":"http:\/\/www.sabine-seyffert.de\/blog\/?p=8400"},"modified":"2017-03-01T11:27:21","modified_gmt":"2017-03-01T09:27:21","slug":"herbstliche-bastelidee-upcycling-fuer-kleine-kinderhaende-komm-wir-lassen-drachen-steigen","status":"publish","type":"post","link":"https:\/\/www.sabine-seyffert.de\/blog\/herbstliche-bastelidee-upcycling-fuer-kleine-kinderhaende-komm-wir-lassen-drachen-steigen\/","title":{"rendered":"Herbstliche Bastelidee &#038; Upcycling f\u00fcr kleine Kinderh\u00e4nde: Komm wir lassen Drachen steigen!"},"content":{"rendered":"<p style=\"text-align: justify;\"><img loading=\"lazy\" decoding=\"async\" src=\"https:\/\/ssl-vg03.met.vgwort.de\/na\/1264efd65f364677aa5152fc912b861c\" alt=\"\" width=\"1\" height=\"1\" \/>Wenn der Herbst beginnt, bringt diese Jahreszeit nicht nur allerhand an tollen \u201eSch\u00e4tzen\u201c wie bunte Herbstbl\u00e4tter, Kastanien, Bucheckern &amp; Co. mit sich, sondern auch den ein oder anderen frechen Herbstwind. Da wird die Freude los, denn dann ist die Zeit die Drachen aus dem Keller oder vom Dachboden zu holen und die selbst gebastelten Drachen im Herbstwind tanzen zu lassen.<br \/>\nAber es gibt in der Herbstzeit auch allerhand Tage, die grau und verregnet sind. Da sind gute Ideen gefragt um die liebe Kinderschar sinnvoll zu besch\u00e4ftigen. Wie w\u00e4re es daher mit ein paar gebastelten Mini Drachen, mit denen man Kinderzimmer, T\u00fcr oder auch die Fenster schm\u00fccken kann? Eine bunte Bastelidee, die allen Kinderh\u00e4nden gro\u00dfen Spa\u00df macht und noch mehr Farbe in die Herbsttage bringt!<\/p>\n<p style=\"text-align: center;\"><a href=\"http:\/\/www.sabine-seyffert.de\/blog\/wp-content\/uploads\/2016\/10\/Drache-Upcycling-9.jpg\"><img loading=\"lazy\" decoding=\"async\" class=\"alignnone size-full wp-image-8401\" src=\"http:\/\/www.sabine-seyffert.de\/blog\/wp-content\/uploads\/2016\/10\/Drache-Upcycling-9.jpg\" alt=\"drache-upcycling-9\" width=\"800\" height=\"600\" srcset=\"https:\/\/www.sabine-seyffert.de\/blog\/wp-content\/uploads\/2016\/10\/Drache-Upcycling-9.jpg 800w, https:\/\/www.sabine-seyffert.de\/blog\/wp-content\/uploads\/2016\/10\/Drache-Upcycling-9-300x225.jpg 300w, https:\/\/www.sabine-seyffert.de\/blog\/wp-content\/uploads\/2016\/10\/Drache-Upcycling-9-768x576.jpg 768w\" sizes=\"auto, (max-width: 800px) 100vw, 800px\" \/><\/a><\/p>\n<p style=\"text-align: justify;\"><strong>Das wird gebraucht:<\/strong><br \/>\nEin St\u00fcck Pappe oder einen alten Karton, ein Teppichmesser \/ Cutter, eine Lochzange, eine Metall\u00f6se, eine Nietenzange, eine Bastelschere, farbiges Krepppapier, Kordel<\/p>\n<p style=\"text-align: center;\"><a href=\"http:\/\/www.sabine-seyffert.de\/blog\/wp-content\/uploads\/2016\/10\/Drache-Upcycling-5.jpg\"><img loading=\"lazy\" decoding=\"async\" class=\"alignnone size-full wp-image-8402\" src=\"http:\/\/www.sabine-seyffert.de\/blog\/wp-content\/uploads\/2016\/10\/Drache-Upcycling-5.jpg\" alt=\"drache-upcycling-5\" width=\"800\" height=\"600\" srcset=\"https:\/\/www.sabine-seyffert.de\/blog\/wp-content\/uploads\/2016\/10\/Drache-Upcycling-5.jpg 800w, https:\/\/www.sabine-seyffert.de\/blog\/wp-content\/uploads\/2016\/10\/Drache-Upcycling-5-300x225.jpg 300w, https:\/\/www.sabine-seyffert.de\/blog\/wp-content\/uploads\/2016\/10\/Drache-Upcycling-5-768x576.jpg 768w\" sizes=\"auto, (max-width: 800px) 100vw, 800px\" \/><\/a><\/p>\n<p style=\"text-align: justify;\"><strong>So wird\u2019s gemacht:<\/strong><br \/>\nF\u00fcr jeden Drachen ben\u00f6tigt man ein St\u00fcck Pappe oder einen alten Karton. Daraus schneidet man eine Raute. Die genaue Gr\u00f6\u00dfe spielt keine Rolle, daher kann man diese auch ohne Bastelvorlage einfach per Hand zuschneiden.<\/p>\n<p style=\"text-align: center;\"><a href=\"http:\/\/www.sabine-seyffert.de\/blog\/wp-content\/uploads\/2016\/10\/Drache-Upcycling-4.jpg\"><img loading=\"lazy\" decoding=\"async\" class=\"alignnone size-full wp-image-8403\" src=\"http:\/\/www.sabine-seyffert.de\/blog\/wp-content\/uploads\/2016\/10\/Drache-Upcycling-4.jpg\" alt=\"drache-upcycling-4\" width=\"800\" height=\"600\" srcset=\"https:\/\/www.sabine-seyffert.de\/blog\/wp-content\/uploads\/2016\/10\/Drache-Upcycling-4.jpg 800w, https:\/\/www.sabine-seyffert.de\/blog\/wp-content\/uploads\/2016\/10\/Drache-Upcycling-4-300x225.jpg 300w, https:\/\/www.sabine-seyffert.de\/blog\/wp-content\/uploads\/2016\/10\/Drache-Upcycling-4-768x576.jpg 768w\" sizes=\"auto, (max-width: 800px) 100vw, 800px\" \/><\/a><\/p>\n<p style=\"text-align: justify;\">Die Raute wird am oberen und auch unteren Ende mittig mit einem Loch versehen. Durch die obere \u00d6ffnung steckt man eine Metall\u00f6se und dr\u00fcckt diese mit Hilfe einer Nietenzange zusammen.<\/p>\n<p style=\"text-align: center;\"><a href=\"http:\/\/www.sabine-seyffert.de\/blog\/wp-content\/uploads\/2016\/10\/Drache-Upcycling-7.jpg\"><img loading=\"lazy\" decoding=\"async\" class=\"alignnone size-full wp-image-8404\" src=\"http:\/\/www.sabine-seyffert.de\/blog\/wp-content\/uploads\/2016\/10\/Drache-Upcycling-7.jpg\" alt=\"drache-upcycling-7\" width=\"800\" height=\"600\" srcset=\"https:\/\/www.sabine-seyffert.de\/blog\/wp-content\/uploads\/2016\/10\/Drache-Upcycling-7.jpg 800w, https:\/\/www.sabine-seyffert.de\/blog\/wp-content\/uploads\/2016\/10\/Drache-Upcycling-7-300x225.jpg 300w, https:\/\/www.sabine-seyffert.de\/blog\/wp-content\/uploads\/2016\/10\/Drache-Upcycling-7-768x576.jpg 768w\" sizes=\"auto, (max-width: 800px) 100vw, 800px\" \/><\/a><\/p>\n<p style=\"text-align: justify;\">Hieran kann man den fertigen Drachen an einen Nagel h\u00e4ngen oder ein St\u00fcck Nylongarn durchziehen um so eine Aufh\u00e4ngung zu haben.<\/p>\n<p style=\"text-align: center;\"><a href=\"http:\/\/www.sabine-seyffert.de\/blog\/wp-content\/uploads\/2016\/10\/Drache-Upcycling-2.jpg\"><img loading=\"lazy\" decoding=\"async\" class=\"alignnone size-full wp-image-8405\" src=\"http:\/\/www.sabine-seyffert.de\/blog\/wp-content\/uploads\/2016\/10\/Drache-Upcycling-2.jpg\" alt=\"drache-upcycling-2\" width=\"800\" height=\"600\" srcset=\"https:\/\/www.sabine-seyffert.de\/blog\/wp-content\/uploads\/2016\/10\/Drache-Upcycling-2.jpg 800w, https:\/\/www.sabine-seyffert.de\/blog\/wp-content\/uploads\/2016\/10\/Drache-Upcycling-2-300x225.jpg 300w, https:\/\/www.sabine-seyffert.de\/blog\/wp-content\/uploads\/2016\/10\/Drache-Upcycling-2-768x576.jpg 768w\" sizes=\"auto, (max-width: 800px) 100vw, 800px\" \/><\/a><\/p>\n<p style=\"text-align: justify;\">Durch das untere Ende steckt man nun ein l\u00e4ngeres St\u00fcck Kordel und knotet es fest. An diesen knotet man nun in regelm\u00e4\u00dfigen Abst\u00e4nden allerhand bunte Krepppapierschleifen, damit der Drache einen bunten Schwanz bekommt. Daf\u00fcr schneidet man aus dem Bastelkrepp kleine St\u00fccke (etwa in der Gr\u00f6\u00dfe 10 x 5 cm).<\/p>\n<p style=\"text-align: center;\"><a href=\"http:\/\/www.sabine-seyffert.de\/blog\/wp-content\/uploads\/2016\/10\/Drache-Upcycling-1.jpg\"><img loading=\"lazy\" decoding=\"async\" class=\"alignnone size-full wp-image-8406\" src=\"http:\/\/www.sabine-seyffert.de\/blog\/wp-content\/uploads\/2016\/10\/Drache-Upcycling-1.jpg\" alt=\"drache-upcycling-1\" width=\"800\" height=\"600\" srcset=\"https:\/\/www.sabine-seyffert.de\/blog\/wp-content\/uploads\/2016\/10\/Drache-Upcycling-1.jpg 800w, https:\/\/www.sabine-seyffert.de\/blog\/wp-content\/uploads\/2016\/10\/Drache-Upcycling-1-300x225.jpg 300w, https:\/\/www.sabine-seyffert.de\/blog\/wp-content\/uploads\/2016\/10\/Drache-Upcycling-1-768x576.jpg 768w\" sizes=\"auto, (max-width: 800px) 100vw, 800px\" \/><\/a><\/p>\n<p style=\"text-align: justify;\">Diese fr\u00f6hlichen Drachen kann man nun an der Zimmerdecke, einer T\u00fcr oder auch dem Fenster befestigen und hat einen stimmungsvollen Raumschmuck f\u00fcr den Herbst.<\/p>\n<p style=\"text-align: center;\"><a href=\"http:\/\/www.sabine-seyffert.de\/blog\/wp-content\/uploads\/2016\/10\/Drache-Upcycling-8.jpg\"><img loading=\"lazy\" decoding=\"async\" class=\"alignnone size-full wp-image-8407\" src=\"http:\/\/www.sabine-seyffert.de\/blog\/wp-content\/uploads\/2016\/10\/Drache-Upcycling-8.jpg\" alt=\"drache-upcycling-8\" width=\"600\" height=\"800\" srcset=\"https:\/\/www.sabine-seyffert.de\/blog\/wp-content\/uploads\/2016\/10\/Drache-Upcycling-8.jpg 600w, https:\/\/www.sabine-seyffert.de\/blog\/wp-content\/uploads\/2016\/10\/Drache-Upcycling-8-225x300.jpg 225w\" sizes=\"auto, (max-width: 600px) 100vw, 600px\" \/><\/a><\/p>\n<p style=\"text-align: justify;\">Weitere Basteleien f\u00fcr Kinder gibt es in <a href=\"http:\/\/www.sabine-seyffert.de\/blog\/?cat=32\" target=\"_blank\">dieser Rubrik<\/a>, alles zum Thema Herbst an <a href=\"http:\/\/www.sabine-seyffert.de\/blog\/?cat=25\" target=\"_blank\">dieser Stelle<\/a> und andere kreative Sachen <a href=\"http:\/\/www.creadienstag.de\/2016\/09\/248.html\" target=\"_blank\">dort<\/a>!<\/p>\n<p style=\"text-align: justify;\"><a href=\"http:\/\/www.sabine-seyffert.de\/blog\/?page_id=32#urheberrecht\">urheberrechtlich gesch\u00fctzt<\/a>, \u00a9 Sabine Seyffert<\/p>\n","protected":false},"excerpt":{"rendered":"<p>Wenn der Herbst beginnt, bringt diese Jahreszeit nicht nur allerhand an tollen \u201eSch\u00e4tzen\u201c wie bunte Herbstbl\u00e4tter, Kastanien, Bucheckern &amp; Co. mit sich, sondern auch den ein oder anderen frechen Herbstwind. Da wird die Freude los, denn dann ist die Zeit die Drachen aus dem Keller oder vom Dachboden zu holen und die selbst gebastelten Drachen&#8230; <a href=\"https:\/\/www.sabine-seyffert.de\/blog\/herbstliche-bastelidee-upcycling-fuer-kleine-kinderhaende-komm-wir-lassen-drachen-steigen\/\" class=\"more-link\">Read more: Herbstliche Bastelidee &#038; Upcycling f\u00fcr kleine Kinderh\u00e4nde: Komm wir lassen Drachen steigen!<\/a><\/p>\n","protected":false},"author":2,"featured_media":0,"comment_status":"open","ping_status":"open","sticky":false,"template":"","format":"standard","meta":{"_metis_text_type":"","_metis_text_length":2148,"_post_count":0,"footnotes":""},"categories":[32,25,47],"tags":[],"class_list":["post-8400","post","type-post","status-publish","format-standard","hentry","category-kreatives-fur-kleine-kinderhande","category-herbst","category-upcyceltes"],"_links":{"self":[{"href":"https:\/\/www.sabine-seyffert.de\/blog\/wp-json\/wp\/v2\/posts\/8400","targetHints":{"allow":["GET"]}}],"collection":[{"href":"https:\/\/www.sabine-seyffert.de\/blog\/wp-json\/wp\/v2\/posts"}],"about":[{"href":"https:\/\/www.sabine-seyffert.de\/blog\/wp-json\/wp\/v2\/types\/post"}],"author":[{"embeddable":true,"href":"https:\/\/www.sabine-seyffert.de\/blog\/wp-json\/wp\/v2\/users\/2"}],"replies":[{"embeddable":true,"href":"https:\/\/www.sabine-seyffert.de\/blog\/wp-json\/wp\/v2\/comments?post=8400"}],"version-history":[{"count":3,"href":"https:\/\/www.sabine-seyffert.de\/blog\/wp-json\/wp\/v2\/posts\/8400\/revisions"}],"predecessor-version":[{"id":8410,"href":"https:\/\/www.sabine-seyffert.de\/blog\/wp-json\/wp\/v2\/posts\/8400\/revisions\/8410"}],"wp:attachment":[{"href":"https:\/\/www.sabine-seyffert.de\/blog\/wp-json\/wp\/v2\/media?parent=8400"}],"wp:term":[{"taxonomy":"category","embeddable":true,"href":"https:\/\/www.sabine-seyffert.de\/blog\/wp-json\/wp\/v2\/categories?post=8400"},{"taxonomy":"post_tag","embeddable":true,"href":"https:\/\/www.sabine-seyffert.de\/blog\/wp-json\/wp\/v2\/tags?post=8400"}],"curies":[{"name":"wp","href":"https:\/\/api.w.org\/{rel}","templated":true}]}}