{"id":840,"date":"2013-03-16T08:19:44","date_gmt":"2013-03-16T06:19:44","guid":{"rendered":"http:\/\/www.sabine-seyffert.de\/blog\/?p=840"},"modified":"2013-05-13T09:59:20","modified_gmt":"2013-05-13T07:59:20","slug":"wenn-der-himmel-am-morgen-erwacht","status":"publish","type":"post","link":"https:\/\/www.sabine-seyffert.de\/blog\/wenn-der-himmel-am-morgen-erwacht\/","title":{"rendered":"Wenn der Himmel am Morgen erwacht\u2026"},"content":{"rendered":"<p style=\"text-align: center;\"><img loading=\"lazy\" decoding=\"async\" alt=\"\" src=\"https:\/\/ssl-vg03.met.vgwort.de\/na\/f4525e4e3a084a13be81c1f35557fe7c\" width=\"1\" height=\"1\" \/><a href=\"http:\/\/www.sabine-seyffert.de\/blog\/wp-content\/uploads\/2013\/03\/Himmel-Katja-1.jpg\"><img loading=\"lazy\" decoding=\"async\" class=\"alignnone size-full wp-image-841\" alt=\"Himmel Katja 1\" src=\"http:\/\/www.sabine-seyffert.de\/blog\/wp-content\/uploads\/2013\/03\/Himmel-Katja-1.jpg\" width=\"800\" height=\"600\" srcset=\"https:\/\/www.sabine-seyffert.de\/blog\/wp-content\/uploads\/2013\/03\/Himmel-Katja-1.jpg 800w, https:\/\/www.sabine-seyffert.de\/blog\/wp-content\/uploads\/2013\/03\/Himmel-Katja-1-300x225.jpg 300w\" sizes=\"auto, (max-width: 800px) 100vw, 800px\" \/><\/a><\/p>\n<p style=\"text-align: justify;\">Seitdem wir an der Aktion \u201eUrlaub f\u00fcrs eigene Auto\u201c teilgenommen haben, lasse ich des \u00d6fteren den Wagen stehe und t\u00e4tige unsere Eink\u00e4ufe zu Fu\u00df. Sind es nur ein paar Kleinigkeiten, ist es gar kein Problem. Nur der w\u00f6chentliche Gro\u00dfeinkauf f\u00fcr unseren sechs Personen Haushalt ist ohne Auto zugegebenerma\u00dfen recht kniffelig. So habe ich mich vor kurzem in aller Fr\u00fche auf den Weg in die Stadt gemacht, zu Fu\u00df versteht sich. Mit dabei hatte ich meine Kamera weil ich endlich einmal f\u00fcr die liebe <a href=\"http:\/\/dieraumfee.blogspot.de\/2013\/03\/in-heaven-no-58.html\" target=\"_blank\">Raumfee Katja<\/a> ein paar Himmelsbilder einfangen wollte, die sie jeden Samstag auf Ihrem wunderbaren Blog sammelt.<\/p>\n<p style=\"text-align: center;\"><a href=\"http:\/\/www.sabine-seyffert.de\/blog\/wp-content\/uploads\/2013\/03\/Himmel-Katja-2.jpg\"><img loading=\"lazy\" decoding=\"async\" class=\"alignnone size-full wp-image-842\" alt=\"Himmel Katja 2\" src=\"http:\/\/www.sabine-seyffert.de\/blog\/wp-content\/uploads\/2013\/03\/Himmel-Katja-2.jpg\" width=\"800\" height=\"600\" srcset=\"https:\/\/www.sabine-seyffert.de\/blog\/wp-content\/uploads\/2013\/03\/Himmel-Katja-2.jpg 800w, https:\/\/www.sabine-seyffert.de\/blog\/wp-content\/uploads\/2013\/03\/Himmel-Katja-2-300x225.jpg 300w\" sizes=\"auto, (max-width: 800px) 100vw, 800px\" \/><\/a><\/p>\n<p style=\"text-align: justify;\">Der Weg, den ich normalerweise zum Einkaufen w\u00e4hle, ist nicht nur menschenleer und verlassen um diese Tageszeit, sondern auch leider \u00fcberhaupt nicht beleuchtet. Und weil es noch so fr\u00fch war und man nicht mal die Hand vor Augen sah, habe ich kleiner \u201eHasenfu\u00df\u201c auf halber Strecke kehrt gemacht, weil ich so ganz allein leider ein doch etwas mulmiges Gef\u00fchl hatte, und zumindest den Hinweg lieber \u00fcber die Hauptstrasse antreten wollte. Der Blick zum Himmel jedoch lie\u00df mich etwas trauern, denn gerade dieses tief dunkle Morgenblau gefiel mir an diesem Morgen so ausgesprochen gut, dass ich es gerne auf ein paar Bildern festgehalten h\u00e4tte. Doch durch den Weg mitten durch die Stadt, konnte ich nicht wirklich fotografieren. Zumindest nicht mit ansprechender Kulisse, weil auf beiden Seiten meterhohe H\u00e4user keinen wirklich netten Blickfang f\u00fcr Himmelsbilder geben, jedenfalls was meinem Geschmack anbelangt.<\/p>\n<p style=\"text-align: center;\"><a href=\"http:\/\/www.sabine-seyffert.de\/blog\/wp-content\/uploads\/2013\/03\/Himmel-Katja-3.jpg\"><img loading=\"lazy\" decoding=\"async\" class=\"alignnone size-full wp-image-843\" alt=\"Himmel Katja 3\" src=\"http:\/\/www.sabine-seyffert.de\/blog\/wp-content\/uploads\/2013\/03\/Himmel-Katja-3.jpg\" width=\"800\" height=\"1067\" srcset=\"https:\/\/www.sabine-seyffert.de\/blog\/wp-content\/uploads\/2013\/03\/Himmel-Katja-3.jpg 800w, https:\/\/www.sabine-seyffert.de\/blog\/wp-content\/uploads\/2013\/03\/Himmel-Katja-3-224x300.jpg 224w, https:\/\/www.sabine-seyffert.de\/blog\/wp-content\/uploads\/2013\/03\/Himmel-Katja-3-767x1024.jpg 767w\" sizes=\"auto, (max-width: 800px) 100vw, 800px\" \/><\/a><\/p>\n<p style=\"text-align: justify;\">So t\u00e4tigte ich in aller Windeseile meinen\u00a0 Einkauf um dann den R\u00fcckweg durch den kleinen Wald anzutreten. Doch hier konnte ich leider nur noch den Rest des sch\u00f6nen Sonnenaufgangs und des morgendlichen Himmelblaus einfangen. Vielleicht habe ich beim n\u00e4chsten Mal etwas mehr Mut oder einen starken Begleiter an meiner Seite.<\/p>\n<p style=\"text-align: center;\"><a href=\"http:\/\/www.sabine-seyffert.de\/blog\/wp-content\/uploads\/2013\/03\/Himmel-Katja-4.jpg\"><img loading=\"lazy\" decoding=\"async\" class=\"alignnone size-full wp-image-844\" alt=\"Himmel Katja 4\" src=\"http:\/\/www.sabine-seyffert.de\/blog\/wp-content\/uploads\/2013\/03\/Himmel-Katja-4.jpg\" width=\"600\" height=\"800\" srcset=\"https:\/\/www.sabine-seyffert.de\/blog\/wp-content\/uploads\/2013\/03\/Himmel-Katja-4.jpg 600w, https:\/\/www.sabine-seyffert.de\/blog\/wp-content\/uploads\/2013\/03\/Himmel-Katja-4-225x300.jpg 225w\" sizes=\"auto, (max-width: 600px) 100vw, 600px\" \/><\/a><\/p>\n<p style=\"text-align: justify;\">Ich w\u00fcnsche allen ein traumhaft sch\u00f6nes Wochenende!<\/p>\n<p><a href=\"http:\/\/www.sabine-seyffert.de\/blog\/?page_id=32#urheberrecht\">urherrechtlich gesch\u00fctzt<\/a>, \u00a9 Sabine Seyffert<\/p>\n<p style=\"text-align: center;\"><a href=\"http:\/\/www.sabine-seyffert.de\/blog\/wp-content\/uploads\/2013\/03\/Himmel-Katja-5.jpg\"><img loading=\"lazy\" decoding=\"async\" class=\"alignnone size-full wp-image-845\" alt=\"Himmel Katja 5\" src=\"http:\/\/www.sabine-seyffert.de\/blog\/wp-content\/uploads\/2013\/03\/Himmel-Katja-5.jpg\" width=\"600\" height=\"800\" srcset=\"https:\/\/www.sabine-seyffert.de\/blog\/wp-content\/uploads\/2013\/03\/Himmel-Katja-5.jpg 600w, https:\/\/www.sabine-seyffert.de\/blog\/wp-content\/uploads\/2013\/03\/Himmel-Katja-5-225x300.jpg 225w\" sizes=\"auto, (max-width: 600px) 100vw, 600px\" \/><\/a><\/p>\n","protected":false},"excerpt":{"rendered":"<p>Seitdem wir an der Aktion \u201eUrlaub f\u00fcrs eigene Auto\u201c teilgenommen haben, lasse ich des \u00d6fteren den Wagen stehe und t\u00e4tige unsere Eink\u00e4ufe zu Fu\u00df. Sind es nur ein paar Kleinigkeiten, ist es gar kein Problem. Nur der w\u00f6chentliche Gro\u00dfeinkauf f\u00fcr unseren sechs Personen Haushalt ist ohne Auto zugegebenerma\u00dfen recht kniffelig. So habe ich mich vor&#8230; <a href=\"https:\/\/www.sabine-seyffert.de\/blog\/wenn-der-himmel-am-morgen-erwacht\/\" class=\"more-link\">Read more: Wenn der Himmel am Morgen erwacht\u2026<\/a><\/p>\n","protected":false},"author":2,"featured_media":0,"comment_status":"open","ping_status":"open","sticky":false,"template":"","format":"standard","meta":{"_metis_text_type":"","_metis_text_length":1930,"_post_count":0,"footnotes":""},"categories":[37],"tags":[],"class_list":["post-840","post","type-post","status-publish","format-standard","hentry","category-himmlisches"],"_links":{"self":[{"href":"https:\/\/www.sabine-seyffert.de\/blog\/wp-json\/wp\/v2\/posts\/840","targetHints":{"allow":["GET"]}}],"collection":[{"href":"https:\/\/www.sabine-seyffert.de\/blog\/wp-json\/wp\/v2\/posts"}],"about":[{"href":"https:\/\/www.sabine-seyffert.de\/blog\/wp-json\/wp\/v2\/types\/post"}],"author":[{"embeddable":true,"href":"https:\/\/www.sabine-seyffert.de\/blog\/wp-json\/wp\/v2\/users\/2"}],"replies":[{"embeddable":true,"href":"https:\/\/www.sabine-seyffert.de\/blog\/wp-json\/wp\/v2\/comments?post=840"}],"version-history":[{"count":8,"href":"https:\/\/www.sabine-seyffert.de\/blog\/wp-json\/wp\/v2\/posts\/840\/revisions"}],"predecessor-version":[{"id":1723,"href":"https:\/\/www.sabine-seyffert.de\/blog\/wp-json\/wp\/v2\/posts\/840\/revisions\/1723"}],"wp:attachment":[{"href":"https:\/\/www.sabine-seyffert.de\/blog\/wp-json\/wp\/v2\/media?parent=840"}],"wp:term":[{"taxonomy":"category","embeddable":true,"href":"https:\/\/www.sabine-seyffert.de\/blog\/wp-json\/wp\/v2\/categories?post=840"},{"taxonomy":"post_tag","embeddable":true,"href":"https:\/\/www.sabine-seyffert.de\/blog\/wp-json\/wp\/v2\/tags?post=840"}],"curies":[{"name":"wp","href":"https:\/\/api.w.org\/{rel}","templated":true}]}}