{"id":8363,"date":"2016-09-27T05:43:48","date_gmt":"2016-09-27T03:43:48","guid":{"rendered":"http:\/\/www.sabine-seyffert.de\/blog\/?p=8363"},"modified":"2022-09-23T18:44:43","modified_gmt":"2022-09-23T16:44:43","slug":"diy-fuer-den-herbst-hurra-der-herbst-ist-da-stimmungsvolle-bastelidee-mit-kastanien-und-perlen","status":"publish","type":"post","link":"https:\/\/www.sabine-seyffert.de\/blog\/diy-fuer-den-herbst-hurra-der-herbst-ist-da-stimmungsvolle-bastelidee-mit-kastanien-und-perlen\/","title":{"rendered":"DIY f\u00fcr den Herbst: Hurra, der Herbst ist da \u2013 Stimmungsvolle Bastelidee mit Kastanien und Perlen"},"content":{"rendered":"<p style=\"text-align: justify;\"><img loading=\"lazy\" decoding=\"async\" src=\"https:\/\/ssl-vg03.met.vgwort.de\/na\/f0b5b993afbf44ce929871312ba70b48\" alt=\"\" width=\"1\" height=\"1\" \/>Wenn sich der Sommer ganz langsam verabschiedet und im September die ersten Kastanien von den B\u00e4umen fallen, dann freu ich mich richtig auf den bevorstehenden Herbst. Auch wenn es mir in diesem Jahr durch das wunderbar warme Wetter ausgesprochen schwer f\u00e4llt\u2026<br \/>\nDaher habe ich mich am Wochenende riesig dar\u00fcber gefreut ein paar Kastanien zu finden. Viele gibt es davon leider noch nicht. Aber die ersten Kastanien, denen man im Jahr begegnet, sind f\u00fcr mich immer etwas Besonders. Daran kann ich einfach nicht vorbei gehen. Und so kam mir beim Aufsammeln dieser kleinen Herbstsch\u00e4tze eine kleine Deko Idee, die ich zu Hause gleich in die Tat umgesetzt habe.<\/p>\n<p style=\"text-align: center;\"><a href=\"http:\/\/www.sabine-seyffert.de\/blog\/wp-content\/uploads\/2016\/09\/Kastanienherz-9.jpg\"><img loading=\"lazy\" decoding=\"async\" class=\"alignnone size-full wp-image-8364\" src=\"http:\/\/www.sabine-seyffert.de\/blog\/wp-content\/uploads\/2016\/09\/Kastanienherz-9.jpg\" alt=\"kastanienherz-9\" width=\"800\" height=\"600\" srcset=\"https:\/\/www.sabine-seyffert.de\/blog\/wp-content\/uploads\/2016\/09\/Kastanienherz-9.jpg 800w, https:\/\/www.sabine-seyffert.de\/blog\/wp-content\/uploads\/2016\/09\/Kastanienherz-9-300x225.jpg 300w, https:\/\/www.sabine-seyffert.de\/blog\/wp-content\/uploads\/2016\/09\/Kastanienherz-9-768x576.jpg 768w\" sizes=\"auto, (max-width: 800px) 100vw, 800px\" \/><\/a><\/p>\n<p style=\"text-align: justify;\"><strong>Das wird gebraucht:<\/strong><br \/>\nFester Blumendraht, eine Schere, naturbelassene, unlackierte Holzperlen, Kastanien, Kastanienbohrer, eine dickere Unterlage als Schutz f\u00fcr den Tisch<\/p>\n<p style=\"text-align: center;\"><a href=\"http:\/\/www.sabine-seyffert.de\/blog\/wp-content\/uploads\/2016\/09\/Kastanienherz-7.jpg\"><img loading=\"lazy\" decoding=\"async\" class=\"alignnone size-full wp-image-8365\" src=\"http:\/\/www.sabine-seyffert.de\/blog\/wp-content\/uploads\/2016\/09\/Kastanienherz-7.jpg\" alt=\"kastanienherz-7\" width=\"800\" height=\"600\" srcset=\"https:\/\/www.sabine-seyffert.de\/blog\/wp-content\/uploads\/2016\/09\/Kastanienherz-7.jpg 800w, https:\/\/www.sabine-seyffert.de\/blog\/wp-content\/uploads\/2016\/09\/Kastanienherz-7-300x225.jpg 300w, https:\/\/www.sabine-seyffert.de\/blog\/wp-content\/uploads\/2016\/09\/Kastanienherz-7-768x576.jpg 768w\" sizes=\"auto, (max-width: 800px) 100vw, 800px\" \/><\/a><\/p>\n<p style=\"text-align: justify;\"><strong>So wird\u2019s gemacht:<\/strong><br \/>\nAm besten deckt man den Tisch ein bisschen ab oder legt eine stabile Unterlage als Schutz darauf. Dann nimmt man sich den Kastanienbohrer vor und bohrt damit mittig in jede Kastanie ein d\u00fcnnes Loch. F\u00fcr diese Bastelei reicht ein ganz d\u00fcnner Kastanienbohrer in jedem Fall aus!<\/p>\n<p style=\"text-align: center;\"><a href=\"http:\/\/www.sabine-seyffert.de\/blog\/wp-content\/uploads\/2016\/09\/Kastanienherz-6.jpg\"><img loading=\"lazy\" decoding=\"async\" class=\"alignnone size-full wp-image-8366\" src=\"http:\/\/www.sabine-seyffert.de\/blog\/wp-content\/uploads\/2016\/09\/Kastanienherz-6.jpg\" alt=\"kastanienherz-6\" width=\"800\" height=\"600\" srcset=\"https:\/\/www.sabine-seyffert.de\/blog\/wp-content\/uploads\/2016\/09\/Kastanienherz-6.jpg 800w, https:\/\/www.sabine-seyffert.de\/blog\/wp-content\/uploads\/2016\/09\/Kastanienherz-6-300x225.jpg 300w, https:\/\/www.sabine-seyffert.de\/blog\/wp-content\/uploads\/2016\/09\/Kastanienherz-6-768x576.jpg 768w\" sizes=\"auto, (max-width: 800px) 100vw, 800px\" \/><\/a><\/p>\n<p style=\"text-align: justify;\">Nun rollt man etwas von dem Blumendraht ab und f\u00e4delt abwechselnd eine gl\u00e4nzende Kastanie und eine Holzperle auf den Draht, bis man die gew\u00fcnschte Menge beisammen hat. In meinem Fall sollte es ein sch\u00f6nes Herz werden, da der Herbst zu einer meiner liebsten Jahreszeiten geh\u00f6rt. Als gro\u00dfe \u201eHerbstliebe\u201c sozusagen \ud83d\ude09<\/p>\n<p style=\"text-align: center;\"><a href=\"http:\/\/www.sabine-seyffert.de\/blog\/wp-content\/uploads\/2016\/09\/Kastanienherz-5.jpg\"><img loading=\"lazy\" decoding=\"async\" class=\"alignnone size-full wp-image-8367\" src=\"http:\/\/www.sabine-seyffert.de\/blog\/wp-content\/uploads\/2016\/09\/Kastanienherz-5.jpg\" alt=\"kastanienherz-5\" width=\"800\" height=\"600\" srcset=\"https:\/\/www.sabine-seyffert.de\/blog\/wp-content\/uploads\/2016\/09\/Kastanienherz-5.jpg 800w, https:\/\/www.sabine-seyffert.de\/blog\/wp-content\/uploads\/2016\/09\/Kastanienherz-5-300x225.jpg 300w, https:\/\/www.sabine-seyffert.de\/blog\/wp-content\/uploads\/2016\/09\/Kastanienherz-5-768x576.jpg 768w\" sizes=\"auto, (max-width: 800px) 100vw, 800px\" \/><\/a><\/p>\n<p style=\"text-align: justify;\">Dann schneidet man den Draht so ab, dass an beiden Enden ungef\u00e4hr 5 cm Draht \u00fcberstehen und man diesen damit ineinander drehen und das Ende so in einer Kastanien\u00f6ffnung verstecken kann.<\/p>\n<p style=\"text-align: center;\"><a href=\"http:\/\/www.sabine-seyffert.de\/blog\/wp-content\/uploads\/2016\/09\/Kastanienherz-4.jpg\"><img loading=\"lazy\" decoding=\"async\" class=\"alignnone size-full wp-image-8368\" src=\"http:\/\/www.sabine-seyffert.de\/blog\/wp-content\/uploads\/2016\/09\/Kastanienherz-4.jpg\" alt=\"kastanienherz-4\" width=\"800\" height=\"600\" srcset=\"https:\/\/www.sabine-seyffert.de\/blog\/wp-content\/uploads\/2016\/09\/Kastanienherz-4.jpg 800w, https:\/\/www.sabine-seyffert.de\/blog\/wp-content\/uploads\/2016\/09\/Kastanienherz-4-300x225.jpg 300w, https:\/\/www.sabine-seyffert.de\/blog\/wp-content\/uploads\/2016\/09\/Kastanienherz-4-768x576.jpg 768w\" sizes=\"auto, (max-width: 800px) 100vw, 800px\" \/><\/a><\/p>\n<p style=\"text-align: justify;\">Ob man damit die Fensterbank oder eine Anrichte dekoriert, diesen als \u201eT\u00fcrkranz\u201c oder auch Fensterschmuck verwendet oder einen Tisch damit schm\u00fcckt ist egal. In jedem Fall ist dies eine sch\u00f6ne Art den Herbst Willkommen zu hei\u00dfen.<\/p>\n<p style=\"text-align: center;\"><a href=\"http:\/\/www.sabine-seyffert.de\/blog\/wp-content\/uploads\/2016\/09\/Kastanienherz-2.jpg\"><img loading=\"lazy\" decoding=\"async\" class=\"alignnone size-full wp-image-8369\" src=\"http:\/\/www.sabine-seyffert.de\/blog\/wp-content\/uploads\/2016\/09\/Kastanienherz-2.jpg\" alt=\"kastanienherz-2\" width=\"800\" height=\"600\" srcset=\"https:\/\/www.sabine-seyffert.de\/blog\/wp-content\/uploads\/2016\/09\/Kastanienherz-2.jpg 800w, https:\/\/www.sabine-seyffert.de\/blog\/wp-content\/uploads\/2016\/09\/Kastanienherz-2-300x225.jpg 300w, https:\/\/www.sabine-seyffert.de\/blog\/wp-content\/uploads\/2016\/09\/Kastanienherz-2-768x576.jpg 768w\" sizes=\"auto, (max-width: 800px) 100vw, 800px\" \/><\/a><\/p>\n<p style=\"text-align: justify;\">Eine herbstliche Girlande mit Kastanien gibt es <a href=\"http:\/\/www.sabine-seyffert.de\/blog\/?p=4659\" target=\"_blank\" rel=\"noopener\">hier<\/a> als detaillierte Anleitung, alles zum Thema Herbst findet Ihr in <a href=\"http:\/\/www.sabine-seyffert.de\/blog\/?cat=25\" target=\"_blank\" rel=\"noopener\">dieser Rubrik<\/a> und andere kreative Sachen <a href=\"http:\/\/www.creadienstag.de\/2016\/09\/247.html\" target=\"_blank\" rel=\"noopener\">dort<\/a>!<\/p>\n<p style=\"text-align: center;\"><a href=\"http:\/\/www.sabine-seyffert.de\/blog\/wp-content\/uploads\/2016\/09\/Kastanienherz-1.jpg\"><img loading=\"lazy\" decoding=\"async\" class=\"alignnone size-full wp-image-8370\" src=\"http:\/\/www.sabine-seyffert.de\/blog\/wp-content\/uploads\/2016\/09\/Kastanienherz-1.jpg\" alt=\"kastanienherz-1\" width=\"800\" height=\"600\" srcset=\"https:\/\/www.sabine-seyffert.de\/blog\/wp-content\/uploads\/2016\/09\/Kastanienherz-1.jpg 800w, https:\/\/www.sabine-seyffert.de\/blog\/wp-content\/uploads\/2016\/09\/Kastanienherz-1-300x225.jpg 300w, https:\/\/www.sabine-seyffert.de\/blog\/wp-content\/uploads\/2016\/09\/Kastanienherz-1-768x576.jpg 768w\" sizes=\"auto, (max-width: 800px) 100vw, 800px\" \/><\/a><\/p>\n<p><a href=\"http:\/\/www.sabine-seyffert.de\/blog\/?page_id=32#urheberrecht\">urheberrechtlich gesch\u00fctzt<\/a>, \u00a9 Sabine Seyffert<\/p>\n","protected":false},"excerpt":{"rendered":"<p>Wenn sich der Sommer ganz langsam verabschiedet und im September die ersten Kastanien von den B\u00e4umen fallen, dann freu ich mich richtig auf den bevorstehenden Herbst. Auch wenn es mir in diesem Jahr durch das wunderbar warme Wetter ausgesprochen schwer f\u00e4llt\u2026 Daher habe ich mich am Wochenende riesig dar\u00fcber gefreut ein paar Kastanien zu finden&#8230;. <a href=\"https:\/\/www.sabine-seyffert.de\/blog\/diy-fuer-den-herbst-hurra-der-herbst-ist-da-stimmungsvolle-bastelidee-mit-kastanien-und-perlen\/\" class=\"more-link\">Read more: DIY f\u00fcr den Herbst: Hurra, der Herbst ist da \u2013 Stimmungsvolle Bastelidee mit Kastanien und Perlen<\/a><\/p>\n","protected":false},"author":2,"featured_media":0,"comment_status":"open","ping_status":"open","sticky":false,"template":"","format":"standard","meta":{"_metis_text_type":"","_metis_text_length":2059,"_post_count":0,"footnotes":""},"categories":[12,25],"tags":[],"class_list":["post-8363","post","type-post","status-publish","format-standard","hentry","category-deko-ideen","category-herbst"],"_links":{"self":[{"href":"https:\/\/www.sabine-seyffert.de\/blog\/wp-json\/wp\/v2\/posts\/8363","targetHints":{"allow":["GET"]}}],"collection":[{"href":"https:\/\/www.sabine-seyffert.de\/blog\/wp-json\/wp\/v2\/posts"}],"about":[{"href":"https:\/\/www.sabine-seyffert.de\/blog\/wp-json\/wp\/v2\/types\/post"}],"author":[{"embeddable":true,"href":"https:\/\/www.sabine-seyffert.de\/blog\/wp-json\/wp\/v2\/users\/2"}],"replies":[{"embeddable":true,"href":"https:\/\/www.sabine-seyffert.de\/blog\/wp-json\/wp\/v2\/comments?post=8363"}],"version-history":[{"count":4,"href":"https:\/\/www.sabine-seyffert.de\/blog\/wp-json\/wp\/v2\/posts\/8363\/revisions"}],"predecessor-version":[{"id":24120,"href":"https:\/\/www.sabine-seyffert.de\/blog\/wp-json\/wp\/v2\/posts\/8363\/revisions\/24120"}],"wp:attachment":[{"href":"https:\/\/www.sabine-seyffert.de\/blog\/wp-json\/wp\/v2\/media?parent=8363"}],"wp:term":[{"taxonomy":"category","embeddable":true,"href":"https:\/\/www.sabine-seyffert.de\/blog\/wp-json\/wp\/v2\/categories?post=8363"},{"taxonomy":"post_tag","embeddable":true,"href":"https:\/\/www.sabine-seyffert.de\/blog\/wp-json\/wp\/v2\/tags?post=8363"}],"curies":[{"name":"wp","href":"https:\/\/api.w.org\/{rel}","templated":true}]}}