{"id":8306,"date":"2016-09-16T10:22:08","date_gmt":"2016-09-16T08:22:08","guid":{"rendered":"http:\/\/www.sabine-seyffert.de\/blog\/?p=8306"},"modified":"2017-03-01T11:37:15","modified_gmt":"2017-03-01T09:37:15","slug":"rezeptidee-fuer-warme-sommertage-koestlicher-nudelsalat-mit-curry-als-mittagessen","status":"publish","type":"post","link":"https:\/\/www.sabine-seyffert.de\/blog\/rezeptidee-fuer-warme-sommertage-koestlicher-nudelsalat-mit-curry-als-mittagessen\/","title":{"rendered":"Rezeptidee f\u00fcr warme Sommertage: K\u00f6stlicher Nudelsalat mit Curry als Mittagessen"},"content":{"rendered":"<p style=\"text-align: justify;\"><img loading=\"lazy\" decoding=\"async\" src=\"https:\/\/ssl-vg03.met.vgwort.de\/na\/1e8840522afc4545a41aebbcf7ee7cfb\" alt=\"\" width=\"1\" height=\"1\" \/>Da bei uns Pasta hoch im Kurs steht, wandert regelm\u00e4\u00dfig eine Sch\u00fcssel mit leckerem Nudelsalat auf unseren Tisch. Der schmeckt nicht nur im Sommer an lauen Grillabenden oder fr\u00f6hlichen Sommerpartys sondern auch als Mittagsmahlzeit an warmen Tagen wie diesen. Immer derselbe Salat w\u00e4re nat\u00fcrlich langweilig, daher gibt es hier mal wieder eine neue, recht w\u00fcrzige Variante, die besonders den gr\u00f6\u00dferen Essern schmeckt.<\/p>\n<p style=\"text-align: center;\"><a href=\"http:\/\/www.sabine-seyffert.de\/blog\/wp-content\/uploads\/2016\/09\/Curry-Nudelsalat-9.jpg\"><img loading=\"lazy\" decoding=\"async\" class=\"alignnone size-full wp-image-8307\" src=\"http:\/\/www.sabine-seyffert.de\/blog\/wp-content\/uploads\/2016\/09\/Curry-Nudelsalat-9.jpg\" alt=\"curry-nudelsalat-9\" width=\"800\" height=\"598\" srcset=\"https:\/\/www.sabine-seyffert.de\/blog\/wp-content\/uploads\/2016\/09\/Curry-Nudelsalat-9.jpg 800w, https:\/\/www.sabine-seyffert.de\/blog\/wp-content\/uploads\/2016\/09\/Curry-Nudelsalat-9-300x224.jpg 300w, https:\/\/www.sabine-seyffert.de\/blog\/wp-content\/uploads\/2016\/09\/Curry-Nudelsalat-9-768x574.jpg 768w\" sizes=\"auto, (max-width: 800px) 100vw, 800px\" \/><\/a><\/p>\n<p style=\"text-align: justify;\"><strong>Das wird gebraucht:<\/strong><br \/>\n300 gr Erbsen (tiefgefroren), 100 gr getrocknete, eingelegte Tomaten, 1 reife Avocado, 1 Zwiebel, 200 gr mittelalten Gouda, 1 Bund Fr\u00fchlingszwiebeln, 500 gr. Nudeln, 4 Eier, 1 TL Curry, Salz, Pfeffer, 2 Salatl\u00f6ffel Essig (heller Balsamico), 500 gr Salatcreme, 150 gr. Naturjoghurt<\/p>\n<p style=\"text-align: center;\"><a href=\"http:\/\/www.sabine-seyffert.de\/blog\/wp-content\/uploads\/2016\/09\/Curry-Nudelsalat-4.jpg\"><img loading=\"lazy\" decoding=\"async\" class=\"alignnone size-full wp-image-8308\" src=\"http:\/\/www.sabine-seyffert.de\/blog\/wp-content\/uploads\/2016\/09\/Curry-Nudelsalat-4.jpg\" alt=\"curry-nudelsalat-4\" width=\"800\" height=\"600\" srcset=\"https:\/\/www.sabine-seyffert.de\/blog\/wp-content\/uploads\/2016\/09\/Curry-Nudelsalat-4.jpg 800w, https:\/\/www.sabine-seyffert.de\/blog\/wp-content\/uploads\/2016\/09\/Curry-Nudelsalat-4-300x225.jpg 300w, https:\/\/www.sabine-seyffert.de\/blog\/wp-content\/uploads\/2016\/09\/Curry-Nudelsalat-4-768x576.jpg 768w\" sizes=\"auto, (max-width: 800px) 100vw, 800px\" \/><\/a><\/p>\n<p style=\"text-align: justify;\"><strong>So wird\u2019s gemacht:<\/strong><br \/>\nAls erstes kocht man die Nudeln nach Packungsbeilage, bis diese bissfest sind. Dann gie\u00dft man sie ab und l\u00e4sst sie ausk\u00fchlen. Die Erbsen gibt man in einen kleinen Topf mit Wasser und kocht diese einige Minuten. Wenn sie gar sind, gie\u00dft man diese ebenfalls ab und kann sie unter die Nudeln heben.<\/p>\n<p style=\"text-align: center;\"><a href=\"http:\/\/www.sabine-seyffert.de\/blog\/wp-content\/uploads\/2016\/09\/Curry-Nudelsalat-8.jpg\"><img loading=\"lazy\" decoding=\"async\" class=\"alignnone size-full wp-image-8309\" src=\"http:\/\/www.sabine-seyffert.de\/blog\/wp-content\/uploads\/2016\/09\/Curry-Nudelsalat-8.jpg\" alt=\"curry-nudelsalat-8\" width=\"800\" height=\"578\" srcset=\"https:\/\/www.sabine-seyffert.de\/blog\/wp-content\/uploads\/2016\/09\/Curry-Nudelsalat-8.jpg 800w, https:\/\/www.sabine-seyffert.de\/blog\/wp-content\/uploads\/2016\/09\/Curry-Nudelsalat-8-300x217.jpg 300w, https:\/\/www.sabine-seyffert.de\/blog\/wp-content\/uploads\/2016\/09\/Curry-Nudelsalat-8-768x555.jpg 768w\" sizes=\"auto, (max-width: 800px) 100vw, 800px\" \/><\/a><\/p>\n<p style=\"text-align: justify;\">Die Eier anpieksen und ca. 10 Minuten kochen, absch\u00fctten und ebenfalls erkalten lassen. Eine gro\u00dfe Salatsch\u00fcssel bereitstellen. Jetzt sch\u00e4lt man die Zwiebel und w\u00fcrfelt diese in kleine St\u00fccke. Die Avocado von der Schale befreien, den Kern entfernen und ebenfalls klein schneiden.<\/p>\n<p style=\"text-align: center;\"><a href=\"http:\/\/www.sabine-seyffert.de\/blog\/wp-content\/uploads\/2016\/09\/Curry-Nudelsalat-5.jpg\"><img loading=\"lazy\" decoding=\"async\" class=\"alignnone size-full wp-image-8310\" src=\"http:\/\/www.sabine-seyffert.de\/blog\/wp-content\/uploads\/2016\/09\/Curry-Nudelsalat-5.jpg\" alt=\"curry-nudelsalat-5\" width=\"800\" height=\"600\" srcset=\"https:\/\/www.sabine-seyffert.de\/blog\/wp-content\/uploads\/2016\/09\/Curry-Nudelsalat-5.jpg 800w, https:\/\/www.sabine-seyffert.de\/blog\/wp-content\/uploads\/2016\/09\/Curry-Nudelsalat-5-300x225.jpg 300w, https:\/\/www.sabine-seyffert.de\/blog\/wp-content\/uploads\/2016\/09\/Curry-Nudelsalat-5-768x576.jpg 768w\" sizes=\"auto, (max-width: 800px) 100vw, 800px\" \/><\/a><\/p>\n<p style=\"text-align: justify;\">Die Fr\u00fchlingszwiebeln s\u00e4ubern, vom unteren und oberen Rand befreien und in schmale Ringe schneiden. Die Tomaten abtropfen lassen und in d\u00fcnne Streifen schneiden. Wem das zu gro\u00df ist, kann diese auch noch kleiner machen, was allerdings recht m\u00fchsam ist, da sich die Tomaten in dem getrockneten, eingelegten Zustand nicht so gut schneiden lassen.<\/p>\n<p style=\"text-align: center;\"><a href=\"http:\/\/www.sabine-seyffert.de\/blog\/wp-content\/uploads\/2016\/09\/Curry-Nudelsalat-7.jpg\"><img loading=\"lazy\" decoding=\"async\" class=\"alignnone size-full wp-image-8311\" src=\"http:\/\/www.sabine-seyffert.de\/blog\/wp-content\/uploads\/2016\/09\/Curry-Nudelsalat-7.jpg\" alt=\"curry-nudelsalat-7\" width=\"800\" height=\"600\" srcset=\"https:\/\/www.sabine-seyffert.de\/blog\/wp-content\/uploads\/2016\/09\/Curry-Nudelsalat-7.jpg 800w, https:\/\/www.sabine-seyffert.de\/blog\/wp-content\/uploads\/2016\/09\/Curry-Nudelsalat-7-300x225.jpg 300w, https:\/\/www.sabine-seyffert.de\/blog\/wp-content\/uploads\/2016\/09\/Curry-Nudelsalat-7-768x576.jpg 768w\" sizes=\"auto, (max-width: 800px) 100vw, 800px\" \/><\/a><\/p>\n<p style=\"text-align: justify;\">Nun kommt der K\u00e4se an die Reihe. Von diesem schneidet man die Rinde ab und w\u00fcrfelt diesen ganz klein. Alternativ kann man den K\u00e4se auch grob reiben. \u00dcber die zerkleinerten Zutaten, gibt man nun die Salatcreme, den Joghurt, den Essig und alle Gew\u00fcrze. Alles vermengen und abschmecken.<\/p>\n<p style=\"text-align: center;\"><a href=\"http:\/\/www.sabine-seyffert.de\/blog\/wp-content\/uploads\/2016\/09\/Curry-Nudelsalat-6.jpg\"><img loading=\"lazy\" decoding=\"async\" class=\"alignnone size-full wp-image-8312\" src=\"http:\/\/www.sabine-seyffert.de\/blog\/wp-content\/uploads\/2016\/09\/Curry-Nudelsalat-6.jpg\" alt=\"curry-nudelsalat-6\" width=\"800\" height=\"600\" srcset=\"https:\/\/www.sabine-seyffert.de\/blog\/wp-content\/uploads\/2016\/09\/Curry-Nudelsalat-6.jpg 800w, https:\/\/www.sabine-seyffert.de\/blog\/wp-content\/uploads\/2016\/09\/Curry-Nudelsalat-6-300x225.jpg 300w, https:\/\/www.sabine-seyffert.de\/blog\/wp-content\/uploads\/2016\/09\/Curry-Nudelsalat-6-768x576.jpg 768w\" sizes=\"auto, (max-width: 800px) 100vw, 800px\" \/><\/a><\/p>\n<p style=\"text-align: justify;\">Inzwischen sollten auch die Nudeln und Erbsen ausgek\u00fchlt sein. Diese kann man jetzt mit in die Salatsch\u00fcssel geben und nochmals gr\u00fcndlich vermengen.<\/p>\n<p style=\"text-align: center;\"><a href=\"http:\/\/www.sabine-seyffert.de\/blog\/wp-content\/uploads\/2016\/09\/Curry-Nudelsalat-3.jpg\"><img loading=\"lazy\" decoding=\"async\" class=\"alignnone size-full wp-image-8313\" src=\"http:\/\/www.sabine-seyffert.de\/blog\/wp-content\/uploads\/2016\/09\/Curry-Nudelsalat-3.jpg\" alt=\"curry-nudelsalat-3\" width=\"800\" height=\"600\" srcset=\"https:\/\/www.sabine-seyffert.de\/blog\/wp-content\/uploads\/2016\/09\/Curry-Nudelsalat-3.jpg 800w, https:\/\/www.sabine-seyffert.de\/blog\/wp-content\/uploads\/2016\/09\/Curry-Nudelsalat-3-300x225.jpg 300w, https:\/\/www.sabine-seyffert.de\/blog\/wp-content\/uploads\/2016\/09\/Curry-Nudelsalat-3-768x576.jpg 768w\" sizes=\"auto, (max-width: 800px) 100vw, 800px\" \/><\/a><\/p>\n<p style=\"text-align: justify;\">Zum Schluss die Eier pellen und entweder als feine W\u00fcrfel unter den Salat geben oder vierteln und damit den Salat verzieren.<\/p>\n<p style=\"text-align: center;\"><a href=\"http:\/\/www.sabine-seyffert.de\/blog\/wp-content\/uploads\/2016\/09\/Curry-Nudelsalat-2.jpg\"><img loading=\"lazy\" decoding=\"async\" class=\"alignnone size-full wp-image-8314\" src=\"http:\/\/www.sabine-seyffert.de\/blog\/wp-content\/uploads\/2016\/09\/Curry-Nudelsalat-2.jpg\" alt=\"curry-nudelsalat-2\" width=\"800\" height=\"600\" srcset=\"https:\/\/www.sabine-seyffert.de\/blog\/wp-content\/uploads\/2016\/09\/Curry-Nudelsalat-2.jpg 800w, https:\/\/www.sabine-seyffert.de\/blog\/wp-content\/uploads\/2016\/09\/Curry-Nudelsalat-2-300x225.jpg 300w, https:\/\/www.sabine-seyffert.de\/blog\/wp-content\/uploads\/2016\/09\/Curry-Nudelsalat-2-768x576.jpg 768w\" sizes=\"auto, (max-width: 800px) 100vw, 800px\" \/><\/a><\/p>\n<p style=\"text-align: justify;\">Weitere herzhafte Rezepte findet Ihr \u00fcbrigens in <a href=\"http:\/\/www.sabine-seyffert.de\/blog\/?cat=30\" target=\"_blank\">dieser Rubrik<\/a>!<\/p>\n<p style=\"text-align: center;\"><a href=\"http:\/\/www.sabine-seyffert.de\/blog\/wp-content\/uploads\/2016\/09\/Curry-Nudelsalat-1.jpg\"><img loading=\"lazy\" decoding=\"async\" class=\"alignnone size-full wp-image-8315\" src=\"http:\/\/www.sabine-seyffert.de\/blog\/wp-content\/uploads\/2016\/09\/Curry-Nudelsalat-1.jpg\" alt=\"curry-nudelsalat-1\" width=\"800\" height=\"600\" srcset=\"https:\/\/www.sabine-seyffert.de\/blog\/wp-content\/uploads\/2016\/09\/Curry-Nudelsalat-1.jpg 800w, https:\/\/www.sabine-seyffert.de\/blog\/wp-content\/uploads\/2016\/09\/Curry-Nudelsalat-1-300x225.jpg 300w, https:\/\/www.sabine-seyffert.de\/blog\/wp-content\/uploads\/2016\/09\/Curry-Nudelsalat-1-768x576.jpg 768w\" sizes=\"auto, (max-width: 800px) 100vw, 800px\" \/><\/a><\/p>\n<p style=\"text-align: justify;\"><a href=\"http:\/\/www.sabine-seyffert.de\/blog\/?page_id=32#urheberrecht\">urheberrechtlich gesch\u00fctzt<\/a>, \u00a9 Sabine Seyffert<\/p>\n","protected":false},"excerpt":{"rendered":"<p>Da bei uns Pasta hoch im Kurs steht, wandert regelm\u00e4\u00dfig eine Sch\u00fcssel mit leckerem Nudelsalat auf unseren Tisch. Der schmeckt nicht nur im Sommer an lauen Grillabenden oder fr\u00f6hlichen Sommerpartys sondern auch als Mittagsmahlzeit an warmen Tagen wie diesen. Immer derselbe Salat w\u00e4re nat\u00fcrlich langweilig, daher gibt es hier mal wieder eine neue, recht w\u00fcrzige&#8230; <a href=\"https:\/\/www.sabine-seyffert.de\/blog\/rezeptidee-fuer-warme-sommertage-koestlicher-nudelsalat-mit-curry-als-mittagessen\/\" class=\"more-link\">Read more: Rezeptidee f\u00fcr warme Sommertage: K\u00f6stlicher Nudelsalat mit Curry als Mittagessen<\/a><\/p>\n","protected":false},"author":2,"featured_media":0,"comment_status":"open","ping_status":"open","sticky":false,"template":"","format":"standard","meta":{"_metis_text_type":"","_metis_text_length":2323,"_post_count":0,"footnotes":""},"categories":[30],"tags":[],"class_list":["post-8306","post","type-post","status-publish","format-standard","hentry","category-rezepte-herzhaft"],"_links":{"self":[{"href":"https:\/\/www.sabine-seyffert.de\/blog\/wp-json\/wp\/v2\/posts\/8306","targetHints":{"allow":["GET"]}}],"collection":[{"href":"https:\/\/www.sabine-seyffert.de\/blog\/wp-json\/wp\/v2\/posts"}],"about":[{"href":"https:\/\/www.sabine-seyffert.de\/blog\/wp-json\/wp\/v2\/types\/post"}],"author":[{"embeddable":true,"href":"https:\/\/www.sabine-seyffert.de\/blog\/wp-json\/wp\/v2\/users\/2"}],"replies":[{"embeddable":true,"href":"https:\/\/www.sabine-seyffert.de\/blog\/wp-json\/wp\/v2\/comments?post=8306"}],"version-history":[{"count":3,"href":"https:\/\/www.sabine-seyffert.de\/blog\/wp-json\/wp\/v2\/posts\/8306\/revisions"}],"predecessor-version":[{"id":8318,"href":"https:\/\/www.sabine-seyffert.de\/blog\/wp-json\/wp\/v2\/posts\/8306\/revisions\/8318"}],"wp:attachment":[{"href":"https:\/\/www.sabine-seyffert.de\/blog\/wp-json\/wp\/v2\/media?parent=8306"}],"wp:term":[{"taxonomy":"category","embeddable":true,"href":"https:\/\/www.sabine-seyffert.de\/blog\/wp-json\/wp\/v2\/categories?post=8306"},{"taxonomy":"post_tag","embeddable":true,"href":"https:\/\/www.sabine-seyffert.de\/blog\/wp-json\/wp\/v2\/tags?post=8306"}],"curies":[{"name":"wp","href":"https:\/\/api.w.org\/{rel}","templated":true}]}}