{"id":8273,"date":"2016-09-11T09:03:22","date_gmt":"2016-09-11T07:03:22","guid":{"rendered":"http:\/\/www.sabine-seyffert.de\/blog\/?p=8273"},"modified":"2018-06-27T10:35:05","modified_gmt":"2018-06-27T08:35:05","slug":"ausflugstipp-fuer-familien-auf-gehts-ins-sauerland-zum-spielen-klettern-und-rutschen-im-panorama-park","status":"publish","type":"post","link":"https:\/\/www.sabine-seyffert.de\/blog\/ausflugstipp-fuer-familien-auf-gehts-ins-sauerland-zum-spielen-klettern-und-rutschen-im-panorama-park\/","title":{"rendered":"Ausflugstipp f\u00fcr Familien: Auf geht\u2019s ins Sauerland zum Spielen, Klettern und Rutschen im Panorama Park"},"content":{"rendered":"<p style=\"text-align: justify;\"><img loading=\"lazy\" decoding=\"async\" src=\"https:\/\/ssl-vg03.met.vgwort.de\/na\/ad1b8e55cc914a47a3171c1caf35cf69\" alt=\"\" width=\"1\" height=\"1\" \/>Heute gibt es einen ganz wunderbaren Tipp f\u00fcr Familien mit j\u00fcngeren Kindern und all diejenigen, die gerne im Gr\u00fcnen und der Natur unterwegs sind. Denn wir machen uns auf ins sch\u00f6ne Sauerland. Das liegt zwar nicht direkt um die Ecke, aber das Wetter eignet sich prima f\u00fcr einen Tagesausflug.<\/p>\n<p style=\"text-align: center;\"><a href=\"http:\/\/www.sabine-seyffert.de\/blog\/wp-content\/uploads\/2016\/09\/A-Panorama-0.jpg\"><img loading=\"lazy\" decoding=\"async\" class=\"alignnone size-full wp-image-8274\" src=\"http:\/\/www.sabine-seyffert.de\/blog\/wp-content\/uploads\/2016\/09\/A-Panorama-0.jpg\" alt=\"a-panorama-0\" width=\"800\" height=\"600\" srcset=\"https:\/\/www.sabine-seyffert.de\/blog\/wp-content\/uploads\/2016\/09\/A-Panorama-0.jpg 800w, https:\/\/www.sabine-seyffert.de\/blog\/wp-content\/uploads\/2016\/09\/A-Panorama-0-300x225.jpg 300w, https:\/\/www.sabine-seyffert.de\/blog\/wp-content\/uploads\/2016\/09\/A-Panorama-0-768x576.jpg 768w\" sizes=\"auto, (max-width: 800px) 100vw, 800px\" \/><\/a><\/p>\n<p style=\"text-align: justify;\">Schon bei der Fahrt zum Park schl\u00e4ngeln sich die Wege durch die Berge, Felder, Wiesen und tolle W\u00e4lder. Das Sonnenlicht schimmert auf den gr\u00fcnen Moosteppich, der sich die den ganzen Wald zu strecken scheint. Da m\u00f6chte man am liebsten gleich anhalten und zu Fu\u00df weiter wandern.<\/p>\n<p style=\"text-align: center;\"><a href=\"http:\/\/www.sabine-seyffert.de\/blog\/wp-content\/uploads\/2016\/09\/A-Panorama-Baum-Springbrunnen.jpg\"><img loading=\"lazy\" decoding=\"async\" class=\"alignnone size-full wp-image-8275\" src=\"http:\/\/www.sabine-seyffert.de\/blog\/wp-content\/uploads\/2016\/09\/A-Panorama-Baum-Springbrunnen.jpg\" alt=\"a-panorama-baum-springbrunnen\" width=\"600\" height=\"800\" srcset=\"https:\/\/www.sabine-seyffert.de\/blog\/wp-content\/uploads\/2016\/09\/A-Panorama-Baum-Springbrunnen.jpg 600w, https:\/\/www.sabine-seyffert.de\/blog\/wp-content\/uploads\/2016\/09\/A-Panorama-Baum-Springbrunnen-225x300.jpg 225w\" sizes=\"auto, (max-width: 600px) 100vw, 600px\" \/><\/a><\/p>\n<p style=\"text-align: justify;\">Im Park spazieren wir zuerst zu einer langen Rennstrecke. Diesen Parcours kann man mit dem Kettcar und verschiedenen Dreir\u00e4dern bestreiten und muss dabei kr\u00e4ftig in die Pedale treten. Genau das Richtige nach der l\u00e4ngeren Anfahrt!<\/p>\n<p style=\"text-align: center;\"><a href=\"http:\/\/www.sabine-seyffert.de\/blog\/wp-content\/uploads\/2016\/09\/A-Panorama-Parcoursstrecke.jpg\"><img loading=\"lazy\" decoding=\"async\" class=\"alignnone size-full wp-image-8276\" src=\"http:\/\/www.sabine-seyffert.de\/blog\/wp-content\/uploads\/2016\/09\/A-Panorama-Parcoursstrecke.jpg\" alt=\"a-panorama-parcoursstrecke\" width=\"800\" height=\"600\" srcset=\"https:\/\/www.sabine-seyffert.de\/blog\/wp-content\/uploads\/2016\/09\/A-Panorama-Parcoursstrecke.jpg 800w, https:\/\/www.sabine-seyffert.de\/blog\/wp-content\/uploads\/2016\/09\/A-Panorama-Parcoursstrecke-300x225.jpg 300w, https:\/\/www.sabine-seyffert.de\/blog\/wp-content\/uploads\/2016\/09\/A-Panorama-Parcoursstrecke-768x576.jpg 768w\" sizes=\"auto, (max-width: 800px) 100vw, 800px\" \/><\/a><\/p>\n<p style=\"text-align: justify;\">Den n\u00e4chsten Stopp legen wir bei den Trampolinen ein. Hier darf nach Herzenslust gesprungen und geh\u00fcpft werden. Wer hat wohl die l\u00e4ngste Ausdauer?<\/p>\n<p style=\"text-align: center;\"><a href=\"http:\/\/www.sabine-seyffert.de\/blog\/wp-content\/uploads\/2016\/09\/A-Panorama-Trampolin.jpg\"><img loading=\"lazy\" decoding=\"async\" class=\"alignnone size-full wp-image-8277\" src=\"http:\/\/www.sabine-seyffert.de\/blog\/wp-content\/uploads\/2016\/09\/A-Panorama-Trampolin.jpg\" alt=\"a-panorama-trampolin\" width=\"600\" height=\"800\" srcset=\"https:\/\/www.sabine-seyffert.de\/blog\/wp-content\/uploads\/2016\/09\/A-Panorama-Trampolin.jpg 600w, https:\/\/www.sabine-seyffert.de\/blog\/wp-content\/uploads\/2016\/09\/A-Panorama-Trampolin-225x300.jpg 225w\" sizes=\"auto, (max-width: 600px) 100vw, 600px\" \/><\/a><\/p>\n<p style=\"text-align: justify;\">Gleich gegen\u00fcber darf man sein K\u00f6nnen an Einr\u00e4dern testen. Gar nicht so leicht wie es aussieht, oder? Vor allen Dingen den Helm nicht vergessen!<\/p>\n<p style=\"text-align: center;\"><a href=\"http:\/\/www.sabine-seyffert.de\/blog\/wp-content\/uploads\/2016\/09\/A-Panorama-Kletterparcours-Trampolin.jpg\"><img loading=\"lazy\" decoding=\"async\" class=\"alignnone size-full wp-image-8278\" src=\"http:\/\/www.sabine-seyffert.de\/blog\/wp-content\/uploads\/2016\/09\/A-Panorama-Kletterparcours-Trampolin.jpg\" alt=\"a-panorama-kletterparcours-trampolin\" width=\"600\" height=\"800\" srcset=\"https:\/\/www.sabine-seyffert.de\/blog\/wp-content\/uploads\/2016\/09\/A-Panorama-Kletterparcours-Trampolin.jpg 600w, https:\/\/www.sabine-seyffert.de\/blog\/wp-content\/uploads\/2016\/09\/A-Panorama-Kletterparcours-Trampolin-225x300.jpg 225w\" sizes=\"auto, (max-width: 600px) 100vw, 600px\" \/><\/a><\/p>\n<p style=\"text-align: justify;\">Direkt daneben liegt die Biberburg. Hier kann man herrlich nach oben klettern. Und wer dies geschafft hat, kann wieder hinunterrutschen oder einen der anderen Wege nach Unten nehmen.<\/p>\n<p style=\"text-align: center;\"><a href=\"http:\/\/www.sabine-seyffert.de\/blog\/wp-content\/uploads\/2016\/09\/A-Panorama-Doppel-2-klein.jpg\"><img loading=\"lazy\" decoding=\"async\" class=\"alignnone size-full wp-image-8279\" src=\"http:\/\/www.sabine-seyffert.de\/blog\/wp-content\/uploads\/2016\/09\/A-Panorama-Doppel-2-klein.jpg\" alt=\"a-panorama-doppel-2-klein\" width=\"800\" height=\"599\" srcset=\"https:\/\/www.sabine-seyffert.de\/blog\/wp-content\/uploads\/2016\/09\/A-Panorama-Doppel-2-klein.jpg 800w, https:\/\/www.sabine-seyffert.de\/blog\/wp-content\/uploads\/2016\/09\/A-Panorama-Doppel-2-klein-300x225.jpg 300w, https:\/\/www.sabine-seyffert.de\/blog\/wp-content\/uploads\/2016\/09\/A-Panorama-Doppel-2-klein-768x575.jpg 768w\" sizes=\"auto, (max-width: 800px) 100vw, 800px\" \/><\/a><\/p>\n<p style=\"text-align: justify;\">Auch das Piratenland ist nicht mehr weit. Ein echtes Kletterparadies f\u00fcr kleine Seer\u00e4uber.<\/p>\n<p style=\"text-align: justify;\"><a href=\"http:\/\/www.sabine-seyffert.de\/blog\/wp-content\/uploads\/2016\/09\/A-Panorama-Doppel-3-klein.jpg\"><img loading=\"lazy\" decoding=\"async\" class=\"size-full wp-image-8282 aligncenter\" src=\"http:\/\/www.sabine-seyffert.de\/blog\/wp-content\/uploads\/2016\/09\/A-Panorama-Doppel-3-klein.jpg\" alt=\"a-panorama-doppel-3-klein\" width=\"801\" height=\"600\" srcset=\"https:\/\/www.sabine-seyffert.de\/blog\/wp-content\/uploads\/2016\/09\/A-Panorama-Doppel-3-klein.jpg 801w, https:\/\/www.sabine-seyffert.de\/blog\/wp-content\/uploads\/2016\/09\/A-Panorama-Doppel-3-klein-300x225.jpg 300w, https:\/\/www.sabine-seyffert.de\/blog\/wp-content\/uploads\/2016\/09\/A-Panorama-Doppel-3-klein-768x575.jpg 768w\" sizes=\"auto, (max-width: 801px) 100vw, 801px\" \/><\/a><\/p>\n<p style=\"text-align: justify;\">Wir haben Gl\u00fcck und kommen genau zur richtigen Zeit, denn es findet gerade die F\u00fctterung bei den Ottern statt. Und die scheinen ganz sch\u00f6n hungrig zu sein!<\/p>\n<p style=\"text-align: center;\"><a href=\"http:\/\/www.sabine-seyffert.de\/blog\/wp-content\/uploads\/2016\/09\/A-Panorama-Doppel-4-klein.jpg\"><img loading=\"lazy\" decoding=\"async\" class=\"alignnone size-full wp-image-8283\" src=\"http:\/\/www.sabine-seyffert.de\/blog\/wp-content\/uploads\/2016\/09\/A-Panorama-Doppel-4-klein.jpg\" alt=\"a-panorama-doppel-4-klein\" width=\"800\" height=\"600\" srcset=\"https:\/\/www.sabine-seyffert.de\/blog\/wp-content\/uploads\/2016\/09\/A-Panorama-Doppel-4-klein.jpg 800w, https:\/\/www.sabine-seyffert.de\/blog\/wp-content\/uploads\/2016\/09\/A-Panorama-Doppel-4-klein-300x225.jpg 300w, https:\/\/www.sabine-seyffert.de\/blog\/wp-content\/uploads\/2016\/09\/A-Panorama-Doppel-4-klein-768x576.jpg 768w\" sizes=\"auto, (max-width: 800px) 100vw, 800px\" \/><\/a><\/p>\n<p style=\"text-align: justify;\">Danach besuchen wir den Streichelzoo, bevor es in Richtung Fichtenflitzer geht, der Sommerrodelbahn. Ein riesen Spa\u00df f\u00fcr die ganze Familie, auch wenn man hier Wartezeiten in Kauf nehmen muss.<\/p>\n<p style=\"text-align: center;\"><a href=\"http:\/\/www.sabine-seyffert.de\/blog\/wp-content\/uploads\/2016\/09\/A-Panoramapark-Wichteldorf.jpg\"><img loading=\"lazy\" decoding=\"async\" class=\"alignnone size-full wp-image-8281\" src=\"http:\/\/www.sabine-seyffert.de\/blog\/wp-content\/uploads\/2016\/09\/A-Panoramapark-Wichteldorf.jpg\" alt=\"a-panoramapark-wichteldorf\" width=\"800\" height=\"600\" srcset=\"https:\/\/www.sabine-seyffert.de\/blog\/wp-content\/uploads\/2016\/09\/A-Panoramapark-Wichteldorf.jpg 800w, https:\/\/www.sabine-seyffert.de\/blog\/wp-content\/uploads\/2016\/09\/A-Panoramapark-Wichteldorf-300x225.jpg 300w, https:\/\/www.sabine-seyffert.de\/blog\/wp-content\/uploads\/2016\/09\/A-Panoramapark-Wichteldorf-768x576.jpg 768w\" sizes=\"auto, (max-width: 800px) 100vw, 800px\" \/><\/a><\/p>\n<p style=\"text-align: justify;\">Danach fahren wir mit der Seilbahn zum oberen Parkteil. Hier wartet eine riesengro\u00dfe Gr\u00fcnfl\u00e4che und ein echtes Spielplatzparadies f\u00fcr j\u00fcngere Kinder. Ob die riesengro\u00dfen H\u00fcpfkissen, das gr\u00fcne Labyrinth, das hutzelige Wichteldorf oder das traumhaft sch\u00f6ne Reich der Libelle \u2013 hier wird es garantiert nicht langweilig. Und f\u00fcr die Gro\u00dfen Besucher stehen auf den Wiesen reichliche Liegest\u00fchle bereit, w\u00e4hrend die kleinen munter toben.<\/p>\n<p style=\"text-align: center;\"><a href=\"http:\/\/www.sabine-seyffert.de\/blog\/wp-content\/uploads\/2016\/09\/A-Panorama-Doppel-klein.jpg\"><img loading=\"lazy\" decoding=\"async\" class=\"alignnone size-full wp-image-8284\" src=\"http:\/\/www.sabine-seyffert.de\/blog\/wp-content\/uploads\/2016\/09\/A-Panorama-Doppel-klein.jpg\" alt=\"a-panorama-doppel-klein\" width=\"825\" height=\"600\" srcset=\"https:\/\/www.sabine-seyffert.de\/blog\/wp-content\/uploads\/2016\/09\/A-Panorama-Doppel-klein.jpg 825w, https:\/\/www.sabine-seyffert.de\/blog\/wp-content\/uploads\/2016\/09\/A-Panorama-Doppel-klein-300x218.jpg 300w, https:\/\/www.sabine-seyffert.de\/blog\/wp-content\/uploads\/2016\/09\/A-Panorama-Doppel-klein-768x559.jpg 768w\" sizes=\"auto, (max-width: 825px) 100vw, 825px\" \/><\/a><\/p>\n<p style=\"text-align: justify;\">W\u00e4hrend die H\u00e4lfte unserer Familie f\u00fcr den R\u00fcckweg wieder die Seilbahn nutzt, spaziert der Rest lieber zu Fu\u00df. Dieser Weg schl\u00e4ngelt sich durch Wald und Gr\u00fcn und an einem kleinen Teich entlang. Wer keinen Kinderwagen schiebt oder mit Bollerwagen unterwegs ist, kann da und dort auch Treppen als Abk\u00fcrzung nehmen.<\/p>\n<p style=\"text-align: center;\"><a href=\"http:\/\/www.sabine-seyffert.de\/blog\/wp-content\/uploads\/2016\/09\/A-Panorama-T\u00fcrmchen.jpg\"><img loading=\"lazy\" decoding=\"async\" class=\"alignnone size-full wp-image-8285\" src=\"http:\/\/www.sabine-seyffert.de\/blog\/wp-content\/uploads\/2016\/09\/A-Panorama-T\u00fcrmchen.jpg\" alt=\"a-panorama-tuermchen\" width=\"600\" height=\"800\" srcset=\"https:\/\/www.sabine-seyffert.de\/blog\/wp-content\/uploads\/2016\/09\/A-Panorama-T\u00fcrmchen.jpg 600w, https:\/\/www.sabine-seyffert.de\/blog\/wp-content\/uploads\/2016\/09\/A-Panorama-T\u00fcrmchen-225x300.jpg 225w\" sizes=\"auto, (max-width: 600px) 100vw, 600px\" \/><\/a><\/p>\n<p style=\"text-align: justify;\">So kommen wir auch an den Teppichrutschen vorbei, die wir uns nat\u00fcrlich nicht entgehen lassen. Wer f\u00fcrs \u201ealleine\u201c Rutschen noch zu klein ist, kommt einfach auf den Scho\u00df (wie auch bei der Sommerrodelbahn) und ganz mutige k\u00f6nnen auch die super steile Abfahrt w\u00e4hlen, die durch einen Tunnel hindurchf\u00fchrt.<\/p>\n<p style=\"text-align: center;\"><a href=\"http:\/\/www.sabine-seyffert.de\/blog\/wp-content\/uploads\/2016\/09\/A-Panorama-Doppel-5-klein.jpg\"><img loading=\"lazy\" decoding=\"async\" class=\"alignnone size-full wp-image-8280\" src=\"http:\/\/www.sabine-seyffert.de\/blog\/wp-content\/uploads\/2016\/09\/A-Panorama-Doppel-5-klein.jpg\" alt=\"a-panorama-doppel-5-klein\" width=\"800\" height=\"600\" srcset=\"https:\/\/www.sabine-seyffert.de\/blog\/wp-content\/uploads\/2016\/09\/A-Panorama-Doppel-5-klein.jpg 800w, https:\/\/www.sabine-seyffert.de\/blog\/wp-content\/uploads\/2016\/09\/A-Panorama-Doppel-5-klein-300x225.jpg 300w, https:\/\/www.sabine-seyffert.de\/blog\/wp-content\/uploads\/2016\/09\/A-Panorama-Doppel-5-klein-768x576.jpg 768w\" sizes=\"auto, (max-width: 800px) 100vw, 800px\" \/><\/a><\/p>\n<p style=\"text-align: justify;\">Ein herzlicher Dank an das Team vom Park f\u00fcr die Erlaubnis meine gemachten Fotos ver\u00f6ffentlichen zu d\u00fcrfen!<\/p>\n<p><a href=\"http:\/\/www.sabine-seyffert.de\/blog\/?page_id=32#urheberrecht\">urheberrechtlich gesch\u00fctzt<\/a>, \u00a9 Sabine Seyffert<\/p>\n","protected":false},"excerpt":{"rendered":"<p>Heute gibt es einen ganz wunderbaren Tipp f\u00fcr Familien mit j\u00fcngeren Kindern und all diejenigen, die gerne im Gr\u00fcnen und der Natur unterwegs sind. Denn wir machen uns auf ins sch\u00f6ne Sauerland. Das liegt zwar nicht direkt um die Ecke, aber das Wetter eignet sich prima f\u00fcr einen Tagesausflug. Schon bei der Fahrt zum Park&#8230; <a href=\"https:\/\/www.sabine-seyffert.de\/blog\/ausflugstipp-fuer-familien-auf-gehts-ins-sauerland-zum-spielen-klettern-und-rutschen-im-panorama-park\/\" class=\"more-link\">Read more: Ausflugstipp f\u00fcr Familien: Auf geht\u2019s ins Sauerland zum Spielen, Klettern und Rutschen im Panorama Park<\/a><\/p>\n","protected":false},"author":2,"featured_media":8280,"comment_status":"open","ping_status":"open","sticky":false,"template":"","format":"standard","meta":{"_metis_text_type":"","_metis_text_length":2914,"_post_count":0,"footnotes":""},"categories":[39,24,10],"tags":[],"class_list":["post-8273","post","type-post","status-publish","format-standard","has-post-thumbnail","hentry","category-ausfluge-co","category-sommer","category-spiel-spas"],"_links":{"self":[{"href":"https:\/\/www.sabine-seyffert.de\/blog\/wp-json\/wp\/v2\/posts\/8273","targetHints":{"allow":["GET"]}}],"collection":[{"href":"https:\/\/www.sabine-seyffert.de\/blog\/wp-json\/wp\/v2\/posts"}],"about":[{"href":"https:\/\/www.sabine-seyffert.de\/blog\/wp-json\/wp\/v2\/types\/post"}],"author":[{"embeddable":true,"href":"https:\/\/www.sabine-seyffert.de\/blog\/wp-json\/wp\/v2\/users\/2"}],"replies":[{"embeddable":true,"href":"https:\/\/www.sabine-seyffert.de\/blog\/wp-json\/wp\/v2\/comments?post=8273"}],"version-history":[{"count":9,"href":"https:\/\/www.sabine-seyffert.de\/blog\/wp-json\/wp\/v2\/posts\/8273\/revisions"}],"predecessor-version":[{"id":12910,"href":"https:\/\/www.sabine-seyffert.de\/blog\/wp-json\/wp\/v2\/posts\/8273\/revisions\/12910"}],"wp:featuredmedia":[{"embeddable":true,"href":"https:\/\/www.sabine-seyffert.de\/blog\/wp-json\/wp\/v2\/media\/8280"}],"wp:attachment":[{"href":"https:\/\/www.sabine-seyffert.de\/blog\/wp-json\/wp\/v2\/media?parent=8273"}],"wp:term":[{"taxonomy":"category","embeddable":true,"href":"https:\/\/www.sabine-seyffert.de\/blog\/wp-json\/wp\/v2\/categories?post=8273"},{"taxonomy":"post_tag","embeddable":true,"href":"https:\/\/www.sabine-seyffert.de\/blog\/wp-json\/wp\/v2\/tags?post=8273"}],"curies":[{"name":"wp","href":"https:\/\/api.w.org\/{rel}","templated":true}]}}