{"id":8248,"date":"2016-09-06T05:38:17","date_gmt":"2016-09-06T03:38:17","guid":{"rendered":"http:\/\/www.sabine-seyffert.de\/blog\/?p=8248"},"modified":"2022-12-02T19:57:39","modified_gmt":"2022-12-02T17:57:39","slug":"naehen-macht-gluecklich-nicht-nur-brot-und-broetchen-werden-im-stoffbeutel-gekauft-nun-auch-baguettes","status":"publish","type":"post","link":"https:\/\/www.sabine-seyffert.de\/blog\/naehen-macht-gluecklich-nicht-nur-brot-und-broetchen-werden-im-stoffbeutel-gekauft-nun-auch-baguettes\/","title":{"rendered":"N\u00e4hen macht gl\u00fccklich: Nicht nur Brot und Br\u00f6tchen werden im Stoffbeutel gekauft \u2013 nun auch Baguettes"},"content":{"rendered":"<p style=\"text-align: justify;\"><img loading=\"lazy\" decoding=\"async\" src=\"https:\/\/ssl-vg03.met.vgwort.de\/na\/0b84a158c7c04d089cb980596301e3c5\" alt=\"\" width=\"1\" height=\"1\" \/>Erinnert ihr euch noch an den selbst <a href=\"http:\/\/www.sabine-seyffert.de\/blog\/?p=5953\" target=\"_blank\" rel=\"noopener\">gen\u00e4hten Br\u00f6tchenbeutel<\/a> sowie den <a href=\"http:\/\/www.sabine-seyffert.de\/blog\/?p=6178\" target=\"_blank\" rel=\"noopener\">Brotsack<\/a> und die Folgen beim Einkaufen in der B\u00e4ckerei, von denen ich im letzten Jahr berichtet habe? Inzwischen habe ich verschiedene B\u00e4ckereien beim Einkauf von Backwaren ausprobiert und bis auf das unsch\u00f6ne Erlebnis in meiner Lieblingsb\u00e4ckerei war es erfreulicherweise nirgendwo ein gr\u00f6\u00dferes Problem. Selbst im Urlaub habe ich die selbst gemachten Einkaufsbeutel beim Einkaufen und beim B\u00e4cker getestet \u2013 auch hier gab es keinerlei Einw\u00e4nde. Aus diesem Grunde habe ich nun noch einen weiteren Beutel angefertigt um meine Eink\u00e4ufe in der B\u00e4ckerei komplett zu machen!<\/p>\n<p style=\"text-align: center;\"><a href=\"http:\/\/www.sabine-seyffert.de\/blog\/wp-content\/uploads\/2016\/09\/Baguette-Tasche-2.jpg\" rel=\"attachment wp-att-8249\"><img loading=\"lazy\" decoding=\"async\" class=\"alignnone size-full wp-image-8249\" src=\"http:\/\/www.sabine-seyffert.de\/blog\/wp-content\/uploads\/2016\/09\/Baguette-Tasche-2.jpg\" alt=\"Baguette Tasche 2\" width=\"800\" height=\"600\" srcset=\"https:\/\/www.sabine-seyffert.de\/blog\/wp-content\/uploads\/2016\/09\/Baguette-Tasche-2.jpg 800w, https:\/\/www.sabine-seyffert.de\/blog\/wp-content\/uploads\/2016\/09\/Baguette-Tasche-2-300x225.jpg 300w, https:\/\/www.sabine-seyffert.de\/blog\/wp-content\/uploads\/2016\/09\/Baguette-Tasche-2-768x576.jpg 768w\" sizes=\"auto, (max-width: 800px) 100vw, 800px\" \/><\/a><\/p>\n<p style=\"text-align: justify;\"><strong>Das wird gebraucht:<\/strong><br \/>\nFesteren Baumwollstoff, etwa 50 cm breite Kordel (diese sollte waschbar sein!), Stoffschere, N\u00e4hgarn, N\u00e4hmaschine, Buchstabenvorlage, Vliesofix, B\u00fcgeleisen und B\u00fcgelbrett<\/p>\n<p style=\"text-align: center;\"><a href=\"http:\/\/www.sabine-seyffert.de\/blog\/wp-content\/uploads\/2016\/09\/Baguette-Tasche-8.jpg\" rel=\"attachment wp-att-8250\"><img loading=\"lazy\" decoding=\"async\" class=\"alignnone size-full wp-image-8250\" src=\"http:\/\/www.sabine-seyffert.de\/blog\/wp-content\/uploads\/2016\/09\/Baguette-Tasche-8.jpg\" alt=\"Baguette Tasche 8\" width=\"800\" height=\"600\" srcset=\"https:\/\/www.sabine-seyffert.de\/blog\/wp-content\/uploads\/2016\/09\/Baguette-Tasche-8.jpg 800w, https:\/\/www.sabine-seyffert.de\/blog\/wp-content\/uploads\/2016\/09\/Baguette-Tasche-8-300x225.jpg 300w, https:\/\/www.sabine-seyffert.de\/blog\/wp-content\/uploads\/2016\/09\/Baguette-Tasche-8-768x576.jpg 768w\" sizes=\"auto, (max-width: 800px) 100vw, 800px\" \/><\/a><\/p>\n<p style=\"text-align: justify;\"><strong>So wird\u2019s gemacht:<\/strong><br \/>\nWenn sich Besuch ank\u00fcndigt, mal ein festliches B\u00fcffet ansteht, ein geselliger Grillnachmittag oder ein gem\u00fctlicher Spieleabend bei uns startet, gibt es h\u00e4ufig Baguette. Allerdings passt dies schon von der L\u00e4nge her leider nicht in meinen Stoffbeutel.<\/p>\n<p style=\"text-align: center;\"><a href=\"http:\/\/www.sabine-seyffert.de\/blog\/wp-content\/uploads\/2016\/09\/Baguette-Tasche-7.jpg\" rel=\"attachment wp-att-8251\"><img loading=\"lazy\" decoding=\"async\" class=\"alignnone size-full wp-image-8251\" src=\"http:\/\/www.sabine-seyffert.de\/blog\/wp-content\/uploads\/2016\/09\/Baguette-Tasche-7.jpg\" alt=\"Baguette Tasche 7\" width=\"800\" height=\"600\" srcset=\"https:\/\/www.sabine-seyffert.de\/blog\/wp-content\/uploads\/2016\/09\/Baguette-Tasche-7.jpg 800w, https:\/\/www.sabine-seyffert.de\/blog\/wp-content\/uploads\/2016\/09\/Baguette-Tasche-7-300x225.jpg 300w, https:\/\/www.sabine-seyffert.de\/blog\/wp-content\/uploads\/2016\/09\/Baguette-Tasche-7-768x576.jpg 768w\" sizes=\"auto, (max-width: 800px) 100vw, 800px\" \/><\/a><\/p>\n<p style=\"text-align: justify;\">Also habe ich ganz spontan noch einen Beutel f\u00fcr Kn\u00fcppelbrot, Ciabatta und Baguette gen\u00e4ht. Daf\u00fcr habe ich eine alten Baguetteverpackung ausgemessen und in dieser L\u00e4nge einen Stoffbeutel gen\u00e4ht. Die detaillierte Anleitung daf\u00fcr findet ihr <a href=\"http:\/\/www.sabine-seyffert.de\/blog\/?p=5953\" target=\"_blank\" rel=\"noopener\">hier<\/a>.<\/p>\n<p style=\"text-align: center;\"><a href=\"http:\/\/www.sabine-seyffert.de\/blog\/wp-content\/uploads\/2016\/09\/Baguette-Tasche-6.jpg\" rel=\"attachment wp-att-8252\"><img loading=\"lazy\" decoding=\"async\" class=\"alignnone size-full wp-image-8252\" src=\"http:\/\/www.sabine-seyffert.de\/blog\/wp-content\/uploads\/2016\/09\/Baguette-Tasche-6.jpg\" alt=\"Baguette Tasche 6\" width=\"800\" height=\"600\" srcset=\"https:\/\/www.sabine-seyffert.de\/blog\/wp-content\/uploads\/2016\/09\/Baguette-Tasche-6.jpg 800w, https:\/\/www.sabine-seyffert.de\/blog\/wp-content\/uploads\/2016\/09\/Baguette-Tasche-6-300x225.jpg 300w, https:\/\/www.sabine-seyffert.de\/blog\/wp-content\/uploads\/2016\/09\/Baguette-Tasche-6-768x576.jpg 768w\" sizes=\"auto, (max-width: 800px) 100vw, 800px\" \/><\/a><\/p>\n<p style=\"text-align: justify;\">In dem Fall habe ich den Stoff doppelt gen\u00e4ht um dem Beutel mehr Halt zu geben und den Schriftzug Ahoi appliziert. Von den Farben und Muster her passt Beutel Nummer drei perfekt zu den anderen B\u00e4ckert\u00fcten und gemeinsam habe ich nun das perfekte Trio f\u00fcr den Einkauf zur Hand!<\/p>\n<p style=\"text-align: center;\"><a href=\"http:\/\/www.sabine-seyffert.de\/blog\/wp-content\/uploads\/2016\/09\/Baguette-Tasche-4.jpg\" rel=\"attachment wp-att-8253\"><img loading=\"lazy\" decoding=\"async\" class=\"alignnone size-full wp-image-8253\" src=\"http:\/\/www.sabine-seyffert.de\/blog\/wp-content\/uploads\/2016\/09\/Baguette-Tasche-4.jpg\" alt=\"Baguette Tasche 4\" width=\"800\" height=\"600\" srcset=\"https:\/\/www.sabine-seyffert.de\/blog\/wp-content\/uploads\/2016\/09\/Baguette-Tasche-4.jpg 800w, https:\/\/www.sabine-seyffert.de\/blog\/wp-content\/uploads\/2016\/09\/Baguette-Tasche-4-300x225.jpg 300w, https:\/\/www.sabine-seyffert.de\/blog\/wp-content\/uploads\/2016\/09\/Baguette-Tasche-4-768x576.jpg 768w\" sizes=\"auto, (max-width: 800px) 100vw, 800px\" \/><\/a><\/p>\n<p style=\"text-align: justify;\">\u00dcbrigens m\u00f6chte ich euch zum Schluss noch schnell von einem Erlebnis in der B\u00e4ckerei erz\u00e4hlen, dass ich vor kurzem gehabt habe. F\u00fcr ein ganzt\u00e4giges Handballturnier meine Tochter habe ich am Wochenende morgens den B\u00e4cker aufgesucht und war f\u00fcr die Br\u00f6tchenversorgung eine gr\u00f6\u00dfere Truppe verantwortlich. Da jeder davon andere W\u00fcnsche hatte habe ich ausnahmsweise einmal ohne meine Stoffbeutel eingekauft, damit ich die gew\u00fcnschten Br\u00f6tchenbestellungen nach dem Schmieren jeweils separat einpacken und beschriften konnte. Als ich an der Theke stand und den ersten Schwung Br\u00f6tchen orderte hielt die Verk\u00e4uferin kurz inne und meinte: \u201eEntschuldigung, haben sie ihren Beutel heute nicht dabei oder sollen die Br\u00f6tchen in eine normale T\u00fcte?!\u201c<\/p>\n<p style=\"text-align: center;\"><a href=\"http:\/\/www.sabine-seyffert.de\/blog\/wp-content\/uploads\/2016\/09\/Baguette-Tasche-1.jpg\" rel=\"attachment wp-att-8254\"><img loading=\"lazy\" decoding=\"async\" class=\"alignnone size-full wp-image-8254\" src=\"http:\/\/www.sabine-seyffert.de\/blog\/wp-content\/uploads\/2016\/09\/Baguette-Tasche-1.jpg\" alt=\"Baguette Tasche 1\" width=\"800\" height=\"600\" srcset=\"https:\/\/www.sabine-seyffert.de\/blog\/wp-content\/uploads\/2016\/09\/Baguette-Tasche-1.jpg 800w, https:\/\/www.sabine-seyffert.de\/blog\/wp-content\/uploads\/2016\/09\/Baguette-Tasche-1-300x225.jpg 300w, https:\/\/www.sabine-seyffert.de\/blog\/wp-content\/uploads\/2016\/09\/Baguette-Tasche-1-768x576.jpg 768w\" sizes=\"auto, (max-width: 800px) 100vw, 800px\" \/><\/a><\/p>\n<p style=\"text-align: justify;\">Weitere selbst gen\u00e4hte Dinge findet Ihr in <a href=\"http:\/\/www.sabine-seyffert.de\/blog\/?cat=33\" target=\"_blank\" rel=\"noopener\">dieser Rubrik<\/a> und andere kreative Sachen <a href=\"http:\/\/www.creadienstag.de\/2016\/08\/244.html\" target=\"_blank\" rel=\"noopener\">dort<\/a>!<\/p>\n<p style=\"text-align: center;\"><a href=\"http:\/\/www.sabine-seyffert.de\/blog\/wp-content\/uploads\/2016\/09\/Baguette-Tasche-3.jpg\" rel=\"attachment wp-att-8255\"><img loading=\"lazy\" decoding=\"async\" class=\"alignnone size-full wp-image-8255\" src=\"http:\/\/www.sabine-seyffert.de\/blog\/wp-content\/uploads\/2016\/09\/Baguette-Tasche-3.jpg\" alt=\"Baguette Tasche 3\" width=\"800\" height=\"600\" srcset=\"https:\/\/www.sabine-seyffert.de\/blog\/wp-content\/uploads\/2016\/09\/Baguette-Tasche-3.jpg 800w, https:\/\/www.sabine-seyffert.de\/blog\/wp-content\/uploads\/2016\/09\/Baguette-Tasche-3-300x225.jpg 300w, https:\/\/www.sabine-seyffert.de\/blog\/wp-content\/uploads\/2016\/09\/Baguette-Tasche-3-768x576.jpg 768w\" sizes=\"auto, (max-width: 800px) 100vw, 800px\" \/><\/a><\/p>\n<p style=\"text-align: justify;\"><a href=\"http:\/\/www.sabine-seyffert.de\/blog\/?page_id=32#urheberrecht\">urheberrechtlich gesch\u00fctzt<\/a>, \u00a9 Sabine Seyffert<\/p>\n","protected":false},"excerpt":{"rendered":"<p>Erinnert ihr euch noch an den selbst gen\u00e4hten Br\u00f6tchenbeutel sowie den Brotsack und die Folgen beim Einkaufen in der B\u00e4ckerei, von denen ich im letzten Jahr berichtet habe? Inzwischen habe ich verschiedene B\u00e4ckereien beim Einkauf von Backwaren ausprobiert und bis auf das unsch\u00f6ne Erlebnis in meiner Lieblingsb\u00e4ckerei war es erfreulicherweise nirgendwo ein gr\u00f6\u00dferes Problem. Selbst&#8230; <a href=\"https:\/\/www.sabine-seyffert.de\/blog\/naehen-macht-gluecklich-nicht-nur-brot-und-broetchen-werden-im-stoffbeutel-gekauft-nun-auch-baguettes\/\" class=\"more-link\">Read more: N\u00e4hen macht gl\u00fccklich: Nicht nur Brot und Br\u00f6tchen werden im Stoffbeutel gekauft \u2013 nun auch Baguettes<\/a><\/p>\n","protected":false},"author":2,"featured_media":8255,"comment_status":"open","ping_status":"open","sticky":false,"template":"","format":"standard","meta":{"_metis_text_type":"","_metis_text_length":2494,"_post_count":0,"footnotes":""},"categories":[33],"tags":[],"class_list":["post-8248","post","type-post","status-publish","format-standard","has-post-thumbnail","hentry","category-kreative-naherein"],"_links":{"self":[{"href":"https:\/\/www.sabine-seyffert.de\/blog\/wp-json\/wp\/v2\/posts\/8248","targetHints":{"allow":["GET"]}}],"collection":[{"href":"https:\/\/www.sabine-seyffert.de\/blog\/wp-json\/wp\/v2\/posts"}],"about":[{"href":"https:\/\/www.sabine-seyffert.de\/blog\/wp-json\/wp\/v2\/types\/post"}],"author":[{"embeddable":true,"href":"https:\/\/www.sabine-seyffert.de\/blog\/wp-json\/wp\/v2\/users\/2"}],"replies":[{"embeddable":true,"href":"https:\/\/www.sabine-seyffert.de\/blog\/wp-json\/wp\/v2\/comments?post=8248"}],"version-history":[{"count":5,"href":"https:\/\/www.sabine-seyffert.de\/blog\/wp-json\/wp\/v2\/posts\/8248\/revisions"}],"predecessor-version":[{"id":24567,"href":"https:\/\/www.sabine-seyffert.de\/blog\/wp-json\/wp\/v2\/posts\/8248\/revisions\/24567"}],"wp:featuredmedia":[{"embeddable":true,"href":"https:\/\/www.sabine-seyffert.de\/blog\/wp-json\/wp\/v2\/media\/8255"}],"wp:attachment":[{"href":"https:\/\/www.sabine-seyffert.de\/blog\/wp-json\/wp\/v2\/media?parent=8248"}],"wp:term":[{"taxonomy":"category","embeddable":true,"href":"https:\/\/www.sabine-seyffert.de\/blog\/wp-json\/wp\/v2\/categories?post=8248"},{"taxonomy":"post_tag","embeddable":true,"href":"https:\/\/www.sabine-seyffert.de\/blog\/wp-json\/wp\/v2\/tags?post=8248"}],"curies":[{"name":"wp","href":"https:\/\/api.w.org\/{rel}","templated":true}]}}