{"id":8237,"date":"2016-09-03T08:03:20","date_gmt":"2016-09-03T06:03:20","guid":{"rendered":"http:\/\/www.sabine-seyffert.de\/blog\/?p=8237"},"modified":"2018-06-26T17:43:24","modified_gmt":"2018-06-26T15:43:24","slug":"kinder-interview-mit-handballprofi-christian-hosse-vom-handball-bundesligist-bergischer-hc-06","status":"publish","type":"post","link":"https:\/\/www.sabine-seyffert.de\/blog\/kinder-interview-mit-handballprofi-christian-hosse-vom-handball-bundesligist-bergischer-hc-06\/","title":{"rendered":"Kinder-Interview mit Handballprofi Christian Ho\u00dfe vom Handball Bundesligist Bergischer HC 06"},"content":{"rendered":"<p style=\"text-align: justify;\"><img loading=\"lazy\" decoding=\"async\" src=\"https:\/\/ssl-vg03.met.vgwort.de\/na\/d12f0432c8984d61a42790533236f734\" alt=\"\" width=\"1\" height=\"1\" \/>\u00dcber 500 Blogeintr\u00e4ge sind mittlerweile hier zu finden, aber f\u00fcr keinen dieser Beitr\u00e4ge habe ich derart lange gesessen, \u00fcberlegt, umformuliert und dann doch wieder ganz von vorne begonnen. Und das, obwohl das betreffende Interview nicht mal von mir stammt\u2026 Aber jetzt der Reihe nach, damit Ihr wisst, wof\u00fcr meine Tochter <a href=\"http:\/\/www.sabine-seyffert.de\/blog\/?p=8209\" target=\"_blank\" rel=\"noopener\">die L\u00f6wen am Stiel<\/a> gebraucht hat:<\/p>\n<p style=\"text-align: center;\"><a href=\"http:\/\/www.sabine-seyffert.de\/blog\/wp-content\/uploads\/2016\/09\/Ball.jpg\" rel=\"attachment wp-att-8238\"><img loading=\"lazy\" decoding=\"async\" class=\"alignnone size-full wp-image-8238\" src=\"http:\/\/www.sabine-seyffert.de\/blog\/wp-content\/uploads\/2016\/09\/Ball.jpg\" alt=\"Ball\" width=\"800\" height=\"600\" srcset=\"https:\/\/www.sabine-seyffert.de\/blog\/wp-content\/uploads\/2016\/09\/Ball.jpg 800w, https:\/\/www.sabine-seyffert.de\/blog\/wp-content\/uploads\/2016\/09\/Ball-300x225.jpg 300w, https:\/\/www.sabine-seyffert.de\/blog\/wp-content\/uploads\/2016\/09\/Ball-768x576.jpg 768w\" sizes=\"auto, (max-width: 800px) 100vw, 800px\" \/><\/a><\/p>\n<p style=\"text-align: justify;\">Letztes Jahr im Sommer verk\u00fcndete uns unsere Tochter stolz, sie sei nun Mitglied der Sch\u00fclerzeitung und d\u00fcrfe f\u00fcr diese Artikel schreiben. Dazu h\u00e4tte sie auch schon gleich eine Idee \u2013 da sie selbst Handball spielt, w\u00e4re es doch toll einen der Profihandballer des <a href=\"https:\/\/de.wikipedia.org\/wiki\/Bergischer_HC\" target=\"_blank\" rel=\"noopener\">Erstligisten BHC<\/a> zu interviewen. Generell eine tolle Idee \u2013 allerdings kennen wir nat\u00fcrlich keinen Handballspieler aus der Bundesliga pers\u00f6nlich. Und diese Sportler haben mit Sicherheit auch weder Lust, noch Zeit oder Interesse daran, einer 8 j\u00e4hrigen Sch\u00fclerin ein Interview zu geben.<br \/>\nAber unsere Tochter lies nicht locker. Vor einem Handballspiel kam unsere J\u00fcngste dann mit einem Zettel voller Frage, die sie sich f\u00fcr das Interview ausgedacht hatte.<\/p>\n<p style=\"text-align: justify;\"><a href=\"http:\/\/www.sabine-seyffert.de\/blog\/wp-content\/uploads\/2016\/09\/Sch\u00fclerzeitung-4.jpg\" rel=\"attachment wp-att-8239\"><img loading=\"lazy\" decoding=\"async\" class=\"size-full wp-image-8239 aligncenter\" src=\"http:\/\/www.sabine-seyffert.de\/blog\/wp-content\/uploads\/2016\/09\/Sch\u00fclerzeitung-4.jpg\" alt=\"Sch\u00fclerzeitung 4\" width=\"800\" height=\"600\" srcset=\"https:\/\/www.sabine-seyffert.de\/blog\/wp-content\/uploads\/2016\/09\/Sch\u00fclerzeitung-4.jpg 800w, https:\/\/www.sabine-seyffert.de\/blog\/wp-content\/uploads\/2016\/09\/Sch\u00fclerzeitung-4-300x225.jpg 300w, https:\/\/www.sabine-seyffert.de\/blog\/wp-content\/uploads\/2016\/09\/Sch\u00fclerzeitung-4-768x576.jpg 768w\" sizes=\"auto, (max-width: 800px) 100vw, 800px\" \/><\/a><br \/>\nW\u00e4hrend nach dem Spiel etliche Kinder am Spielfeldrand darauf warteten von den Handballstars Autogramme zu ergattern, stand meine Tochter da mit Block, Stift und den notierten Fragen.<br \/>\nUnd da kam ihr ein gl\u00fccklicher Zufall zur Hilfe. Einer der Spieler konnte verletzungsbedingt nicht mitspielen und sa\u00df am Spielfeldrand: Christian Ho\u00dfe. Es kostete sie zwar eine gro\u00dfe Portion Mut, aber dann fragte sie ihn, ob er bereit w\u00e4re f\u00fcr eine Sch\u00fclerzeitung ein paar Fragen zu beantworten. Und das war er :-). Vollkommen entspannt und ausgesprochen offen lauschte der Handballprofi den ganzen Fragen. Was das f\u00fcr Fragen waren und was Christian Ho\u00dfe meiner Tochter darauf geantwortet hat, darf ich euch hier verraten:<\/p>\n<p style=\"text-align: center;\"><a href=\"http:\/\/www.sabine-seyffert.de\/blog\/wp-content\/uploads\/2016\/09\/Sch\u00fclerzeitung.jpg\" rel=\"attachment wp-att-8240\"><img loading=\"lazy\" decoding=\"async\" class=\"alignnone size-full wp-image-8240\" src=\"http:\/\/www.sabine-seyffert.de\/blog\/wp-content\/uploads\/2016\/09\/Sch\u00fclerzeitung.jpg\" alt=\"Sch\u00fclerzeitung\" width=\"800\" height=\"600\" srcset=\"https:\/\/www.sabine-seyffert.de\/blog\/wp-content\/uploads\/2016\/09\/Sch\u00fclerzeitung.jpg 800w, https:\/\/www.sabine-seyffert.de\/blog\/wp-content\/uploads\/2016\/09\/Sch\u00fclerzeitung-300x225.jpg 300w, https:\/\/www.sabine-seyffert.de\/blog\/wp-content\/uploads\/2016\/09\/Sch\u00fclerzeitung-768x576.jpg 768w\" sizes=\"auto, (max-width: 800px) 100vw, 800px\" \/><\/a><\/p>\n<p style=\"text-align: justify;\"><strong>Name:<\/strong> Christian Ho\u00dfe<\/p>\n<p style=\"text-align: justify;\"><strong>Trikotnummer:<\/strong> 4<\/p>\n<p style=\"text-align: justify;\"><strong>Position:<\/strong> Links Au\u00dfen<\/p>\n<p style=\"text-align: justify;\"><strong>Wie alt sind Sie?<\/strong> 26 Jahre<\/p>\n<p style=\"text-align: justify;\"><strong>Wie alt waren Sie als Sie angefangen haben Handball zu spielen?<\/strong> Mit 4 Jahren<\/p>\n<p style=\"text-align: justify;\"><strong>Wie viel Stunden am Tag machen Sie Sport?<\/strong><br \/>\nDas ist ganz unterschiedlich. An Tagen, an denen nur einmal trainiert wird sind es 2 Stunden. Manchmal wird auch 2x pro Tag trainiert, dann sind es ungef\u00e4hr 3,5 Stunden.<\/p>\n<p style=\"text-align: justify;\"><strong>Wie oft trainieren Sie in der Woche?<\/strong> 7-8 Mal<\/p>\n<p style=\"text-align: justify;\"><strong>In welchem Verein haben Sie angefangen?<\/strong> DJK Unitas Haan<\/p>\n<p style=\"text-align: justify;\"><strong>Haben Sie damals schon daran gedacht Profi Handballer in der 1. Liga zu werden?<\/strong> Nein<\/p>\n<p style=\"text-align: justify;\"><strong>Seit wann sind Sie beim BHC?<\/strong> Seit 2007<\/p>\n<p style=\"text-align: justify;\"><strong>Das sch\u00f6ne Erlebnis beim BHC?<\/strong> Da gibt es eine ganze Menge! Besonders sch\u00f6n war der Klassenerhalt der letzten beiden Jahre. Und nat\u00fcrlich die beiden Aufstiege in die erste Liga!<\/p>\n<p style=\"text-align: justify;\"><strong>Wollten Sie schon immer Handball spielen?<\/strong> Ja<\/p>\n<p style=\"text-align: justify;\"><strong>M\u00f6gen Sie auch andere Sportarten? Wenn ja, welche?<\/strong> Tennis<\/p>\n<p style=\"text-align: justify;\"><strong>Gibt es weitere Handballspieler in Ihrer Familie?<\/strong> Ja! Meine Mutter hat Handball gespielt (in der 2. Liga), mein Vater auch, als Torwart. Ich wollte damals auch unbedingt Torwart werden, aber mein Vater hat es verboten. Jetzt bin ich dar\u00fcber auch ganz froh. Und meine Schwester, die dann allerdings nur kurz und lieber tanzt.<\/p>\n<p style=\"text-align: justify;\"><strong>Kommen Sie aus Wuppertal?<\/strong> Nein, aus Haan.<\/p>\n<p style=\"text-align: center;\"><a href=\"http:\/\/www.sabine-seyffert.de\/blog\/wp-content\/uploads\/2016\/09\/CH.jpg\" rel=\"attachment wp-att-8241\"><img loading=\"lazy\" decoding=\"async\" class=\"alignnone size-full wp-image-8241\" src=\"http:\/\/www.sabine-seyffert.de\/blog\/wp-content\/uploads\/2016\/09\/CH.jpg\" alt=\"CH\" width=\"600\" height=\"725\" srcset=\"https:\/\/www.sabine-seyffert.de\/blog\/wp-content\/uploads\/2016\/09\/CH.jpg 600w, https:\/\/www.sabine-seyffert.de\/blog\/wp-content\/uploads\/2016\/09\/CH-248x300.jpg 248w\" sizes=\"auto, (max-width: 600px) 100vw, 600px\" \/><\/a><\/p>\n<p style=\"text-align: justify;\">Nun ist die Sch\u00fclerzeitung letzte Woche endlich erschienen. Ehrensache, dass ein Exemplar als kleines Dankesch\u00f6n an den Handballprofi mit der Trikotnummer 4 ging, der bei meiner Tochter seitdem jedoch ungeschlagen auf Platz Nummer 1 der Lieblingshandballspieler kursiert. Selbst das eindrucksvolle <a href=\"http:\/\/www.sabine-seyffert.de\/blog\/?p=7220\" target=\"_blank\" rel=\"noopener\">Handballtraining mit Vereinskollege Maximilian Wei\u00df<\/a> im April dieses Jahres konnte daran nichts \u00e4ndern.<\/p>\n<p style=\"text-align: center;\"><a href=\"http:\/\/www.sabine-seyffert.de\/blog\/wp-content\/uploads\/2016\/09\/Sch\u00fclerzeitung-1.jpg\" rel=\"attachment wp-att-8242\"><img loading=\"lazy\" decoding=\"async\" class=\"alignnone size-full wp-image-8242\" src=\"http:\/\/www.sabine-seyffert.de\/blog\/wp-content\/uploads\/2016\/09\/Sch\u00fclerzeitung-1.jpg\" alt=\"Sch\u00fclerzeitung 1\" width=\"800\" height=\"600\" srcset=\"https:\/\/www.sabine-seyffert.de\/blog\/wp-content\/uploads\/2016\/09\/Sch\u00fclerzeitung-1.jpg 800w, https:\/\/www.sabine-seyffert.de\/blog\/wp-content\/uploads\/2016\/09\/Sch\u00fclerzeitung-1-300x225.jpg 300w, https:\/\/www.sabine-seyffert.de\/blog\/wp-content\/uploads\/2016\/09\/Sch\u00fclerzeitung-1-768x576.jpg 768w\" sizes=\"auto, (max-width: 800px) 100vw, 800px\" \/><\/a><\/p>\n<p style=\"text-align: justify;\">Die Sch\u00fclerzeitung haben wir verpackt und passend zum Trikot in den Vereinsfarben hellblau-wei\u00df gestaltet. Au\u00dferdem wurde dies mit einem selbst gemachtem Schriftzug \u201eHo\u00dfe\u201c gekennzeichnet, damit die Verpackung dem Trikot m\u00f6glichst \u00e4hnlich ist.<\/p>\n<p style=\"text-align: justify;\"><a href=\"http:\/\/www.sabine-seyffert.de\/blog\/wp-content\/uploads\/2016\/09\/Sch\u00fclerzeitung-5.jpg\" rel=\"attachment wp-att-8243\"><img loading=\"lazy\" decoding=\"async\" class=\"size-full wp-image-8243 aligncenter\" src=\"http:\/\/www.sabine-seyffert.de\/blog\/wp-content\/uploads\/2016\/09\/Sch\u00fclerzeitung-5.jpg\" alt=\"Sch\u00fclerzeitung 5\" width=\"600\" height=\"800\" srcset=\"https:\/\/www.sabine-seyffert.de\/blog\/wp-content\/uploads\/2016\/09\/Sch\u00fclerzeitung-5.jpg 600w, https:\/\/www.sabine-seyffert.de\/blog\/wp-content\/uploads\/2016\/09\/Sch\u00fclerzeitung-5-225x300.jpg 225w\" sizes=\"auto, (max-width: 600px) 100vw, 600px\" \/><\/a><\/p>\n<p style=\"text-align: justify;\">Und auf dringenden Wunsch meiner Tochter wurde das von mir <a href=\"http:\/\/www.sabine-seyffert.de\/blog\/?p=6907\" target=\"_blank\" rel=\"noopener\">entworfene L\u00f6wentrikot<\/a> inzwischen kurzerhand erweitert: Dies tr\u00e4gt nun ebenfalls die Nummer 4 und den \u201eHosse\u201c Schriftzug wie beim Original. Auch wenn schon zahlreiche Teamkollegen vom BHC dieses Shirt mit ihrem Autogramm verziert haben \u2013 so fehlt bislang noch die Unterschrift von Lieblingsspieler Christian Ho\u00dfe. Das k\u00f6nnen wir hoffentlich im Laufe der neuen Saison nachholen.<\/p>\n<p style=\"text-align: center;\"><a href=\"http:\/\/www.sabine-seyffert.de\/blog\/wp-content\/uploads\/2016\/09\/L\u00f6wenshirt-klein.jpg\" rel=\"attachment wp-att-8244\"><img loading=\"lazy\" decoding=\"async\" class=\"alignnone size-full wp-image-8244\" src=\"http:\/\/www.sabine-seyffert.de\/blog\/wp-content\/uploads\/2016\/09\/L\u00f6wenshirt-klein.jpg\" alt=\"L\u00f6wenshirt klein\" width=\"800\" height=\"533\" srcset=\"https:\/\/www.sabine-seyffert.de\/blog\/wp-content\/uploads\/2016\/09\/L\u00f6wenshirt-klein.jpg 800w, https:\/\/www.sabine-seyffert.de\/blog\/wp-content\/uploads\/2016\/09\/L\u00f6wenshirt-klein-300x200.jpg 300w, https:\/\/www.sabine-seyffert.de\/blog\/wp-content\/uploads\/2016\/09\/L\u00f6wenshirt-klein-768x512.jpg 768w\" sizes=\"auto, (max-width: 800px) 100vw, 800px\" \/><\/a><\/p>\n<p style=\"text-align: justify;\">Ein ganz herzlicher Dank an dieser Stelle nicht nur an meine Tochter f\u00fcr die Idee und das Selbstbewusstsein das alles in die Tat umzusetzen, sondern auch an <a href=\"https:\/\/de.wikipedia.org\/wiki\/Christian_Ho%C3%9Fe\" target=\"_blank\" rel=\"noopener\">Christian Ho\u00dfe<\/a> f\u00fcr die netten Antworten, seine unglaubliche Geduld und Ruhe, die er im Gespr\u00e4ch grunds\u00e4tzlich ausstrahlt, das Mitmachen und die Erlaubnis Euch das Interview samt Foto hier zeigen zu d\u00fcrfen.<\/p>\n<p><a href=\"http:\/\/www.sabine-seyffert.de\/blog\/?page_id=32#urheberrecht\">urheberrechtlich gesch\u00fctzt<\/a>, \u00a9 Sabine Seyffert<\/p>\n<p style=\"text-align: justify;\">\n<p>&nbsp;<\/p>\n","protected":false},"excerpt":{"rendered":"<p>\u00dcber 500 Blogeintr\u00e4ge sind mittlerweile hier zu finden, aber f\u00fcr keinen dieser Beitr\u00e4ge habe ich derart lange gesessen, \u00fcberlegt, umformuliert und dann doch wieder ganz von vorne begonnen. Und das, obwohl das betreffende Interview nicht mal von mir stammt\u2026 Aber jetzt der Reihe nach, damit Ihr wisst, wof\u00fcr meine Tochter die L\u00f6wen am Stiel gebraucht&#8230; <a href=\"https:\/\/www.sabine-seyffert.de\/blog\/kinder-interview-mit-handballprofi-christian-hosse-vom-handball-bundesligist-bergischer-hc-06\/\" class=\"more-link\">Read more: Kinder-Interview mit Handballprofi Christian Ho\u00dfe vom Handball Bundesligist Bergischer HC 06<\/a><\/p>\n","protected":false},"author":2,"featured_media":0,"comment_status":"open","ping_status":"open","sticky":false,"template":"","format":"standard","meta":{"_metis_text_type":"","_metis_text_length":4521,"_post_count":0,"footnotes":""},"categories":[52,36,33],"tags":[],"class_list":["post-8237","post","type-post","status-publish","format-standard","hentry","category-familie","category-klitzekleine-geschenkideen","category-kreative-naherein"],"_links":{"self":[{"href":"https:\/\/www.sabine-seyffert.de\/blog\/wp-json\/wp\/v2\/posts\/8237","targetHints":{"allow":["GET"]}}],"collection":[{"href":"https:\/\/www.sabine-seyffert.de\/blog\/wp-json\/wp\/v2\/posts"}],"about":[{"href":"https:\/\/www.sabine-seyffert.de\/blog\/wp-json\/wp\/v2\/types\/post"}],"author":[{"embeddable":true,"href":"https:\/\/www.sabine-seyffert.de\/blog\/wp-json\/wp\/v2\/users\/2"}],"replies":[{"embeddable":true,"href":"https:\/\/www.sabine-seyffert.de\/blog\/wp-json\/wp\/v2\/comments?post=8237"}],"version-history":[{"count":6,"href":"https:\/\/www.sabine-seyffert.de\/blog\/wp-json\/wp\/v2\/posts\/8237\/revisions"}],"predecessor-version":[{"id":12887,"href":"https:\/\/www.sabine-seyffert.de\/blog\/wp-json\/wp\/v2\/posts\/8237\/revisions\/12887"}],"wp:attachment":[{"href":"https:\/\/www.sabine-seyffert.de\/blog\/wp-json\/wp\/v2\/media?parent=8237"}],"wp:term":[{"taxonomy":"category","embeddable":true,"href":"https:\/\/www.sabine-seyffert.de\/blog\/wp-json\/wp\/v2\/categories?post=8237"},{"taxonomy":"post_tag","embeddable":true,"href":"https:\/\/www.sabine-seyffert.de\/blog\/wp-json\/wp\/v2\/tags?post=8237"}],"curies":[{"name":"wp","href":"https:\/\/api.w.org\/{rel}","templated":true}]}}