{"id":8209,"date":"2016-08-30T05:41:55","date_gmt":"2016-08-30T03:41:55","guid":{"rendered":"http:\/\/www.sabine-seyffert.de\/blog\/?p=8209"},"modified":"2017-03-01T11:46:40","modified_gmt":"2017-03-01T09:46:40","slug":"diy-fuer-kleine-kinderhaende-ein-kleiner-dank-bzw-loewe-am-stiel-einfach-loewenstark","status":"publish","type":"post","link":"https:\/\/www.sabine-seyffert.de\/blog\/diy-fuer-kleine-kinderhaende-ein-kleiner-dank-bzw-loewe-am-stiel-einfach-loewenstark\/","title":{"rendered":"DIY f\u00fcr kleine Kinderh\u00e4nde: Ein kleiner Dank bzw. L\u00f6we am Stiel \u2013 einfach \u201eL\u00f6wen\u201cstark"},"content":{"rendered":"<p style=\"text-align: justify;\"><img loading=\"lazy\" decoding=\"async\" src=\"https:\/\/ssl-vg03.met.vgwort.de\/na\/90b2091d8be64769863904ef8e27d7dd\" alt=\"\" width=\"1\" height=\"1\" \/>Was w\u00fcrde ich blo\u00df ohne meinen Vorrat an Holzspateln machen? Immer wieder muss ich mir so einen Spatel schnappen und etwas Kreatives damit werkeln. Wobei es in diesem Fall meine Tochter war. Denn die brauchte ein kleines Dankesch\u00f6n in Form eines L\u00f6wen. Und weil es uns so gut gef\u00e4llt und wir bereits allerhand tierische Gesellen am Spie\u00df zu verschiedenen Anl\u00e4ssen verschenk haben (<a href=\"http:\/\/www.sabine-seyffert.de\/blog\/?p=3741\" target=\"_blank\">Krokodil als Einladung<\/a> zum Dschungelfest, einen <a href=\"http:\/\/www.sabine-seyffert.de\/blog\/?p=5243\" target=\"_blank\">Fuchs f\u00fcr den Fuchsgeburtstag<\/a> oder auch <a href=\"http:\/\/www.sabine-seyffert.de\/blog\/?p=5117\" target=\"_blank\">einen kleinen Pinguin<\/a> am Stiel als Geburtstagsgru\u00df), gab es erstmalig einen fr\u00f6hlichen L\u00f6wen.<\/p>\n<p style=\"text-align: center;\"><a href=\"http:\/\/www.sabine-seyffert.de\/blog\/wp-content\/uploads\/2016\/08\/L\u00f6we-am-Stiel-.jpg\" rel=\"attachment wp-att-8210\"><img loading=\"lazy\" decoding=\"async\" class=\"alignnone size-full wp-image-8210\" src=\"http:\/\/www.sabine-seyffert.de\/blog\/wp-content\/uploads\/2016\/08\/L\u00f6we-am-Stiel-.jpg\" alt=\"L\u00f6we am Stiel\" width=\"800\" height=\"600\" srcset=\"https:\/\/www.sabine-seyffert.de\/blog\/wp-content\/uploads\/2016\/08\/L\u00f6we-am-Stiel-.jpg 800w, https:\/\/www.sabine-seyffert.de\/blog\/wp-content\/uploads\/2016\/08\/L\u00f6we-am-Stiel--300x225.jpg 300w, https:\/\/www.sabine-seyffert.de\/blog\/wp-content\/uploads\/2016\/08\/L\u00f6we-am-Stiel--768x576.jpg 768w\" sizes=\"auto, (max-width: 800px) 100vw, 800px\" \/><\/a><\/p>\n<p style=\"text-align: justify;\"><strong>Das wird gebraucht:<\/strong><br \/>\n1 breiten Holzmundspatel, Klebstoff, 2 kleine naturfarbene Holzkn\u00f6pfe, d\u00fcnne Leinenkordel, eine Bastelschere, gelben und braunen Tonkarton und einen Stift<\/p>\n<p style=\"text-align: center;\"><a href=\"http:\/\/www.sabine-seyffert.de\/blog\/wp-content\/uploads\/2016\/08\/L\u00f6we-am-Stiel-6.jpg\" rel=\"attachment wp-att-8211\"><img loading=\"lazy\" decoding=\"async\" class=\"alignnone size-full wp-image-8211\" src=\"http:\/\/www.sabine-seyffert.de\/blog\/wp-content\/uploads\/2016\/08\/L\u00f6we-am-Stiel-6.jpg\" alt=\"L\u00f6we am Stiel 6\" width=\"800\" height=\"600\" srcset=\"https:\/\/www.sabine-seyffert.de\/blog\/wp-content\/uploads\/2016\/08\/L\u00f6we-am-Stiel-6.jpg 800w, https:\/\/www.sabine-seyffert.de\/blog\/wp-content\/uploads\/2016\/08\/L\u00f6we-am-Stiel-6-300x225.jpg 300w, https:\/\/www.sabine-seyffert.de\/blog\/wp-content\/uploads\/2016\/08\/L\u00f6we-am-Stiel-6-768x576.jpg 768w\" sizes=\"auto, (max-width: 800px) 100vw, 800px\" \/><\/a><\/p>\n<p style=\"text-align: justify;\"><strong>So wird\u2019s gemacht:<\/strong><br \/>\nZuerst haben wir ein etwa 24 x 12 cm gro\u00dfes St\u00fcck aus dem braunen Tonkarton geschnitten und mittig zusammengeklappt.<\/p>\n<p style=\"text-align: justify;\"><a href=\"http:\/\/www.sabine-seyffert.de\/blog\/wp-content\/uploads\/2016\/08\/L\u00f6we-am-Stiel-7-.jpg\" rel=\"attachment wp-att-8212\"><img loading=\"lazy\" decoding=\"async\" class=\"alignnone size-full wp-image-8212\" src=\"http:\/\/www.sabine-seyffert.de\/blog\/wp-content\/uploads\/2016\/08\/L\u00f6we-am-Stiel-7-.jpg\" alt=\"L\u00f6we am Stiel 7\" width=\"800\" height=\"600\" srcset=\"https:\/\/www.sabine-seyffert.de\/blog\/wp-content\/uploads\/2016\/08\/L\u00f6we-am-Stiel-7-.jpg 800w, https:\/\/www.sabine-seyffert.de\/blog\/wp-content\/uploads\/2016\/08\/L\u00f6we-am-Stiel-7--300x225.jpg 300w, https:\/\/www.sabine-seyffert.de\/blog\/wp-content\/uploads\/2016\/08\/L\u00f6we-am-Stiel-7--768x576.jpg 768w\" sizes=\"auto, (max-width: 800px) 100vw, 800px\" \/><\/a><\/p>\n<p style=\"text-align: justify;\">Da wir ein paar nette Zeilen sowie ein Foto im Inneren des L\u00f6wen verstecken wollten (\u00e4hnlich wie den <a href=\"http:\/\/www.sabine-seyffert.de\/blog\/?p=5243\" target=\"_blank\">Einladungstext zum Kindergeburtstag<\/a>) brauchten wir den L\u00f6wenkopf sozusagen im Doppel zum Aufklappen.<\/p>\n<p style=\"text-align: center;\"><a href=\"http:\/\/www.sabine-seyffert.de\/blog\/wp-content\/uploads\/2016\/08\/L\u00f6we-am-Stiel-3.jpg\" rel=\"attachment wp-att-8218\"><img loading=\"lazy\" decoding=\"async\" class=\"alignnone size-full wp-image-8218\" src=\"http:\/\/www.sabine-seyffert.de\/blog\/wp-content\/uploads\/2016\/08\/L\u00f6we-am-Stiel-3.jpg\" alt=\"L\u00f6we am Stiel 3\" width=\"800\" height=\"600\" srcset=\"https:\/\/www.sabine-seyffert.de\/blog\/wp-content\/uploads\/2016\/08\/L\u00f6we-am-Stiel-3.jpg 800w, https:\/\/www.sabine-seyffert.de\/blog\/wp-content\/uploads\/2016\/08\/L\u00f6we-am-Stiel-3-300x225.jpg 300w, https:\/\/www.sabine-seyffert.de\/blog\/wp-content\/uploads\/2016\/08\/L\u00f6we-am-Stiel-3-768x576.jpg 768w\" sizes=\"auto, (max-width: 800px) 100vw, 800px\" \/><\/a><\/p>\n<p style=\"text-align: justify;\">Nun schneidet man aus dem doppellagigen Tonkarton einen gro\u00dfen Kreis. Aufgepasst, das obere, geknickte Ende darf nat\u00fcrlich nicht ganz rund sein, sondern sollte ganz Oben eine ca. 2 cm breite Kante haben, damit der Tonkarton an dieser Stelle fest mit der R\u00fcckseite verbunden ist.<\/p>\n<p style=\"text-align: center;\"><a href=\"http:\/\/www.sabine-seyffert.de\/blog\/wp-content\/uploads\/2016\/08\/L\u00f6we-am-Stiel-5-.jpg\" rel=\"attachment wp-att-8213\"><img loading=\"lazy\" decoding=\"async\" class=\"alignnone size-full wp-image-8213\" src=\"http:\/\/www.sabine-seyffert.de\/blog\/wp-content\/uploads\/2016\/08\/L\u00f6we-am-Stiel-5-.jpg\" alt=\"L\u00f6we am Stiel 5\" width=\"800\" height=\"600\" srcset=\"https:\/\/www.sabine-seyffert.de\/blog\/wp-content\/uploads\/2016\/08\/L\u00f6we-am-Stiel-5-.jpg 800w, https:\/\/www.sabine-seyffert.de\/blog\/wp-content\/uploads\/2016\/08\/L\u00f6we-am-Stiel-5--300x225.jpg 300w, https:\/\/www.sabine-seyffert.de\/blog\/wp-content\/uploads\/2016\/08\/L\u00f6we-am-Stiel-5--768x576.jpg 768w\" sizes=\"auto, (max-width: 800px) 100vw, 800px\" \/><\/a><\/p>\n<p style=\"text-align: justify;\">Nachdem man den Kreis geschnitten hat, klappt man den brauen Karton auseinander und schneidet mit Hilfe der Schere den oberen Teil vom Rand her so ein, dass es wie eine L\u00f6wenm\u00e4hne ausschaut. Auch hier muss die obere Kante bestehen bleiben und sollte nicht mit eingeschnitten werden.<\/p>\n<p style=\"text-align: center;\"><a href=\"http:\/\/www.sabine-seyffert.de\/blog\/wp-content\/uploads\/2016\/08\/L\u00f6we-am-Stiel-1.jpg\" rel=\"attachment wp-att-8214\"><img loading=\"lazy\" decoding=\"async\" class=\"alignnone size-full wp-image-8214\" src=\"http:\/\/www.sabine-seyffert.de\/blog\/wp-content\/uploads\/2016\/08\/L\u00f6we-am-Stiel-1.jpg\" alt=\"L\u00f6we am Stiel 1\" width=\"800\" height=\"600\" srcset=\"https:\/\/www.sabine-seyffert.de\/blog\/wp-content\/uploads\/2016\/08\/L\u00f6we-am-Stiel-1.jpg 800w, https:\/\/www.sabine-seyffert.de\/blog\/wp-content\/uploads\/2016\/08\/L\u00f6we-am-Stiel-1-300x225.jpg 300w, https:\/\/www.sabine-seyffert.de\/blog\/wp-content\/uploads\/2016\/08\/L\u00f6we-am-Stiel-1-768x576.jpg 768w\" sizes=\"auto, (max-width: 800px) 100vw, 800px\" \/><\/a><\/p>\n<p style=\"text-align: justify;\">Jetzt schneidet man einen kleineren Kreis f\u00fcr den L\u00f6wenkopf und schneidet noch eine L\u00f6wennase aus dem brauen Papierrest.<\/p>\n<p style=\"text-align: center;\"><a href=\"http:\/\/www.sabine-seyffert.de\/blog\/wp-content\/uploads\/2016\/08\/L\u00f6we-am-Stiel-4.jpg\" rel=\"attachment wp-att-8215\"><img loading=\"lazy\" decoding=\"async\" class=\"alignnone size-full wp-image-8215\" src=\"http:\/\/www.sabine-seyffert.de\/blog\/wp-content\/uploads\/2016\/08\/L\u00f6we-am-Stiel-4.jpg\" alt=\"L\u00f6we am Stiel 4\" width=\"594\" height=\"780\" srcset=\"https:\/\/www.sabine-seyffert.de\/blog\/wp-content\/uploads\/2016\/08\/L\u00f6we-am-Stiel-4.jpg 594w, https:\/\/www.sabine-seyffert.de\/blog\/wp-content\/uploads\/2016\/08\/L\u00f6we-am-Stiel-4-228x300.jpg 228w\" sizes=\"auto, (max-width: 594px) 100vw, 594px\" \/><\/a><\/p>\n<p style=\"text-align: justify;\">Die zwei Augen wollte meine Tochter unbedingt aus kleinen Kn\u00f6pfen machen und unter der L\u00f6wennase wurden allerhand St\u00fccke der Leinenkordel geklebt, als Schnurrbarthaare.<\/p>\n<p style=\"text-align: center;\"><a href=\"http:\/\/www.sabine-seyffert.de\/blog\/wp-content\/uploads\/2016\/08\/L\u00f6wenduo-am-Stiel.jpg\" rel=\"attachment wp-att-8216\"><img loading=\"lazy\" decoding=\"async\" class=\"alignnone size-full wp-image-8216\" src=\"http:\/\/www.sabine-seyffert.de\/blog\/wp-content\/uploads\/2016\/08\/L\u00f6wenduo-am-Stiel.jpg\" alt=\"L\u00f6wenduo am Stiel\" width=\"600\" height=\"800\" srcset=\"https:\/\/www.sabine-seyffert.de\/blog\/wp-content\/uploads\/2016\/08\/L\u00f6wenduo-am-Stiel.jpg 600w, https:\/\/www.sabine-seyffert.de\/blog\/wp-content\/uploads\/2016\/08\/L\u00f6wenduo-am-Stiel-225x300.jpg 225w\" sizes=\"auto, (max-width: 600px) 100vw, 600px\" \/><\/a><\/p>\n<p style=\"text-align: justify;\">Nun klebt man den Spatel auf die \u00e4u\u00dfere R\u00fcckseite des L\u00f6wen. Klappt man den L\u00f6wenkopf auf, kann man mit einem wei\u00dfen Bunt- oder Lackstift einen Text hineinschreiben oder ausdrucken und hineinkleben. Fertig ist der kleine Dank am Stiel \u2013 kinderleicht und wirklich l\u00f6wenstark! Wof\u00fcr meine Tochter diesen Dank gebraucht hat, verrate ich Euch in K\u00fcrze!<\/p>\n<p style=\"text-align: center;\"><a href=\"http:\/\/www.sabine-seyffert.de\/blog\/wp-content\/uploads\/2016\/08\/L\u00f6we-am-Stiel.jpg\" rel=\"attachment wp-att-8217\"><img loading=\"lazy\" decoding=\"async\" class=\"alignnone size-full wp-image-8217\" src=\"http:\/\/www.sabine-seyffert.de\/blog\/wp-content\/uploads\/2016\/08\/L\u00f6we-am-Stiel.jpg\" alt=\"L\u00f6we am Stiel\" width=\"800\" height=\"600\" srcset=\"https:\/\/www.sabine-seyffert.de\/blog\/wp-content\/uploads\/2016\/08\/L\u00f6we-am-Stiel.jpg 800w, https:\/\/www.sabine-seyffert.de\/blog\/wp-content\/uploads\/2016\/08\/L\u00f6we-am-Stiel-300x225.jpg 300w, https:\/\/www.sabine-seyffert.de\/blog\/wp-content\/uploads\/2016\/08\/L\u00f6we-am-Stiel-768x576.jpg 768w\" sizes=\"auto, (max-width: 800px) 100vw, 800px\" \/><\/a><\/p>\n<p>Weitere Basteleien f\u00fcr kleine Kinderh\u00e4nde findet Ihr \u00fcbrigens in <a href=\"http:\/\/www.sabine-seyffert.de\/blog\/?cat=32\" target=\"_blank\">dieser Rubrik<\/a> und allerhand Kreatives <a href=\"http:\/\/www.creadienstag.de\/2016\/08\/243.html\" target=\"_blank\">da<\/a>!<\/p>\n<p><strong>\u00a0<\/strong><a href=\"http:\/\/www.sabine-seyffert.de\/blog\/?page_id=32#urheberrecht\">urheberrechtlich gesch\u00fctzt<\/a>, \u00a9 Sabine Seyffert<\/p>\n","protected":false},"excerpt":{"rendered":"<p>Was w\u00fcrde ich blo\u00df ohne meinen Vorrat an Holzspateln machen? Immer wieder muss ich mir so einen Spatel schnappen und etwas Kreatives damit werkeln. Wobei es in diesem Fall meine Tochter war. Denn die brauchte ein kleines Dankesch\u00f6n in Form eines L\u00f6wen. Und weil es uns so gut gef\u00e4llt und wir bereits allerhand tierische Gesellen&#8230; <a href=\"https:\/\/www.sabine-seyffert.de\/blog\/diy-fuer-kleine-kinderhaende-ein-kleiner-dank-bzw-loewe-am-stiel-einfach-loewenstark\/\" class=\"more-link\">Read more: DIY f\u00fcr kleine Kinderh\u00e4nde: Ein kleiner Dank bzw. L\u00f6we am Stiel \u2013 einfach \u201eL\u00f6wen\u201cstark<\/a><\/p>\n","protected":false},"author":2,"featured_media":8216,"comment_status":"open","ping_status":"open","sticky":false,"template":"","format":"standard","meta":{"_metis_text_type":"","_metis_text_length":2430,"_post_count":0,"footnotes":""},"categories":[32,46],"tags":[],"class_list":["post-8209","post","type-post","status-publish","format-standard","has-post-thumbnail","hentry","category-kreatives-fur-kleine-kinderhande","category-dschungelfest"],"_links":{"self":[{"href":"https:\/\/www.sabine-seyffert.de\/blog\/wp-json\/wp\/v2\/posts\/8209","targetHints":{"allow":["GET"]}}],"collection":[{"href":"https:\/\/www.sabine-seyffert.de\/blog\/wp-json\/wp\/v2\/posts"}],"about":[{"href":"https:\/\/www.sabine-seyffert.de\/blog\/wp-json\/wp\/v2\/types\/post"}],"author":[{"embeddable":true,"href":"https:\/\/www.sabine-seyffert.de\/blog\/wp-json\/wp\/v2\/users\/2"}],"replies":[{"embeddable":true,"href":"https:\/\/www.sabine-seyffert.de\/blog\/wp-json\/wp\/v2\/comments?post=8209"}],"version-history":[{"count":6,"href":"https:\/\/www.sabine-seyffert.de\/blog\/wp-json\/wp\/v2\/posts\/8209\/revisions"}],"predecessor-version":[{"id":8224,"href":"https:\/\/www.sabine-seyffert.de\/blog\/wp-json\/wp\/v2\/posts\/8209\/revisions\/8224"}],"wp:featuredmedia":[{"embeddable":true,"href":"https:\/\/www.sabine-seyffert.de\/blog\/wp-json\/wp\/v2\/media\/8216"}],"wp:attachment":[{"href":"https:\/\/www.sabine-seyffert.de\/blog\/wp-json\/wp\/v2\/media?parent=8209"}],"wp:term":[{"taxonomy":"category","embeddable":true,"href":"https:\/\/www.sabine-seyffert.de\/blog\/wp-json\/wp\/v2\/categories?post=8209"},{"taxonomy":"post_tag","embeddable":true,"href":"https:\/\/www.sabine-seyffert.de\/blog\/wp-json\/wp\/v2\/tags?post=8209"}],"curies":[{"name":"wp","href":"https:\/\/api.w.org\/{rel}","templated":true}]}}