{"id":8175,"date":"2016-08-23T05:42:04","date_gmt":"2016-08-23T03:42:04","guid":{"rendered":"http:\/\/www.sabine-seyffert.de\/blog\/?p=8175"},"modified":"2017-03-01T11:50:41","modified_gmt":"2017-03-01T09:50:41","slug":"kindergeburtstag-unterwasserfest-zusammenfassung-uebersicht-der-mottoparty","status":"publish","type":"post","link":"https:\/\/www.sabine-seyffert.de\/blog\/kindergeburtstag-unterwasserfest-zusammenfassung-uebersicht-der-mottoparty\/","title":{"rendered":"Kindergeburtstag &#8211; Unterwasserfest: Zusammenfassung &#038; \u00dcbersicht der Mottoparty"},"content":{"rendered":"<p style=\"text-align: justify;\"><img loading=\"lazy\" decoding=\"async\" src=\"https:\/\/ssl-vg03.met.vgwort.de\/na\/a8e4f74f15b641979b6e9c0e52aaf053\" alt=\"\" width=\"1\" height=\"1\" \/>Da viele von Euch sich nach <a href=\"http:\/\/www.sabine-seyffert.de\/blog\/?cat=45\" target=\"_blank\">dem Fuchsfest<\/a> aus dem letzten Jahr eine Zusammenfassung mit allen Ideen dieser Geburtstagsfestreihe gew\u00fcnscht haben, kommt nun \u2013 wenn auch versp\u00e4tet \u2013 zu unserer Unterwasserparty ebenfalls eine \u00dcbersicht.<\/p>\n<p style=\"text-align: justify;\">Den Start der diesj\u00e4hrigen Mottoparty haben die ausgefallenen <a href=\"http:\/\/www.sabine-seyffert.de\/blog\/?p=7145\" target=\"_blank\">Einladungskarten bzw. Einladungsidee<\/a> gemacht, f\u00fcr die wir hier leere K\u00e4seschachteln upcycelt mit allerhand maritimen Dingen ausgeschm\u00fcckt haben.<\/p>\n<p style=\"text-align: center;\"><a href=\"http:\/\/www.sabine-seyffert.de\/blog\/wp-content\/uploads\/2016\/08\/\u00dcbersicht-Einladung-klein.jpg\" rel=\"attachment wp-att-8176\"><img loading=\"lazy\" decoding=\"async\" class=\"alignnone size-full wp-image-8176\" src=\"http:\/\/www.sabine-seyffert.de\/blog\/wp-content\/uploads\/2016\/08\/\u00dcbersicht-Einladung-klein.jpg\" alt=\"\u00dcbersicht Einladung klein\" width=\"800\" height=\"600\" srcset=\"https:\/\/www.sabine-seyffert.de\/blog\/wp-content\/uploads\/2016\/08\/\u00dcbersicht-Einladung-klein.jpg 800w, https:\/\/www.sabine-seyffert.de\/blog\/wp-content\/uploads\/2016\/08\/\u00dcbersicht-Einladung-klein-300x225.jpg 300w, https:\/\/www.sabine-seyffert.de\/blog\/wp-content\/uploads\/2016\/08\/\u00dcbersicht-Einladung-klein-768x576.jpg 768w\" sizes=\"auto, (max-width: 800px) 100vw, 800px\" \/><\/a><\/p>\n<p style=\"text-align: justify;\">Als n\u00e4chstes kam die Partydekoration an die Reihe. Und an dieser habe ich mich kreativ sehr ausgiebig ausgetobt: <a href=\"http:\/\/www.sabine-seyffert.de\/blog\/?p=7188\" target=\"_blank\">Eine Meeresgirlande<\/a> bestehend aus blauen Luftschlangen Wellen samt Delfinen, einer stimmungsvollen <a href=\"http:\/\/www.sabine-seyffert.de\/blog\/?p=7287\" target=\"_blank\">Deko aus Quallen<\/a>, die aus Klopapierrollen, Krepppapier und reichlich blauem T\u00fcll gebastelt wurden, einem geschnittenen <a href=\"http:\/\/www.sabine-seyffert.de\/blog\/?p=7242\" target=\"_blank\">Fischschwarm samt Seesternen<\/a> sowie unsere <a href=\"http:\/\/www.sabine-seyffert.de\/blog\/?p=7661\" target=\"_blank\">Eingangstor zur Unterwasserwelt<\/a>: den gen\u00e4hten Wellen, die auch als Sommerdeko eine sehr gute Figur machen.<\/p>\n<p style=\"text-align: center;\"><a href=\"http:\/\/www.sabine-seyffert.de\/blog\/wp-content\/uploads\/2016\/08\/\u00dcbersicht-Girlande-klein.jpg\" rel=\"attachment wp-att-8177\"><img loading=\"lazy\" decoding=\"async\" class=\"alignnone size-full wp-image-8177\" src=\"http:\/\/www.sabine-seyffert.de\/blog\/wp-content\/uploads\/2016\/08\/\u00dcbersicht-Girlande-klein.jpg\" alt=\"\u00dcbersicht Girlande klein\" width=\"600\" height=\"800\" srcset=\"https:\/\/www.sabine-seyffert.de\/blog\/wp-content\/uploads\/2016\/08\/\u00dcbersicht-Girlande-klein.jpg 600w, https:\/\/www.sabine-seyffert.de\/blog\/wp-content\/uploads\/2016\/08\/\u00dcbersicht-Girlande-klein-225x300.jpg 225w\" sizes=\"auto, (max-width: 600px) 100vw, 600px\" \/><\/a><\/p>\n<p style=\"text-align: justify;\">Dann gab es noch einiges an Tischdekoration, denn Kerzen d\u00fcrfen an einem Geburtstag nat\u00fcrlich auf keinen Fall fehlen. Da w\u00e4ren zum einen die <a href=\"http:\/\/www.sabine-seyffert.de\/blog\/?p=7344\" target=\"_blank\">upcycelten Marmeladengl\u00e4ser<\/a>, die hier mit wei\u00dfem Papier beklebt und kleinen Fischen sowie Korallen beklebt wurden. Die <a href=\"http:\/\/www.sabine-seyffert.de\/blog\/?p=7389\" target=\"_blank\">kleinen Kraken<\/a> aus Tonkarton, die mit Teelichtern best\u00fcckt wurden, nicht zu vergessen. Als kleines Give Away f\u00fcr die Geburtstagsg\u00e4ste gab es selbst entworfene und gebastelte <a href=\"http:\/\/www.sabine-seyffert.de\/blog\/?p=7464\" target=\"_blank\">Teelichtfische<\/a> zum Mitnehmen. Au\u00dferdem reiht sich hier noch <a href=\"http:\/\/www.sabine-seyffert.de\/blog\/?p=7424\" target=\"_blank\">der Wassermann<\/a> als Deko und Besch\u00e4ftigungsidee mit ein, den wir auf der Party gemeinsam mit allen Kindern gebastelt haben.<\/p>\n<p style=\"text-align: center;\"><a href=\"http:\/\/www.sabine-seyffert.de\/blog\/wp-content\/uploads\/2016\/08\/\u00dcbersicht-Kerzen-Lichter-klei.jpg\" rel=\"attachment wp-att-8178\"><img loading=\"lazy\" decoding=\"async\" class=\"alignnone size-full wp-image-8178\" src=\"http:\/\/www.sabine-seyffert.de\/blog\/wp-content\/uploads\/2016\/08\/\u00dcbersicht-Kerzen-Lichter-klei.jpg\" alt=\"\u00dcbersicht Kerzen Lichter klei\" width=\"800\" height=\"600\" srcset=\"https:\/\/www.sabine-seyffert.de\/blog\/wp-content\/uploads\/2016\/08\/\u00dcbersicht-Kerzen-Lichter-klei.jpg 800w, https:\/\/www.sabine-seyffert.de\/blog\/wp-content\/uploads\/2016\/08\/\u00dcbersicht-Kerzen-Lichter-klei-300x225.jpg 300w, https:\/\/www.sabine-seyffert.de\/blog\/wp-content\/uploads\/2016\/08\/\u00dcbersicht-Kerzen-Lichter-klei-768x576.jpg 768w\" sizes=\"auto, (max-width: 800px) 100vw, 800px\" \/><\/a><\/p>\n<p style=\"text-align: justify;\">W\u00e4hrend eines Kinderfestes wird nat\u00fcrlich auch gespielt, dazu habe ich Euch einen ganzen Schwung an <a href=\"http:\/\/www.sabine-seyffert.de\/blog\/?p=7576\" target=\"_blank\">lustigen Spielideen<\/a> vorgestellt, die f\u00fcr reichlich Spa\u00df und Heiterkeit sorgen: Der verr\u00fcckte Oktopus, fr\u00f6hliches Fische angeln, den verr\u00fcckten Flossenlauf und auch das Chaos, was pl\u00f6tzlich in der Wassermannk\u00fcche vorherrschte!<\/p>\n<p style=\"text-align: center;\"><a href=\"http:\/\/www.sabine-seyffert.de\/blog\/wp-content\/uploads\/2016\/08\/\u00dcbersicht-Spiele-klein\u00df.jpg\" rel=\"attachment wp-att-8179\"><img loading=\"lazy\" decoding=\"async\" class=\"alignnone size-full wp-image-8179\" src=\"http:\/\/www.sabine-seyffert.de\/blog\/wp-content\/uploads\/2016\/08\/\u00dcbersicht-Spiele-klein\u00df.jpg\" alt=\"\u00dcbersicht Spiele klein\u00df\" width=\"800\" height=\"600\" srcset=\"https:\/\/www.sabine-seyffert.de\/blog\/wp-content\/uploads\/2016\/08\/\u00dcbersicht-Spiele-klein\u00df.jpg 800w, https:\/\/www.sabine-seyffert.de\/blog\/wp-content\/uploads\/2016\/08\/\u00dcbersicht-Spiele-klein\u00df-300x225.jpg 300w, https:\/\/www.sabine-seyffert.de\/blog\/wp-content\/uploads\/2016\/08\/\u00dcbersicht-Spiele-klein\u00df-768x576.jpg 768w\" sizes=\"auto, (max-width: 800px) 100vw, 800px\" \/><\/a><\/p>\n<p style=\"text-align: justify;\">Nat\u00fcrlich gab es auf dem Geburtstag auch kleine Leckerein f\u00fcr die G\u00e4ste. Und die gab es selbstverst\u00e4ndlich ebenfalls im Unterwasserlook: Ein seltener <a href=\"http:\/\/www.sabine-seyffert.de\/blog\/?p=7646\" target=\"_blank\">Fisch als Geburtstagskuchen<\/a>, s\u00fc\u00dfe Wale, knusprige Delfine und sogar einen Schwung an Fischkeksen am Stiel.<\/p>\n<p style=\"text-align: center;\"><a href=\"http:\/\/www.sabine-seyffert.de\/blog\/wp-content\/uploads\/2016\/08\/\u00dcbersicht-Kuchen-klein.jpg\" rel=\"attachment wp-att-8180\"><img loading=\"lazy\" decoding=\"async\" class=\"alignnone size-full wp-image-8180\" src=\"http:\/\/www.sabine-seyffert.de\/blog\/wp-content\/uploads\/2016\/08\/\u00dcbersicht-Kuchen-klein.jpg\" alt=\"\u00dcbersicht Kuchen klein\" width=\"800\" height=\"600\" srcset=\"https:\/\/www.sabine-seyffert.de\/blog\/wp-content\/uploads\/2016\/08\/\u00dcbersicht-Kuchen-klein.jpg 800w, https:\/\/www.sabine-seyffert.de\/blog\/wp-content\/uploads\/2016\/08\/\u00dcbersicht-Kuchen-klein-300x225.jpg 300w, https:\/\/www.sabine-seyffert.de\/blog\/wp-content\/uploads\/2016\/08\/\u00dcbersicht-Kuchen-klein-768x576.jpg 768w\" sizes=\"auto, (max-width: 800px) 100vw, 800px\" \/><\/a><\/p>\n<p style=\"text-align: justify;\">Nicht zu vergessen die Geburtstagsgeschenke. Die waren rechtzeitig vor dem gro\u00dfen Tag besorgt und somit hatte ich reichlich Zeit diese stilvoll zu verpacken. Passend zu der Deko habe ich Euch verschiedene <a href=\"http:\/\/www.sabine-seyffert.de\/blog\/?p=7616\" target=\"_blank\">Verpackungsideen<\/a> gezeigt: Eine Qualle, Delfine zwischen blauen Wellen aus Zeitungspapier, <a href=\"http:\/\/www.sabine-seyffert.de\/blog\/?p=7525\" target=\"_blank\">Give Away bzw. Mitgebselt\u00fcten<\/a> mit kleiner Fischgirlande und in \u00e4hnlicher Machart auch ein verpacktes Pr\u00e4sent.<\/p>\n<p style=\"text-align: center;\"><a href=\"http:\/\/www.sabine-seyffert.de\/blog\/wp-content\/uploads\/2016\/08\/\u00dcbersicht-Geschenke-klein.jpg\" rel=\"attachment wp-att-8181\"><img loading=\"lazy\" decoding=\"async\" class=\"alignnone size-full wp-image-8181\" src=\"http:\/\/www.sabine-seyffert.de\/blog\/wp-content\/uploads\/2016\/08\/\u00dcbersicht-Geschenke-klein.jpg\" alt=\"\u00dcbersicht Geschenke klein\" width=\"800\" height=\"600\" srcset=\"https:\/\/www.sabine-seyffert.de\/blog\/wp-content\/uploads\/2016\/08\/\u00dcbersicht-Geschenke-klein.jpg 800w, https:\/\/www.sabine-seyffert.de\/blog\/wp-content\/uploads\/2016\/08\/\u00dcbersicht-Geschenke-klein-300x225.jpg 300w, https:\/\/www.sabine-seyffert.de\/blog\/wp-content\/uploads\/2016\/08\/\u00dcbersicht-Geschenke-klein-768x576.jpg 768w\" sizes=\"auto, (max-width: 800px) 100vw, 800px\" \/><\/a><\/p>\n<p style=\"text-align: justify;\">F\u00fcr einen rundum entspannten Abschluss sorgte <a href=\"http:\/\/www.sabine-seyffert.de\/blog\/?p=7686\" target=\"_blank\">die Fantasiereise<\/a> am Ende der Feier.<\/p>\n<p style=\"text-align: justify;\">Jetzt bin ich mal neugierig \u2013 welche der Ideen hat Euch den am besten gefallen?<\/p>\n<p style=\"text-align: justify;\">Weitere Ideen zum Feiern mit Kindern gibt es in <a href=\"http:\/\/www.sabine-seyffert.de\/blog\/?cat=21\" target=\"_blank\">dieser Rubrik<\/a> und andere kreative Ideen tummeln sich <a href=\"http:\/\/www.creadienstag.de\/2016\/08\/242.html\" target=\"_blank\">hier<\/a> \ud83d\ude42<\/p>\n<p><a href=\"http:\/\/www.sabine-seyffert.de\/blog\/?page_id=32#urheberrecht\">urheberrechtlich gesch\u00fctzt<\/a>, \u00a9 Sabine Seyffert<\/p>\n","protected":false},"excerpt":{"rendered":"<p>Da viele von Euch sich nach dem Fuchsfest aus dem letzten Jahr eine Zusammenfassung mit allen Ideen dieser Geburtstagsfestreihe gew\u00fcnscht haben, kommt nun \u2013 wenn auch versp\u00e4tet \u2013 zu unserer Unterwasserparty ebenfalls eine \u00dcbersicht. Den Start der diesj\u00e4hrigen Mottoparty haben die ausgefallenen Einladungskarten bzw. Einladungsidee gemacht, f\u00fcr die wir hier leere K\u00e4seschachteln upcycelt mit allerhand&#8230; <a href=\"https:\/\/www.sabine-seyffert.de\/blog\/kindergeburtstag-unterwasserfest-zusammenfassung-uebersicht-der-mottoparty\/\" class=\"more-link\">Read more: Kindergeburtstag &#8211; Unterwasserfest: Zusammenfassung &#038; \u00dcbersicht der Mottoparty<\/a><\/p>\n","protected":false},"author":2,"featured_media":0,"comment_status":"open","ping_status":"open","sticky":false,"template":"","format":"standard","meta":{"_metis_text_type":"","_metis_text_length":2841,"_post_count":0,"footnotes":""},"categories":[21,10,50],"tags":[],"class_list":["post-8175","post","type-post","status-publish","format-standard","hentry","category-kinderfeste-partys","category-spiel-spas","category-unterwasserfest"],"_links":{"self":[{"href":"https:\/\/www.sabine-seyffert.de\/blog\/wp-json\/wp\/v2\/posts\/8175","targetHints":{"allow":["GET"]}}],"collection":[{"href":"https:\/\/www.sabine-seyffert.de\/blog\/wp-json\/wp\/v2\/posts"}],"about":[{"href":"https:\/\/www.sabine-seyffert.de\/blog\/wp-json\/wp\/v2\/types\/post"}],"author":[{"embeddable":true,"href":"https:\/\/www.sabine-seyffert.de\/blog\/wp-json\/wp\/v2\/users\/2"}],"replies":[{"embeddable":true,"href":"https:\/\/www.sabine-seyffert.de\/blog\/wp-json\/wp\/v2\/comments?post=8175"}],"version-history":[{"count":4,"href":"https:\/\/www.sabine-seyffert.de\/blog\/wp-json\/wp\/v2\/posts\/8175\/revisions"}],"predecessor-version":[{"id":8185,"href":"https:\/\/www.sabine-seyffert.de\/blog\/wp-json\/wp\/v2\/posts\/8175\/revisions\/8185"}],"wp:attachment":[{"href":"https:\/\/www.sabine-seyffert.de\/blog\/wp-json\/wp\/v2\/media?parent=8175"}],"wp:term":[{"taxonomy":"category","embeddable":true,"href":"https:\/\/www.sabine-seyffert.de\/blog\/wp-json\/wp\/v2\/categories?post=8175"},{"taxonomy":"post_tag","embeddable":true,"href":"https:\/\/www.sabine-seyffert.de\/blog\/wp-json\/wp\/v2\/tags?post=8175"}],"curies":[{"name":"wp","href":"https:\/\/api.w.org\/{rel}","templated":true}]}}