{"id":8162,"date":"2016-08-21T08:40:48","date_gmt":"2016-08-21T06:40:48","guid":{"rendered":"http:\/\/www.sabine-seyffert.de\/blog\/?p=8162"},"modified":"2017-03-01T11:52:02","modified_gmt":"2017-03-01T09:52:02","slug":"bastelidee-diy-zum-schulstart-geschenke-zur-einschulung-wunderschoen-verpackt-buntstifte-3","status":"publish","type":"post","link":"https:\/\/www.sabine-seyffert.de\/blog\/bastelidee-diy-zum-schulstart-geschenke-zur-einschulung-wunderschoen-verpackt-buntstifte-3\/","title":{"rendered":"Bastelidee &#038; DIY zum Schulstart: Geschenke zur Einschulung wundersch\u00f6n verpackt \u201eBuntstifte\u201c # 3"},"content":{"rendered":"<p style=\"text-align: justify;\"><img loading=\"lazy\" decoding=\"async\" src=\"https:\/\/ssl-vg03.met.vgwort.de\/na\/06361ad3289546168727566e0c93ec36\" alt=\"\" width=\"1\" height=\"1\" \/>Noch ein paar Tage \u2013 dann ist es soweit: Der gro\u00dfe Tag bzw. der erste Schultag ist gekommen. Daher gibt es noch schnell eine weitere Verpackungsvariante f\u00fcr ein Einschulungsgeschenk f\u00fcr Euch (1.Idee &#8220;Schulkind&#8221; <a href=\"http:\/\/www.sabine-seyffert.de\/blog\/?p=7904\" target=\"_blank\">hier<\/a> und 2. Idee &#8220;Schultafel&#8221; <a href=\"http:\/\/www.sabine-seyffert.de\/blog\/?p=8135\" target=\"_blank\">dort<\/a>). Hierzu hat mich diese <a href=\"http:\/\/www.sabine-seyffert.de\/blog\/?p=5908\" target=\"_blank\">selbst gebastelte Postkarte<\/a> aus dem letzten Sommer inspiriert, mit der wir dem neuen Schulkind seinerzeit zur Einschulung gratuliert haben. Diesmal jedoch haben wir es beim Basteln ganz in bunt gehalten, weil so ein Schuleinstieg ja gute Laune machen soll. Folgenderma\u00dfen funktioniert diese Geschenkverpackung:<\/p>\n<p style=\"text-align: center;\"><a href=\"http:\/\/www.sabine-seyffert.de\/blog\/wp-content\/uploads\/2016\/08\/B-Buntstiftverpackung-7.jpg\" rel=\"attachment wp-att-8163\"><img loading=\"lazy\" decoding=\"async\" class=\"alignnone size-full wp-image-8163\" src=\"http:\/\/www.sabine-seyffert.de\/blog\/wp-content\/uploads\/2016\/08\/B-Buntstiftverpackung-7.jpg\" alt=\"B Buntstiftverpackung 7\" width=\"800\" height=\"600\" srcset=\"https:\/\/www.sabine-seyffert.de\/blog\/wp-content\/uploads\/2016\/08\/B-Buntstiftverpackung-7.jpg 800w, https:\/\/www.sabine-seyffert.de\/blog\/wp-content\/uploads\/2016\/08\/B-Buntstiftverpackung-7-300x225.jpg 300w, https:\/\/www.sabine-seyffert.de\/blog\/wp-content\/uploads\/2016\/08\/B-Buntstiftverpackung-7-768x576.jpg 768w\" sizes=\"auto, (max-width: 800px) 100vw, 800px\" \/><\/a><\/p>\n<p style=\"text-align: justify;\"><strong>Das wird gebraucht:<\/strong><br \/>\nNaturbraunes Packpapier, Schere, Bleistift, Lineal, farbige Tonpapierreste, einen Motivlocher \/ Motivstanzer Kreis (Durchmesser in unserem Fall 1 cm), eine alte Buchseite (alternativ Zeitungspapier), Klebstoff, Buchstabenstempel sowie ein Stempelkissen<\/p>\n<p style=\"text-align: center;\"><a href=\"http:\/\/www.sabine-seyffert.de\/blog\/wp-content\/uploads\/2016\/08\/B-Buntstiftverpackung-6.jpg\" rel=\"attachment wp-att-8164\"><img loading=\"lazy\" decoding=\"async\" class=\"alignnone size-full wp-image-8164\" src=\"http:\/\/www.sabine-seyffert.de\/blog\/wp-content\/uploads\/2016\/08\/B-Buntstiftverpackung-6.jpg\" alt=\"B Buntstiftverpackung 6\" width=\"800\" height=\"600\" srcset=\"https:\/\/www.sabine-seyffert.de\/blog\/wp-content\/uploads\/2016\/08\/B-Buntstiftverpackung-6.jpg 800w, https:\/\/www.sabine-seyffert.de\/blog\/wp-content\/uploads\/2016\/08\/B-Buntstiftverpackung-6-300x225.jpg 300w, https:\/\/www.sabine-seyffert.de\/blog\/wp-content\/uploads\/2016\/08\/B-Buntstiftverpackung-6-768x576.jpg 768w\" sizes=\"auto, (max-width: 800px) 100vw, 800px\" \/><\/a><\/p>\n<p style=\"text-align: justify;\"><strong>So wird\u2019s gemacht:<\/strong><br \/>\nVerpackt werden musste noch ein kleiner ABC Ausmalblock. Da dieser ungef\u00e4hr f\u00fcr die Gr\u00f6\u00dfe einer Postkarte hat, kann man f\u00fcr diese Geschenkverpackung ausgezeichnet bunte Bastelpapierreste verwenden, die bei uns in der Regel in einem Schuhkarton gesammelt und f\u00fcr genau solche Zwecke aufbewahrt werden.<\/p>\n<p style=\"text-align: center;\"><a href=\"http:\/\/www.sabine-seyffert.de\/blog\/wp-content\/uploads\/2016\/08\/B-Buntstiftverpackung-9.jpg\" rel=\"attachment wp-att-8165\"><img loading=\"lazy\" decoding=\"async\" class=\"alignnone size-full wp-image-8165\" src=\"http:\/\/www.sabine-seyffert.de\/blog\/wp-content\/uploads\/2016\/08\/B-Buntstiftverpackung-9.jpg\" alt=\"B Buntstiftverpackung 9\" width=\"800\" height=\"538\" srcset=\"https:\/\/www.sabine-seyffert.de\/blog\/wp-content\/uploads\/2016\/08\/B-Buntstiftverpackung-9.jpg 800w, https:\/\/www.sabine-seyffert.de\/blog\/wp-content\/uploads\/2016\/08\/B-Buntstiftverpackung-9-300x202.jpg 300w, https:\/\/www.sabine-seyffert.de\/blog\/wp-content\/uploads\/2016\/08\/B-Buntstiftverpackung-9-768x516.jpg 768w\" sizes=\"auto, (max-width: 800px) 100vw, 800px\" \/><\/a><\/p>\n<p style=\"text-align: justify;\">Mit dem Lineal habe ich die Gesamtl\u00e4nge des Geschenks ausgemessen um zu wissen, wie breit die gebastelten Buntstifte sein d\u00fcrfen und wie viele davon gebraucht werden.<\/p>\n<p style=\"text-align: center;\"><a href=\"http:\/\/www.sabine-seyffert.de\/blog\/wp-content\/uploads\/2016\/08\/B-Buntstiftverpackung-5.jpg\" rel=\"attachment wp-att-8166\"><img loading=\"lazy\" decoding=\"async\" class=\"alignnone size-full wp-image-8166\" src=\"http:\/\/www.sabine-seyffert.de\/blog\/wp-content\/uploads\/2016\/08\/B-Buntstiftverpackung-5.jpg\" alt=\"B Buntstiftverpackung 5\" width=\"800\" height=\"600\" srcset=\"https:\/\/www.sabine-seyffert.de\/blog\/wp-content\/uploads\/2016\/08\/B-Buntstiftverpackung-5.jpg 800w, https:\/\/www.sabine-seyffert.de\/blog\/wp-content\/uploads\/2016\/08\/B-Buntstiftverpackung-5-300x225.jpg 300w, https:\/\/www.sabine-seyffert.de\/blog\/wp-content\/uploads\/2016\/08\/B-Buntstiftverpackung-5-768x576.jpg 768w\" sizes=\"auto, (max-width: 800px) 100vw, 800px\" \/><\/a><\/p>\n<p style=\"text-align: justify;\">Somit habe ich insgesamt 10 farbige Buntstifte aufgezeichnet und ausgeschnitten. Lediglich in der L\u00e4nge habe ich diese variiert, damit es lebendiger aussieht.<\/p>\n<p style=\"text-align: center;\"><a href=\"http:\/\/www.sabine-seyffert.de\/blog\/wp-content\/uploads\/2016\/08\/B-Buntstiftverpackung-1.jpg\" rel=\"attachment wp-att-8167\"><img loading=\"lazy\" decoding=\"async\" class=\"alignnone size-full wp-image-8167\" src=\"http:\/\/www.sabine-seyffert.de\/blog\/wp-content\/uploads\/2016\/08\/B-Buntstiftverpackung-1.jpg\" alt=\"B Buntstiftverpackung 1\" width=\"800\" height=\"600\" srcset=\"https:\/\/www.sabine-seyffert.de\/blog\/wp-content\/uploads\/2016\/08\/B-Buntstiftverpackung-1.jpg 800w, https:\/\/www.sabine-seyffert.de\/blog\/wp-content\/uploads\/2016\/08\/B-Buntstiftverpackung-1-300x225.jpg 300w, https:\/\/www.sabine-seyffert.de\/blog\/wp-content\/uploads\/2016\/08\/B-Buntstiftverpackung-1-768x576.jpg 768w\" sizes=\"auto, (max-width: 800px) 100vw, 800px\" \/><\/a><\/p>\n<p style=\"text-align: justify;\">Die genaue L\u00e4nge kann man aber auch prima zuschneiden, wenn man alles aufgeklebt und an den richtigen Stellen platziert hat. Die Buntstift Spitzen habe ich aus hautfarbenem Papier gestaltet und einfach Dreiecke zugeschnitten.<\/p>\n<p style=\"text-align: center;\"><a href=\"http:\/\/www.sabine-seyffert.de\/blog\/wp-content\/uploads\/2016\/08\/B-Buntstiftverpackung-2.jpg\" rel=\"attachment wp-att-8168\"><img loading=\"lazy\" decoding=\"async\" class=\"alignnone size-full wp-image-8168\" src=\"http:\/\/www.sabine-seyffert.de\/blog\/wp-content\/uploads\/2016\/08\/B-Buntstiftverpackung-2.jpg\" alt=\"B Buntstiftverpackung 2\" width=\"800\" height=\"600\" srcset=\"https:\/\/www.sabine-seyffert.de\/blog\/wp-content\/uploads\/2016\/08\/B-Buntstiftverpackung-2.jpg 800w, https:\/\/www.sabine-seyffert.de\/blog\/wp-content\/uploads\/2016\/08\/B-Buntstiftverpackung-2-300x225.jpg 300w, https:\/\/www.sabine-seyffert.de\/blog\/wp-content\/uploads\/2016\/08\/B-Buntstiftverpackung-2-768x576.jpg 768w\" sizes=\"auto, (max-width: 800px) 100vw, 800px\" \/><\/a><\/p>\n<p style=\"text-align: justify;\">Hat man alle Buntstifte beisammen, klebt man diese nebeneinander an den unteren Rand des Geschenks. F\u00fcr jeden der Stifte habe ich mit dem Lochstanzer noch einen hellen Kreis aus einer Buchseite gelocht und in gleicher H\u00f6he auf diese geklebt. Mit den Stempeln bekamen die Kreise noch den Schriftzug \u201eSchulkind 2016\u201c.<\/p>\n<p style=\"text-align: center;\"><a href=\"http:\/\/www.sabine-seyffert.de\/blog\/wp-content\/uploads\/2016\/08\/B-Buntstiftverpackung-10.jpg\" rel=\"attachment wp-att-8169\"><img loading=\"lazy\" decoding=\"async\" class=\"alignnone size-full wp-image-8169\" src=\"http:\/\/www.sabine-seyffert.de\/blog\/wp-content\/uploads\/2016\/08\/B-Buntstiftverpackung-10.jpg\" alt=\"B Buntstiftverpackung 10\" width=\"800\" height=\"600\" srcset=\"https:\/\/www.sabine-seyffert.de\/blog\/wp-content\/uploads\/2016\/08\/B-Buntstiftverpackung-10.jpg 800w, https:\/\/www.sabine-seyffert.de\/blog\/wp-content\/uploads\/2016\/08\/B-Buntstiftverpackung-10-300x225.jpg 300w, https:\/\/www.sabine-seyffert.de\/blog\/wp-content\/uploads\/2016\/08\/B-Buntstiftverpackung-10-768x576.jpg 768w\" sizes=\"auto, (max-width: 800px) 100vw, 800px\" \/><\/a><\/p>\n<p style=\"text-align: justify;\">Weitere ausgefallen Verpackungsideen gibt es in <a href=\"http:\/\/www.sabine-seyffert.de\/blog\/?cat=49\" target=\"_blank\">dieser Rubrik<\/a>, pfiffige, kreative Ideen rund um das Thema Schule an <a href=\"http:\/\/www.sabine-seyffert.de\/blog\/?cat=40\" target=\"_blank\">dieser Stelle<\/a> und andere kreative Sachen <a href=\"http:\/\/www.creadienstag.de\/2016\/08\/242.html\" target=\"_blank\">dort<\/a>.<\/p>\n<p style=\"text-align: center;\"><a href=\"http:\/\/www.sabine-seyffert.de\/blog\/wp-content\/uploads\/2016\/08\/B-Buntstiftverpackung-11.jpg\" rel=\"attachment wp-att-8170\"><img loading=\"lazy\" decoding=\"async\" class=\"alignnone size-full wp-image-8170\" src=\"http:\/\/www.sabine-seyffert.de\/blog\/wp-content\/uploads\/2016\/08\/B-Buntstiftverpackung-11.jpg\" alt=\"B Buntstiftverpackung 11\" width=\"800\" height=\"600\" srcset=\"https:\/\/www.sabine-seyffert.de\/blog\/wp-content\/uploads\/2016\/08\/B-Buntstiftverpackung-11.jpg 800w, https:\/\/www.sabine-seyffert.de\/blog\/wp-content\/uploads\/2016\/08\/B-Buntstiftverpackung-11-300x225.jpg 300w, https:\/\/www.sabine-seyffert.de\/blog\/wp-content\/uploads\/2016\/08\/B-Buntstiftverpackung-11-768x576.jpg 768w\" sizes=\"auto, (max-width: 800px) 100vw, 800px\" \/><\/a><\/p>\n<p><a href=\"http:\/\/www.sabine-seyffert.de\/blog\/?page_id=32#urheberrecht\">urheberrechtlich gesch\u00fctzt<\/a>, \u00a9 Sabine Seyffert<\/p>\n","protected":false},"excerpt":{"rendered":"<p>Noch ein paar Tage \u2013 dann ist es soweit: Der gro\u00dfe Tag bzw. der erste Schultag ist gekommen. Daher gibt es noch schnell eine weitere Verpackungsvariante f\u00fcr ein Einschulungsgeschenk f\u00fcr Euch (1.Idee &#8220;Schulkind&#8221; hier und 2. Idee &#8220;Schultafel&#8221; dort). Hierzu hat mich diese selbst gebastelte Postkarte aus dem letzten Sommer inspiriert, mit der wir dem&#8230; <a href=\"https:\/\/www.sabine-seyffert.de\/blog\/bastelidee-diy-zum-schulstart-geschenke-zur-einschulung-wunderschoen-verpackt-buntstifte-3\/\" class=\"more-link\">Read more: Bastelidee &#038; DIY zum Schulstart: Geschenke zur Einschulung wundersch\u00f6n verpackt \u201eBuntstifte\u201c # 3<\/a><\/p>\n","protected":false},"author":2,"featured_media":8166,"comment_status":"open","ping_status":"open","sticky":false,"template":"","format":"standard","meta":{"_metis_text_type":"","_metis_text_length":2274,"_post_count":0,"footnotes":""},"categories":[49,40],"tags":[],"class_list":["post-8162","post","type-post","status-publish","format-standard","has-post-thumbnail","hentry","category-verpackungsideen","category-schulstart"],"_links":{"self":[{"href":"https:\/\/www.sabine-seyffert.de\/blog\/wp-json\/wp\/v2\/posts\/8162","targetHints":{"allow":["GET"]}}],"collection":[{"href":"https:\/\/www.sabine-seyffert.de\/blog\/wp-json\/wp\/v2\/posts"}],"about":[{"href":"https:\/\/www.sabine-seyffert.de\/blog\/wp-json\/wp\/v2\/types\/post"}],"author":[{"embeddable":true,"href":"https:\/\/www.sabine-seyffert.de\/blog\/wp-json\/wp\/v2\/users\/2"}],"replies":[{"embeddable":true,"href":"https:\/\/www.sabine-seyffert.de\/blog\/wp-json\/wp\/v2\/comments?post=8162"}],"version-history":[{"count":3,"href":"https:\/\/www.sabine-seyffert.de\/blog\/wp-json\/wp\/v2\/posts\/8162\/revisions"}],"predecessor-version":[{"id":8174,"href":"https:\/\/www.sabine-seyffert.de\/blog\/wp-json\/wp\/v2\/posts\/8162\/revisions\/8174"}],"wp:featuredmedia":[{"embeddable":true,"href":"https:\/\/www.sabine-seyffert.de\/blog\/wp-json\/wp\/v2\/media\/8166"}],"wp:attachment":[{"href":"https:\/\/www.sabine-seyffert.de\/blog\/wp-json\/wp\/v2\/media?parent=8162"}],"wp:term":[{"taxonomy":"category","embeddable":true,"href":"https:\/\/www.sabine-seyffert.de\/blog\/wp-json\/wp\/v2\/categories?post=8162"},{"taxonomy":"post_tag","embeddable":true,"href":"https:\/\/www.sabine-seyffert.de\/blog\/wp-json\/wp\/v2\/tags?post=8162"}],"curies":[{"name":"wp","href":"https:\/\/api.w.org\/{rel}","templated":true}]}}