{"id":8135,"date":"2016-08-17T08:05:15","date_gmt":"2016-08-17T06:05:15","guid":{"rendered":"http:\/\/www.sabine-seyffert.de\/blog\/?p=8135"},"modified":"2017-03-01T11:54:58","modified_gmt":"2017-03-01T09:54:58","slug":"bastelidee-diy-zum-schulstart-geschenke-zur-einschulung-wunderschoen-verpackt-schultafel-2","status":"publish","type":"post","link":"https:\/\/www.sabine-seyffert.de\/blog\/bastelidee-diy-zum-schulstart-geschenke-zur-einschulung-wunderschoen-verpackt-schultafel-2\/","title":{"rendered":"Bastelidee &#038; DIY zum Schulstart: Geschenke zur Einschulung wundersch\u00f6n verpackt \u201eSchultafel\u201c # 2"},"content":{"rendered":"<p style=\"text-align: justify;\"><img loading=\"lazy\" decoding=\"async\" src=\"https:\/\/ssl-vg03.met.vgwort.de\/na\/c60b6eb850d14607a00f3b051ded57f1\" alt=\"\" width=\"1\" height=\"1\" \/>Wenn die Kindergartenzeit vor\u00fcber ist und die Vorschulkinder endlich eingeschult werden, gibt es zum ersten Schultag in der Regel auch kleinere Geschenke. Und diese habe ich nat\u00fcrlich dem Anlass entsprechend gestaltet und ein paar bunte Geschenkverpackungen entworfen wie <a href=\"http:\/\/www.sabine-seyffert.de\/blog\/?p=7904\" target=\"_blank\">diese<\/a>. Hier kommt die zweite Idee mit einer selbst gebastelten Schultafel. Dazu habe ich mich von <a href=\"http:\/\/www.sabine-seyffert.de\/blog\/?p=2475\" target=\"_blank\">diesen Einladungen<\/a> zur Einschulungsfeier inspirieren lassen.<\/p>\n<p style=\"text-align: center;\"><a href=\"http:\/\/www.sabine-seyffert.de\/blog\/wp-content\/uploads\/2016\/08\/C-Schultafel-0.jpg\" rel=\"attachment wp-att-8136\"><img loading=\"lazy\" decoding=\"async\" class=\"alignnone size-full wp-image-8136\" src=\"http:\/\/www.sabine-seyffert.de\/blog\/wp-content\/uploads\/2016\/08\/C-Schultafel-0.jpg\" alt=\"C Schultafel 0\" width=\"800\" height=\"600\" srcset=\"https:\/\/www.sabine-seyffert.de\/blog\/wp-content\/uploads\/2016\/08\/C-Schultafel-0.jpg 800w, https:\/\/www.sabine-seyffert.de\/blog\/wp-content\/uploads\/2016\/08\/C-Schultafel-0-300x225.jpg 300w, https:\/\/www.sabine-seyffert.de\/blog\/wp-content\/uploads\/2016\/08\/C-Schultafel-0-768x576.jpg 768w\" sizes=\"auto, (max-width: 800px) 100vw, 800px\" \/><\/a><\/p>\n<p style=\"text-align: justify;\"><strong>Das wird gebraucht:<\/strong><br \/>\nNaturbraunes Packpapier, Schere, Bleistift, farbige Tonpapierreste, Klebstoff, ein Lineal, einen wei\u00dfen Buntstift, Buchstabenstempel sowie ein Stempelkissen<\/p>\n<p style=\"text-align: center;\"><a href=\"http:\/\/www.sabine-seyffert.de\/blog\/wp-content\/uploads\/2016\/08\/C-Schultafel-3.jpg\" rel=\"attachment wp-att-8137\"><img loading=\"lazy\" decoding=\"async\" class=\"alignnone size-full wp-image-8137\" src=\"http:\/\/www.sabine-seyffert.de\/blog\/wp-content\/uploads\/2016\/08\/C-Schultafel-3.jpg\" alt=\"C Schultafel 3\" width=\"800\" height=\"600\" srcset=\"https:\/\/www.sabine-seyffert.de\/blog\/wp-content\/uploads\/2016\/08\/C-Schultafel-3.jpg 800w, https:\/\/www.sabine-seyffert.de\/blog\/wp-content\/uploads\/2016\/08\/C-Schultafel-3-300x225.jpg 300w, https:\/\/www.sabine-seyffert.de\/blog\/wp-content\/uploads\/2016\/08\/C-Schultafel-3-768x576.jpg 768w\" sizes=\"auto, (max-width: 800px) 100vw, 800px\" \/><\/a><\/p>\n<p style=\"text-align: justify;\"><strong>So wird\u2019s gemacht:<\/strong><br \/>\nZuerst verpackt man das Geschenk in etwas Packpapier. Danach schneidet man aus einem kleinen St\u00fcck schwarzen Tonpapier ein Rechteck f\u00fcr die ben\u00f6tigte Schultafel sowie aus einer anderen Farbe ein gr\u00f6\u00dferes Rechteck als Tafelrand.<\/p>\n<p style=\"text-align: center;\"><a href=\"http:\/\/www.sabine-seyffert.de\/blog\/wp-content\/uploads\/2016\/08\/C-Schultafel-4.jpg\" rel=\"attachment wp-att-8138\"><img loading=\"lazy\" decoding=\"async\" class=\"alignnone size-full wp-image-8138\" src=\"http:\/\/www.sabine-seyffert.de\/blog\/wp-content\/uploads\/2016\/08\/C-Schultafel-4.jpg\" alt=\"C Schultafel 4\" width=\"800\" height=\"600\" srcset=\"https:\/\/www.sabine-seyffert.de\/blog\/wp-content\/uploads\/2016\/08\/C-Schultafel-4.jpg 800w, https:\/\/www.sabine-seyffert.de\/blog\/wp-content\/uploads\/2016\/08\/C-Schultafel-4-300x225.jpg 300w, https:\/\/www.sabine-seyffert.de\/blog\/wp-content\/uploads\/2016\/08\/C-Schultafel-4-768x576.jpg 768w\" sizes=\"auto, (max-width: 800px) 100vw, 800px\" \/><\/a><\/p>\n<p style=\"text-align: justify;\">Mit Hilfe des Lineals und einem wei\u00dfen Buntstift habe ich Linien auf die schwarze Tafel gezeichnet und diese mit Text sowie dem Jahr der Einschulung beschriftet. Mit etwas Kleber befestigt man die Mini Tafel dann auf dem verpackten Geschenk.<\/p>\n<p style=\"text-align: center;\"><a href=\"http:\/\/www.sabine-seyffert.de\/blog\/wp-content\/uploads\/2016\/08\/C-Schultafel-7.jpg\" rel=\"attachment wp-att-8139\"><img loading=\"lazy\" decoding=\"async\" class=\"alignnone size-full wp-image-8139\" src=\"http:\/\/www.sabine-seyffert.de\/blog\/wp-content\/uploads\/2016\/08\/C-Schultafel-7.jpg\" alt=\"C Schultafel 7\" width=\"800\" height=\"600\" srcset=\"https:\/\/www.sabine-seyffert.de\/blog\/wp-content\/uploads\/2016\/08\/C-Schultafel-7.jpg 800w, https:\/\/www.sabine-seyffert.de\/blog\/wp-content\/uploads\/2016\/08\/C-Schultafel-7-300x225.jpg 300w, https:\/\/www.sabine-seyffert.de\/blog\/wp-content\/uploads\/2016\/08\/C-Schultafel-7-768x576.jpg 768w\" sizes=\"auto, (max-width: 800px) 100vw, 800px\" \/><\/a><\/p>\n<p style=\"text-align: justify;\">Mit dem Bleistift habe ich mir auf einem Schwung kunterbunten Bastelpapierresten spiegelverkehrt (!!!) und per Hand die Buchstaben f\u00fcr den Schriftzug \u201eSchulkind\u201c gezeichnet und anschlie\u00dfend ausgeschnitten. Leichter geht es nat\u00fcrlich wenn man sich mit Hilfe des Druckers die entsprechenden Buchstaben direkt auf das Bastelpapier druckt, aber wie das manchmal so ist \u2013 genau zur unpassensten Zeit hat unser Drucker seinen Geist aufgegeben\u2026<\/p>\n<p style=\"text-align: center;\"><a href=\"http:\/\/www.sabine-seyffert.de\/blog\/wp-content\/uploads\/2016\/08\/C-Schultafel-5.jpg\" rel=\"attachment wp-att-8140\"><img loading=\"lazy\" decoding=\"async\" class=\"alignnone size-full wp-image-8140\" src=\"http:\/\/www.sabine-seyffert.de\/blog\/wp-content\/uploads\/2016\/08\/C-Schultafel-5.jpg\" alt=\"C Schultafel 5\" width=\"800\" height=\"600\" srcset=\"https:\/\/www.sabine-seyffert.de\/blog\/wp-content\/uploads\/2016\/08\/C-Schultafel-5.jpg 800w, https:\/\/www.sabine-seyffert.de\/blog\/wp-content\/uploads\/2016\/08\/C-Schultafel-5-300x225.jpg 300w, https:\/\/www.sabine-seyffert.de\/blog\/wp-content\/uploads\/2016\/08\/C-Schultafel-5-768x576.jpg 768w\" sizes=\"auto, (max-width: 800px) 100vw, 800px\" \/><\/a><\/p>\n<p style=\"text-align: justify;\">Die Buchstaben schneidet man aus und klebt diese am unteren Rand auf das verpackte Geschenk. Dar\u00fcber habe ich noch mit etwas gr\u00f6\u00dferen Buchstabenstempeln eine kleine Botschaft f\u00fcr den Schulneuling gestempelt.<\/p>\n<p style=\"text-align: center;\"><a href=\"http:\/\/www.sabine-seyffert.de\/blog\/wp-content\/uploads\/2016\/08\/C-Schultafel-2.jpg\" rel=\"attachment wp-att-8141\"><img loading=\"lazy\" decoding=\"async\" class=\"alignnone size-full wp-image-8141\" src=\"http:\/\/www.sabine-seyffert.de\/blog\/wp-content\/uploads\/2016\/08\/C-Schultafel-2.jpg\" alt=\"C Schultafel 2\" width=\"800\" height=\"600\" srcset=\"https:\/\/www.sabine-seyffert.de\/blog\/wp-content\/uploads\/2016\/08\/C-Schultafel-2.jpg 800w, https:\/\/www.sabine-seyffert.de\/blog\/wp-content\/uploads\/2016\/08\/C-Schultafel-2-300x225.jpg 300w, https:\/\/www.sabine-seyffert.de\/blog\/wp-content\/uploads\/2016\/08\/C-Schultafel-2-768x576.jpg 768w\" sizes=\"auto, (max-width: 800px) 100vw, 800px\" \/><\/a><\/p>\n<p style=\"text-align: justify;\"><strong>Ein kleiner Tipp:<\/strong><br \/>\nDiese Geschenkverpackung l\u00e4sst sich durch ausgestanzte Motive, wie in meinem Fall den kleinen Sternen, prima weiter aufpeppen!<\/p>\n<p style=\"text-align: center;\"><a href=\"http:\/\/www.sabine-seyffert.de\/blog\/wp-content\/uploads\/2016\/08\/C-Schultafel-1.jpg\" rel=\"attachment wp-att-8142\"><img loading=\"lazy\" decoding=\"async\" class=\"alignnone size-full wp-image-8142\" src=\"http:\/\/www.sabine-seyffert.de\/blog\/wp-content\/uploads\/2016\/08\/C-Schultafel-1.jpg\" alt=\"C Schultafel 1\" width=\"800\" height=\"600\" srcset=\"https:\/\/www.sabine-seyffert.de\/blog\/wp-content\/uploads\/2016\/08\/C-Schultafel-1.jpg 800w, https:\/\/www.sabine-seyffert.de\/blog\/wp-content\/uploads\/2016\/08\/C-Schultafel-1-300x225.jpg 300w, https:\/\/www.sabine-seyffert.de\/blog\/wp-content\/uploads\/2016\/08\/C-Schultafel-1-768x576.jpg 768w\" sizes=\"auto, (max-width: 800px) 100vw, 800px\" \/><\/a><\/p>\n<p style=\"text-align: justify;\">Weitere tolle Ideen rund um das Thema Einschulung findet Ihr \u00fcbrigens in <a href=\"http:\/\/www.sabine-seyffert.de\/blog\/?cat=40\" target=\"_blank\">dieser Rubrik,<\/a> weitere Ideen rund um das <a href=\"http:\/\/www.sabine-seyffert.de\/blog\/?cat=49\" target=\"_blank\">Verpacken von Geschenken<\/a> dort und andere kreative Sachen <a href=\"http:\/\/www.creadienstag.de\/2016\/08\/241.html\" target=\"_blank\">da<\/a>\u2013 viel Spa\u00df beim St\u00f6bern!<\/p>\n<p><a href=\"http:\/\/www.sabine-seyffert.de\/blog\/?page_id=32#urheberrecht\">urheberrechtlich gesch\u00fctzt<\/a>, \u00a9 Sabine Seyffert<\/p>\n","protected":false},"excerpt":{"rendered":"<p>Wenn die Kindergartenzeit vor\u00fcber ist und die Vorschulkinder endlich eingeschult werden, gibt es zum ersten Schultag in der Regel auch kleinere Geschenke. Und diese habe ich nat\u00fcrlich dem Anlass entsprechend gestaltet und ein paar bunte Geschenkverpackungen entworfen wie diese. Hier kommt die zweite Idee mit einer selbst gebastelten Schultafel. Dazu habe ich mich von diesen&#8230; <a href=\"https:\/\/www.sabine-seyffert.de\/blog\/bastelidee-diy-zum-schulstart-geschenke-zur-einschulung-wunderschoen-verpackt-schultafel-2\/\" class=\"more-link\">Read more: Bastelidee &#038; DIY zum Schulstart: Geschenke zur Einschulung wundersch\u00f6n verpackt \u201eSchultafel\u201c # 2<\/a><\/p>\n","protected":false},"author":2,"featured_media":8141,"comment_status":"open","ping_status":"open","sticky":false,"template":"","format":"standard","meta":{"_metis_text_type":"","_metis_text_length":2132,"_post_count":0,"footnotes":""},"categories":[49,40],"tags":[],"class_list":["post-8135","post","type-post","status-publish","format-standard","has-post-thumbnail","hentry","category-verpackungsideen","category-schulstart"],"_links":{"self":[{"href":"https:\/\/www.sabine-seyffert.de\/blog\/wp-json\/wp\/v2\/posts\/8135","targetHints":{"allow":["GET"]}}],"collection":[{"href":"https:\/\/www.sabine-seyffert.de\/blog\/wp-json\/wp\/v2\/posts"}],"about":[{"href":"https:\/\/www.sabine-seyffert.de\/blog\/wp-json\/wp\/v2\/types\/post"}],"author":[{"embeddable":true,"href":"https:\/\/www.sabine-seyffert.de\/blog\/wp-json\/wp\/v2\/users\/2"}],"replies":[{"embeddable":true,"href":"https:\/\/www.sabine-seyffert.de\/blog\/wp-json\/wp\/v2\/comments?post=8135"}],"version-history":[{"count":2,"href":"https:\/\/www.sabine-seyffert.de\/blog\/wp-json\/wp\/v2\/posts\/8135\/revisions"}],"predecessor-version":[{"id":8144,"href":"https:\/\/www.sabine-seyffert.de\/blog\/wp-json\/wp\/v2\/posts\/8135\/revisions\/8144"}],"wp:featuredmedia":[{"embeddable":true,"href":"https:\/\/www.sabine-seyffert.de\/blog\/wp-json\/wp\/v2\/media\/8141"}],"wp:attachment":[{"href":"https:\/\/www.sabine-seyffert.de\/blog\/wp-json\/wp\/v2\/media?parent=8135"}],"wp:term":[{"taxonomy":"category","embeddable":true,"href":"https:\/\/www.sabine-seyffert.de\/blog\/wp-json\/wp\/v2\/categories?post=8135"},{"taxonomy":"post_tag","embeddable":true,"href":"https:\/\/www.sabine-seyffert.de\/blog\/wp-json\/wp\/v2\/tags?post=8135"}],"curies":[{"name":"wp","href":"https:\/\/api.w.org\/{rel}","templated":true}]}}