{"id":813,"date":"2013-03-14T09:11:33","date_gmt":"2013-03-14T07:11:33","guid":{"rendered":"http:\/\/www.sabine-seyffert.de\/blog\/?p=813"},"modified":"2017-03-06T18:17:53","modified_gmt":"2017-03-06T16:17:53","slug":"bald-kommt-der-fruhling","status":"publish","type":"post","link":"https:\/\/www.sabine-seyffert.de\/blog\/bald-kommt-der-fruhling\/","title":{"rendered":"Bald kommt der Fr\u00fchling\u2026"},"content":{"rendered":"<p style=\"text-align: justify;\"><img loading=\"lazy\" decoding=\"async\" src=\"https:\/\/ssl-vg03.met.vgwort.de\/na\/9d86350e99f348c6a75fa48d84ff36cc\" alt=\"\" width=\"1\" height=\"1\" \/>Bei <a href=\"http:\/\/luziapimpinella.blogspot.de\/2013\/03\/foto-projekt-beauty-is-where-you-find_14.html\" target=\"_blank\">Luzia Pimpinella<\/a> heisst es diese Woche \u201eWarten auf gr\u00fcn\u201c. Wenn man sich so umh\u00f6rt k\u00f6nnen es die Wenigsten erwarten den Fr\u00fchling und mit ihm das &#8220;Gr\u00fcn&#8221; endlich Willkommen zu hei\u00dfen!<\/p>\n<p style=\"text-align: center;\"><a href=\"http:\/\/www.sabine-seyffert.de\/blog\/wp-content\/uploads\/2013\/03\/Tigerei-1.jpg\"><img loading=\"lazy\" decoding=\"async\" class=\"alignnone size-full wp-image-814\" src=\"http:\/\/www.sabine-seyffert.de\/blog\/wp-content\/uploads\/2013\/03\/Tigerei-1.jpg\" alt=\"Tigerei 1\" width=\"800\" height=\"600\" srcset=\"https:\/\/www.sabine-seyffert.de\/blog\/wp-content\/uploads\/2013\/03\/Tigerei-1.jpg 800w, https:\/\/www.sabine-seyffert.de\/blog\/wp-content\/uploads\/2013\/03\/Tigerei-1-300x225.jpg 300w\" sizes=\"auto, (max-width: 800px) 100vw, 800px\" \/><\/a><\/p>\n<p style=\"text-align: justify;\">Warten finde ich pers\u00f6nlich schrecklich nervig. Vielleicht weil ich als Mutter zu oft mit kranken Kindern im Wartezimmer beim Kinderarzt verbracht habe, m\u00f6glicherweise weil ich ein ungeduldiger Mensch bin oder auch einfach deshalb, weil Warten an sich furchtbar langweilig ist und sich dahin ziehen kann wie klebriges Kaugummi.<\/p>\n<p style=\"text-align: center;\"><a href=\"http:\/\/www.sabine-seyffert.de\/blog\/wp-content\/uploads\/2013\/03\/Tigerei-2.jpg\"><img loading=\"lazy\" decoding=\"async\" class=\"alignnone size-full wp-image-815\" src=\"http:\/\/www.sabine-seyffert.de\/blog\/wp-content\/uploads\/2013\/03\/Tigerei-2.jpg\" alt=\"Tigerei 2\" width=\"800\" height=\"600\" srcset=\"https:\/\/www.sabine-seyffert.de\/blog\/wp-content\/uploads\/2013\/03\/Tigerei-2.jpg 800w, https:\/\/www.sabine-seyffert.de\/blog\/wp-content\/uploads\/2013\/03\/Tigerei-2-300x225.jpg 300w\" sizes=\"auto, (max-width: 800px) 100vw, 800px\" \/><\/a><\/p>\n<p style=\"text-align: justify;\">Aus diesem Grunde hoffen wir einfach mal auf den Fr\u00fchling, auf etwas warmen Sonnenschein, das helle, zartes Gr\u00fcn, blauen Himmel und genie\u00dfen bis dahin die Tage mit m\u00f6glichst vielen entspannenden Momenten im Alltag. Und damit die Warterei nicht langweilig wird sorgen wir f\u00fcr willkommene Abwechslung. Wie w\u00e4re es mit ein paar Basteleien f\u00fcrs bevorstehende Osterfest? Das lenkt nicht nur ab, sondern zaubert schon einen Hauch von Fr\u00fchlingsstimmung ins Haus! Also auf den \u201eFr\u00fchling\u201c, fertig, los!<\/p>\n<p style=\"text-align: center;\"><a href=\"http:\/\/www.sabine-seyffert.de\/blog\/wp-content\/uploads\/2013\/03\/Tigerei-3.jpg\"><img loading=\"lazy\" decoding=\"async\" class=\"alignnone size-full wp-image-816\" src=\"http:\/\/www.sabine-seyffert.de\/blog\/wp-content\/uploads\/2013\/03\/Tigerei-3.jpg\" alt=\"Tigerei 3\" width=\"800\" height=\"600\" srcset=\"https:\/\/www.sabine-seyffert.de\/blog\/wp-content\/uploads\/2013\/03\/Tigerei-3.jpg 800w, https:\/\/www.sabine-seyffert.de\/blog\/wp-content\/uploads\/2013\/03\/Tigerei-3-300x225.jpg 300w\" sizes=\"auto, (max-width: 800px) 100vw, 800px\" \/><\/a><\/p>\n<p style=\"text-align: justify;\"><strong>Das wird gebraucht:<\/strong><br \/>\nAusgeblasene, saubere Eier in wei\u00df und braun sowie einige Eierschalen ebenfalls in wei\u00df und braun, einen Klebestift und eine kleine Portion Geduld<\/p>\n<p style=\"text-align: center;\"><a href=\"http:\/\/www.sabine-seyffert.de\/blog\/wp-content\/uploads\/2013\/03\/Tigerei-4.jpg\"><img loading=\"lazy\" decoding=\"async\" class=\"alignnone size-full wp-image-817\" src=\"http:\/\/www.sabine-seyffert.de\/blog\/wp-content\/uploads\/2013\/03\/Tigerei-4.jpg\" alt=\"Tigerei 4\" width=\"800\" height=\"600\" srcset=\"https:\/\/www.sabine-seyffert.de\/blog\/wp-content\/uploads\/2013\/03\/Tigerei-4.jpg 800w, https:\/\/www.sabine-seyffert.de\/blog\/wp-content\/uploads\/2013\/03\/Tigerei-4-300x225.jpg 300w\" sizes=\"auto, (max-width: 800px) 100vw, 800px\" \/><\/a><\/p>\n<p style=\"text-align: justify;\"><strong>So wird\u2019s gemacht:<\/strong><br \/>\nDie Eierschalen werden in mehrere kleine St\u00fccke zerteilt. Ich habe dies unmittelbar beim Bekleben der Eier getan und mir auf diese Weise immer die gew\u00fcnschte Anzahl und Gr\u00f6\u00dfe von den Schalen abgebrochen. Meine T\u00f6chter dagegen haben sich zuerst einen \u201eVorrat\u201c an Eierschalen-St\u00fcckchen angelegt und dann mit dem Bekleben begonnen. Es geht also beides!<\/p>\n<p style=\"text-align: center;\"><a href=\"http:\/\/www.sabine-seyffert.de\/blog\/wp-content\/uploads\/2013\/03\/Tigerei-5.jpg\"><img loading=\"lazy\" decoding=\"async\" class=\"alignnone size-full wp-image-818\" src=\"http:\/\/www.sabine-seyffert.de\/blog\/wp-content\/uploads\/2013\/03\/Tigerei-5.jpg\" alt=\"Tigerei 5\" width=\"800\" height=\"600\" srcset=\"https:\/\/www.sabine-seyffert.de\/blog\/wp-content\/uploads\/2013\/03\/Tigerei-5.jpg 800w, https:\/\/www.sabine-seyffert.de\/blog\/wp-content\/uploads\/2013\/03\/Tigerei-5-300x225.jpg 300w\" sizes=\"auto, (max-width: 800px) 100vw, 800px\" \/><\/a><\/p>\n<p style=\"text-align: justify;\">Dann haben wir das ausgeblasene Ei (immer in der anderen Farbe zu den Schalenst\u00fcckchen), auf einer kleinen Fl\u00e4che von ca. 1 cm mit Kleber bestrichen und diese Stelle mit den Schalenst\u00fcckchen beklebt. So arbeitet man sich nach und nach \u00fcber das ganze ausgepustete Ei. Damit etwas Abwechslung bei den Eiern zu finden ist, haben wir sowohl braune Eier mit wei\u00dfen Schalenst\u00fcckchen als auch wei\u00dfe Eier mit braunen Eierschalen beklebt. Dabei herausgekommen sind ganz nat\u00fcrliche \u201eTigereier\u201c f\u00fcr den Osterstrauch.<\/p>\n<p style=\"text-align: center;\"><a href=\"http:\/\/www.sabine-seyffert.de\/blog\/wp-content\/uploads\/2013\/03\/tigerei-6.jpg\"><img loading=\"lazy\" decoding=\"async\" class=\"alignnone size-full wp-image-819\" src=\"http:\/\/www.sabine-seyffert.de\/blog\/wp-content\/uploads\/2013\/03\/tigerei-6.jpg\" alt=\"tigerei 6\" width=\"800\" height=\"600\" srcset=\"https:\/\/www.sabine-seyffert.de\/blog\/wp-content\/uploads\/2013\/03\/tigerei-6.jpg 800w, https:\/\/www.sabine-seyffert.de\/blog\/wp-content\/uploads\/2013\/03\/tigerei-6-300x225.jpg 300w\" sizes=\"auto, (max-width: 800px) 100vw, 800px\" \/><\/a><\/p>\n<p style=\"text-align: justify;\">Da meine <a href=\"http:\/\/www.sabine-seyffert.de\/blog\/?p=752\" target=\"_blank\">wei\u00df bemalten Eier<\/a> vor Kurzem so gut ankamen, ist diese Idee sicher eine weitere, willkommene Gestaltungsalternative in der Fr\u00fchlingszeit!<\/p>\n<p><a href=\"http:\/\/www.sabine-seyffert.de\/blog\/?page_id=32#urheberrecht\">urherrechtlich gesch\u00fctzt<\/a>, \u00a9 Sabine Seyffert<\/p>\n","protected":false},"excerpt":{"rendered":"<p>Bei Luzia Pimpinella heisst es diese Woche \u201eWarten auf gr\u00fcn\u201c. Wenn man sich so umh\u00f6rt k\u00f6nnen es die Wenigsten erwarten den Fr\u00fchling und mit ihm das &#8220;Gr\u00fcn&#8221; endlich Willkommen zu hei\u00dfen! Warten finde ich pers\u00f6nlich schrecklich nervig. Vielleicht weil ich als Mutter zu oft mit kranken Kindern im Wartezimmer beim Kinderarzt verbracht habe, m\u00f6glicherweise weil&#8230; <a href=\"https:\/\/www.sabine-seyffert.de\/blog\/bald-kommt-der-fruhling\/\" class=\"more-link\">Read more: Bald kommt der Fr\u00fchling\u2026<\/a><\/p>\n","protected":false},"author":2,"featured_media":0,"comment_status":"open","ping_status":"open","sticky":false,"template":"","format":"standard","meta":{"_metis_text_type":"","_metis_text_length":2252,"_post_count":0,"footnotes":""},"categories":[12,23,47],"tags":[],"class_list":["post-813","post","type-post","status-publish","format-standard","hentry","category-deko-ideen","category-fruhling","category-upcyceltes"],"_links":{"self":[{"href":"https:\/\/www.sabine-seyffert.de\/blog\/wp-json\/wp\/v2\/posts\/813","targetHints":{"allow":["GET"]}}],"collection":[{"href":"https:\/\/www.sabine-seyffert.de\/blog\/wp-json\/wp\/v2\/posts"}],"about":[{"href":"https:\/\/www.sabine-seyffert.de\/blog\/wp-json\/wp\/v2\/types\/post"}],"author":[{"embeddable":true,"href":"https:\/\/www.sabine-seyffert.de\/blog\/wp-json\/wp\/v2\/users\/2"}],"replies":[{"embeddable":true,"href":"https:\/\/www.sabine-seyffert.de\/blog\/wp-json\/wp\/v2\/comments?post=813"}],"version-history":[{"count":22,"href":"https:\/\/www.sabine-seyffert.de\/blog\/wp-json\/wp\/v2\/posts\/813\/revisions"}],"predecessor-version":[{"id":5875,"href":"https:\/\/www.sabine-seyffert.de\/blog\/wp-json\/wp\/v2\/posts\/813\/revisions\/5875"}],"wp:attachment":[{"href":"https:\/\/www.sabine-seyffert.de\/blog\/wp-json\/wp\/v2\/media?parent=813"}],"wp:term":[{"taxonomy":"category","embeddable":true,"href":"https:\/\/www.sabine-seyffert.de\/blog\/wp-json\/wp\/v2\/categories?post=813"},{"taxonomy":"post_tag","embeddable":true,"href":"https:\/\/www.sabine-seyffert.de\/blog\/wp-json\/wp\/v2\/tags?post=813"}],"curies":[{"name":"wp","href":"https:\/\/api.w.org\/{rel}","templated":true}]}}