{"id":8074,"date":"2016-08-11T06:44:32","date_gmt":"2016-08-11T04:44:32","guid":{"rendered":"http:\/\/www.sabine-seyffert.de\/blog\/?p=8074"},"modified":"2017-03-01T11:59:00","modified_gmt":"2017-03-01T09:59:00","slug":"als-beilage-zum-grillen-als-snack-fuers-picknick-oder-zum-knabbern-blitzschnelle-kaeseschnecken","status":"publish","type":"post","link":"https:\/\/www.sabine-seyffert.de\/blog\/als-beilage-zum-grillen-als-snack-fuers-picknick-oder-zum-knabbern-blitzschnelle-kaeseschnecken\/","title":{"rendered":"Als Beilage zum Grillen, als Snack f\u00fcrs Picknick oder zum Knabbern: Blitzschnelle K\u00e4seschnecken"},"content":{"rendered":"<p style=\"text-align: justify;\"><img loading=\"lazy\" decoding=\"async\" src=\"https:\/\/ssl-vg03.met.vgwort.de\/na\/c3b166fe095147ed964ac54ee69d23aa\" alt=\"\" width=\"1\" height=\"1\" \/>Immer wieder hei\u00dfgeliebt und auf Sommerfesten, beim Spieleabend oder auch beim Abendbrot ratz fatz verputzt: Die w\u00fcrzigen K\u00e4seschnecken! Diese sind nicht nur unglaublich lecker sondern ganz schnell gemacht. Das geht so leicht, damit kann man sogar den Nachwuchs beauftragen. Von den Zutaten und der Machart her sind wird es gemacht wie bei <a href=\"http:\/\/www.sabine-seyffert.de\/blog\/?p=549\" target=\"_blank\">den Bl\u00e4tterteigherzen<\/a>, die nicht nur am Valentinstag, Muttertag oder einer Hochzeit der Hit sind.<\/p>\n<p style=\"text-align: center;\"><a href=\"http:\/\/www.sabine-seyffert.de\/blog\/wp-content\/uploads\/2016\/08\/Bl\u00e4tterteigschnecken-K\u00e4se-7.jpg\" rel=\"attachment wp-att-8075\"><img loading=\"lazy\" decoding=\"async\" class=\"alignnone size-full wp-image-8075\" src=\"http:\/\/www.sabine-seyffert.de\/blog\/wp-content\/uploads\/2016\/08\/Bl\u00e4tterteigschnecken-K\u00e4se-7.jpg\" alt=\"Bl\u00e4tterteigschnecken K\u00e4se 7\" width=\"800\" height=\"600\" srcset=\"https:\/\/www.sabine-seyffert.de\/blog\/wp-content\/uploads\/2016\/08\/Bl\u00e4tterteigschnecken-K\u00e4se-7.jpg 800w, https:\/\/www.sabine-seyffert.de\/blog\/wp-content\/uploads\/2016\/08\/Bl\u00e4tterteigschnecken-K\u00e4se-7-300x225.jpg 300w, https:\/\/www.sabine-seyffert.de\/blog\/wp-content\/uploads\/2016\/08\/Bl\u00e4tterteigschnecken-K\u00e4se-7-768x576.jpg 768w\" sizes=\"auto, (max-width: 800px) 100vw, 800px\" \/><\/a><\/p>\n<p style=\"text-align: justify;\"><strong>Das wird gebraucht:<\/strong><br \/>\n1 Rolle frischen Bl\u00e4tterteig, 8 Scheiben alten (!) Gouda, Kr\u00e4utersalz, Backpapier f\u00fcrs Blech<\/p>\n<p style=\"text-align: center;\"><a href=\"http:\/\/www.sabine-seyffert.de\/blog\/wp-content\/uploads\/2016\/08\/Bl\u00e4tterteigschnecken-K\u00e4se-8.jpg\" rel=\"attachment wp-att-8076\"><img loading=\"lazy\" decoding=\"async\" class=\"alignnone size-full wp-image-8076\" src=\"http:\/\/www.sabine-seyffert.de\/blog\/wp-content\/uploads\/2016\/08\/Bl\u00e4tterteigschnecken-K\u00e4se-8.jpg\" alt=\"Bl\u00e4tterteigschnecken K\u00e4se 8\" width=\"800\" height=\"600\" srcset=\"https:\/\/www.sabine-seyffert.de\/blog\/wp-content\/uploads\/2016\/08\/Bl\u00e4tterteigschnecken-K\u00e4se-8.jpg 800w, https:\/\/www.sabine-seyffert.de\/blog\/wp-content\/uploads\/2016\/08\/Bl\u00e4tterteigschnecken-K\u00e4se-8-300x225.jpg 300w, https:\/\/www.sabine-seyffert.de\/blog\/wp-content\/uploads\/2016\/08\/Bl\u00e4tterteigschnecken-K\u00e4se-8-768x576.jpg 768w\" sizes=\"auto, (max-width: 800px) 100vw, 800px\" \/><\/a><\/p>\n<p style=\"text-align: justify;\"><strong>So wird\u2019s gemacht:<\/strong><br \/>\nDen Bl\u00e4tterteig rollt man auseinander, so dass man die gesamte Fl\u00e4che vor sich liegen hat. Das praktische an dem frischen Bl\u00e4tterteig ist, dass sich diese sofort verwenden l\u00e4sst und man nicht erst warten muss, bis dieser aufgetaut ist.<\/p>\n<p style=\"text-align: center;\"><a href=\"http:\/\/www.sabine-seyffert.de\/blog\/wp-content\/uploads\/2016\/08\/Bl\u00e4tterteigschnecken-K\u00e4se-6.jpg\" rel=\"attachment wp-att-8077\"><img loading=\"lazy\" decoding=\"async\" class=\"alignnone size-full wp-image-8077\" src=\"http:\/\/www.sabine-seyffert.de\/blog\/wp-content\/uploads\/2016\/08\/Bl\u00e4tterteigschnecken-K\u00e4se-6.jpg\" alt=\"Bl\u00e4tterteigschnecken K\u00e4se 6\" width=\"800\" height=\"600\" srcset=\"https:\/\/www.sabine-seyffert.de\/blog\/wp-content\/uploads\/2016\/08\/Bl\u00e4tterteigschnecken-K\u00e4se-6.jpg 800w, https:\/\/www.sabine-seyffert.de\/blog\/wp-content\/uploads\/2016\/08\/Bl\u00e4tterteigschnecken-K\u00e4se-6-300x225.jpg 300w, https:\/\/www.sabine-seyffert.de\/blog\/wp-content\/uploads\/2016\/08\/Bl\u00e4tterteigschnecken-K\u00e4se-6-768x576.jpg 768w\" sizes=\"auto, (max-width: 800px) 100vw, 800px\" \/><\/a><\/p>\n<p style=\"text-align: justify;\">Dann belegt man diesen m\u00f6glichst l\u00fcckenlos (=&gt; siehe Foto) mit altem Gouda. \u00dcber die K\u00e4seschicht streut man nun gleichm\u00e4\u00dfig etwas Kr\u00e4utersalz. Allerdings reicht wirklich ein bisschen Salz aus, da der alte Gouda f\u00fcr sich schon recht w\u00fcrzig ist!<\/p>\n<p style=\"text-align: center;\"><a href=\"http:\/\/www.sabine-seyffert.de\/blog\/wp-content\/uploads\/2016\/08\/Bl\u00e4tterteigschnecken-K\u00e4se-5.jpg\" rel=\"attachment wp-att-8078\"><img loading=\"lazy\" decoding=\"async\" class=\"alignnone size-full wp-image-8078\" src=\"http:\/\/www.sabine-seyffert.de\/blog\/wp-content\/uploads\/2016\/08\/Bl\u00e4tterteigschnecken-K\u00e4se-5.jpg\" alt=\"Bl\u00e4tterteigschnecken K\u00e4se 5\" width=\"800\" height=\"600\" srcset=\"https:\/\/www.sabine-seyffert.de\/blog\/wp-content\/uploads\/2016\/08\/Bl\u00e4tterteigschnecken-K\u00e4se-5.jpg 800w, https:\/\/www.sabine-seyffert.de\/blog\/wp-content\/uploads\/2016\/08\/Bl\u00e4tterteigschnecken-K\u00e4se-5-300x225.jpg 300w, https:\/\/www.sabine-seyffert.de\/blog\/wp-content\/uploads\/2016\/08\/Bl\u00e4tterteigschnecken-K\u00e4se-5-768x576.jpg 768w\" sizes=\"auto, (max-width: 800px) 100vw, 800px\" \/><\/a><\/p>\n<p style=\"text-align: justify;\">Nun rollt man den belegten Bl\u00e4tterteig m\u00f6glichst eng zu einer langen Rolle auf. Mit einem scharfen K\u00fcchenmesser schneidet man etwa 0,5 cm d\u00fcnne Scheiben ab und platziert diese auf einem mit Backpapier aufgelegtem Backblech.<\/p>\n<p style=\"text-align: center;\"><a href=\"http:\/\/www.sabine-seyffert.de\/blog\/wp-content\/uploads\/2016\/08\/Bl\u00e4tterteigschnecken-K\u00e4se-4.jpg\" rel=\"attachment wp-att-8079\"><img loading=\"lazy\" decoding=\"async\" class=\"alignnone size-full wp-image-8079\" src=\"http:\/\/www.sabine-seyffert.de\/blog\/wp-content\/uploads\/2016\/08\/Bl\u00e4tterteigschnecken-K\u00e4se-4.jpg\" alt=\"Bl\u00e4tterteigschnecken K\u00e4se 4\" width=\"800\" height=\"600\" srcset=\"https:\/\/www.sabine-seyffert.de\/blog\/wp-content\/uploads\/2016\/08\/Bl\u00e4tterteigschnecken-K\u00e4se-4.jpg 800w, https:\/\/www.sabine-seyffert.de\/blog\/wp-content\/uploads\/2016\/08\/Bl\u00e4tterteigschnecken-K\u00e4se-4-300x225.jpg 300w, https:\/\/www.sabine-seyffert.de\/blog\/wp-content\/uploads\/2016\/08\/Bl\u00e4tterteigschnecken-K\u00e4se-4-768x576.jpg 768w\" sizes=\"auto, (max-width: 800px) 100vw, 800px\" \/><\/a><\/p>\n<p style=\"text-align: justify;\">Da der Bl\u00e4tterteig beim Backen aufgeht, sollte man etwas Platz zwischen den einzelnen Schnecken lassen. Anschlie\u00dfend geht es bei knapp 200 \u00b0C Grad in den Backofen. Je nach dicke der geschnittenen K\u00e4seschnecken kann die Backzeit etwas variieren. In der Regel sind diese nach 15 Minuten fertig. Der K\u00e4se sollte geschmolzen und der Bl\u00e4tterteig leicht gebr\u00e4unt sein.<\/p>\n<p style=\"text-align: center;\"><a href=\"http:\/\/www.sabine-seyffert.de\/blog\/wp-content\/uploads\/2016\/08\/Bl\u00e4tterteigschnecken-K\u00e4se-3.jpg\" rel=\"attachment wp-att-8080\"><img loading=\"lazy\" decoding=\"async\" class=\"alignnone size-full wp-image-8080\" src=\"http:\/\/www.sabine-seyffert.de\/blog\/wp-content\/uploads\/2016\/08\/Bl\u00e4tterteigschnecken-K\u00e4se-3.jpg\" alt=\"Bl\u00e4tterteigschnecken K\u00e4se 3\" width=\"800\" height=\"600\" srcset=\"https:\/\/www.sabine-seyffert.de\/blog\/wp-content\/uploads\/2016\/08\/Bl\u00e4tterteigschnecken-K\u00e4se-3.jpg 800w, https:\/\/www.sabine-seyffert.de\/blog\/wp-content\/uploads\/2016\/08\/Bl\u00e4tterteigschnecken-K\u00e4se-3-300x225.jpg 300w, https:\/\/www.sabine-seyffert.de\/blog\/wp-content\/uploads\/2016\/08\/Bl\u00e4tterteigschnecken-K\u00e4se-3-768x576.jpg 768w\" sizes=\"auto, (max-width: 800px) 100vw, 800px\" \/><\/a><\/p>\n<p style=\"text-align: justify;\">Frisch aus dem Ofen schmecken die w\u00fcrzigen Teigschnecken am allerbesten. Aber sie eignen sich auch wunderbar f\u00fcr ein kleines Picknick oder als gesunden Pausensnack, f\u00fcr den Fall das welche \u00fcbrig bleiben\u2026<\/p>\n<p style=\"text-align: center;\"><a href=\"http:\/\/www.sabine-seyffert.de\/blog\/wp-content\/uploads\/2016\/08\/Bl\u00e4tterteigschnecken-K\u00e4se-2.jpg\" rel=\"attachment wp-att-8081\"><img loading=\"lazy\" decoding=\"async\" class=\"alignnone size-full wp-image-8081\" src=\"http:\/\/www.sabine-seyffert.de\/blog\/wp-content\/uploads\/2016\/08\/Bl\u00e4tterteigschnecken-K\u00e4se-2.jpg\" alt=\"Bl\u00e4tterteigschnecken K\u00e4se 2\" width=\"800\" height=\"600\" srcset=\"https:\/\/www.sabine-seyffert.de\/blog\/wp-content\/uploads\/2016\/08\/Bl\u00e4tterteigschnecken-K\u00e4se-2.jpg 800w, https:\/\/www.sabine-seyffert.de\/blog\/wp-content\/uploads\/2016\/08\/Bl\u00e4tterteigschnecken-K\u00e4se-2-300x225.jpg 300w, https:\/\/www.sabine-seyffert.de\/blog\/wp-content\/uploads\/2016\/08\/Bl\u00e4tterteigschnecken-K\u00e4se-2-768x576.jpg 768w\" sizes=\"auto, (max-width: 800px) 100vw, 800px\" \/><\/a><\/p>\n<p style=\"text-align: justify;\">Guten Appetit!<\/p>\n<p style=\"text-align: center;\"><a href=\"http:\/\/www.sabine-seyffert.de\/blog\/wp-content\/uploads\/2016\/08\/Bl\u00e4tterteigschnecken-K\u00e4se-1.jpg\" rel=\"attachment wp-att-8082\"><img loading=\"lazy\" decoding=\"async\" class=\"alignnone size-full wp-image-8082\" src=\"http:\/\/www.sabine-seyffert.de\/blog\/wp-content\/uploads\/2016\/08\/Bl\u00e4tterteigschnecken-K\u00e4se-1.jpg\" alt=\"Bl\u00e4tterteigschnecken K\u00e4se 1\" width=\"800\" height=\"600\" srcset=\"https:\/\/www.sabine-seyffert.de\/blog\/wp-content\/uploads\/2016\/08\/Bl\u00e4tterteigschnecken-K\u00e4se-1.jpg 800w, https:\/\/www.sabine-seyffert.de\/blog\/wp-content\/uploads\/2016\/08\/Bl\u00e4tterteigschnecken-K\u00e4se-1-300x225.jpg 300w, https:\/\/www.sabine-seyffert.de\/blog\/wp-content\/uploads\/2016\/08\/Bl\u00e4tterteigschnecken-K\u00e4se-1-768x576.jpg 768w\" sizes=\"auto, (max-width: 800px) 100vw, 800px\" \/><\/a><\/p>\n<p><a href=\"http:\/\/www.sabine-seyffert.de\/blog\/?page_id=32#urheberrecht\">urheberrechtlich gesch\u00fctzt<\/a>, \u00a9 Sabine Seyffert<\/p>\n","protected":false},"excerpt":{"rendered":"<p>Immer wieder hei\u00dfgeliebt und auf Sommerfesten, beim Spieleabend oder auch beim Abendbrot ratz fatz verputzt: Die w\u00fcrzigen K\u00e4seschnecken! Diese sind nicht nur unglaublich lecker sondern ganz schnell gemacht. Das geht so leicht, damit kann man sogar den Nachwuchs beauftragen. Von den Zutaten und der Machart her sind wird es gemacht wie bei den Bl\u00e4tterteigherzen, die&#8230; <a href=\"https:\/\/www.sabine-seyffert.de\/blog\/als-beilage-zum-grillen-als-snack-fuers-picknick-oder-zum-knabbern-blitzschnelle-kaeseschnecken\/\" class=\"more-link\">Read more: Als Beilage zum Grillen, als Snack f\u00fcrs Picknick oder zum Knabbern: Blitzschnelle K\u00e4seschnecken<\/a><\/p>\n","protected":false},"author":2,"featured_media":8078,"comment_status":"open","ping_status":"open","sticky":false,"template":"","format":"standard","meta":{"_metis_text_type":"","_metis_text_length":1904,"_post_count":0,"footnotes":""},"categories":[30],"tags":[],"class_list":["post-8074","post","type-post","status-publish","format-standard","has-post-thumbnail","hentry","category-rezepte-herzhaft"],"_links":{"self":[{"href":"https:\/\/www.sabine-seyffert.de\/blog\/wp-json\/wp\/v2\/posts\/8074","targetHints":{"allow":["GET"]}}],"collection":[{"href":"https:\/\/www.sabine-seyffert.de\/blog\/wp-json\/wp\/v2\/posts"}],"about":[{"href":"https:\/\/www.sabine-seyffert.de\/blog\/wp-json\/wp\/v2\/types\/post"}],"author":[{"embeddable":true,"href":"https:\/\/www.sabine-seyffert.de\/blog\/wp-json\/wp\/v2\/users\/2"}],"replies":[{"embeddable":true,"href":"https:\/\/www.sabine-seyffert.de\/blog\/wp-json\/wp\/v2\/comments?post=8074"}],"version-history":[{"count":1,"href":"https:\/\/www.sabine-seyffert.de\/blog\/wp-json\/wp\/v2\/posts\/8074\/revisions"}],"predecessor-version":[{"id":8083,"href":"https:\/\/www.sabine-seyffert.de\/blog\/wp-json\/wp\/v2\/posts\/8074\/revisions\/8083"}],"wp:featuredmedia":[{"embeddable":true,"href":"https:\/\/www.sabine-seyffert.de\/blog\/wp-json\/wp\/v2\/media\/8078"}],"wp:attachment":[{"href":"https:\/\/www.sabine-seyffert.de\/blog\/wp-json\/wp\/v2\/media?parent=8074"}],"wp:term":[{"taxonomy":"category","embeddable":true,"href":"https:\/\/www.sabine-seyffert.de\/blog\/wp-json\/wp\/v2\/categories?post=8074"},{"taxonomy":"post_tag","embeddable":true,"href":"https:\/\/www.sabine-seyffert.de\/blog\/wp-json\/wp\/v2\/tags?post=8074"}],"curies":[{"name":"wp","href":"https:\/\/api.w.org\/{rel}","templated":true}]}}