{"id":7943,"date":"2016-08-01T14:20:07","date_gmt":"2016-08-01T12:20:07","guid":{"rendered":"http:\/\/www.sabine-seyffert.de\/blog\/?p=7943"},"modified":"2018-06-26T17:53:40","modified_gmt":"2018-06-26T15:53:40","slug":"ausflugstipp-bamberg-staunend-durch-die-traumhaft-schoene-altstadt-viele-kleine-gassen-bummeln","status":"publish","type":"post","link":"https:\/\/www.sabine-seyffert.de\/blog\/ausflugstipp-bamberg-staunend-durch-die-traumhaft-schoene-altstadt-viele-kleine-gassen-bummeln\/","title":{"rendered":"Ausflugstipp Bamberg: Staunend durch die traumhaft sch\u00f6ne Altstadt &#038; viele kleine Gassen bummeln"},"content":{"rendered":"<p style=\"text-align: justify;\"><img loading=\"lazy\" decoding=\"async\" src=\"https:\/\/ssl-vg03.met.vgwort.de\/na\/8b7195fe58f74398848d1b848bfca2fd\" alt=\"\" width=\"1\" height=\"1\" \/>Nach einer anstrengenden und langen Autofahrt zum gew\u00fcnschten Ferienort <a href=\"https:\/\/de.wikipedia.org\/wiki\/Bamberg\" target=\"_blank\" rel=\"noopener\">Bamberg<\/a> wollten wir uns noch ein wenig die Beine vertreten. Daher haben wir uns zu Fu\u00df in Richtung Innenstadt auf den Weg gemacht. Den ersten Eindruck, den so eine neue Gegend auf mich macht, finde ich jedes Mal aufs Neue spannend.<\/p>\n<p style=\"text-align: center;\"><a href=\"http:\/\/www.sabine-seyffert.de\/blog\/wp-content\/uploads\/2016\/07\/Bamberg-Abend-10.jpg\" rel=\"attachment wp-att-7944\"><img loading=\"lazy\" decoding=\"async\" class=\"alignnone size-full wp-image-7944\" src=\"http:\/\/www.sabine-seyffert.de\/blog\/wp-content\/uploads\/2016\/07\/Bamberg-Abend-10.jpg\" alt=\"Bamberg Abend 10\" width=\"600\" height=\"800\" srcset=\"https:\/\/www.sabine-seyffert.de\/blog\/wp-content\/uploads\/2016\/07\/Bamberg-Abend-10.jpg 600w, https:\/\/www.sabine-seyffert.de\/blog\/wp-content\/uploads\/2016\/07\/Bamberg-Abend-10-225x300.jpg 225w\" sizes=\"auto, (max-width: 600px) 100vw, 600px\" \/><\/a><\/p>\n<p style=\"text-align: justify;\">Auffallend sind hier die wirklich prachtvollen, alten Geb\u00e4ude wie bsp. das Postgeb\u00e4ude oder das Landgericht, an dem wir zuerst vorbei kommen.<\/p>\n<p style=\"text-align: center;\"><a href=\"http:\/\/www.sabine-seyffert.de\/blog\/wp-content\/uploads\/2016\/07\/Bamberg-doppelt-2-klein.jpg\" rel=\"attachment wp-att-7973\"><img loading=\"lazy\" decoding=\"async\" class=\"alignnone size-full wp-image-7973\" src=\"http:\/\/www.sabine-seyffert.de\/blog\/wp-content\/uploads\/2016\/07\/Bamberg-doppelt-2-klein.jpg\" alt=\"Bamberg doppelt 2 klein\" width=\"805\" height=\"600\" srcset=\"https:\/\/www.sabine-seyffert.de\/blog\/wp-content\/uploads\/2016\/07\/Bamberg-doppelt-2-klein.jpg 805w, https:\/\/www.sabine-seyffert.de\/blog\/wp-content\/uploads\/2016\/07\/Bamberg-doppelt-2-klein-300x224.jpg 300w, https:\/\/www.sabine-seyffert.de\/blog\/wp-content\/uploads\/2016\/07\/Bamberg-doppelt-2-klein-768x572.jpg 768w\" sizes=\"auto, (max-width: 805px) 100vw, 805px\" \/><\/a><\/p>\n<p style=\"text-align: justify;\">Trotz der zahlreichen H\u00e4user findet man zahlreiche gr\u00fcne Stellen, bepflanzte Beete und an vielen Ecken kleinere, sehr ansprechende Spielpl\u00e4tze.<\/p>\n<p style=\"text-align: center;\"><a href=\"http:\/\/www.sabine-seyffert.de\/blog\/wp-content\/uploads\/2016\/07\/Bamberg-Abend-9.jpg\" rel=\"attachment wp-att-7946\"><img loading=\"lazy\" decoding=\"async\" class=\"alignnone size-full wp-image-7946\" src=\"http:\/\/www.sabine-seyffert.de\/blog\/wp-content\/uploads\/2016\/07\/Bamberg-Abend-9.jpg\" alt=\"Bamberg Abend 9\" width=\"600\" height=\"800\" srcset=\"https:\/\/www.sabine-seyffert.de\/blog\/wp-content\/uploads\/2016\/07\/Bamberg-Abend-9.jpg 600w, https:\/\/www.sabine-seyffert.de\/blog\/wp-content\/uploads\/2016\/07\/Bamberg-Abend-9-225x300.jpg 225w\" sizes=\"auto, (max-width: 600px) 100vw, 600px\" \/><\/a><\/p>\n<p style=\"text-align: justify;\">Die nat\u00fcrlich immer willkommen sind, wenn man mit Kindern unterwegs und auf Reisen ist. Besonders gut gefiel mir der kleine, \u00f6ffentliche Sportplatz direkt am Flussufer mit Laufbahn, Weitsprunganlage und Co. Nach so etwas kann man in unserer Innenstadt vergeblich suchen\u2026<\/p>\n<p style=\"text-align: center;\"><a href=\"http:\/\/www.sabine-seyffert.de\/blog\/wp-content\/uploads\/2016\/07\/Bamberg-Sportplatz-doppel-klein.jpg\" rel=\"attachment wp-att-7947\"><img loading=\"lazy\" decoding=\"async\" class=\"alignnone size-full wp-image-7947\" src=\"http:\/\/www.sabine-seyffert.de\/blog\/wp-content\/uploads\/2016\/07\/Bamberg-Sportplatz-doppel-klein.jpg\" alt=\"Bamberg Sportplatz doppel klein\" width=\"802\" height=\"600\" srcset=\"https:\/\/www.sabine-seyffert.de\/blog\/wp-content\/uploads\/2016\/07\/Bamberg-Sportplatz-doppel-klein.jpg 802w, https:\/\/www.sabine-seyffert.de\/blog\/wp-content\/uploads\/2016\/07\/Bamberg-Sportplatz-doppel-klein-300x224.jpg 300w, https:\/\/www.sabine-seyffert.de\/blog\/wp-content\/uploads\/2016\/07\/Bamberg-Sportplatz-doppel-klein-768x575.jpg 768w\" sizes=\"auto, (max-width: 802px) 100vw, 802px\" \/><\/a><\/p>\n<p style=\"text-align: justify;\">Vorbei kommen wir am ZOB, dem zentralen Omnibusbahnhof, und wandern weiter in Richtung <a href=\"https:\/\/de.wikipedia.org\/wiki\/Altes_Rathaus_%28Bamberg%29\" target=\"_blank\" rel=\"noopener\">altes Rathaus<\/a>. Dorthin bin ich w\u00e4hrend unseres Aufenthalts fast t\u00e4glich spaziert um ein ann\u00e4hernd sch\u00f6nes Foto hinzubekommen.<\/p>\n<p style=\"text-align: center;\"><a href=\"http:\/\/www.sabine-seyffert.de\/blog\/wp-content\/uploads\/2016\/07\/Bamberg-doppelt-klein.jpg\" rel=\"attachment wp-att-7977\"><img loading=\"lazy\" decoding=\"async\" class=\"alignnone size-full wp-image-7977\" src=\"http:\/\/www.sabine-seyffert.de\/blog\/wp-content\/uploads\/2016\/07\/Bamberg-doppelt-klein.jpg\" alt=\"Bamberg doppelt klein\" width=\"800\" height=\"600\" srcset=\"https:\/\/www.sabine-seyffert.de\/blog\/wp-content\/uploads\/2016\/07\/Bamberg-doppelt-klein.jpg 800w, https:\/\/www.sabine-seyffert.de\/blog\/wp-content\/uploads\/2016\/07\/Bamberg-doppelt-klein-300x225.jpg 300w, https:\/\/www.sabine-seyffert.de\/blog\/wp-content\/uploads\/2016\/07\/Bamberg-doppelt-klein-768x576.jpg 768w\" sizes=\"auto, (max-width: 800px) 100vw, 800px\" \/><\/a><\/p>\n<p style=\"text-align: justify;\">Denn dort wird gebaut und es t\u00fcrmten sich entsprechende Paletten mit Baumaterial rechts und links daneben, was nicht gerade fotogen aussah.<\/p>\n<p style=\"text-align: center;\"><a href=\"http:\/\/www.sabine-seyffert.de\/blog\/wp-content\/uploads\/2016\/07\/Bamberg-Altes-Rathaus-Fachwerk-klein.jpg\" rel=\"attachment wp-att-7948\"><img loading=\"lazy\" decoding=\"async\" class=\"alignnone size-full wp-image-7948\" src=\"http:\/\/www.sabine-seyffert.de\/blog\/wp-content\/uploads\/2016\/07\/Bamberg-Altes-Rathaus-Fachwerk-klein.jpg\" alt=\"Bamberg Altes Rathaus Fachwerk klein\" width=\"800\" height=\"600\" srcset=\"https:\/\/www.sabine-seyffert.de\/blog\/wp-content\/uploads\/2016\/07\/Bamberg-Altes-Rathaus-Fachwerk-klein.jpg 800w, https:\/\/www.sabine-seyffert.de\/blog\/wp-content\/uploads\/2016\/07\/Bamberg-Altes-Rathaus-Fachwerk-klein-300x225.jpg 300w, https:\/\/www.sabine-seyffert.de\/blog\/wp-content\/uploads\/2016\/07\/Bamberg-Altes-Rathaus-Fachwerk-klein-768x576.jpg 768w\" sizes=\"auto, (max-width: 800px) 100vw, 800px\" \/><\/a><\/p>\n<p style=\"text-align: justify;\">Auf der gegen\u00fcberliegenden Seite liegt das \u201e<a href=\"https:\/\/de.wikipedia.org\/wiki\/Klein-Venedig_%28Bamberg%29\" target=\"_blank\" rel=\"noopener\">Klein Venedig<\/a>\u201c, dass man so oft auf Fotos und Postkarten dieser sch\u00f6nen Stadt ersp\u00e4ht. Auch so eines der Motive, die man einfach auf Fotos festhalten muss und um die man als Tourist einfach nicht herumkommt \ud83d\ude09<\/p>\n<p style=\"text-align: center;\"><a href=\"http:\/\/www.sabine-seyffert.de\/blog\/wp-content\/uploads\/2016\/07\/Bamberg-Klein-Venedig-3.jpg\" rel=\"attachment wp-att-7949\"><img loading=\"lazy\" decoding=\"async\" class=\"alignnone size-full wp-image-7949\" src=\"http:\/\/www.sabine-seyffert.de\/blog\/wp-content\/uploads\/2016\/07\/Bamberg-Klein-Venedig-3.jpg\" alt=\"Bamberg Klein Venedig 3\" width=\"600\" height=\"800\" srcset=\"https:\/\/www.sabine-seyffert.de\/blog\/wp-content\/uploads\/2016\/07\/Bamberg-Klein-Venedig-3.jpg 600w, https:\/\/www.sabine-seyffert.de\/blog\/wp-content\/uploads\/2016\/07\/Bamberg-Klein-Venedig-3-225x300.jpg 225w\" sizes=\"auto, (max-width: 600px) 100vw, 600px\" \/><\/a><\/p>\n<p style=\"text-align: justify;\">Von den s\u00fc\u00dfen, teils windschiefen H\u00e4uschen und schmalen Gassen her, erinnert mich die Stadt ein wenig an unseren Besuch in Passau (wie hier <a href=\"http:\/\/www.sabine-seyffert.de\/blog\/?p=7732\" target=\"_blank\" rel=\"noopener\">die Altstadt<\/a>, in <a href=\"http:\/\/www.sabine-seyffert.de\/blog\/?p=7760\" target=\"_blank\" rel=\"noopener\">der Innstadt<\/a> oder <a href=\"http:\/\/www.sabine-seyffert.de\/blog\/?p=7746\" target=\"_blank\" rel=\"noopener\">der H\u00f6llgasse<\/a>).<\/p>\n<p style=\"text-align: center;\"><a href=\"http:\/\/www.sabine-seyffert.de\/blog\/wp-content\/uploads\/2016\/07\/Bamberg-Abend-8.jpg\" rel=\"attachment wp-att-7957\"><img loading=\"lazy\" decoding=\"async\" class=\"alignnone size-full wp-image-7957\" src=\"http:\/\/www.sabine-seyffert.de\/blog\/wp-content\/uploads\/2016\/07\/Bamberg-Abend-8.jpg\" alt=\"Bamberg Abend 8\" width=\"600\" height=\"800\" srcset=\"https:\/\/www.sabine-seyffert.de\/blog\/wp-content\/uploads\/2016\/07\/Bamberg-Abend-8.jpg 600w, https:\/\/www.sabine-seyffert.de\/blog\/wp-content\/uploads\/2016\/07\/Bamberg-Abend-8-225x300.jpg 225w\" sizes=\"auto, (max-width: 600px) 100vw, 600px\" \/><\/a><\/p>\n<p style=\"text-align: justify;\">Allerdings ist hier entschieden mehr Trubel und es wimmelt teilweise wirklich nur so von Gruppen, die mit einem Stadtf\u00fchrer unterwegs sind. Obwohl bei unserem Besuch in Bamberg bzw. Bayern offiziell noch keine Schulferien begonnen haben.<\/p>\n<p style=\"text-align: center;\"><a href=\"http:\/\/www.sabine-seyffert.de\/blog\/wp-content\/uploads\/2016\/07\/Bamberg-Altstadt-5.jpg\" rel=\"attachment wp-att-7950\"><img loading=\"lazy\" decoding=\"async\" class=\"alignnone size-full wp-image-7950\" src=\"http:\/\/www.sabine-seyffert.de\/blog\/wp-content\/uploads\/2016\/07\/Bamberg-Altstadt-5.jpg\" alt=\"Bamberg Altstadt 5\" width=\"600\" height=\"800\" srcset=\"https:\/\/www.sabine-seyffert.de\/blog\/wp-content\/uploads\/2016\/07\/Bamberg-Altstadt-5.jpg 600w, https:\/\/www.sabine-seyffert.de\/blog\/wp-content\/uploads\/2016\/07\/Bamberg-Altstadt-5-225x300.jpg 225w\" sizes=\"auto, (max-width: 600px) 100vw, 600px\" \/><\/a><\/p>\n<p style=\"text-align: justify;\">An den Hausw\u00e4nden und Eing\u00e4ngen gibt es immer wieder stilvolle und wunderbar verschn\u00f6rkelt Schilder, die den Namen des Gesch\u00e4fts, Hotels oder Gastst\u00e4tte preisgeben.<\/p>\n<p style=\"text-align: center;\"><a href=\"http:\/\/www.sabine-seyffert.de\/blog\/wp-content\/uploads\/2016\/07\/Bamberg-Schild-filigran.jpg\" rel=\"attachment wp-att-7951\"><img loading=\"lazy\" decoding=\"async\" class=\"alignnone size-full wp-image-7951\" src=\"http:\/\/www.sabine-seyffert.de\/blog\/wp-content\/uploads\/2016\/07\/Bamberg-Schild-filigran.jpg\" alt=\"Bamberg Schild filigran\" width=\"800\" height=\"600\" srcset=\"https:\/\/www.sabine-seyffert.de\/blog\/wp-content\/uploads\/2016\/07\/Bamberg-Schild-filigran.jpg 800w, https:\/\/www.sabine-seyffert.de\/blog\/wp-content\/uploads\/2016\/07\/Bamberg-Schild-filigran-300x225.jpg 300w, https:\/\/www.sabine-seyffert.de\/blog\/wp-content\/uploads\/2016\/07\/Bamberg-Schild-filigran-768x576.jpg 768w\" sizes=\"auto, (max-width: 800px) 100vw, 800px\" \/><\/a><\/p>\n<p style=\"text-align: justify;\">F\u00fcr mich sieht dies immer ein wenig m\u00e4rchenhaft aus und meine Gedanken begeben sich dann ganz schnell ins bunte Land der Fantasie\u2026<\/p>\n<p style=\"text-align: center;\"><a href=\"http:\/\/www.sabine-seyffert.de\/blog\/wp-content\/uploads\/2016\/07\/Bamberg-Altstadt-Gasse.jpg\" rel=\"attachment wp-att-7952\"><img loading=\"lazy\" decoding=\"async\" class=\"alignnone size-full wp-image-7952\" src=\"http:\/\/www.sabine-seyffert.de\/blog\/wp-content\/uploads\/2016\/07\/Bamberg-Altstadt-Gasse.jpg\" alt=\"Bamberg Altstadt Gasse\" width=\"600\" height=\"800\" srcset=\"https:\/\/www.sabine-seyffert.de\/blog\/wp-content\/uploads\/2016\/07\/Bamberg-Altstadt-Gasse.jpg 600w, https:\/\/www.sabine-seyffert.de\/blog\/wp-content\/uploads\/2016\/07\/Bamberg-Altstadt-Gasse-225x300.jpg 225w\" sizes=\"auto, (max-width: 600px) 100vw, 600px\" \/><\/a><\/p>\n<p style=\"text-align: justify;\">Auch die H\u00e4user selbst sind meist einzigartig. Jedes hat seine eigenen Winkel, T\u00fcrmchen, Erker und verzierten Eingang.<\/p>\n<p style=\"text-align: center;\"><a href=\"http:\/\/www.sabine-seyffert.de\/blog\/wp-content\/uploads\/2016\/07\/Bamberg-Altstadt-Tor-blau-2.jpg\" rel=\"attachment wp-att-7953\"><img loading=\"lazy\" decoding=\"async\" class=\"alignnone size-full wp-image-7953\" src=\"http:\/\/www.sabine-seyffert.de\/blog\/wp-content\/uploads\/2016\/07\/Bamberg-Altstadt-Tor-blau-2.jpg\" alt=\"Bamberg Altstadt Tor blau 2\" width=\"600\" height=\"800\" srcset=\"https:\/\/www.sabine-seyffert.de\/blog\/wp-content\/uploads\/2016\/07\/Bamberg-Altstadt-Tor-blau-2.jpg 600w, https:\/\/www.sabine-seyffert.de\/blog\/wp-content\/uploads\/2016\/07\/Bamberg-Altstadt-Tor-blau-2-225x300.jpg 225w\" sizes=\"auto, (max-width: 600px) 100vw, 600px\" \/><\/a><\/p>\n<p style=\"text-align: justify;\">W\u00e4hrend unseres Besuchs fiel uns \u00fcbrigens immer wieder auf, dass es bei fast jeder Eisdiele, B\u00e4ckereien und auch in der Gastronomie ein kulinarisches Angebot in veganer- und vegetarischer Form gibt. Das hat uns wirklich sehr gut gefallen und ist uns in diesem Ausma\u00df leider noch nirgendwo anders begegnet!<\/p>\n<p style=\"text-align: center;\"><a href=\"http:\/\/www.sabine-seyffert.de\/blog\/wp-content\/uploads\/2016\/07\/Bamberg-Abend-3.jpg\" rel=\"attachment wp-att-7954\"><img loading=\"lazy\" decoding=\"async\" class=\"alignnone size-full wp-image-7954\" src=\"http:\/\/www.sabine-seyffert.de\/blog\/wp-content\/uploads\/2016\/07\/Bamberg-Abend-3.jpg\" alt=\"Bamberg Abend 3\" width=\"600\" height=\"800\" srcset=\"https:\/\/www.sabine-seyffert.de\/blog\/wp-content\/uploads\/2016\/07\/Bamberg-Abend-3.jpg 600w, https:\/\/www.sabine-seyffert.de\/blog\/wp-content\/uploads\/2016\/07\/Bamberg-Abend-3-225x300.jpg 225w\" sizes=\"auto, (max-width: 600px) 100vw, 600px\" \/><\/a><\/p>\n<p><a href=\"http:\/\/www.sabine-seyffert.de\/blog\/?page_id=32#urheberrecht\">urheberrechtlich gesch\u00fctzt<\/a>, \u00a9 Sabine Seyffert<\/p>\n","protected":false},"excerpt":{"rendered":"<p>Nach einer anstrengenden und langen Autofahrt zum gew\u00fcnschten Ferienort Bamberg wollten wir uns noch ein wenig die Beine vertreten. Daher haben wir uns zu Fu\u00df in Richtung Innenstadt auf den Weg gemacht. Den ersten Eindruck, den so eine neue Gegend auf mich macht, finde ich jedes Mal aufs Neue spannend. Auffallend sind hier die wirklich&#8230; <a href=\"https:\/\/www.sabine-seyffert.de\/blog\/ausflugstipp-bamberg-staunend-durch-die-traumhaft-schoene-altstadt-viele-kleine-gassen-bummeln\/\" class=\"more-link\">Read more: Ausflugstipp Bamberg: Staunend durch die traumhaft sch\u00f6ne Altstadt &#038; viele kleine Gassen bummeln<\/a><\/p>\n","protected":false},"author":2,"featured_media":7950,"comment_status":"open","ping_status":"open","sticky":false,"template":"","format":"standard","meta":{"_metis_text_type":"","_metis_text_length":2662,"_post_count":0,"footnotes":""},"categories":[38],"tags":[],"class_list":["post-7943","post","type-post","status-publish","format-standard","has-post-thumbnail","hentry","category-ferien"],"_links":{"self":[{"href":"https:\/\/www.sabine-seyffert.de\/blog\/wp-json\/wp\/v2\/posts\/7943","targetHints":{"allow":["GET"]}}],"collection":[{"href":"https:\/\/www.sabine-seyffert.de\/blog\/wp-json\/wp\/v2\/posts"}],"about":[{"href":"https:\/\/www.sabine-seyffert.de\/blog\/wp-json\/wp\/v2\/types\/post"}],"author":[{"embeddable":true,"href":"https:\/\/www.sabine-seyffert.de\/blog\/wp-json\/wp\/v2\/users\/2"}],"replies":[{"embeddable":true,"href":"https:\/\/www.sabine-seyffert.de\/blog\/wp-json\/wp\/v2\/comments?post=7943"}],"version-history":[{"count":11,"href":"https:\/\/www.sabine-seyffert.de\/blog\/wp-json\/wp\/v2\/posts\/7943\/revisions"}],"predecessor-version":[{"id":12894,"href":"https:\/\/www.sabine-seyffert.de\/blog\/wp-json\/wp\/v2\/posts\/7943\/revisions\/12894"}],"wp:featuredmedia":[{"embeddable":true,"href":"https:\/\/www.sabine-seyffert.de\/blog\/wp-json\/wp\/v2\/media\/7950"}],"wp:attachment":[{"href":"https:\/\/www.sabine-seyffert.de\/blog\/wp-json\/wp\/v2\/media?parent=7943"}],"wp:term":[{"taxonomy":"category","embeddable":true,"href":"https:\/\/www.sabine-seyffert.de\/blog\/wp-json\/wp\/v2\/categories?post=7943"},{"taxonomy":"post_tag","embeddable":true,"href":"https:\/\/www.sabine-seyffert.de\/blog\/wp-json\/wp\/v2\/tags?post=7943"}],"curies":[{"name":"wp","href":"https:\/\/api.w.org\/{rel}","templated":true}]}}