{"id":7914,"date":"2016-07-27T07:28:13","date_gmt":"2016-07-27T05:28:13","guid":{"rendered":"http:\/\/www.sabine-seyffert.de\/blog\/?p=7914"},"modified":"2017-03-01T12:10:04","modified_gmt":"2017-03-01T10:10:04","slug":"rezeptidee-fuer-heisse-sommertage-erfrischender-dessert-zum-abkuehlen-als-suesser-nachtisch-mhhh","status":"publish","type":"post","link":"https:\/\/www.sabine-seyffert.de\/blog\/rezeptidee-fuer-heisse-sommertage-erfrischender-dessert-zum-abkuehlen-als-suesser-nachtisch-mhhh\/","title":{"rendered":"Rezeptidee f\u00fcr hei\u00dfe Sommertage: Erfrischender Dessert zum Abk\u00fchlen, als s\u00fc\u00dfer Nachtisch, mhhh\u2026"},"content":{"rendered":"<p style=\"text-align: justify;\"><img loading=\"lazy\" decoding=\"async\" src=\"https:\/\/ssl-vg03.met.vgwort.de\/na\/937440f7041c4e4398225faa489612a1\" alt=\"\" width=\"1\" height=\"1\" \/>Gestern Mittag hatte ich nach dem Kochen noch etwas Zeit, w\u00e4hrend die Gem\u00fcselasagne im Ofen garte. Und da gerade Ferien und super warmes Sommerwetter sind, habe ich noch einen kleinen Nachtisch zubereitet, f\u00fcr den man nicht viele Zutaten braucht. Das Zubereiten ist so leicht, dass auch unge\u00fcbte K\u00f6che oder Kinder dies mit Leichtigkeit schaffen werden. Vielleicht ist dies ja auch eine sch\u00f6ne Idee f\u00fcr die Ferienzeit, wenn die Kinder beim Kochen helfen oder selbst in der K\u00fcche aktiv werden wollen. Die kleinen K\u00f6che werden mit Sicherheit ein gro\u00dfes Lob f\u00fcr diese fruchtige Nachspeise ernten!<\/p>\n<p style=\"text-align: center;\"><a href=\"http:\/\/www.sabine-seyffert.de\/blog\/wp-content\/uploads\/2016\/07\/Heidelbeer-vegan-12.jpg\" rel=\"attachment wp-att-7915\"><img loading=\"lazy\" decoding=\"async\" class=\"alignnone size-full wp-image-7915\" src=\"http:\/\/www.sabine-seyffert.de\/blog\/wp-content\/uploads\/2016\/07\/Heidelbeer-vegan-12.jpg\" alt=\"Heidelbeer vegan 12\" width=\"800\" height=\"600\" srcset=\"https:\/\/www.sabine-seyffert.de\/blog\/wp-content\/uploads\/2016\/07\/Heidelbeer-vegan-12.jpg 800w, https:\/\/www.sabine-seyffert.de\/blog\/wp-content\/uploads\/2016\/07\/Heidelbeer-vegan-12-300x225.jpg 300w, https:\/\/www.sabine-seyffert.de\/blog\/wp-content\/uploads\/2016\/07\/Heidelbeer-vegan-12-768x576.jpg 768w\" sizes=\"auto, (max-width: 800px) 100vw, 800px\" \/><\/a><\/p>\n<p style=\"text-align: justify;\"><strong>Das wird gebraucht:<\/strong><br \/>\n250 gr Schlagfix bzw. aufschlagbare Sojasahne, 500 gr Sojajoghurt natur (ohne Geschmack!), 50 gr gehackte Mandeln, 1 Glas Waldbeeren \/ Heidelbeeren (Abtropfgewicht 125 gr), 80 gr Zucker<\/p>\n<p style=\"text-align: center;\"><a href=\"http:\/\/www.sabine-seyffert.de\/blog\/wp-content\/uploads\/2016\/07\/Heidelbeer-vegan-11.jpg\" rel=\"attachment wp-att-7916\"><img loading=\"lazy\" decoding=\"async\" class=\"alignnone size-full wp-image-7916\" src=\"http:\/\/www.sabine-seyffert.de\/blog\/wp-content\/uploads\/2016\/07\/Heidelbeer-vegan-11.jpg\" alt=\"Heidelbeer vegan 11\" width=\"800\" height=\"600\" srcset=\"https:\/\/www.sabine-seyffert.de\/blog\/wp-content\/uploads\/2016\/07\/Heidelbeer-vegan-11.jpg 800w, https:\/\/www.sabine-seyffert.de\/blog\/wp-content\/uploads\/2016\/07\/Heidelbeer-vegan-11-300x225.jpg 300w, https:\/\/www.sabine-seyffert.de\/blog\/wp-content\/uploads\/2016\/07\/Heidelbeer-vegan-11-768x576.jpg 768w\" sizes=\"auto, (max-width: 800px) 100vw, 800px\" \/><\/a><\/p>\n<p style=\"text-align: justify;\"><strong>So wird\u2019s gemacht:<\/strong><br \/>\nDurch reinen Zufall bin ich beim Einkaufen im K\u00fchlregal bei den veganen Produkten auf eine aufschlagbare Sojasahne gesto\u00dfen. Diese wollte ich schon seit langem einmal ausprobieren, hatte bislang aber nirgendwo eine solche entdecken k\u00f6nnen.<\/p>\n<p style=\"text-align: center;\"><a href=\"http:\/\/www.sabine-seyffert.de\/blog\/wp-content\/uploads\/2016\/07\/Heidelbeer-vegan-13.jpg\" rel=\"attachment wp-att-7917\"><img loading=\"lazy\" decoding=\"async\" class=\"alignnone size-full wp-image-7917\" src=\"http:\/\/www.sabine-seyffert.de\/blog\/wp-content\/uploads\/2016\/07\/Heidelbeer-vegan-13.jpg\" alt=\"Heidelbeer vegan 13\" width=\"800\" height=\"600\" srcset=\"https:\/\/www.sabine-seyffert.de\/blog\/wp-content\/uploads\/2016\/07\/Heidelbeer-vegan-13.jpg 800w, https:\/\/www.sabine-seyffert.de\/blog\/wp-content\/uploads\/2016\/07\/Heidelbeer-vegan-13-300x225.jpg 300w, https:\/\/www.sabine-seyffert.de\/blog\/wp-content\/uploads\/2016\/07\/Heidelbeer-vegan-13-768x576.jpg 768w\" sizes=\"auto, (max-width: 800px) 100vw, 800px\" \/><\/a><\/p>\n<p style=\"text-align: justify;\">In einer hohen R\u00fchrsch\u00fcssel schl\u00e4gt man die gesamte Menge der veganen Sahne mit dem Mixer auf. Aufgepasst \u2013 das geht wirklich ratzfatz im Gegensatz zu normalen Schlagsahne!<\/p>\n<p style=\"text-align: center;\"><a href=\"http:\/\/www.sabine-seyffert.de\/blog\/wp-content\/uploads\/2016\/07\/Heidelbeer-vegan-8.jpg\" rel=\"attachment wp-att-7918\"><img loading=\"lazy\" decoding=\"async\" class=\"alignnone size-full wp-image-7918\" src=\"http:\/\/www.sabine-seyffert.de\/blog\/wp-content\/uploads\/2016\/07\/Heidelbeer-vegan-8.jpg\" alt=\"Heidelbeer vegan 8\" width=\"800\" height=\"600\" srcset=\"https:\/\/www.sabine-seyffert.de\/blog\/wp-content\/uploads\/2016\/07\/Heidelbeer-vegan-8.jpg 800w, https:\/\/www.sabine-seyffert.de\/blog\/wp-content\/uploads\/2016\/07\/Heidelbeer-vegan-8-300x225.jpg 300w, https:\/\/www.sabine-seyffert.de\/blog\/wp-content\/uploads\/2016\/07\/Heidelbeer-vegan-8-768x576.jpg 768w\" sizes=\"auto, (max-width: 800px) 100vw, 800px\" \/><\/a><\/p>\n<p style=\"text-align: justify;\">Anschlie\u00dfend r\u00fchrt Ihr einen gro\u00dfen Becher Naturjoghurt sowie die gehackten Mandeln unter. Nun gie\u00dft man die Waldbeeren so ab, dass ihr die Fr\u00fcchte in den Sojajoghurt r\u00fchren k\u00f6nnt und den Fruchtsaft separat habt.<\/p>\n<p style=\"text-align: center;\"><a href=\"http:\/\/www.sabine-seyffert.de\/blog\/wp-content\/uploads\/2016\/07\/Heidelbeer-vegan-6.jpg\" rel=\"attachment wp-att-7919\"><img loading=\"lazy\" decoding=\"async\" class=\"alignnone size-full wp-image-7919\" src=\"http:\/\/www.sabine-seyffert.de\/blog\/wp-content\/uploads\/2016\/07\/Heidelbeer-vegan-6.jpg\" alt=\"Heidelbeer vegan 6\" width=\"800\" height=\"600\" srcset=\"https:\/\/www.sabine-seyffert.de\/blog\/wp-content\/uploads\/2016\/07\/Heidelbeer-vegan-6.jpg 800w, https:\/\/www.sabine-seyffert.de\/blog\/wp-content\/uploads\/2016\/07\/Heidelbeer-vegan-6-300x225.jpg 300w, https:\/\/www.sabine-seyffert.de\/blog\/wp-content\/uploads\/2016\/07\/Heidelbeer-vegan-6-768x576.jpg 768w\" sizes=\"auto, (max-width: 800px) 100vw, 800px\" \/><\/a><\/p>\n<p style=\"text-align: justify;\">Sobald die Beeren unterger\u00fchrt habt, gibt man nach und nach etwas von dem Saft hinzu, bis die Joghurtcreme f\u00fcr gew\u00fcnschte Konsistenz hat.<\/p>\n<p style=\"text-align: center;\"><a href=\"http:\/\/www.sabine-seyffert.de\/blog\/wp-content\/uploads\/2016\/07\/Heidelbeer-vegan-10.jpg\" rel=\"attachment wp-att-7920\"><img loading=\"lazy\" decoding=\"async\" class=\"alignnone size-full wp-image-7920\" src=\"http:\/\/www.sabine-seyffert.de\/blog\/wp-content\/uploads\/2016\/07\/Heidelbeer-vegan-10.jpg\" alt=\"Heidelbeer vegan 10\" width=\"800\" height=\"600\" srcset=\"https:\/\/www.sabine-seyffert.de\/blog\/wp-content\/uploads\/2016\/07\/Heidelbeer-vegan-10.jpg 800w, https:\/\/www.sabine-seyffert.de\/blog\/wp-content\/uploads\/2016\/07\/Heidelbeer-vegan-10-300x225.jpg 300w, https:\/\/www.sabine-seyffert.de\/blog\/wp-content\/uploads\/2016\/07\/Heidelbeer-vegan-10-768x576.jpg 768w\" sizes=\"auto, (max-width: 800px) 100vw, 800px\" \/><\/a><\/p>\n<p style=\"text-align: justify;\">Nun schmeckt man den Fruchtjoghurt mit Zucker ab. Da sowohl der Sojajoghurt als auch das Obst bereits ges\u00fc\u00dft sind, braucht man nur eine kleine Menge an Zucker beimischen.<\/p>\n<p style=\"text-align: center;\"><a href=\"http:\/\/www.sabine-seyffert.de\/blog\/wp-content\/uploads\/2016\/07\/Heidelbeer-vegan-4.jpg\" rel=\"attachment wp-att-7921\"><img loading=\"lazy\" decoding=\"async\" class=\"alignnone size-full wp-image-7921\" src=\"http:\/\/www.sabine-seyffert.de\/blog\/wp-content\/uploads\/2016\/07\/Heidelbeer-vegan-4.jpg\" alt=\"Heidelbeer vegan 4\" width=\"800\" height=\"600\" srcset=\"https:\/\/www.sabine-seyffert.de\/blog\/wp-content\/uploads\/2016\/07\/Heidelbeer-vegan-4.jpg 800w, https:\/\/www.sabine-seyffert.de\/blog\/wp-content\/uploads\/2016\/07\/Heidelbeer-vegan-4-300x225.jpg 300w, https:\/\/www.sabine-seyffert.de\/blog\/wp-content\/uploads\/2016\/07\/Heidelbeer-vegan-4-768x576.jpg 768w\" sizes=\"auto, (max-width: 800px) 100vw, 800px\" \/><\/a><\/p>\n<p style=\"text-align: justify;\">Jetzt kann man die Obstcreme in kleinen Gl\u00e4sern servieren oder in einer Schale, aus der sich jeder selbst die gew\u00fcnschte Menge nimmt. Super lecker und genau das Richtige f\u00fcr warme Tage im Hochsommer!<\/p>\n<p style=\"text-align: center;\"><a href=\"http:\/\/www.sabine-seyffert.de\/blog\/wp-content\/uploads\/2016\/07\/Heidelbeer-vegan-1.jpg\" rel=\"attachment wp-att-7922\"><img loading=\"lazy\" decoding=\"async\" class=\"alignnone size-full wp-image-7922\" src=\"http:\/\/www.sabine-seyffert.de\/blog\/wp-content\/uploads\/2016\/07\/Heidelbeer-vegan-1.jpg\" alt=\"Heidelbeer vegan 1\" width=\"800\" height=\"600\" srcset=\"https:\/\/www.sabine-seyffert.de\/blog\/wp-content\/uploads\/2016\/07\/Heidelbeer-vegan-1.jpg 800w, https:\/\/www.sabine-seyffert.de\/blog\/wp-content\/uploads\/2016\/07\/Heidelbeer-vegan-1-300x225.jpg 300w, https:\/\/www.sabine-seyffert.de\/blog\/wp-content\/uploads\/2016\/07\/Heidelbeer-vegan-1-768x576.jpg 768w\" sizes=\"auto, (max-width: 800px) 100vw, 800px\" \/><\/a><\/p>\n<p style=\"text-align: justify;\">Weitere vegane Rezepte tummeln sich in <a href=\"http:\/\/www.sabine-seyffert.de\/blog\/?cat=44\" target=\"_blank\">dieser Rubrik<\/a> und allerhand s\u00fc\u00dfe Rezepte findet Ihr an <a href=\"http:\/\/www.sabine-seyffert.de\/blog\/?cat=31\" target=\"_blank\">dieser Stelle<\/a>!<\/p>\n<p style=\"text-align: justify;\"><a href=\"http:\/\/www.sabine-seyffert.de\/blog\/?page_id=32#urheberrecht\">urheberrechtlich gesch\u00fctzt<\/a>, \u00a9 Sabine Seyffert<\/p>\n","protected":false},"excerpt":{"rendered":"<p>Gestern Mittag hatte ich nach dem Kochen noch etwas Zeit, w\u00e4hrend die Gem\u00fcselasagne im Ofen garte. Und da gerade Ferien und super warmes Sommerwetter sind, habe ich noch einen kleinen Nachtisch zubereitet, f\u00fcr den man nicht viele Zutaten braucht. Das Zubereiten ist so leicht, dass auch unge\u00fcbte K\u00f6che oder Kinder dies mit Leichtigkeit schaffen werden&#8230;. <a href=\"https:\/\/www.sabine-seyffert.de\/blog\/rezeptidee-fuer-heisse-sommertage-erfrischender-dessert-zum-abkuehlen-als-suesser-nachtisch-mhhh\/\" class=\"more-link\">Read more: Rezeptidee f\u00fcr hei\u00dfe Sommertage: Erfrischender Dessert zum Abk\u00fchlen, als s\u00fc\u00dfer Nachtisch, mhhh\u2026<\/a><\/p>\n","protected":false},"author":2,"featured_media":7921,"comment_status":"open","ping_status":"open","sticky":false,"template":"","format":"standard","meta":{"_metis_text_type":"","_metis_text_length":2107,"_post_count":0,"footnotes":""},"categories":[31,44],"tags":[],"class_list":["post-7914","post","type-post","status-publish","format-standard","has-post-thumbnail","hentry","category-rezepte-suse-kuchen-co","category-rezepte-vegan"],"_links":{"self":[{"href":"https:\/\/www.sabine-seyffert.de\/blog\/wp-json\/wp\/v2\/posts\/7914","targetHints":{"allow":["GET"]}}],"collection":[{"href":"https:\/\/www.sabine-seyffert.de\/blog\/wp-json\/wp\/v2\/posts"}],"about":[{"href":"https:\/\/www.sabine-seyffert.de\/blog\/wp-json\/wp\/v2\/types\/post"}],"author":[{"embeddable":true,"href":"https:\/\/www.sabine-seyffert.de\/blog\/wp-json\/wp\/v2\/users\/2"}],"replies":[{"embeddable":true,"href":"https:\/\/www.sabine-seyffert.de\/blog\/wp-json\/wp\/v2\/comments?post=7914"}],"version-history":[{"count":6,"href":"https:\/\/www.sabine-seyffert.de\/blog\/wp-json\/wp\/v2\/posts\/7914\/revisions"}],"predecessor-version":[{"id":7928,"href":"https:\/\/www.sabine-seyffert.de\/blog\/wp-json\/wp\/v2\/posts\/7914\/revisions\/7928"}],"wp:featuredmedia":[{"embeddable":true,"href":"https:\/\/www.sabine-seyffert.de\/blog\/wp-json\/wp\/v2\/media\/7921"}],"wp:attachment":[{"href":"https:\/\/www.sabine-seyffert.de\/blog\/wp-json\/wp\/v2\/media?parent=7914"}],"wp:term":[{"taxonomy":"category","embeddable":true,"href":"https:\/\/www.sabine-seyffert.de\/blog\/wp-json\/wp\/v2\/categories?post=7914"},{"taxonomy":"post_tag","embeddable":true,"href":"https:\/\/www.sabine-seyffert.de\/blog\/wp-json\/wp\/v2\/tags?post=7914"}],"curies":[{"name":"wp","href":"https:\/\/api.w.org\/{rel}","templated":true}]}}